{"id":3098,"date":"2017-08-08T01:36:37","date_gmt":"2017-08-08T01:36:37","guid":{"rendered":"https:\/\/laprensacristiana.com\/?p=3098"},"modified":"2020-07-02T00:35:45","modified_gmt":"2020-07-02T00:35:45","slug":"roger-mendez-y-unidos-la-banda-lanza-su-primera-produccion-musical","status":"publish","type":"post","link":"https:\/\/laprensacristiana.com\/?p=3098","title":{"rendered":"\u00abRoger M\u00e9ndez y Unidos La Banda\u00bb  lanza su primera producci\u00f3n musical"},"content":{"rendered":"<p>\u00abRoger M\u00e9ndez y Unidos La Banda\u00bb es un proyecto musical cristiano nuevo, interpretado por j\u00f3venes adultos que residen en Soyapango e Ilopango (municipios de alto \u00edndice delincuencial) a pesar de todo eso, los 6 integrantes deciden rendir su talento a Dios y llevar el mensaje de Salvaci\u00f3n a trav\u00e9s de la m\u00fasica, llevan 2 a\u00f1os trabajando juntos, aunque individual cada uno tiene su trayectoria en el \u00e1rea musical, por su parte Roger M\u00e9ndez \u00a0tiene m\u00e1s de 15 a\u00f1os en el trabajo de la ni\u00f1ez, ense\u00f1\u00e1ndoles la palabra de Dios y cantando para ni\u00f1os, aun cuando su proyecto musical tiene una l\u00ednea juvenil, su servicio individual a Dios abarca ni\u00f1os, j\u00f3venes y adultos, ha tenido la oportunidad de cantar para diversas organizaciones que trabajan a favor de la ni\u00f1ez y la adolescencia, tales como el hospital Bloom, centros de capacitaci\u00f3n como el ISNA e INJUVE<\/p>\n<p>Durante estos 2 a\u00f1os como proyecto musical han representado a El Salvador en los Premios Arca de Venezuela, siendo los ganadores a Premio Producci\u00f3n del A\u00f1o &#8211; Rock y obtuvieron el premio popularidad, recibiendo as\u00ed una cuenta oficial bajo el sello de v\u00eddeos VEVO, convirti\u00e9ndose en uno de los primeros salvadore\u00f1os en estar bajo ese sello.<\/p>\n<p>El \u00faltimo s\u00e1bado de julio lanzaron su primera producci\u00f3n musical, titulada \u201cTU ESENCIA\u201d, un \u00e1lbum que incluye 9 temas propios que exaltan las cualidades de Dios, en el lanzamiento se cont\u00f3 con la participaci\u00f3n de Steffanie Ram\u00edrez, ganadora de El Salmista Segunda\u00a0Temporada y el Salmista Herberth Solano, del ex d\u00fao Israel.<\/p>\n<p>El lanzamiento tuvo lugar en el local de Iglesia Infantil de Misi\u00f3n Cristiana Elim, el evento estuvo cargado de muchos sentimientos, sobre todo el momento en el que Roger hizo pasar a sus padres al escenario para poder \u00a0interpretar el tema \u00abNos tienes aqu\u00ed\u00bb alabanza escrita por Roger M\u00e9ndez y su familia.<\/p>\n<p>El tema principal del Disco, es interpretado en compa\u00f1\u00eda de las voces de un coro infantil formado por algunos de los miembros de las familias de los integrantes de UNIDOS la Banda.\u201cllevar la esencia de Dios en todo lo que se hace significa poner a Dios en primer lugar y reconocer que todo lo logrado ha sido gracias al amor de Dios hacia nosotros, No es la apariencia la que impacta sino la Esencia de una persona\u201d Expres\u00f3 el cantante Roger M\u00e9ndez<\/p>\n<p>La banda est\u00e1 integrada por Roger M\u00e9ndez como voz l\u00edder, Francisco Rivera \u2013 Pianista, Director y Fundador, Luis Avil\u00e9s \u2013 Bajista, Cesar Nolasco \u2013 Bater\u00eda, Gerson Alvarado \u2013 Guitarrista, Jorge Romero como Guitarrista.<\/p>\n<p><img decoding=\"async\" loading=\"lazy\" class=\"alignnone size-full wp-image-3100\" src=\"https:\/\/laprensacristiana.com\/wp-content\/uploads\/2017\/08\/afuera-1.jpg\" alt=\"\" width=\"6016\" height=\"4000\" \/><\/p>\n<p>Puedes seguir a Roger y su banda a trav\u00e9s de sus redes sociales: Facebook: Roger Mendez y Unidos la banda, Instagram: @RogeryUnidos, Twitter: @RogeryUnidos, VEVO: RogerMendezVEVO y Youtube: Roger Mendez Oficial<\/p>\n","protected":false},"excerpt":{"rendered":"<p>\u00abRoger M\u00e9ndez y Unidos La Banda\u00bb es un proyecto musical cristiano nuevo, interpretado por j\u00f3venes adultos que residen en Soyapango e Ilopango (municipios de alto \u00edndice delincuencial) a pesar de todo eso, los 6 integrantes deciden rendir su talento a Dios y llevar el mensaje de Salvaci\u00f3n a trav\u00e9s de la m\u00fasica, llevan 2 a\u00f1os [&hellip;]<\/p>\n","protected":false},"author":3,"featured_media":3099,"comment_status":"open","ping_status":"open","sticky":false,"template":"","format":"standard","meta":[],"categories":[101],"tags":[],"yoast_head":"<!-- This site is optimized with the Yoast SEO plugin v20.8 - https:\/\/yoast.com\/wordpress\/plugins\/seo\/ -->\n<title>&quot;Roger M\u00e9ndez y Unidos La Banda&quot; lanza su primera producci\u00f3n musical - La Prensa Cristiana<\/title>\n<meta name=\"robots\" content=\"index, follow, max-snippet:-1, max-image-preview:large, max-video-preview:-1\" \/>\n<link rel=\"canonical\" href=\"https:\/\/laprensacristiana.com\/?p=3098\" \/>\n<meta property=\"og:locale\" content=\"es_ES\" \/>\n<meta property=\"og:type\" content=\"article\" \/>\n<meta property=\"og:title\" content=\"&quot;Roger M\u00e9ndez y Unidos La Banda&quot; lanza su primera producci\u00f3n musical - La Prensa Cristiana\" \/>\n<meta property=\"og:description\" content=\"\u00abRoger M\u00e9ndez y Unidos La Banda\u00bb es un proyecto musical cristiano nuevo, interpretado por j\u00f3venes adultos que residen en Soyapango e Ilopango (municipios de alto \u00edndice delincuencial) a pesar de todo eso, los 6 integrantes deciden rendir su talento a Dios y llevar el mensaje de Salvaci\u00f3n a trav\u00e9s de la m\u00fasica, llevan 2 a\u00f1os [&hellip;]\" \/>\n<meta property=\"og:url\" content=\"https:\/\/laprensacristiana.com\/?p=3098\" \/>\n<meta property=\"og:site_name\" content=\"La Prensa Cristiana\" \/>\n<meta property=\"article:published_time\" content=\"2017-08-08T01:36:37+00:00\" \/>\n<meta property=\"article:modified_time\" content=\"2020-07-02T00:35:45+00:00\" \/>\n<meta property=\"og:image\" content=\"https:\/\/laprensacristiana.com\/wp-content\/uploads\/2017\/08\/afuera-scaled.jpg\" \/>\n\t<meta property=\"og:image:width\" content=\"2560\" \/>\n\t<meta property=\"og:image:height\" content=\"1892\" \/>\n\t<meta property=\"og:image:type\" content=\"image\/jpeg\" \/>\n<meta name=\"author\" content=\"EDITOR\" \/>\n<meta name=\"twitter:card\" content=\"summary_large_image\" \/>\n<meta name=\"twitter:label1\" content=\"Escrito por\" \/>\n\t<meta name=\"twitter:data1\" content=\"EDITOR\" \/>\n\t<meta name=\"twitter:label2\" content=\"Tiempo de lectura\" \/>\n\t<meta name=\"twitter:data2\" content=\"2 minutos\" \/>\n<script type=\"application\/ld+json\" class=\"yoast-schema-graph\">{\"@context\":\"https:\/\/schema.org\",\"@graph\":[{\"@type\":\"WebPage\",\"@id\":\"https:\/\/laprensacristiana.com\/?p=3098\",\"url\":\"https:\/\/laprensacristiana.com\/?p=3098\",\"name\":\"\\\"Roger M\u00e9ndez y Unidos La Banda\\\" lanza su primera producci\u00f3n musical - La Prensa Cristiana\",\"isPartOf\":{\"@id\":\"https:\/\/laprensacristiana.com\/#website\"},\"datePublished\":\"2017-08-08T01:36:37+00:00\",\"dateModified\":\"2020-07-02T00:35:45+00:00\",\"author\":{\"@id\":\"https:\/\/laprensacristiana.com\/#\/schema\/person\/3e7d82c6bfd6b1fa67010f8f7cd5256e\"},\"breadcrumb\":{\"@id\":\"https:\/\/laprensacristiana.com\/?p=3098#breadcrumb\"},\"inLanguage\":\"es\",\"potentialAction\":[{\"@type\":\"ReadAction\",\"target\":[\"https:\/\/laprensacristiana.com\/?p=3098\"]}]},{\"@type\":\"BreadcrumbList\",\"@id\":\"https:\/\/laprensacristiana.com\/?p=3098#breadcrumb\",\"itemListElement\":[{\"@type\":\"ListItem\",\"position\":1,\"name\":\"Portada\",\"item\":\"https:\/\/laprensacristiana.com\/\"},{\"@type\":\"ListItem\",\"position\":2,\"name\":\"\u00abRoger M\u00e9ndez y Unidos La Banda\u00bb lanza su primera producci\u00f3n musical\"}]},{\"@type\":\"WebSite\",\"@id\":\"https:\/\/laprensacristiana.com\/#website\",\"url\":\"https:\/\/laprensacristiana.com\/\",\"name\":\"La Prensa Cristiana\",\"description\":\"Anunciando Las Buenas Nuevas\",\"potentialAction\":[{\"@type\":\"SearchAction\",\"target\":{\"@type\":\"EntryPoint\",\"urlTemplate\":\"https:\/\/laprensacristiana.com\/?s={search_term_string}\"},\"query-input\":\"required name=search_term_string\"}],\"inLanguage\":\"es\"},{\"@type\":\"Person\",\"@id\":\"https:\/\/laprensacristiana.com\/#\/schema\/person\/3e7d82c6bfd6b1fa67010f8f7cd5256e\",\"name\":\"EDITOR\",\"image\":{\"@type\":\"ImageObject\",\"inLanguage\":\"es\",\"@id\":\"https:\/\/laprensacristiana.com\/#\/schema\/person\/image\/\",\"url\":\"https:\/\/secure.gravatar.com\/avatar\/72069dfb6c13772d9e8381e3638666d2?s=96&d=mm&r=g\",\"contentUrl\":\"https:\/\/secure.gravatar.com\/avatar\/72069dfb6c13772d9e8381e3638666d2?s=96&d=mm&r=g\",\"caption\":\"EDITOR\"},\"url\":\"https:\/\/laprensacristiana.com\/?author=3\"}]}<\/script>\n<!-- \/ Yoast SEO plugin. -->","yoast_head_json":{"title":"\"Roger M\u00e9ndez y Unidos La Banda\" lanza su primera producci\u00f3n musical - La Prensa Cristiana","robots":{"index":"index","follow":"follow","max-snippet":"max-snippet:-1","max-image-preview":"max-image-preview:large","max-video-preview":"max-video-preview:-1"},"canonical":"https:\/\/laprensacristiana.com\/?p=3098","og_locale":"es_ES","og_type":"article","og_title":"\"Roger M\u00e9ndez y Unidos La Banda\" lanza su primera producci\u00f3n musical - La Prensa Cristiana","og_description":"\u00abRoger M\u00e9ndez y Unidos La Banda\u00bb es un proyecto musical cristiano nuevo, interpretado por j\u00f3venes adultos que residen en Soyapango e Ilopango (municipios de alto \u00edndice delincuencial) a pesar de todo eso, los 6 integrantes deciden rendir su talento a Dios y llevar el mensaje de Salvaci\u00f3n a trav\u00e9s de la m\u00fasica, llevan 2 a\u00f1os [&hellip;]","og_url":"https:\/\/laprensacristiana.com\/?p=3098","og_site_name":"La Prensa Cristiana","article_published_time":"2017-08-08T01:36:37+00:00","article_modified_time":"2020-07-02T00:35:45+00:00","og_image":[{"width":2560,"height":1892,"url":"https:\/\/laprensacristiana.com\/wp-content\/uploads\/2017\/08\/afuera-scaled.jpg","type":"image\/jpeg"}],"author":"EDITOR","twitter_card":"summary_large_image","twitter_misc":{"Escrito por":"EDITOR","Tiempo de lectura":"2 minutos"},"schema":{"@context":"https:\/\/schema.org","@graph":[{"@type":"WebPage","@id":"https:\/\/laprensacristiana.com\/?p=3098","url":"https:\/\/laprensacristiana.com\/?p=3098","name":"\"Roger M\u00e9ndez y Unidos La Banda\" lanza su primera producci\u00f3n musical - La Prensa Cristiana","isPartOf":{"@id":"https:\/\/laprensacristiana.com\/#website"},"datePublished":"2017-08-08T01:36:37+00:00","dateModified":"2020-07-02T00:35:45+00:00","author":{"@id":"https:\/\/laprensacristiana.com\/#\/schema\/person\/3e7d82c6bfd6b1fa67010f8f7cd5256e"},"breadcrumb":{"@id":"https:\/\/laprensacristiana.com\/?p=3098#breadcrumb"},"inLanguage":"es","potentialAction":[{"@type":"ReadAction","target":["https:\/\/laprensacristiana.com\/?p=3098"]}]},{"@type":"BreadcrumbList","@id":"https:\/\/laprensacristiana.com\/?p=3098#breadcrumb","itemListElement":[{"@type":"ListItem","position":1,"name":"Portada","item":"https:\/\/laprensacristiana.com\/"},{"@type":"ListItem","position":2,"name":"\u00abRoger M\u00e9ndez y Unidos La Banda\u00bb lanza su primera producci\u00f3n musical"}]},{"@type":"WebSite","@id":"https:\/\/laprensacristiana.com\/#website","url":"https:\/\/laprensacristiana.com\/","name":"La Prensa Cristiana","description":"Anunciando Las Buenas Nuevas","potentialAction":[{"@type":"SearchAction","target":{"@type":"EntryPoint","urlTemplate":"https:\/\/laprensacristiana.com\/?s={search_term_string}"},"query-input":"required name=search_term_string"}],"inLanguage":"es"},{"@type":"Person","@id":"https:\/\/laprensacristiana.com\/#\/schema\/person\/3e7d82c6bfd6b1fa67010f8f7cd5256e","name":"EDITOR","image":{"@type":"ImageObject","inLanguage":"es","@id":"https:\/\/laprensacristiana.com\/#\/schema\/person\/image\/","url":"https:\/\/secure.gravatar.com\/avatar\/72069dfb6c13772d9e8381e3638666d2?s=96&d=mm&r=g","contentUrl":"https:\/\/secure.gravatar.com\/avatar\/72069dfb6c13772d9e8381e3638666d2?s=96&d=mm&r=g","caption":"EDITOR"},"url":"https:\/\/laprensacristiana.com\/?author=3"}]}},"_links":{"self":[{"href":"https:\/\/laprensacristiana.com\/index.php?rest_route=\/wp\/v2\/posts\/3098"}],"collection":[{"href":"https:\/\/laprensacristiana.com\/index.php?rest_route=\/wp\/v2\/posts"}],"about":[{"href":"https:\/\/laprensacristiana.com\/index.php?rest_route=\/wp\/v2\/types\/post"}],"author":[{"embeddable":true,"href":"https:\/\/laprensacristiana.com\/index.php?rest_route=\/wp\/v2\/users\/3"}],"replies":[{"embeddable":true,"href":"https:\/\/laprensacristiana.com\/index.php?rest_route=%2Fwp%2Fv2%2Fcomments&post=3098"}],"version-history":[{"count":4,"href":"https:\/\/laprensacristiana.com\/index.php?rest_route=\/wp\/v2\/posts\/3098\/revisions"}],"predecessor-version":[{"id":3104,"href":"https:\/\/laprensacristiana.com\/index.php?rest_route=\/wp\/v2\/posts\/3098\/revisions\/3104"}],"wp:featuredmedia":[{"embeddable":true,"href":"https:\/\/laprensacristiana.com\/index.php?rest_route=\/wp\/v2\/media\/3099"}],"wp:attachment":[{"href":"https:\/\/laprensacristiana.com\/index.php?rest_route=%2Fwp%2Fv2%2Fmedia&parent=3098"}],"wp:term":[{"taxonomy":"category","embeddable":true,"href":"https:\/\/laprensacristiana.com\/index.php?rest_route=%2Fwp%2Fv2%2Fcategories&post=3098"},{"taxonomy":"post_tag","embeddable":true,"href":"https:\/\/laprensacristiana.com\/index.php?rest_route=%2Fwp%2Fv2%2Ftags&post=3098"}],"curies":[{"name":"wp","href":"https:\/\/api.w.org\/{rel}","templated":true}]}}