{"id":3108,"date":"2017-08-08T03:56:52","date_gmt":"2017-08-08T03:56:52","guid":{"rendered":"https:\/\/laprensacristiana.com\/?p=3108"},"modified":"2020-07-02T00:35:26","modified_gmt":"2020-07-02T00:35:26","slug":"jovenes-abandonan-la-comodidad-y-abrazan-el-conocimiento","status":"publish","type":"post","link":"https:\/\/laprensacristiana.com\/?p=3108","title":{"rendered":"J\u00f3venes abandonan la comodidad y abrazan el conocimiento"},"content":{"rendered":"<p>Apolos 17 es el congreso que rompi\u00f3 el esquema de trabajo con la juventud en El Salvador. Los d\u00edas 4, 5 y 6 de agosto m\u00e1s de 1,000 j\u00f3venes abandonaron la comodidad de sus vacaciones para abrazar el poder del conocimiento de La Palabra de Dios.<\/p>\n<p>El congreso fue desarrollado por la Iglesia COMPAZ, con las participaciones de exponentes nacionales e internacionales tales como los pastores Otoniel Font, Vladimir Rivas, Abraham P\u00e9rez, el conferencista Jon\u00e1s Herrera y los cantantes Kike Pavon y Evan Kraft.<\/p>\n<p>El nombre del congreso Apolos est\u00e1 basado en el libro de Corintios, Apolos es un importante h\u00e9roe oculto en La Palabra de Dios, el ap\u00f3stol Pablo dice que la iglesia se est\u00e1 dividiendo, porque unos se est\u00e1n yendo con Apolos y otros se est\u00e1n yendo con \u00e9l, Apolos representa el liderazgo emergente, aquel joven que llega de Alejandr\u00eda la capital del mundo en aquella \u00e9poca, con ideas frescas, pero tambi\u00e9n dispuesto a ser discipulado por Priscila y Aquila. \u201cQueremos hacer de nuestra juventud, una juventud impetuosa, que le mueva el piso a las estructuras establecidas, que a los Pablos de su \u00e9poca los impacte, los ponga a temblar, pero que tambi\u00e9n sepa ser discipulado y sepa cambiar cuando deba cambiar\u201d Expres\u00f3 el Dr. Vladimir Rivas, pastor general de Iglesia COMPAZ<\/p>\n<p>Para el Dr. Rivas la gente avanza cuando es desafiada, el congreso tiene como fundamento desafiar a la juventud a un cambio de vida, ense\u00f1ando valores y principios, \u201cnos hemos dado cuenta que durante los \u00faltimos a\u00f1os ha habido esfuerzos que no son programados, Apolos es un evento pero es la finalizaci\u00f3n de un proceso, a nuestros j\u00f3venes hemos venido trabaj\u00e1ndolos, el congreso es una graduaci\u00f3n en la cual juntamos y exponemos a grandes hombres de Dios para que puedan ser confirmados, para que lo ense\u00f1ado, lo modelado pueda quedar grabado como un sello en sus corazones, es el final de m\u00e1s de 7 a\u00f1os de trabajo intensos con ellos, pero tambi\u00e9n el comienzo de un nuevo proceso, un nuevo desaf\u00edo, he sido enemigo de los eventos, m\u00e1s bien soy amigo de los procesos que culminan en eventos, los j\u00f3venes no son el futuro, son el presente, son nuestros m\u00e1s grandes aliados para construir una iglesia s\u00f3lida\u201d concluy\u00f3.<\/p>\n<figure id=\"attachment_3107\" aria-describedby=\"caption-attachment-3107\" style=\"width: 960px\" class=\"wp-caption alignnone\"><img decoding=\"async\" loading=\"lazy\" class=\"size-full wp-image-3107\" src=\"https:\/\/laprensacristiana.com\/wp-content\/uploads\/2017\/08\/apolos-6.jpg\" alt=\"Dr. Vladimir Rivas, Pastor General Iglesia COMPAZ\" width=\"960\" height=\"640\" srcset=\"https:\/\/laprensacristiana.com\/wp-content\/uploads\/2017\/08\/apolos-6.jpg 960w, https:\/\/laprensacristiana.com\/wp-content\/uploads\/2017\/08\/apolos-6-600x400.jpg 600w, https:\/\/laprensacristiana.com\/wp-content\/uploads\/2017\/08\/apolos-6-300x200.jpg 300w, https:\/\/laprensacristiana.com\/wp-content\/uploads\/2017\/08\/apolos-6-768x512.jpg 768w, https:\/\/laprensacristiana.com\/wp-content\/uploads\/2017\/08\/apolos-6-696x464.jpg 696w, https:\/\/laprensacristiana.com\/wp-content\/uploads\/2017\/08\/apolos-6-630x420.jpg 630w\" sizes=\"(max-width: 960px) 100vw, 960px\" \/><figcaption id=\"caption-attachment-3107\" class=\"wp-caption-text\">Dr. Vladimir Rivas, Pastor General Iglesia COMPAZ<\/figcaption><\/figure>\n<p>\u201cEl \u00fanico requisito de Dios para la grandeza, es humillarse delante de \u00c9l, no desees ser grande, desea agradar a Dios, no se trata de c\u00f3mo lo haces, se trata con las intenciones con las que obras, que las circunstancias no te detengan para adorar a Dios, cuando tu fe est\u00e1 en Dios en todo tiempo, \u00c9l te respaldar\u00e1 y librar\u00e1 de todo lo que te angustie, tu llamado no es para impresionar a las personas, haz sido llamado para impactar a tu generaci\u00f3n, cuando comprendes que lo \u00fanico que tiene que moverte es la presencia de Dios entender\u00e1s que solo ah\u00ed tendr\u00e1s gozo, p\u00eddele a Dios que transforme tu coraz\u00f3n, para que tu cambio comience desde adentro, deja de limitar tu capacidad, recuerda que Dios es quien te llena de fuerzas y sabidur\u00eda. Debemos tener la misma pasi\u00f3n de servir a los dem\u00e1s como Jes\u00fas lo hizo, lo que Dios tiene para ti solo se puede transferir si t\u00fa le permites a Dios entrar en tu coraz\u00f3n, no dejes que el des\u00e1nimo te impida compartir la unci\u00f3n que Dios ha puesto\u201d\u00a0expres\u00f3 el pastor puertorrique\u00f1o Otoniel Font.<\/p>\n<figure id=\"attachment_3110\" aria-describedby=\"caption-attachment-3110\" style=\"width: 960px\" class=\"wp-caption alignnone\"><img decoding=\"async\" loading=\"lazy\" class=\"size-full wp-image-3110\" src=\"https:\/\/laprensacristiana.com\/wp-content\/uploads\/2017\/08\/apolos-2.jpg\" alt=\"Otoniel Font. Pastor General Iglesia Fuente de Agua Viva en Puerto Rico\" width=\"960\" height=\"537\" srcset=\"https:\/\/laprensacristiana.com\/wp-content\/uploads\/2017\/08\/apolos-2.jpg 960w, https:\/\/laprensacristiana.com\/wp-content\/uploads\/2017\/08\/apolos-2-600x336.jpg 600w, https:\/\/laprensacristiana.com\/wp-content\/uploads\/2017\/08\/apolos-2-300x168.jpg 300w, https:\/\/laprensacristiana.com\/wp-content\/uploads\/2017\/08\/apolos-2-768x430.jpg 768w, https:\/\/laprensacristiana.com\/wp-content\/uploads\/2017\/08\/apolos-2-696x389.jpg 696w, https:\/\/laprensacristiana.com\/wp-content\/uploads\/2017\/08\/apolos-2-751x420.jpg 751w\" sizes=\"(max-width: 960px) 100vw, 960px\" \/><figcaption id=\"caption-attachment-3110\" class=\"wp-caption-text\">Otoniel Font. Pastor General Iglesia Fuente de Agua Viva en Puerto Rico<\/figcaption><\/figure>\n<p>Para el pastor de nacionalidad mexicana Abraham P\u00e9rez \u201cEn estos tiempos hay un hambre de Dios, El Salvador es mucho m\u00e1s de lo que los medios de comunicaci\u00f3n transmiten, estoy feliz de estar aqu\u00ed, este congreso es el nacimiento de algo nuevo para este pa\u00eds, deben ganar almas, formar l\u00edderes y ver\u00e1n la presencia de Dios donde pongan sus pies, No importa cu\u00e1nto tiempo lleven caminando, levanten la cabeza que pronto viene su victoria\u201d acot\u00f3 P\u00e9rez.<\/p>\n<figure id=\"attachment_3111\" aria-describedby=\"caption-attachment-3111\" style=\"width: 960px\" class=\"wp-caption alignnone\"><img decoding=\"async\" loading=\"lazy\" class=\"size-full wp-image-3111\" src=\"https:\/\/laprensacristiana.com\/wp-content\/uploads\/2017\/08\/apolos-4.jpg\" alt=\"Abraham Perez, pastor de Asambleas de Dios en Mexico \" width=\"960\" height=\"640\" srcset=\"https:\/\/laprensacristiana.com\/wp-content\/uploads\/2017\/08\/apolos-4.jpg 960w, https:\/\/laprensacristiana.com\/wp-content\/uploads\/2017\/08\/apolos-4-600x400.jpg 600w, https:\/\/laprensacristiana.com\/wp-content\/uploads\/2017\/08\/apolos-4-300x200.jpg 300w, https:\/\/laprensacristiana.com\/wp-content\/uploads\/2017\/08\/apolos-4-768x512.jpg 768w, https:\/\/laprensacristiana.com\/wp-content\/uploads\/2017\/08\/apolos-4-696x464.jpg 696w, https:\/\/laprensacristiana.com\/wp-content\/uploads\/2017\/08\/apolos-4-630x420.jpg 630w\" sizes=\"(max-width: 960px) 100vw, 960px\" \/><figcaption id=\"caption-attachment-3111\" class=\"wp-caption-text\">Abraham Perez, pastor de Asambleas de Dios en Mexico<\/figcaption><\/figure>\n<p>Durante el evento el Lic. Jon\u00e1s herrera desarroll\u00f3 un monologo que caus\u00f3 gracia entre los asistentes pero que al final era generar empat\u00eda con situaciones que los j\u00f3venes viven, \u201cCreo que nuestra ciudad debe prepararse para recibir cosas grandes, yo creo mucho que se debe invertir en las nuevas generaciones, la sociedad no puede cambiar si no se invierte en unir a las generaciones trabajando para un fin com\u00fan, y eso es lo que modifica conductas y finalmente modifica comunidades\u201d asever\u00f3.<\/p>\n<figure id=\"attachment_3112\" aria-describedby=\"caption-attachment-3112\" style=\"width: 960px\" class=\"wp-caption alignnone\"><img decoding=\"async\" loading=\"lazy\" class=\"size-full wp-image-3112\" src=\"https:\/\/laprensacristiana.com\/wp-content\/uploads\/2017\/08\/apolos-5.jpg\" alt=\"Conferencista Lic. Jonas Herrera\" width=\"960\" height=\"640\" srcset=\"https:\/\/laprensacristiana.com\/wp-content\/uploads\/2017\/08\/apolos-5.jpg 960w, https:\/\/laprensacristiana.com\/wp-content\/uploads\/2017\/08\/apolos-5-600x400.jpg 600w, https:\/\/laprensacristiana.com\/wp-content\/uploads\/2017\/08\/apolos-5-300x200.jpg 300w, https:\/\/laprensacristiana.com\/wp-content\/uploads\/2017\/08\/apolos-5-768x512.jpg 768w, https:\/\/laprensacristiana.com\/wp-content\/uploads\/2017\/08\/apolos-5-696x464.jpg 696w, https:\/\/laprensacristiana.com\/wp-content\/uploads\/2017\/08\/apolos-5-630x420.jpg 630w\" sizes=\"(max-width: 960px) 100vw, 960px\" \/><figcaption id=\"caption-attachment-3112\" class=\"wp-caption-text\">Conferencista Lic. Jonas Herrera<\/figcaption><\/figure>\n<p>La parte musical no solo fue entretenimiento sino prop\u00f3sito, Compaz Music en sus interpretaciones realiz\u00f3 un homenaje a la m\u00fasica cristiana de todos los tiempos, mientras Evan Kraft y Kike pav\u00f3n tuvieron el cierre los primeros dos d\u00edas del congreso con m\u00fasica pero tambi\u00e9n adoraci\u00f3n y ministraci\u00f3n.<\/p>\n<p>En el a\u00f1o 2018 se desarrollar\u00e1 siempre en fechas de vacaciones de agosto \u00a0el congreso en su segunda edici\u00f3n titulado \u201cApolos 2.0\u201d.<\/p>\n","protected":false},"excerpt":{"rendered":"<p>Apolos 17 es el congreso que rompi\u00f3 el esquema de trabajo con la juventud en El Salvador. Los d\u00edas 4, 5 y 6 de agosto m\u00e1s de 1,000 j\u00f3venes abandonaron la comodidad de sus vacaciones para abrazar el poder del conocimiento de La Palabra de Dios. El congreso fue desarrollado por la Iglesia COMPAZ, con [&hellip;]<\/p>\n","protected":false},"author":3,"featured_media":3106,"comment_status":"open","ping_status":"open","sticky":false,"template":"","format":"standard","meta":[],"categories":[56],"tags":[],"yoast_head":"<!-- This site is optimized with the Yoast SEO plugin v20.8 - https:\/\/yoast.com\/wordpress\/plugins\/seo\/ -->\n<title>J\u00f3venes abandonan la comodidad y abrazan el conocimiento - La Prensa Cristiana<\/title>\n<meta name=\"robots\" content=\"index, follow, max-snippet:-1, max-image-preview:large, max-video-preview:-1\" \/>\n<link rel=\"canonical\" href=\"https:\/\/laprensacristiana.com\/?p=3108\" \/>\n<meta property=\"og:locale\" content=\"es_ES\" \/>\n<meta property=\"og:type\" content=\"article\" \/>\n<meta property=\"og:title\" content=\"J\u00f3venes abandonan la comodidad y abrazan el conocimiento - La Prensa Cristiana\" \/>\n<meta property=\"og:description\" content=\"Apolos 17 es el congreso que rompi\u00f3 el esquema de trabajo con la juventud en El Salvador. Los d\u00edas 4, 5 y 6 de agosto m\u00e1s de 1,000 j\u00f3venes abandonaron la comodidad de sus vacaciones para abrazar el poder del conocimiento de La Palabra de Dios. El congreso fue desarrollado por la Iglesia COMPAZ, con [&hellip;]\" \/>\n<meta property=\"og:url\" content=\"https:\/\/laprensacristiana.com\/?p=3108\" \/>\n<meta property=\"og:site_name\" content=\"La Prensa Cristiana\" \/>\n<meta property=\"article:published_time\" content=\"2017-08-08T03:56:52+00:00\" \/>\n<meta property=\"article:modified_time\" content=\"2020-07-02T00:35:26+00:00\" \/>\n<meta property=\"og:image\" content=\"https:\/\/laprensacristiana.com\/wp-content\/uploads\/2017\/08\/apolos-3.jpg\" \/>\n\t<meta property=\"og:image:width\" content=\"960\" \/>\n\t<meta property=\"og:image:height\" content=\"720\" \/>\n\t<meta property=\"og:image:type\" content=\"image\/jpeg\" \/>\n<meta name=\"author\" content=\"EDITOR\" \/>\n<meta name=\"twitter:card\" content=\"summary_large_image\" \/>\n<meta name=\"twitter:label1\" content=\"Escrito por\" \/>\n\t<meta name=\"twitter:data1\" content=\"EDITOR\" \/>\n\t<meta name=\"twitter:label2\" content=\"Tiempo de lectura\" \/>\n\t<meta name=\"twitter:data2\" content=\"5 minutos\" \/>\n<script type=\"application\/ld+json\" class=\"yoast-schema-graph\">{\"@context\":\"https:\/\/schema.org\",\"@graph\":[{\"@type\":\"WebPage\",\"@id\":\"https:\/\/laprensacristiana.com\/?p=3108\",\"url\":\"https:\/\/laprensacristiana.com\/?p=3108\",\"name\":\"J\u00f3venes abandonan la comodidad y abrazan el conocimiento - La Prensa Cristiana\",\"isPartOf\":{\"@id\":\"https:\/\/laprensacristiana.com\/#website\"},\"datePublished\":\"2017-08-08T03:56:52+00:00\",\"dateModified\":\"2020-07-02T00:35:26+00:00\",\"author\":{\"@id\":\"https:\/\/laprensacristiana.com\/#\/schema\/person\/3e7d82c6bfd6b1fa67010f8f7cd5256e\"},\"breadcrumb\":{\"@id\":\"https:\/\/laprensacristiana.com\/?p=3108#breadcrumb\"},\"inLanguage\":\"es\",\"potentialAction\":[{\"@type\":\"ReadAction\",\"target\":[\"https:\/\/laprensacristiana.com\/?p=3108\"]}]},{\"@type\":\"BreadcrumbList\",\"@id\":\"https:\/\/laprensacristiana.com\/?p=3108#breadcrumb\",\"itemListElement\":[{\"@type\":\"ListItem\",\"position\":1,\"name\":\"Portada\",\"item\":\"https:\/\/laprensacristiana.com\/\"},{\"@type\":\"ListItem\",\"position\":2,\"name\":\"J\u00f3venes abandonan la comodidad y abrazan el conocimiento\"}]},{\"@type\":\"WebSite\",\"@id\":\"https:\/\/laprensacristiana.com\/#website\",\"url\":\"https:\/\/laprensacristiana.com\/\",\"name\":\"La Prensa Cristiana\",\"description\":\"Anunciando Las Buenas Nuevas\",\"potentialAction\":[{\"@type\":\"SearchAction\",\"target\":{\"@type\":\"EntryPoint\",\"urlTemplate\":\"https:\/\/laprensacristiana.com\/?s={search_term_string}\"},\"query-input\":\"required name=search_term_string\"}],\"inLanguage\":\"es\"},{\"@type\":\"Person\",\"@id\":\"https:\/\/laprensacristiana.com\/#\/schema\/person\/3e7d82c6bfd6b1fa67010f8f7cd5256e\",\"name\":\"EDITOR\",\"image\":{\"@type\":\"ImageObject\",\"inLanguage\":\"es\",\"@id\":\"https:\/\/laprensacristiana.com\/#\/schema\/person\/image\/\",\"url\":\"https:\/\/secure.gravatar.com\/avatar\/72069dfb6c13772d9e8381e3638666d2?s=96&d=mm&r=g\",\"contentUrl\":\"https:\/\/secure.gravatar.com\/avatar\/72069dfb6c13772d9e8381e3638666d2?s=96&d=mm&r=g\",\"caption\":\"EDITOR\"},\"url\":\"https:\/\/laprensacristiana.com\/?author=3\"}]}<\/script>\n<!-- \/ Yoast SEO plugin. -->","yoast_head_json":{"title":"J\u00f3venes abandonan la comodidad y abrazan el conocimiento - La Prensa Cristiana","robots":{"index":"index","follow":"follow","max-snippet":"max-snippet:-1","max-image-preview":"max-image-preview:large","max-video-preview":"max-video-preview:-1"},"canonical":"https:\/\/laprensacristiana.com\/?p=3108","og_locale":"es_ES","og_type":"article","og_title":"J\u00f3venes abandonan la comodidad y abrazan el conocimiento - La Prensa Cristiana","og_description":"Apolos 17 es el congreso que rompi\u00f3 el esquema de trabajo con la juventud en El Salvador. Los d\u00edas 4, 5 y 6 de agosto m\u00e1s de 1,000 j\u00f3venes abandonaron la comodidad de sus vacaciones para abrazar el poder del conocimiento de La Palabra de Dios. El congreso fue desarrollado por la Iglesia COMPAZ, con [&hellip;]","og_url":"https:\/\/laprensacristiana.com\/?p=3108","og_site_name":"La Prensa Cristiana","article_published_time":"2017-08-08T03:56:52+00:00","article_modified_time":"2020-07-02T00:35:26+00:00","og_image":[{"width":960,"height":720,"url":"https:\/\/laprensacristiana.com\/wp-content\/uploads\/2017\/08\/apolos-3.jpg","type":"image\/jpeg"}],"author":"EDITOR","twitter_card":"summary_large_image","twitter_misc":{"Escrito por":"EDITOR","Tiempo de lectura":"5 minutos"},"schema":{"@context":"https:\/\/schema.org","@graph":[{"@type":"WebPage","@id":"https:\/\/laprensacristiana.com\/?p=3108","url":"https:\/\/laprensacristiana.com\/?p=3108","name":"J\u00f3venes abandonan la comodidad y abrazan el conocimiento - La Prensa Cristiana","isPartOf":{"@id":"https:\/\/laprensacristiana.com\/#website"},"datePublished":"2017-08-08T03:56:52+00:00","dateModified":"2020-07-02T00:35:26+00:00","author":{"@id":"https:\/\/laprensacristiana.com\/#\/schema\/person\/3e7d82c6bfd6b1fa67010f8f7cd5256e"},"breadcrumb":{"@id":"https:\/\/laprensacristiana.com\/?p=3108#breadcrumb"},"inLanguage":"es","potentialAction":[{"@type":"ReadAction","target":["https:\/\/laprensacristiana.com\/?p=3108"]}]},{"@type":"BreadcrumbList","@id":"https:\/\/laprensacristiana.com\/?p=3108#breadcrumb","itemListElement":[{"@type":"ListItem","position":1,"name":"Portada","item":"https:\/\/laprensacristiana.com\/"},{"@type":"ListItem","position":2,"name":"J\u00f3venes abandonan la comodidad y abrazan el conocimiento"}]},{"@type":"WebSite","@id":"https:\/\/laprensacristiana.com\/#website","url":"https:\/\/laprensacristiana.com\/","name":"La Prensa Cristiana","description":"Anunciando Las Buenas Nuevas","potentialAction":[{"@type":"SearchAction","target":{"@type":"EntryPoint","urlTemplate":"https:\/\/laprensacristiana.com\/?s={search_term_string}"},"query-input":"required name=search_term_string"}],"inLanguage":"es"},{"@type":"Person","@id":"https:\/\/laprensacristiana.com\/#\/schema\/person\/3e7d82c6bfd6b1fa67010f8f7cd5256e","name":"EDITOR","image":{"@type":"ImageObject","inLanguage":"es","@id":"https:\/\/laprensacristiana.com\/#\/schema\/person\/image\/","url":"https:\/\/secure.gravatar.com\/avatar\/72069dfb6c13772d9e8381e3638666d2?s=96&d=mm&r=g","contentUrl":"https:\/\/secure.gravatar.com\/avatar\/72069dfb6c13772d9e8381e3638666d2?s=96&d=mm&r=g","caption":"EDITOR"},"url":"https:\/\/laprensacristiana.com\/?author=3"}]}},"_links":{"self":[{"href":"https:\/\/laprensacristiana.com\/index.php?rest_route=\/wp\/v2\/posts\/3108"}],"collection":[{"href":"https:\/\/laprensacristiana.com\/index.php?rest_route=\/wp\/v2\/posts"}],"about":[{"href":"https:\/\/laprensacristiana.com\/index.php?rest_route=\/wp\/v2\/types\/post"}],"author":[{"embeddable":true,"href":"https:\/\/laprensacristiana.com\/index.php?rest_route=\/wp\/v2\/users\/3"}],"replies":[{"embeddable":true,"href":"https:\/\/laprensacristiana.com\/index.php?rest_route=%2Fwp%2Fv2%2Fcomments&post=3108"}],"version-history":[{"count":3,"href":"https:\/\/laprensacristiana.com\/index.php?rest_route=\/wp\/v2\/posts\/3108\/revisions"}],"predecessor-version":[{"id":3114,"href":"https:\/\/laprensacristiana.com\/index.php?rest_route=\/wp\/v2\/posts\/3108\/revisions\/3114"}],"wp:featuredmedia":[{"embeddable":true,"href":"https:\/\/laprensacristiana.com\/index.php?rest_route=\/wp\/v2\/media\/3106"}],"wp:attachment":[{"href":"https:\/\/laprensacristiana.com\/index.php?rest_route=%2Fwp%2Fv2%2Fmedia&parent=3108"}],"wp:term":[{"taxonomy":"category","embeddable":true,"href":"https:\/\/laprensacristiana.com\/index.php?rest_route=%2Fwp%2Fv2%2Fcategories&post=3108"},{"taxonomy":"post_tag","embeddable":true,"href":"https:\/\/laprensacristiana.com\/index.php?rest_route=%2Fwp%2Fv2%2Ftags&post=3108"}],"curies":[{"name":"wp","href":"https:\/\/api.w.org\/{rel}","templated":true}]}}