{"id":3115,"date":"2017-08-11T14:37:36","date_gmt":"2017-08-11T14:37:36","guid":{"rendered":"https:\/\/laprensacristiana.com\/?p=3115"},"modified":"2017-08-11T14:37:36","modified_gmt":"2017-08-11T14:37:36","slug":"caminemos-por-fe","status":"publish","type":"post","link":"https:\/\/laprensacristiana.com\/?p=3115","title":{"rendered":"Caminemos por fe"},"content":{"rendered":"<p>Caminar significa creer, avanzar hacia adelante, debemos de aprender a mirar hacia adelante, que quiere decir esto que debes fijar tu mirada solamente hacia Jesucristo.<\/p>\n<p>Cuando crees sabes que\u00a0 tendr\u00e1s, sabes que recibir\u00e1s, solo basta con creer y moverse por fe, muchos hoy en d\u00eda, por las circunstancias en que est\u00e1n\u00a0 pasando han perdido la fe.<\/p>\n<p>D\u00e9jame decirte que Jes\u00fas es fiel, verdadero, justo y hacedor de milagros, solo tienes que creer, y caminar por fe, camina sobre lo sobre natural, aprende a confiar, y a desatar tu bendici\u00f3n.<\/p>\n<p>Dios es un Dios de si, y de respuestas, solo tienes que activar tu fe y te preguntaras como? Con Creer en lo que tus ojos aun no ven solo tienes que confiar por que esa es la fe, avanzar mirando, hacia adelante y no viendo hacia atr\u00e1s, solo cree que el todopoderoso todo lo puede aprende a confiar y a esperar en Dios por que el todo lo puede el es un Dios de si y debes de declarar tu fe, si quieres crecer debes caminar, y si caminas debes de confiar, te doy un ejemplo es como una persona que no mira, pero esta segura, y esta caminando hacia adelante.<\/p>\n<p>A pues as\u00ed es la fe que aunque no miras aun pero lo crees que suceder\u00e1.<\/p>\n<p>Es por eso que te digo en el nombre de Jes\u00fas lev\u00e1ntate y cree por que al que cree todo es posible!!!!<\/p>\n<p>&nbsp;<\/p>\n<p>&nbsp;<\/p>\n<p>Atte. Lic. Marielos Ivette Salinas.-<\/p>\n","protected":false},"excerpt":{"rendered":"<p>Caminar significa creer, avanzar hacia adelante, debemos de aprender a mirar hacia adelante, que quiere decir esto que debes fijar tu mirada solamente hacia Jesucristo. Cuando crees sabes que\u00a0 tendr\u00e1s, sabes que recibir\u00e1s, solo basta con creer y moverse por fe, muchos hoy en d\u00eda, por las circunstancias en que est\u00e1n\u00a0 pasando han perdido la [&hellip;]<\/p>\n","protected":false},"author":3,"featured_media":3116,"comment_status":"open","ping_status":"open","sticky":false,"template":"","format":"standard","meta":[],"categories":[36],"tags":[],"yoast_head":"<!-- This site is optimized with the Yoast SEO plugin v20.8 - https:\/\/yoast.com\/wordpress\/plugins\/seo\/ -->\n<title>Caminemos por fe - La Prensa Cristiana<\/title>\n<meta name=\"robots\" content=\"index, follow, max-snippet:-1, max-image-preview:large, max-video-preview:-1\" \/>\n<link rel=\"canonical\" href=\"https:\/\/laprensacristiana.com\/?p=3115\" \/>\n<meta property=\"og:locale\" content=\"es_ES\" \/>\n<meta property=\"og:type\" content=\"article\" \/>\n<meta property=\"og:title\" content=\"Caminemos por fe - La Prensa Cristiana\" \/>\n<meta property=\"og:description\" content=\"Caminar significa creer, avanzar hacia adelante, debemos de aprender a mirar hacia adelante, que quiere decir esto que debes fijar tu mirada solamente hacia Jesucristo. Cuando crees sabes que\u00a0 tendr\u00e1s, sabes que recibir\u00e1s, solo basta con creer y moverse por fe, muchos hoy en d\u00eda, por las circunstancias en que est\u00e1n\u00a0 pasando han perdido la [&hellip;]\" \/>\n<meta property=\"og:url\" content=\"https:\/\/laprensacristiana.com\/?p=3115\" \/>\n<meta property=\"og:site_name\" content=\"La Prensa Cristiana\" \/>\n<meta property=\"article:published_time\" content=\"2017-08-11T14:37:36+00:00\" \/>\n<meta property=\"og:image\" content=\"https:\/\/laprensacristiana.com\/wp-content\/uploads\/2017\/08\/REFLEXION-MARIELOS-SALINAS-01-scaled.jpg\" \/>\n\t<meta property=\"og:image:width\" content=\"2560\" \/>\n\t<meta property=\"og:image:height\" content=\"1429\" \/>\n\t<meta property=\"og:image:type\" content=\"image\/jpeg\" \/>\n<meta name=\"author\" content=\"EDITOR\" \/>\n<meta name=\"twitter:card\" content=\"summary_large_image\" \/>\n<meta name=\"twitter:label1\" content=\"Escrito por\" \/>\n\t<meta name=\"twitter:data1\" content=\"EDITOR\" \/>\n\t<meta name=\"twitter:label2\" content=\"Tiempo de lectura\" \/>\n\t<meta name=\"twitter:data2\" content=\"1 minuto\" \/>\n<script type=\"application\/ld+json\" class=\"yoast-schema-graph\">{\"@context\":\"https:\/\/schema.org\",\"@graph\":[{\"@type\":\"WebPage\",\"@id\":\"https:\/\/laprensacristiana.com\/?p=3115\",\"url\":\"https:\/\/laprensacristiana.com\/?p=3115\",\"name\":\"Caminemos por fe - La Prensa Cristiana\",\"isPartOf\":{\"@id\":\"https:\/\/laprensacristiana.com\/#website\"},\"datePublished\":\"2017-08-11T14:37:36+00:00\",\"dateModified\":\"2017-08-11T14:37:36+00:00\",\"author\":{\"@id\":\"https:\/\/laprensacristiana.com\/#\/schema\/person\/3e7d82c6bfd6b1fa67010f8f7cd5256e\"},\"breadcrumb\":{\"@id\":\"https:\/\/laprensacristiana.com\/?p=3115#breadcrumb\"},\"inLanguage\":\"es\",\"potentialAction\":[{\"@type\":\"ReadAction\",\"target\":[\"https:\/\/laprensacristiana.com\/?p=3115\"]}]},{\"@type\":\"BreadcrumbList\",\"@id\":\"https:\/\/laprensacristiana.com\/?p=3115#breadcrumb\",\"itemListElement\":[{\"@type\":\"ListItem\",\"position\":1,\"name\":\"Portada\",\"item\":\"https:\/\/laprensacristiana.com\/\"},{\"@type\":\"ListItem\",\"position\":2,\"name\":\"Caminemos por fe\"}]},{\"@type\":\"WebSite\",\"@id\":\"https:\/\/laprensacristiana.com\/#website\",\"url\":\"https:\/\/laprensacristiana.com\/\",\"name\":\"La Prensa Cristiana\",\"description\":\"Anunciando Las Buenas Nuevas\",\"potentialAction\":[{\"@type\":\"SearchAction\",\"target\":{\"@type\":\"EntryPoint\",\"urlTemplate\":\"https:\/\/laprensacristiana.com\/?s={search_term_string}\"},\"query-input\":\"required name=search_term_string\"}],\"inLanguage\":\"es\"},{\"@type\":\"Person\",\"@id\":\"https:\/\/laprensacristiana.com\/#\/schema\/person\/3e7d82c6bfd6b1fa67010f8f7cd5256e\",\"name\":\"EDITOR\",\"image\":{\"@type\":\"ImageObject\",\"inLanguage\":\"es\",\"@id\":\"https:\/\/laprensacristiana.com\/#\/schema\/person\/image\/\",\"url\":\"https:\/\/secure.gravatar.com\/avatar\/72069dfb6c13772d9e8381e3638666d2?s=96&d=mm&r=g\",\"contentUrl\":\"https:\/\/secure.gravatar.com\/avatar\/72069dfb6c13772d9e8381e3638666d2?s=96&d=mm&r=g\",\"caption\":\"EDITOR\"},\"url\":\"https:\/\/laprensacristiana.com\/?author=3\"}]}<\/script>\n<!-- \/ Yoast SEO plugin. -->","yoast_head_json":{"title":"Caminemos por fe - La Prensa Cristiana","robots":{"index":"index","follow":"follow","max-snippet":"max-snippet:-1","max-image-preview":"max-image-preview:large","max-video-preview":"max-video-preview:-1"},"canonical":"https:\/\/laprensacristiana.com\/?p=3115","og_locale":"es_ES","og_type":"article","og_title":"Caminemos por fe - La Prensa Cristiana","og_description":"Caminar significa creer, avanzar hacia adelante, debemos de aprender a mirar hacia adelante, que quiere decir esto que debes fijar tu mirada solamente hacia Jesucristo. Cuando crees sabes que\u00a0 tendr\u00e1s, sabes que recibir\u00e1s, solo basta con creer y moverse por fe, muchos hoy en d\u00eda, por las circunstancias en que est\u00e1n\u00a0 pasando han perdido la [&hellip;]","og_url":"https:\/\/laprensacristiana.com\/?p=3115","og_site_name":"La Prensa Cristiana","article_published_time":"2017-08-11T14:37:36+00:00","og_image":[{"width":2560,"height":1429,"url":"https:\/\/laprensacristiana.com\/wp-content\/uploads\/2017\/08\/REFLEXION-MARIELOS-SALINAS-01-scaled.jpg","type":"image\/jpeg"}],"author":"EDITOR","twitter_card":"summary_large_image","twitter_misc":{"Escrito por":"EDITOR","Tiempo de lectura":"1 minuto"},"schema":{"@context":"https:\/\/schema.org","@graph":[{"@type":"WebPage","@id":"https:\/\/laprensacristiana.com\/?p=3115","url":"https:\/\/laprensacristiana.com\/?p=3115","name":"Caminemos por fe - La Prensa Cristiana","isPartOf":{"@id":"https:\/\/laprensacristiana.com\/#website"},"datePublished":"2017-08-11T14:37:36+00:00","dateModified":"2017-08-11T14:37:36+00:00","author":{"@id":"https:\/\/laprensacristiana.com\/#\/schema\/person\/3e7d82c6bfd6b1fa67010f8f7cd5256e"},"breadcrumb":{"@id":"https:\/\/laprensacristiana.com\/?p=3115#breadcrumb"},"inLanguage":"es","potentialAction":[{"@type":"ReadAction","target":["https:\/\/laprensacristiana.com\/?p=3115"]}]},{"@type":"BreadcrumbList","@id":"https:\/\/laprensacristiana.com\/?p=3115#breadcrumb","itemListElement":[{"@type":"ListItem","position":1,"name":"Portada","item":"https:\/\/laprensacristiana.com\/"},{"@type":"ListItem","position":2,"name":"Caminemos por fe"}]},{"@type":"WebSite","@id":"https:\/\/laprensacristiana.com\/#website","url":"https:\/\/laprensacristiana.com\/","name":"La Prensa Cristiana","description":"Anunciando Las Buenas Nuevas","potentialAction":[{"@type":"SearchAction","target":{"@type":"EntryPoint","urlTemplate":"https:\/\/laprensacristiana.com\/?s={search_term_string}"},"query-input":"required name=search_term_string"}],"inLanguage":"es"},{"@type":"Person","@id":"https:\/\/laprensacristiana.com\/#\/schema\/person\/3e7d82c6bfd6b1fa67010f8f7cd5256e","name":"EDITOR","image":{"@type":"ImageObject","inLanguage":"es","@id":"https:\/\/laprensacristiana.com\/#\/schema\/person\/image\/","url":"https:\/\/secure.gravatar.com\/avatar\/72069dfb6c13772d9e8381e3638666d2?s=96&d=mm&r=g","contentUrl":"https:\/\/secure.gravatar.com\/avatar\/72069dfb6c13772d9e8381e3638666d2?s=96&d=mm&r=g","caption":"EDITOR"},"url":"https:\/\/laprensacristiana.com\/?author=3"}]}},"_links":{"self":[{"href":"https:\/\/laprensacristiana.com\/index.php?rest_route=\/wp\/v2\/posts\/3115"}],"collection":[{"href":"https:\/\/laprensacristiana.com\/index.php?rest_route=\/wp\/v2\/posts"}],"about":[{"href":"https:\/\/laprensacristiana.com\/index.php?rest_route=\/wp\/v2\/types\/post"}],"author":[{"embeddable":true,"href":"https:\/\/laprensacristiana.com\/index.php?rest_route=\/wp\/v2\/users\/3"}],"replies":[{"embeddable":true,"href":"https:\/\/laprensacristiana.com\/index.php?rest_route=%2Fwp%2Fv2%2Fcomments&post=3115"}],"version-history":[{"count":1,"href":"https:\/\/laprensacristiana.com\/index.php?rest_route=\/wp\/v2\/posts\/3115\/revisions"}],"predecessor-version":[{"id":3117,"href":"https:\/\/laprensacristiana.com\/index.php?rest_route=\/wp\/v2\/posts\/3115\/revisions\/3117"}],"wp:featuredmedia":[{"embeddable":true,"href":"https:\/\/laprensacristiana.com\/index.php?rest_route=\/wp\/v2\/media\/3116"}],"wp:attachment":[{"href":"https:\/\/laprensacristiana.com\/index.php?rest_route=%2Fwp%2Fv2%2Fmedia&parent=3115"}],"wp:term":[{"taxonomy":"category","embeddable":true,"href":"https:\/\/laprensacristiana.com\/index.php?rest_route=%2Fwp%2Fv2%2Fcategories&post=3115"},{"taxonomy":"post_tag","embeddable":true,"href":"https:\/\/laprensacristiana.com\/index.php?rest_route=%2Fwp%2Fv2%2Ftags&post=3115"}],"curies":[{"name":"wp","href":"https:\/\/api.w.org\/{rel}","templated":true}]}}