{"id":3151,"date":"2017-08-28T17:52:26","date_gmt":"2017-08-28T17:52:26","guid":{"rendered":"https:\/\/laprensacristiana.com\/?p=3151"},"modified":"2020-07-02T00:33:01","modified_gmt":"2020-07-02T00:33:01","slug":"no-permita-que-quien-no-tiene-una-vision-clara-de-dios-le-desanime","status":"publish","type":"post","link":"https:\/\/laprensacristiana.com\/?p=3151","title":{"rendered":"No, permita que quien no tiene una visi\u00f3n clara de Dios le desanime."},"content":{"rendered":"<p>POR JULY DE SOSA<\/p>\n<p>Este d\u00eda el ministerio \u00a1Cristo Como Pastor! Cumple ocho a\u00f1os, de estar desarrollando la visi\u00f3n que de Dios recibimos, y hasta aqu\u00ed puedo decir que su fidelidad, ha estado con nosotros, en todo tiempo, y en cada esfuerzo realizado, en el desarrollo de la labor encomendada. Como todo ministerio hemos tenido personas que se nutrieron con la palabra que Dios ha entregado, y contin\u00faan abrazando la visi\u00f3n propia del ministerio. Y otras partieron en busca de nuevos desaf\u00edos. Esto \u00faltimo suele traer problemas dentro de los ministerios, a tal grado de llegar a desanimarse de la visi\u00f3n recibida, por el \u00e9xodo de algunos miembros. Este fin de semana tuve la oportunidad de animar a una persona acerca de este tema. Un Joven llamado Carlos, me comento que cinco a\u00f1os atr\u00e1s, sinti\u00f3 la necesidad de predicar el evangelio en su comunidad en la ciudad de Soyapango, pero el frenes\u00ed, poco a poco se apag\u00f3, al ver que algunos de los j\u00f3venes que comenzaron entusiasmados, al igual que \u00e9l, abandonaron su trabajo all\u00ed. Con un tono de voz suave me conto lo duro y dif\u00edcil que le resultaba juntar a la gente de su comunidad para que escucharan las buenas nuevas de salvaci\u00f3n; motivados por un refrigerio que consist\u00eda en\u00a0 un hot dog, \u00a0jugo de cajita, y una galleta. Que les entregaba al final, gracias a donativos de personas que apoyaban su visi\u00f3n, representando todo esto el modo particular que Dios le dio para alcanzar a los no, alcanzados. Fueron buenos tiempos dijo sonriente, pero yo solo no pod\u00eda continuar puntualizo. Inmediatamente le pregunte \u00bfCarlos la visi\u00f3n la recibi\u00f3 usted o todo el grupo? \u00a0yo, contesto. Si usted recibi\u00f3 la visi\u00f3n clara de parte de Dios, \u00bfPor qu\u00e9 se desanim\u00f3 por las personas que se fueron? \u00bfPor qu\u00e9 no continuar desarrollando la visi\u00f3n que de Dios recibi\u00f3? independientemente de quien le apoye, enfatice. El principal don, que debe desarrollar un l\u00edder es la paciencia, y abrazada a esta la confianza, en aquel que le llamo. Termine mi conversaci\u00f3n diciendo: Carlos renuncie a su visi\u00f3n, cuando Dios que fue quien le llamo, le diga tu tiempo en esta obra ha terminado. Y no, cometa el error de desanimarse por los \u201chombres\u201d que deserten. Dios es quien se encarga de preservar a quienes caminaran con usted, porque Dios sabe que quien no abrace su visi\u00f3n, en vano trabaja al lado suyo. Carlos sonri\u00f3 m\u00e1s expresivamente y dijo: No lo hab\u00eda visto as\u00ed. Sonre\u00ed con \u00e9l y me march\u00e9.<\/p>\n<p>Historias como las de Carlos, son el pan de cada d\u00eda, dentro del trabajo en el cuerpo de Cristo.\u00a0 Que sinceramente en \u201cmi mente finita\u201d no logro comprender, \u00bfPor qu\u00e9 las personas permiten que alguien que no siente, o vive, la visi\u00f3n que Dios les ha encomendado logre apagar el fuego dentro de ellos? Cuando lo que conviene hacer es lo que el ap\u00f3stol Pablo hizo\u2026Sacudirse el polvo y seguir avanzando hacia la meta prevista.<\/p>\n<p>Si usted ha recibido un llamado de Dios, sea fiel y valiente, en cumplirlo, no permita que aquellos que no tienen una visi\u00f3n clara de Dios, en cuanto a su trabajo en el reino le desanimen. Siga avanzando desarrollando la estrategia particular que Dios le ha dado para pescar almas para \u00c9L.<\/p>\n<p>Agradecidos estamos todos los que abrazamos la visi\u00f3n de nuestro ministerio, por lo que Dios nos ha permitido hacer en estos ocho a\u00f1os, seguros estamos de que el trabajo aunque poco, no ha sido en vano. Dios nos permita seguir avanzando con nuestros ojos y fuerzas puestos \u00fanicamente en \u00c9L.<\/p>\n<p>\u00a1Feliz Semana!<\/p>\n<p>&nbsp;<\/p>\n","protected":false},"excerpt":{"rendered":"<p>POR JULY DE SOSA Este d\u00eda el ministerio \u00a1Cristo Como Pastor! Cumple ocho a\u00f1os, de estar desarrollando la visi\u00f3n que de Dios recibimos, y hasta aqu\u00ed puedo decir que su fidelidad, ha estado con nosotros, en todo tiempo, y en cada esfuerzo realizado, en el desarrollo de la labor encomendada. Como todo ministerio hemos tenido [&hellip;]<\/p>\n","protected":false},"author":3,"featured_media":3096,"comment_status":"open","ping_status":"open","sticky":false,"template":"","format":"standard","meta":[],"categories":[36],"tags":[],"yoast_head":"<!-- This site is optimized with the Yoast SEO plugin v20.8 - https:\/\/yoast.com\/wordpress\/plugins\/seo\/ -->\n<title>No, permita que quien no tiene una visi\u00f3n clara de Dios le desanime. - La Prensa Cristiana<\/title>\n<meta name=\"robots\" content=\"index, follow, max-snippet:-1, max-image-preview:large, max-video-preview:-1\" \/>\n<link rel=\"canonical\" href=\"https:\/\/laprensacristiana.com\/?p=3151\" \/>\n<meta property=\"og:locale\" content=\"es_ES\" \/>\n<meta property=\"og:type\" content=\"article\" \/>\n<meta property=\"og:title\" content=\"No, permita que quien no tiene una visi\u00f3n clara de Dios le desanime. - La Prensa Cristiana\" \/>\n<meta property=\"og:description\" content=\"POR JULY DE SOSA Este d\u00eda el ministerio \u00a1Cristo Como Pastor! Cumple ocho a\u00f1os, de estar desarrollando la visi\u00f3n que de Dios recibimos, y hasta aqu\u00ed puedo decir que su fidelidad, ha estado con nosotros, en todo tiempo, y en cada esfuerzo realizado, en el desarrollo de la labor encomendada. Como todo ministerio hemos tenido [&hellip;]\" \/>\n<meta property=\"og:url\" content=\"https:\/\/laprensacristiana.com\/?p=3151\" \/>\n<meta property=\"og:site_name\" content=\"La Prensa Cristiana\" \/>\n<meta property=\"article:published_time\" content=\"2017-08-28T17:52:26+00:00\" \/>\n<meta property=\"article:modified_time\" content=\"2020-07-02T00:33:01+00:00\" \/>\n<meta property=\"og:image\" content=\"https:\/\/laprensacristiana.com\/wp-content\/uploads\/2017\/08\/JULY-LPG-2017.jpg\" \/>\n\t<meta property=\"og:image:width\" content=\"1240\" \/>\n\t<meta property=\"og:image:height\" content=\"692\" \/>\n\t<meta property=\"og:image:type\" content=\"image\/jpeg\" \/>\n<meta name=\"author\" content=\"EDITOR\" \/>\n<meta name=\"twitter:card\" content=\"summary_large_image\" \/>\n<meta name=\"twitter:label1\" content=\"Escrito por\" \/>\n\t<meta name=\"twitter:data1\" content=\"EDITOR\" \/>\n\t<meta name=\"twitter:label2\" content=\"Tiempo de lectura\" \/>\n\t<meta name=\"twitter:data2\" content=\"3 minutos\" \/>\n<script type=\"application\/ld+json\" class=\"yoast-schema-graph\">{\"@context\":\"https:\/\/schema.org\",\"@graph\":[{\"@type\":\"WebPage\",\"@id\":\"https:\/\/laprensacristiana.com\/?p=3151\",\"url\":\"https:\/\/laprensacristiana.com\/?p=3151\",\"name\":\"No, permita que quien no tiene una visi\u00f3n clara de Dios le desanime. - La Prensa Cristiana\",\"isPartOf\":{\"@id\":\"https:\/\/laprensacristiana.com\/#website\"},\"datePublished\":\"2017-08-28T17:52:26+00:00\",\"dateModified\":\"2020-07-02T00:33:01+00:00\",\"author\":{\"@id\":\"https:\/\/laprensacristiana.com\/#\/schema\/person\/3e7d82c6bfd6b1fa67010f8f7cd5256e\"},\"breadcrumb\":{\"@id\":\"https:\/\/laprensacristiana.com\/?p=3151#breadcrumb\"},\"inLanguage\":\"es\",\"potentialAction\":[{\"@type\":\"ReadAction\",\"target\":[\"https:\/\/laprensacristiana.com\/?p=3151\"]}]},{\"@type\":\"BreadcrumbList\",\"@id\":\"https:\/\/laprensacristiana.com\/?p=3151#breadcrumb\",\"itemListElement\":[{\"@type\":\"ListItem\",\"position\":1,\"name\":\"Portada\",\"item\":\"https:\/\/laprensacristiana.com\/\"},{\"@type\":\"ListItem\",\"position\":2,\"name\":\"No, permita que quien no tiene una visi\u00f3n clara de Dios le desanime.\"}]},{\"@type\":\"WebSite\",\"@id\":\"https:\/\/laprensacristiana.com\/#website\",\"url\":\"https:\/\/laprensacristiana.com\/\",\"name\":\"La Prensa Cristiana\",\"description\":\"Anunciando Las Buenas Nuevas\",\"potentialAction\":[{\"@type\":\"SearchAction\",\"target\":{\"@type\":\"EntryPoint\",\"urlTemplate\":\"https:\/\/laprensacristiana.com\/?s={search_term_string}\"},\"query-input\":\"required name=search_term_string\"}],\"inLanguage\":\"es\"},{\"@type\":\"Person\",\"@id\":\"https:\/\/laprensacristiana.com\/#\/schema\/person\/3e7d82c6bfd6b1fa67010f8f7cd5256e\",\"name\":\"EDITOR\",\"image\":{\"@type\":\"ImageObject\",\"inLanguage\":\"es\",\"@id\":\"https:\/\/laprensacristiana.com\/#\/schema\/person\/image\/\",\"url\":\"https:\/\/secure.gravatar.com\/avatar\/72069dfb6c13772d9e8381e3638666d2?s=96&d=mm&r=g\",\"contentUrl\":\"https:\/\/secure.gravatar.com\/avatar\/72069dfb6c13772d9e8381e3638666d2?s=96&d=mm&r=g\",\"caption\":\"EDITOR\"},\"url\":\"https:\/\/laprensacristiana.com\/?author=3\"}]}<\/script>\n<!-- \/ Yoast SEO plugin. -->","yoast_head_json":{"title":"No, permita que quien no tiene una visi\u00f3n clara de Dios le desanime. - La Prensa Cristiana","robots":{"index":"index","follow":"follow","max-snippet":"max-snippet:-1","max-image-preview":"max-image-preview:large","max-video-preview":"max-video-preview:-1"},"canonical":"https:\/\/laprensacristiana.com\/?p=3151","og_locale":"es_ES","og_type":"article","og_title":"No, permita que quien no tiene una visi\u00f3n clara de Dios le desanime. - La Prensa Cristiana","og_description":"POR JULY DE SOSA Este d\u00eda el ministerio \u00a1Cristo Como Pastor! Cumple ocho a\u00f1os, de estar desarrollando la visi\u00f3n que de Dios recibimos, y hasta aqu\u00ed puedo decir que su fidelidad, ha estado con nosotros, en todo tiempo, y en cada esfuerzo realizado, en el desarrollo de la labor encomendada. Como todo ministerio hemos tenido [&hellip;]","og_url":"https:\/\/laprensacristiana.com\/?p=3151","og_site_name":"La Prensa Cristiana","article_published_time":"2017-08-28T17:52:26+00:00","article_modified_time":"2020-07-02T00:33:01+00:00","og_image":[{"width":1240,"height":692,"url":"https:\/\/laprensacristiana.com\/wp-content\/uploads\/2017\/08\/JULY-LPG-2017.jpg","type":"image\/jpeg"}],"author":"EDITOR","twitter_card":"summary_large_image","twitter_misc":{"Escrito por":"EDITOR","Tiempo de lectura":"3 minutos"},"schema":{"@context":"https:\/\/schema.org","@graph":[{"@type":"WebPage","@id":"https:\/\/laprensacristiana.com\/?p=3151","url":"https:\/\/laprensacristiana.com\/?p=3151","name":"No, permita que quien no tiene una visi\u00f3n clara de Dios le desanime. - La Prensa Cristiana","isPartOf":{"@id":"https:\/\/laprensacristiana.com\/#website"},"datePublished":"2017-08-28T17:52:26+00:00","dateModified":"2020-07-02T00:33:01+00:00","author":{"@id":"https:\/\/laprensacristiana.com\/#\/schema\/person\/3e7d82c6bfd6b1fa67010f8f7cd5256e"},"breadcrumb":{"@id":"https:\/\/laprensacristiana.com\/?p=3151#breadcrumb"},"inLanguage":"es","potentialAction":[{"@type":"ReadAction","target":["https:\/\/laprensacristiana.com\/?p=3151"]}]},{"@type":"BreadcrumbList","@id":"https:\/\/laprensacristiana.com\/?p=3151#breadcrumb","itemListElement":[{"@type":"ListItem","position":1,"name":"Portada","item":"https:\/\/laprensacristiana.com\/"},{"@type":"ListItem","position":2,"name":"No, permita que quien no tiene una visi\u00f3n clara de Dios le desanime."}]},{"@type":"WebSite","@id":"https:\/\/laprensacristiana.com\/#website","url":"https:\/\/laprensacristiana.com\/","name":"La Prensa Cristiana","description":"Anunciando Las Buenas Nuevas","potentialAction":[{"@type":"SearchAction","target":{"@type":"EntryPoint","urlTemplate":"https:\/\/laprensacristiana.com\/?s={search_term_string}"},"query-input":"required name=search_term_string"}],"inLanguage":"es"},{"@type":"Person","@id":"https:\/\/laprensacristiana.com\/#\/schema\/person\/3e7d82c6bfd6b1fa67010f8f7cd5256e","name":"EDITOR","image":{"@type":"ImageObject","inLanguage":"es","@id":"https:\/\/laprensacristiana.com\/#\/schema\/person\/image\/","url":"https:\/\/secure.gravatar.com\/avatar\/72069dfb6c13772d9e8381e3638666d2?s=96&d=mm&r=g","contentUrl":"https:\/\/secure.gravatar.com\/avatar\/72069dfb6c13772d9e8381e3638666d2?s=96&d=mm&r=g","caption":"EDITOR"},"url":"https:\/\/laprensacristiana.com\/?author=3"}]}},"_links":{"self":[{"href":"https:\/\/laprensacristiana.com\/index.php?rest_route=\/wp\/v2\/posts\/3151"}],"collection":[{"href":"https:\/\/laprensacristiana.com\/index.php?rest_route=\/wp\/v2\/posts"}],"about":[{"href":"https:\/\/laprensacristiana.com\/index.php?rest_route=\/wp\/v2\/types\/post"}],"author":[{"embeddable":true,"href":"https:\/\/laprensacristiana.com\/index.php?rest_route=\/wp\/v2\/users\/3"}],"replies":[{"embeddable":true,"href":"https:\/\/laprensacristiana.com\/index.php?rest_route=%2Fwp%2Fv2%2Fcomments&post=3151"}],"version-history":[{"count":1,"href":"https:\/\/laprensacristiana.com\/index.php?rest_route=\/wp\/v2\/posts\/3151\/revisions"}],"predecessor-version":[{"id":3152,"href":"https:\/\/laprensacristiana.com\/index.php?rest_route=\/wp\/v2\/posts\/3151\/revisions\/3152"}],"wp:featuredmedia":[{"embeddable":true,"href":"https:\/\/laprensacristiana.com\/index.php?rest_route=\/wp\/v2\/media\/3096"}],"wp:attachment":[{"href":"https:\/\/laprensacristiana.com\/index.php?rest_route=%2Fwp%2Fv2%2Fmedia&parent=3151"}],"wp:term":[{"taxonomy":"category","embeddable":true,"href":"https:\/\/laprensacristiana.com\/index.php?rest_route=%2Fwp%2Fv2%2Fcategories&post=3151"},{"taxonomy":"post_tag","embeddable":true,"href":"https:\/\/laprensacristiana.com\/index.php?rest_route=%2Fwp%2Fv2%2Ftags&post=3151"}],"curies":[{"name":"wp","href":"https:\/\/api.w.org\/{rel}","templated":true}]}}