{"id":3160,"date":"2017-09-04T19:28:49","date_gmt":"2017-09-04T19:28:49","guid":{"rendered":"https:\/\/laprensacristiana.com\/?p=3160"},"modified":"2020-07-02T00:32:43","modified_gmt":"2020-07-02T00:32:43","slug":"como-debemos-orar-por-nuestros-hijos","status":"publish","type":"post","link":"https:\/\/laprensacristiana.com\/?p=3160","title":{"rendered":"\u00bfC\u00f3mo debemos orar por nuestros hijos?"},"content":{"rendered":"<p style=\"text-align: justify;\">POR JULY DE SOSA<\/p>\n<p style=\"text-align: justify;\">Esta pregunta la he escuchado de parte de madres preocupadas por sus hijos, impulsadas por su necesidad de \u201cayudarles\u201d. Para mi existen dos tipos de oraci\u00f3n que son: Las oraciones apaga fuego. Y las oraciones de mantenimiento. Las \u201capaga fuego\u201d son aquellas que salen producto de desesperaci\u00f3n, o necesidad urgente de un determinado momento. Las oraciones de \u201cmantenimiento\u201d son las que diariamente est\u00e1n en nuestra boca, a manera de ruego delante de Dios. Es este tipo de oraci\u00f3n, el que nos conviene practicar para con nuestros hijos, ciertamente desde el instante mismo que recibimos la \u00a1maravillosa noticia! de que seremos padres, conocemos que nuestro estilo de vida dar\u00e1 un giro radical; y entre lo nuevo que experimentaremos est\u00e1 el hecho de que nunca m\u00e1s, volveremos a disfrutar del sue\u00f1o despreocupado de solteros. Debido a que la responsabilidad que implica ser padres es grande. Y dentro de esta, est\u00e1 la de velar por el bien estar de nuestros hijos. Esto definitivamente sin la ayuda de Dios es imposible lograr, ya que por m\u00e1s que nos afanemos en cuidarles y protegerles de los peligros fuera de casa, habr\u00e1 horas en las cuales no podemos estar con ellos, por compromisos laborales, o por su tiempo de colegio. Como mam\u00e1 s\u00e9 que estar sentadas en el pupitre al lado de ellos, es parte de nuestras fantas\u00edas. Que obviamente no podemos hacer realidad. Pero lo que si podemos es interceder por ellos, pidiendo que sea el \u00e1ngel de Dios quien los libre de todo mal, sin importar la distancia en la que se encuentren de nosotras. Cuando nuestros hijos llegan a la adolescencia, nuestro deseo de caminar al lado de ellos todo el tiempo \u201cincrementa \u201cpuesto que en esa etapa les, asechan peligros atractivos a modo de experiencias nuevas, tales como su primer contacto con bebidas alcoh\u00f3licas, cigarrillos, sexo, drogas, etc.\u00a0 Por lo general es en esta etapa que ellos, se distancian de nosotros, movidos por el deseo de extender su territorio mas all\u00e1 de la protecci\u00f3n de sus padres. Lo cual me parece lo m\u00e1s normal del mundo, dado que Dios nos cre\u00f3 como seres independientes, y en la adolescencia es cuando m\u00e1s necesidad sentimos de defender esa independencia. Es por eso que considero importante orar todos los d\u00edas por ellos, no solo para que Dios les libre de todo mal, sino tambi\u00e9n para que les de discernimiento para lo bueno y lo malo, esto les garantizar\u00e1 el que escojan buenas amistades, e imiten pr\u00e1cticas y costumbres, que sumar\u00e1n victorias a sus vidas. Adem\u00e1s de saber con qui\u00e9n formar pareja, llegado el tiempo. La palabra de Dios cita: <strong>Instruye al ni\u00f1o en su camino, y aun cuando fuere viejo no se apartar\u00e1 de \u00e9l. (Proverbio 22:6) <\/strong>En la medida que ellos nos permitan debemos hablarles del futuro glorioso que tendr\u00e1n si atienden consejo de Dios y de sus padres.<\/p>\n<p style=\"text-align: justify;\">Quiero animarle a que busque de rodillas, lo que probablemente no ha logrado con rega\u00f1os, y disciplina, en sus hijos. Pero no con oraciones apaga fuegos, sino con oraciones de ruego continuo. Y si no lo hac\u00eda, comience desde ahora a suplicar a Dios, para que libre de todo mal, a sus hijos, as\u00ed como tambi\u00e9n para que les aparte de toda mala compa\u00f1\u00eda, ruegue tambi\u00e9n por un esposo o esposa, leal, sin importar la edad que tengan, no cese de presentar la vida de sus hijos delante de Dios todos los d\u00edas, conociendo que ni una sola de nuestras oraciones pasa desapercibida delante de Dios. (Apocalipsis 5:8) No, nos cansemos de poner diariamente en manos del gran YO, SOY, la vida de nuestros hijos, sabiendo que \u00c9L, tiene todo lo que necesitamos \u00a0y mucho m\u00e1s.<\/p>\n<p style=\"text-align: justify;\">\u00a1Feliz y Prospera Semana!<\/p>\n","protected":false},"excerpt":{"rendered":"<p>POR JULY DE SOSA Esta pregunta la he escuchado de parte de madres preocupadas por sus hijos, impulsadas por su necesidad de \u201cayudarles\u201d. Para mi existen dos tipos de oraci\u00f3n que son: Las oraciones apaga fuego. Y las oraciones de mantenimiento. Las \u201capaga fuego\u201d son aquellas que salen producto de desesperaci\u00f3n, o necesidad urgente de [&hellip;]<\/p>\n","protected":false},"author":3,"featured_media":3096,"comment_status":"open","ping_status":"open","sticky":false,"template":"","format":"standard","meta":[],"categories":[26],"tags":[],"yoast_head":"<!-- This site is optimized with the Yoast SEO plugin v20.8 - https:\/\/yoast.com\/wordpress\/plugins\/seo\/ -->\n<title>\u00bfC\u00f3mo debemos orar por nuestros hijos? - La Prensa Cristiana<\/title>\n<meta name=\"robots\" content=\"index, follow, max-snippet:-1, max-image-preview:large, max-video-preview:-1\" \/>\n<link rel=\"canonical\" href=\"https:\/\/laprensacristiana.com\/?p=3160\" \/>\n<meta property=\"og:locale\" content=\"es_ES\" \/>\n<meta property=\"og:type\" content=\"article\" \/>\n<meta property=\"og:title\" content=\"\u00bfC\u00f3mo debemos orar por nuestros hijos? - La Prensa Cristiana\" \/>\n<meta property=\"og:description\" content=\"POR JULY DE SOSA Esta pregunta la he escuchado de parte de madres preocupadas por sus hijos, impulsadas por su necesidad de \u201cayudarles\u201d. Para mi existen dos tipos de oraci\u00f3n que son: Las oraciones apaga fuego. Y las oraciones de mantenimiento. Las \u201capaga fuego\u201d son aquellas que salen producto de desesperaci\u00f3n, o necesidad urgente de [&hellip;]\" \/>\n<meta property=\"og:url\" content=\"https:\/\/laprensacristiana.com\/?p=3160\" \/>\n<meta property=\"og:site_name\" content=\"La Prensa Cristiana\" \/>\n<meta property=\"article:published_time\" content=\"2017-09-04T19:28:49+00:00\" \/>\n<meta property=\"article:modified_time\" content=\"2020-07-02T00:32:43+00:00\" \/>\n<meta property=\"og:image\" content=\"https:\/\/laprensacristiana.com\/wp-content\/uploads\/2017\/08\/JULY-LPG-2017.jpg\" \/>\n\t<meta property=\"og:image:width\" content=\"1240\" \/>\n\t<meta property=\"og:image:height\" content=\"692\" \/>\n\t<meta property=\"og:image:type\" content=\"image\/jpeg\" \/>\n<meta name=\"author\" content=\"EDITOR\" \/>\n<meta name=\"twitter:card\" content=\"summary_large_image\" \/>\n<meta name=\"twitter:label1\" content=\"Escrito por\" \/>\n\t<meta name=\"twitter:data1\" content=\"EDITOR\" \/>\n\t<meta name=\"twitter:label2\" content=\"Tiempo de lectura\" \/>\n\t<meta name=\"twitter:data2\" content=\"3 minutos\" \/>\n<script type=\"application\/ld+json\" class=\"yoast-schema-graph\">{\"@context\":\"https:\/\/schema.org\",\"@graph\":[{\"@type\":\"WebPage\",\"@id\":\"https:\/\/laprensacristiana.com\/?p=3160\",\"url\":\"https:\/\/laprensacristiana.com\/?p=3160\",\"name\":\"\u00bfC\u00f3mo debemos orar por nuestros hijos? - La Prensa Cristiana\",\"isPartOf\":{\"@id\":\"https:\/\/laprensacristiana.com\/#website\"},\"datePublished\":\"2017-09-04T19:28:49+00:00\",\"dateModified\":\"2020-07-02T00:32:43+00:00\",\"author\":{\"@id\":\"https:\/\/laprensacristiana.com\/#\/schema\/person\/3e7d82c6bfd6b1fa67010f8f7cd5256e\"},\"breadcrumb\":{\"@id\":\"https:\/\/laprensacristiana.com\/?p=3160#breadcrumb\"},\"inLanguage\":\"es\",\"potentialAction\":[{\"@type\":\"ReadAction\",\"target\":[\"https:\/\/laprensacristiana.com\/?p=3160\"]}]},{\"@type\":\"BreadcrumbList\",\"@id\":\"https:\/\/laprensacristiana.com\/?p=3160#breadcrumb\",\"itemListElement\":[{\"@type\":\"ListItem\",\"position\":1,\"name\":\"Portada\",\"item\":\"https:\/\/laprensacristiana.com\/\"},{\"@type\":\"ListItem\",\"position\":2,\"name\":\"\u00bfC\u00f3mo debemos orar por nuestros hijos?\"}]},{\"@type\":\"WebSite\",\"@id\":\"https:\/\/laprensacristiana.com\/#website\",\"url\":\"https:\/\/laprensacristiana.com\/\",\"name\":\"La Prensa Cristiana\",\"description\":\"Anunciando Las Buenas Nuevas\",\"potentialAction\":[{\"@type\":\"SearchAction\",\"target\":{\"@type\":\"EntryPoint\",\"urlTemplate\":\"https:\/\/laprensacristiana.com\/?s={search_term_string}\"},\"query-input\":\"required name=search_term_string\"}],\"inLanguage\":\"es\"},{\"@type\":\"Person\",\"@id\":\"https:\/\/laprensacristiana.com\/#\/schema\/person\/3e7d82c6bfd6b1fa67010f8f7cd5256e\",\"name\":\"EDITOR\",\"image\":{\"@type\":\"ImageObject\",\"inLanguage\":\"es\",\"@id\":\"https:\/\/laprensacristiana.com\/#\/schema\/person\/image\/\",\"url\":\"https:\/\/secure.gravatar.com\/avatar\/72069dfb6c13772d9e8381e3638666d2?s=96&d=mm&r=g\",\"contentUrl\":\"https:\/\/secure.gravatar.com\/avatar\/72069dfb6c13772d9e8381e3638666d2?s=96&d=mm&r=g\",\"caption\":\"EDITOR\"},\"url\":\"https:\/\/laprensacristiana.com\/?author=3\"}]}<\/script>\n<!-- \/ Yoast SEO plugin. -->","yoast_head_json":{"title":"\u00bfC\u00f3mo debemos orar por nuestros hijos? - La Prensa Cristiana","robots":{"index":"index","follow":"follow","max-snippet":"max-snippet:-1","max-image-preview":"max-image-preview:large","max-video-preview":"max-video-preview:-1"},"canonical":"https:\/\/laprensacristiana.com\/?p=3160","og_locale":"es_ES","og_type":"article","og_title":"\u00bfC\u00f3mo debemos orar por nuestros hijos? - La Prensa Cristiana","og_description":"POR JULY DE SOSA Esta pregunta la he escuchado de parte de madres preocupadas por sus hijos, impulsadas por su necesidad de \u201cayudarles\u201d. Para mi existen dos tipos de oraci\u00f3n que son: Las oraciones apaga fuego. Y las oraciones de mantenimiento. Las \u201capaga fuego\u201d son aquellas que salen producto de desesperaci\u00f3n, o necesidad urgente de [&hellip;]","og_url":"https:\/\/laprensacristiana.com\/?p=3160","og_site_name":"La Prensa Cristiana","article_published_time":"2017-09-04T19:28:49+00:00","article_modified_time":"2020-07-02T00:32:43+00:00","og_image":[{"width":1240,"height":692,"url":"https:\/\/laprensacristiana.com\/wp-content\/uploads\/2017\/08\/JULY-LPG-2017.jpg","type":"image\/jpeg"}],"author":"EDITOR","twitter_card":"summary_large_image","twitter_misc":{"Escrito por":"EDITOR","Tiempo de lectura":"3 minutos"},"schema":{"@context":"https:\/\/schema.org","@graph":[{"@type":"WebPage","@id":"https:\/\/laprensacristiana.com\/?p=3160","url":"https:\/\/laprensacristiana.com\/?p=3160","name":"\u00bfC\u00f3mo debemos orar por nuestros hijos? - La Prensa Cristiana","isPartOf":{"@id":"https:\/\/laprensacristiana.com\/#website"},"datePublished":"2017-09-04T19:28:49+00:00","dateModified":"2020-07-02T00:32:43+00:00","author":{"@id":"https:\/\/laprensacristiana.com\/#\/schema\/person\/3e7d82c6bfd6b1fa67010f8f7cd5256e"},"breadcrumb":{"@id":"https:\/\/laprensacristiana.com\/?p=3160#breadcrumb"},"inLanguage":"es","potentialAction":[{"@type":"ReadAction","target":["https:\/\/laprensacristiana.com\/?p=3160"]}]},{"@type":"BreadcrumbList","@id":"https:\/\/laprensacristiana.com\/?p=3160#breadcrumb","itemListElement":[{"@type":"ListItem","position":1,"name":"Portada","item":"https:\/\/laprensacristiana.com\/"},{"@type":"ListItem","position":2,"name":"\u00bfC\u00f3mo debemos orar por nuestros hijos?"}]},{"@type":"WebSite","@id":"https:\/\/laprensacristiana.com\/#website","url":"https:\/\/laprensacristiana.com\/","name":"La Prensa Cristiana","description":"Anunciando Las Buenas Nuevas","potentialAction":[{"@type":"SearchAction","target":{"@type":"EntryPoint","urlTemplate":"https:\/\/laprensacristiana.com\/?s={search_term_string}"},"query-input":"required name=search_term_string"}],"inLanguage":"es"},{"@type":"Person","@id":"https:\/\/laprensacristiana.com\/#\/schema\/person\/3e7d82c6bfd6b1fa67010f8f7cd5256e","name":"EDITOR","image":{"@type":"ImageObject","inLanguage":"es","@id":"https:\/\/laprensacristiana.com\/#\/schema\/person\/image\/","url":"https:\/\/secure.gravatar.com\/avatar\/72069dfb6c13772d9e8381e3638666d2?s=96&d=mm&r=g","contentUrl":"https:\/\/secure.gravatar.com\/avatar\/72069dfb6c13772d9e8381e3638666d2?s=96&d=mm&r=g","caption":"EDITOR"},"url":"https:\/\/laprensacristiana.com\/?author=3"}]}},"_links":{"self":[{"href":"https:\/\/laprensacristiana.com\/index.php?rest_route=\/wp\/v2\/posts\/3160"}],"collection":[{"href":"https:\/\/laprensacristiana.com\/index.php?rest_route=\/wp\/v2\/posts"}],"about":[{"href":"https:\/\/laprensacristiana.com\/index.php?rest_route=\/wp\/v2\/types\/post"}],"author":[{"embeddable":true,"href":"https:\/\/laprensacristiana.com\/index.php?rest_route=\/wp\/v2\/users\/3"}],"replies":[{"embeddable":true,"href":"https:\/\/laprensacristiana.com\/index.php?rest_route=%2Fwp%2Fv2%2Fcomments&post=3160"}],"version-history":[{"count":1,"href":"https:\/\/laprensacristiana.com\/index.php?rest_route=\/wp\/v2\/posts\/3160\/revisions"}],"predecessor-version":[{"id":3161,"href":"https:\/\/laprensacristiana.com\/index.php?rest_route=\/wp\/v2\/posts\/3160\/revisions\/3161"}],"wp:featuredmedia":[{"embeddable":true,"href":"https:\/\/laprensacristiana.com\/index.php?rest_route=\/wp\/v2\/media\/3096"}],"wp:attachment":[{"href":"https:\/\/laprensacristiana.com\/index.php?rest_route=%2Fwp%2Fv2%2Fmedia&parent=3160"}],"wp:term":[{"taxonomy":"category","embeddable":true,"href":"https:\/\/laprensacristiana.com\/index.php?rest_route=%2Fwp%2Fv2%2Fcategories&post=3160"},{"taxonomy":"post_tag","embeddable":true,"href":"https:\/\/laprensacristiana.com\/index.php?rest_route=%2Fwp%2Fv2%2Ftags&post=3160"}],"curies":[{"name":"wp","href":"https:\/\/api.w.org\/{rel}","templated":true}]}}