{"id":3169,"date":"2017-09-11T23:10:18","date_gmt":"2017-09-11T23:10:18","guid":{"rendered":"https:\/\/laprensacristiana.com\/?p=3169"},"modified":"2017-09-11T23:10:18","modified_gmt":"2017-09-11T23:10:18","slug":"preguntas-sobre-el-aborto-criminologico","status":"publish","type":"post","link":"https:\/\/laprensacristiana.com\/?p=3169","title":{"rendered":"PREGUNTAS SOBRE EL ABORTO CRIMINOL\u00d3GICO"},"content":{"rendered":"<p>*Mario Vega &#8211; Pastor General Misi\u00f3n Cristiana Elim<\/p>\n<p>Se llama aborto criminol\u00f3gico a aquel que se practica cuando el embarazo ha sido consecuencia de una acci\u00f3n criminal contra la mujer como la violaci\u00f3n, el incesto o el estupro.<span id=\"more-8728\"><\/span>\u00a0Dado que la vida humana se reconoce como el valor superior en todos los \u00e1mbitos, no se le puede superponer ninguna otra finalidad por elevada que sea. Por tanto, este tipo de aborto plantea preguntas de tipo \u00e9tico y legal que demandan una respuesta, pues, no se puede solucionar un mal evidente con otro mal mayor como es el de eliminar una vida.<\/p>\n<p>La Constituci\u00f3n salvadore\u00f1a reconoce la vida humana desde el momento de la concepci\u00f3n; por tanto, el aborto criminol\u00f3gico representar\u00eda una negaci\u00f3n al derecho a la vida que es el bien superior, intr\u00ednseco e inalienable. Si por razones humanitarias no se condena a muerte al violador, que es el culpable \u00bfa cuenta de qu\u00e9 habr\u00eda que dar muerte al inocente fruto de la forzada maternidad cuando se garantiza constitucionalmente la igualdad sin distingos ante la ley? \u00bfQu\u00e9 criterios se invocar\u00edan para superponer un derecho sobre otro? \u00bfQui\u00e9nes ser\u00edan los sujetos id\u00f3neos para tal decisi\u00f3n? \u00bfC\u00f3mo se sabr\u00eda que el embarazo en cuesti\u00f3n, en verdad es producto de un crimen contra la mujer? \u00bfSe deber\u00eda demostrar judicialmente que la violaci\u00f3n ha ocurrido? \u00bfBastar\u00eda con el testimonio de la mujer o se requerir\u00eda otro tipo de pruebas? \u00bfEl solo testimonio de la mujer no se prestar\u00eda a una manipulaci\u00f3n del recurso en embarazos que en realidad pertenecen a otra categor\u00eda?<\/p>\n<p>Dado que la mayor parte de violaciones e incestos ocurren en menores de edad \u00bfse escuchar\u00eda la opini\u00f3n de la menor? \u00bfSe respetar\u00eda su decisi\u00f3n o se le impondr\u00eda desde el Estado una determinaci\u00f3n? \u00bfQu\u00e9 papel jugar\u00edan sus padres en la decisi\u00f3n? \u00bfQu\u00e9 medidas garantizar\u00edan que, ya sea la voluntad de la v\u00edctima o la de sus padres, la ejercitar\u00edan sin injerencias de terceros?<\/p>\n<p>En un pa\u00eds en donde la casi totalidad de la poblaci\u00f3n se define como creyente cristiano \u00bfqu\u00e9 respeto recibir\u00edan los valores o sentimientos morales de las v\u00edctimas? \u00bfQu\u00e9 recursos de ley asegurar\u00edan las condiciones para tal consideraci\u00f3n? \u00bfC\u00f3mo se garantizar\u00eda que a la menor que desea llevar a t\u00e9rmino su embarazo no se le obligar\u00eda a interrumpirlo?<\/p>\n<p>La persona que se encuentra embarazada por haber sido violada se encuentra en una encrucijada en la que cualquier camino que elija supone un mal para ella: malo es que ponga fin a la vida del hijo y malo es seguir adelante con una maternidad forzada. La situaci\u00f3n f\u00edsica y psicol\u00f3gica de la mujer violentada se ve sometida a angustia abrumadora; en tales condiciones \u00bfposeer\u00eda la serenidad y ponderaci\u00f3n adecuadas para tomar una resoluci\u00f3n deliberada? \u00bfSe le respetar\u00eda su derecho a recibir consejo y gu\u00eda de quien la v\u00edctima desea y no de quien quiera ofrecerlo? Dado que en la mayor parte de los casos de violaciones o incestos los padres de la v\u00edctima son victimarios o encubridores \u00bfpodr\u00edan ellos ejercer su tutela parental para decidir por la menor?<\/p>\n<p>\u00bfTomar\u00edan la decisi\u00f3n con la ecuanimidad necesaria como para escoger qu\u00e9 injusticia se antepone a la otra? \u00bfC\u00f3mo se garantizar\u00eda que la opci\u00f3n del aborto tomada por los tutores no tenga por objeto librar a la menor de un embarazo no deseado con el solo fin de prolongar su situaci\u00f3n de abuso? Son tales las dificultades que presenta el aborto criminol\u00f3gico que comprometen a responder con medidas adecuadas a los graves problemas de victimizaci\u00f3n de la mujer en una cultura que se encuentra centrada en el hombre.<\/p>\n","protected":false},"excerpt":{"rendered":"<p>*Mario Vega &#8211; Pastor General Misi\u00f3n Cristiana Elim Se llama aborto criminol\u00f3gico a aquel que se practica cuando el embarazo ha sido consecuencia de una acci\u00f3n criminal contra la mujer como la violaci\u00f3n, el incesto o el estupro.\u00a0Dado que la vida humana se reconoce como el valor superior en todos los \u00e1mbitos, no se le [&hellip;]<\/p>\n","protected":false},"author":3,"featured_media":3170,"comment_status":"open","ping_status":"open","sticky":false,"template":"","format":"standard","meta":[],"categories":[23],"tags":[],"yoast_head":"<!-- This site is optimized with the Yoast SEO plugin v20.8 - https:\/\/yoast.com\/wordpress\/plugins\/seo\/ -->\n<title>PREGUNTAS SOBRE EL ABORTO CRIMINOL\u00d3GICO - La Prensa Cristiana<\/title>\n<meta name=\"robots\" content=\"index, follow, max-snippet:-1, max-image-preview:large, max-video-preview:-1\" \/>\n<link rel=\"canonical\" href=\"https:\/\/laprensacristiana.com\/?p=3169\" \/>\n<meta property=\"og:locale\" content=\"es_ES\" \/>\n<meta property=\"og:type\" content=\"article\" \/>\n<meta property=\"og:title\" content=\"PREGUNTAS SOBRE EL ABORTO CRIMINOL\u00d3GICO - La Prensa Cristiana\" \/>\n<meta property=\"og:description\" content=\"*Mario Vega &#8211; Pastor General Misi\u00f3n Cristiana Elim Se llama aborto criminol\u00f3gico a aquel que se practica cuando el embarazo ha sido consecuencia de una acci\u00f3n criminal contra la mujer como la violaci\u00f3n, el incesto o el estupro.\u00a0Dado que la vida humana se reconoce como el valor superior en todos los \u00e1mbitos, no se le [&hellip;]\" \/>\n<meta property=\"og:url\" content=\"https:\/\/laprensacristiana.com\/?p=3169\" \/>\n<meta property=\"og:site_name\" content=\"La Prensa Cristiana\" \/>\n<meta property=\"article:published_time\" content=\"2017-09-11T23:10:18+00:00\" \/>\n<meta property=\"og:image\" content=\"https:\/\/laprensacristiana.com\/wp-content\/uploads\/2017\/09\/OPINION-01-scaled.jpg\" \/>\n\t<meta property=\"og:image:width\" content=\"2560\" \/>\n\t<meta property=\"og:image:height\" content=\"1429\" \/>\n\t<meta property=\"og:image:type\" content=\"image\/jpeg\" \/>\n<meta name=\"author\" content=\"EDITOR\" \/>\n<meta name=\"twitter:card\" content=\"summary_large_image\" \/>\n<meta name=\"twitter:label1\" content=\"Escrito por\" \/>\n\t<meta name=\"twitter:data1\" content=\"EDITOR\" \/>\n\t<meta name=\"twitter:label2\" content=\"Tiempo de lectura\" \/>\n\t<meta name=\"twitter:data2\" content=\"3 minutos\" \/>\n<script type=\"application\/ld+json\" class=\"yoast-schema-graph\">{\"@context\":\"https:\/\/schema.org\",\"@graph\":[{\"@type\":\"WebPage\",\"@id\":\"https:\/\/laprensacristiana.com\/?p=3169\",\"url\":\"https:\/\/laprensacristiana.com\/?p=3169\",\"name\":\"PREGUNTAS SOBRE EL ABORTO CRIMINOL\u00d3GICO - La Prensa Cristiana\",\"isPartOf\":{\"@id\":\"https:\/\/laprensacristiana.com\/#website\"},\"datePublished\":\"2017-09-11T23:10:18+00:00\",\"dateModified\":\"2017-09-11T23:10:18+00:00\",\"author\":{\"@id\":\"https:\/\/laprensacristiana.com\/#\/schema\/person\/3e7d82c6bfd6b1fa67010f8f7cd5256e\"},\"breadcrumb\":{\"@id\":\"https:\/\/laprensacristiana.com\/?p=3169#breadcrumb\"},\"inLanguage\":\"es\",\"potentialAction\":[{\"@type\":\"ReadAction\",\"target\":[\"https:\/\/laprensacristiana.com\/?p=3169\"]}]},{\"@type\":\"BreadcrumbList\",\"@id\":\"https:\/\/laprensacristiana.com\/?p=3169#breadcrumb\",\"itemListElement\":[{\"@type\":\"ListItem\",\"position\":1,\"name\":\"Portada\",\"item\":\"https:\/\/laprensacristiana.com\/\"},{\"@type\":\"ListItem\",\"position\":2,\"name\":\"PREGUNTAS SOBRE EL ABORTO CRIMINOL\u00d3GICO\"}]},{\"@type\":\"WebSite\",\"@id\":\"https:\/\/laprensacristiana.com\/#website\",\"url\":\"https:\/\/laprensacristiana.com\/\",\"name\":\"La Prensa Cristiana\",\"description\":\"Anunciando Las Buenas Nuevas\",\"potentialAction\":[{\"@type\":\"SearchAction\",\"target\":{\"@type\":\"EntryPoint\",\"urlTemplate\":\"https:\/\/laprensacristiana.com\/?s={search_term_string}\"},\"query-input\":\"required name=search_term_string\"}],\"inLanguage\":\"es\"},{\"@type\":\"Person\",\"@id\":\"https:\/\/laprensacristiana.com\/#\/schema\/person\/3e7d82c6bfd6b1fa67010f8f7cd5256e\",\"name\":\"EDITOR\",\"image\":{\"@type\":\"ImageObject\",\"inLanguage\":\"es\",\"@id\":\"https:\/\/laprensacristiana.com\/#\/schema\/person\/image\/\",\"url\":\"https:\/\/secure.gravatar.com\/avatar\/72069dfb6c13772d9e8381e3638666d2?s=96&d=mm&r=g\",\"contentUrl\":\"https:\/\/secure.gravatar.com\/avatar\/72069dfb6c13772d9e8381e3638666d2?s=96&d=mm&r=g\",\"caption\":\"EDITOR\"},\"url\":\"https:\/\/laprensacristiana.com\/?author=3\"}]}<\/script>\n<!-- \/ Yoast SEO plugin. -->","yoast_head_json":{"title":"PREGUNTAS SOBRE EL ABORTO CRIMINOL\u00d3GICO - La Prensa Cristiana","robots":{"index":"index","follow":"follow","max-snippet":"max-snippet:-1","max-image-preview":"max-image-preview:large","max-video-preview":"max-video-preview:-1"},"canonical":"https:\/\/laprensacristiana.com\/?p=3169","og_locale":"es_ES","og_type":"article","og_title":"PREGUNTAS SOBRE EL ABORTO CRIMINOL\u00d3GICO - La Prensa Cristiana","og_description":"*Mario Vega &#8211; Pastor General Misi\u00f3n Cristiana Elim Se llama aborto criminol\u00f3gico a aquel que se practica cuando el embarazo ha sido consecuencia de una acci\u00f3n criminal contra la mujer como la violaci\u00f3n, el incesto o el estupro.\u00a0Dado que la vida humana se reconoce como el valor superior en todos los \u00e1mbitos, no se le [&hellip;]","og_url":"https:\/\/laprensacristiana.com\/?p=3169","og_site_name":"La Prensa Cristiana","article_published_time":"2017-09-11T23:10:18+00:00","og_image":[{"width":2560,"height":1429,"url":"https:\/\/laprensacristiana.com\/wp-content\/uploads\/2017\/09\/OPINION-01-scaled.jpg","type":"image\/jpeg"}],"author":"EDITOR","twitter_card":"summary_large_image","twitter_misc":{"Escrito por":"EDITOR","Tiempo de lectura":"3 minutos"},"schema":{"@context":"https:\/\/schema.org","@graph":[{"@type":"WebPage","@id":"https:\/\/laprensacristiana.com\/?p=3169","url":"https:\/\/laprensacristiana.com\/?p=3169","name":"PREGUNTAS SOBRE EL ABORTO CRIMINOL\u00d3GICO - La Prensa Cristiana","isPartOf":{"@id":"https:\/\/laprensacristiana.com\/#website"},"datePublished":"2017-09-11T23:10:18+00:00","dateModified":"2017-09-11T23:10:18+00:00","author":{"@id":"https:\/\/laprensacristiana.com\/#\/schema\/person\/3e7d82c6bfd6b1fa67010f8f7cd5256e"},"breadcrumb":{"@id":"https:\/\/laprensacristiana.com\/?p=3169#breadcrumb"},"inLanguage":"es","potentialAction":[{"@type":"ReadAction","target":["https:\/\/laprensacristiana.com\/?p=3169"]}]},{"@type":"BreadcrumbList","@id":"https:\/\/laprensacristiana.com\/?p=3169#breadcrumb","itemListElement":[{"@type":"ListItem","position":1,"name":"Portada","item":"https:\/\/laprensacristiana.com\/"},{"@type":"ListItem","position":2,"name":"PREGUNTAS SOBRE EL ABORTO CRIMINOL\u00d3GICO"}]},{"@type":"WebSite","@id":"https:\/\/laprensacristiana.com\/#website","url":"https:\/\/laprensacristiana.com\/","name":"La Prensa Cristiana","description":"Anunciando Las Buenas Nuevas","potentialAction":[{"@type":"SearchAction","target":{"@type":"EntryPoint","urlTemplate":"https:\/\/laprensacristiana.com\/?s={search_term_string}"},"query-input":"required name=search_term_string"}],"inLanguage":"es"},{"@type":"Person","@id":"https:\/\/laprensacristiana.com\/#\/schema\/person\/3e7d82c6bfd6b1fa67010f8f7cd5256e","name":"EDITOR","image":{"@type":"ImageObject","inLanguage":"es","@id":"https:\/\/laprensacristiana.com\/#\/schema\/person\/image\/","url":"https:\/\/secure.gravatar.com\/avatar\/72069dfb6c13772d9e8381e3638666d2?s=96&d=mm&r=g","contentUrl":"https:\/\/secure.gravatar.com\/avatar\/72069dfb6c13772d9e8381e3638666d2?s=96&d=mm&r=g","caption":"EDITOR"},"url":"https:\/\/laprensacristiana.com\/?author=3"}]}},"_links":{"self":[{"href":"https:\/\/laprensacristiana.com\/index.php?rest_route=\/wp\/v2\/posts\/3169"}],"collection":[{"href":"https:\/\/laprensacristiana.com\/index.php?rest_route=\/wp\/v2\/posts"}],"about":[{"href":"https:\/\/laprensacristiana.com\/index.php?rest_route=\/wp\/v2\/types\/post"}],"author":[{"embeddable":true,"href":"https:\/\/laprensacristiana.com\/index.php?rest_route=\/wp\/v2\/users\/3"}],"replies":[{"embeddable":true,"href":"https:\/\/laprensacristiana.com\/index.php?rest_route=%2Fwp%2Fv2%2Fcomments&post=3169"}],"version-history":[{"count":1,"href":"https:\/\/laprensacristiana.com\/index.php?rest_route=\/wp\/v2\/posts\/3169\/revisions"}],"predecessor-version":[{"id":3171,"href":"https:\/\/laprensacristiana.com\/index.php?rest_route=\/wp\/v2\/posts\/3169\/revisions\/3171"}],"wp:featuredmedia":[{"embeddable":true,"href":"https:\/\/laprensacristiana.com\/index.php?rest_route=\/wp\/v2\/media\/3170"}],"wp:attachment":[{"href":"https:\/\/laprensacristiana.com\/index.php?rest_route=%2Fwp%2Fv2%2Fmedia&parent=3169"}],"wp:term":[{"taxonomy":"category","embeddable":true,"href":"https:\/\/laprensacristiana.com\/index.php?rest_route=%2Fwp%2Fv2%2Fcategories&post=3169"},{"taxonomy":"post_tag","embeddable":true,"href":"https:\/\/laprensacristiana.com\/index.php?rest_route=%2Fwp%2Fv2%2Ftags&post=3169"}],"curies":[{"name":"wp","href":"https:\/\/api.w.org\/{rel}","templated":true}]}}