{"id":3172,"date":"2017-09-11T23:36:48","date_gmt":"2017-09-11T23:36:48","guid":{"rendered":"https:\/\/laprensacristiana.com\/?p=3172"},"modified":"2020-07-02T00:31:57","modified_gmt":"2020-07-02T00:31:57","slug":"llega-a-el-salvador-la-pelicula-el-caso-de-cristo","status":"publish","type":"post","link":"https:\/\/laprensacristiana.com\/?p=3172","title":{"rendered":"Llega a El Salvador la pel\u00edcula \u201cEl caso de Cristo\u201d"},"content":{"rendered":"<p>\u201cEl caso de Cristo\u201d es una pel\u00edcula basada en la historia real de Lee Strobel, el reconocido y galardonado periodista del Chicago Tribune que us\u00f3 su experiencia legal y period\u00edstica para desmitificar la nueva fe cristiana de su esposa. En la investigaci\u00f3n m\u00e1s grande de su carrera, Lee se enfrenta cara a cara con resultados que podr\u00edan derrumbar la fe cristiana o cambiar el rumbo de su vida.<\/p>\n<p>La pel\u00edcula ha sido producida por Pure Flix y Triple Horse, est\u00e1 siendo distribuida por la reconocida marca de Canzion Films.<\/p>\n<p>El caso de Cristo ser\u00e1 estrenado en los pa\u00edses de Centroam\u00e9rica el pr\u00f3ximo 14 de Septiembre, estar\u00e1 disponible en todas las cadenas de cine, no te pierdas este apasionante films.<\/p>\n","protected":false},"excerpt":{"rendered":"<p>\u201cEl caso de Cristo\u201d es una pel\u00edcula basada en la historia real de Lee Strobel, el reconocido y galardonado periodista del Chicago Tribune que us\u00f3 su experiencia legal y period\u00edstica para desmitificar la nueva fe cristiana de su esposa. En la investigaci\u00f3n m\u00e1s grande de su carrera, Lee se enfrenta cara a cara con resultados [&hellip;]<\/p>\n","protected":false},"author":3,"featured_media":3173,"comment_status":"open","ping_status":"open","sticky":false,"template":"","format":"standard","meta":[],"categories":[101],"tags":[],"yoast_head":"<!-- This site is optimized with the Yoast SEO plugin v20.8 - https:\/\/yoast.com\/wordpress\/plugins\/seo\/ -->\n<title>Llega a El Salvador la pel\u00edcula \u201cEl caso de Cristo\u201d - La Prensa Cristiana<\/title>\n<meta name=\"robots\" content=\"index, follow, max-snippet:-1, max-image-preview:large, max-video-preview:-1\" \/>\n<link rel=\"canonical\" href=\"https:\/\/laprensacristiana.com\/?p=3172\" \/>\n<meta property=\"og:locale\" content=\"es_ES\" \/>\n<meta property=\"og:type\" content=\"article\" \/>\n<meta property=\"og:title\" content=\"Llega a El Salvador la pel\u00edcula \u201cEl caso de Cristo\u201d - La Prensa Cristiana\" \/>\n<meta property=\"og:description\" content=\"\u201cEl caso de Cristo\u201d es una pel\u00edcula basada en la historia real de Lee Strobel, el reconocido y galardonado periodista del Chicago Tribune que us\u00f3 su experiencia legal y period\u00edstica para desmitificar la nueva fe cristiana de su esposa. En la investigaci\u00f3n m\u00e1s grande de su carrera, Lee se enfrenta cara a cara con resultados [&hellip;]\" \/>\n<meta property=\"og:url\" content=\"https:\/\/laprensacristiana.com\/?p=3172\" \/>\n<meta property=\"og:site_name\" content=\"La Prensa Cristiana\" \/>\n<meta property=\"article:published_time\" content=\"2017-09-11T23:36:48+00:00\" \/>\n<meta property=\"article:modified_time\" content=\"2020-07-02T00:31:57+00:00\" \/>\n<meta property=\"og:image\" content=\"https:\/\/laprensacristiana.com\/wp-content\/uploads\/2017\/09\/ds14Iv0.jpg\" \/>\n\t<meta property=\"og:image:width\" content=\"645\" \/>\n\t<meta property=\"og:image:height\" content=\"350\" \/>\n\t<meta property=\"og:image:type\" content=\"image\/jpeg\" \/>\n<meta name=\"author\" content=\"EDITOR\" \/>\n<meta name=\"twitter:card\" content=\"summary_large_image\" \/>\n<meta name=\"twitter:label1\" content=\"Escrito por\" \/>\n\t<meta name=\"twitter:data1\" content=\"EDITOR\" \/>\n\t<meta name=\"twitter:label2\" content=\"Tiempo de lectura\" \/>\n\t<meta name=\"twitter:data2\" content=\"1 minuto\" \/>\n<script type=\"application\/ld+json\" class=\"yoast-schema-graph\">{\"@context\":\"https:\/\/schema.org\",\"@graph\":[{\"@type\":\"WebPage\",\"@id\":\"https:\/\/laprensacristiana.com\/?p=3172\",\"url\":\"https:\/\/laprensacristiana.com\/?p=3172\",\"name\":\"Llega a El Salvador la pel\u00edcula \u201cEl caso de Cristo\u201d - La Prensa Cristiana\",\"isPartOf\":{\"@id\":\"https:\/\/laprensacristiana.com\/#website\"},\"datePublished\":\"2017-09-11T23:36:48+00:00\",\"dateModified\":\"2020-07-02T00:31:57+00:00\",\"author\":{\"@id\":\"https:\/\/laprensacristiana.com\/#\/schema\/person\/3e7d82c6bfd6b1fa67010f8f7cd5256e\"},\"breadcrumb\":{\"@id\":\"https:\/\/laprensacristiana.com\/?p=3172#breadcrumb\"},\"inLanguage\":\"es\",\"potentialAction\":[{\"@type\":\"ReadAction\",\"target\":[\"https:\/\/laprensacristiana.com\/?p=3172\"]}]},{\"@type\":\"BreadcrumbList\",\"@id\":\"https:\/\/laprensacristiana.com\/?p=3172#breadcrumb\",\"itemListElement\":[{\"@type\":\"ListItem\",\"position\":1,\"name\":\"Portada\",\"item\":\"https:\/\/laprensacristiana.com\/\"},{\"@type\":\"ListItem\",\"position\":2,\"name\":\"Llega a El Salvador la pel\u00edcula \u201cEl caso de Cristo\u201d\"}]},{\"@type\":\"WebSite\",\"@id\":\"https:\/\/laprensacristiana.com\/#website\",\"url\":\"https:\/\/laprensacristiana.com\/\",\"name\":\"La Prensa Cristiana\",\"description\":\"Anunciando Las Buenas Nuevas\",\"potentialAction\":[{\"@type\":\"SearchAction\",\"target\":{\"@type\":\"EntryPoint\",\"urlTemplate\":\"https:\/\/laprensacristiana.com\/?s={search_term_string}\"},\"query-input\":\"required name=search_term_string\"}],\"inLanguage\":\"es\"},{\"@type\":\"Person\",\"@id\":\"https:\/\/laprensacristiana.com\/#\/schema\/person\/3e7d82c6bfd6b1fa67010f8f7cd5256e\",\"name\":\"EDITOR\",\"image\":{\"@type\":\"ImageObject\",\"inLanguage\":\"es\",\"@id\":\"https:\/\/laprensacristiana.com\/#\/schema\/person\/image\/\",\"url\":\"https:\/\/secure.gravatar.com\/avatar\/72069dfb6c13772d9e8381e3638666d2?s=96&d=mm&r=g\",\"contentUrl\":\"https:\/\/secure.gravatar.com\/avatar\/72069dfb6c13772d9e8381e3638666d2?s=96&d=mm&r=g\",\"caption\":\"EDITOR\"},\"url\":\"https:\/\/laprensacristiana.com\/?author=3\"}]}<\/script>\n<!-- \/ Yoast SEO plugin. -->","yoast_head_json":{"title":"Llega a El Salvador la pel\u00edcula \u201cEl caso de Cristo\u201d - La Prensa Cristiana","robots":{"index":"index","follow":"follow","max-snippet":"max-snippet:-1","max-image-preview":"max-image-preview:large","max-video-preview":"max-video-preview:-1"},"canonical":"https:\/\/laprensacristiana.com\/?p=3172","og_locale":"es_ES","og_type":"article","og_title":"Llega a El Salvador la pel\u00edcula \u201cEl caso de Cristo\u201d - La Prensa Cristiana","og_description":"\u201cEl caso de Cristo\u201d es una pel\u00edcula basada en la historia real de Lee Strobel, el reconocido y galardonado periodista del Chicago Tribune que us\u00f3 su experiencia legal y period\u00edstica para desmitificar la nueva fe cristiana de su esposa. En la investigaci\u00f3n m\u00e1s grande de su carrera, Lee se enfrenta cara a cara con resultados [&hellip;]","og_url":"https:\/\/laprensacristiana.com\/?p=3172","og_site_name":"La Prensa Cristiana","article_published_time":"2017-09-11T23:36:48+00:00","article_modified_time":"2020-07-02T00:31:57+00:00","og_image":[{"width":645,"height":350,"url":"https:\/\/laprensacristiana.com\/wp-content\/uploads\/2017\/09\/ds14Iv0.jpg","type":"image\/jpeg"}],"author":"EDITOR","twitter_card":"summary_large_image","twitter_misc":{"Escrito por":"EDITOR","Tiempo de lectura":"1 minuto"},"schema":{"@context":"https:\/\/schema.org","@graph":[{"@type":"WebPage","@id":"https:\/\/laprensacristiana.com\/?p=3172","url":"https:\/\/laprensacristiana.com\/?p=3172","name":"Llega a El Salvador la pel\u00edcula \u201cEl caso de Cristo\u201d - La Prensa Cristiana","isPartOf":{"@id":"https:\/\/laprensacristiana.com\/#website"},"datePublished":"2017-09-11T23:36:48+00:00","dateModified":"2020-07-02T00:31:57+00:00","author":{"@id":"https:\/\/laprensacristiana.com\/#\/schema\/person\/3e7d82c6bfd6b1fa67010f8f7cd5256e"},"breadcrumb":{"@id":"https:\/\/laprensacristiana.com\/?p=3172#breadcrumb"},"inLanguage":"es","potentialAction":[{"@type":"ReadAction","target":["https:\/\/laprensacristiana.com\/?p=3172"]}]},{"@type":"BreadcrumbList","@id":"https:\/\/laprensacristiana.com\/?p=3172#breadcrumb","itemListElement":[{"@type":"ListItem","position":1,"name":"Portada","item":"https:\/\/laprensacristiana.com\/"},{"@type":"ListItem","position":2,"name":"Llega a El Salvador la pel\u00edcula \u201cEl caso de Cristo\u201d"}]},{"@type":"WebSite","@id":"https:\/\/laprensacristiana.com\/#website","url":"https:\/\/laprensacristiana.com\/","name":"La Prensa Cristiana","description":"Anunciando Las Buenas Nuevas","potentialAction":[{"@type":"SearchAction","target":{"@type":"EntryPoint","urlTemplate":"https:\/\/laprensacristiana.com\/?s={search_term_string}"},"query-input":"required name=search_term_string"}],"inLanguage":"es"},{"@type":"Person","@id":"https:\/\/laprensacristiana.com\/#\/schema\/person\/3e7d82c6bfd6b1fa67010f8f7cd5256e","name":"EDITOR","image":{"@type":"ImageObject","inLanguage":"es","@id":"https:\/\/laprensacristiana.com\/#\/schema\/person\/image\/","url":"https:\/\/secure.gravatar.com\/avatar\/72069dfb6c13772d9e8381e3638666d2?s=96&d=mm&r=g","contentUrl":"https:\/\/secure.gravatar.com\/avatar\/72069dfb6c13772d9e8381e3638666d2?s=96&d=mm&r=g","caption":"EDITOR"},"url":"https:\/\/laprensacristiana.com\/?author=3"}]}},"_links":{"self":[{"href":"https:\/\/laprensacristiana.com\/index.php?rest_route=\/wp\/v2\/posts\/3172"}],"collection":[{"href":"https:\/\/laprensacristiana.com\/index.php?rest_route=\/wp\/v2\/posts"}],"about":[{"href":"https:\/\/laprensacristiana.com\/index.php?rest_route=\/wp\/v2\/types\/post"}],"author":[{"embeddable":true,"href":"https:\/\/laprensacristiana.com\/index.php?rest_route=\/wp\/v2\/users\/3"}],"replies":[{"embeddable":true,"href":"https:\/\/laprensacristiana.com\/index.php?rest_route=%2Fwp%2Fv2%2Fcomments&post=3172"}],"version-history":[{"count":1,"href":"https:\/\/laprensacristiana.com\/index.php?rest_route=\/wp\/v2\/posts\/3172\/revisions"}],"predecessor-version":[{"id":3174,"href":"https:\/\/laprensacristiana.com\/index.php?rest_route=\/wp\/v2\/posts\/3172\/revisions\/3174"}],"wp:featuredmedia":[{"embeddable":true,"href":"https:\/\/laprensacristiana.com\/index.php?rest_route=\/wp\/v2\/media\/3173"}],"wp:attachment":[{"href":"https:\/\/laprensacristiana.com\/index.php?rest_route=%2Fwp%2Fv2%2Fmedia&parent=3172"}],"wp:term":[{"taxonomy":"category","embeddable":true,"href":"https:\/\/laprensacristiana.com\/index.php?rest_route=%2Fwp%2Fv2%2Fcategories&post=3172"},{"taxonomy":"post_tag","embeddable":true,"href":"https:\/\/laprensacristiana.com\/index.php?rest_route=%2Fwp%2Fv2%2Ftags&post=3172"}],"curies":[{"name":"wp","href":"https:\/\/api.w.org\/{rel}","templated":true}]}}