{"id":3178,"date":"2017-09-13T22:29:59","date_gmt":"2017-09-13T22:29:59","guid":{"rendered":"https:\/\/laprensacristiana.com\/?p=3178"},"modified":"2020-07-02T00:31:23","modified_gmt":"2020-07-02T00:31:23","slug":"presentan-ensamble-cristiano-de-danza","status":"publish","type":"post","link":"https:\/\/laprensacristiana.com\/?p=3178","title":{"rendered":"Presentan Ensamble Cristiano de Danza"},"content":{"rendered":"<p><strong>La<\/strong> <strong>Fundaci\u00f3n Valores y Arte (VALORARTE)<\/strong> present\u00f3 al <strong>Ensamble Cristiano de Danza<\/strong> en su presentaci\u00f3n estelar \u201cAdoraci\u00f3n\u201d bajo la direcci\u00f3n de la Mtra. Irina Flores Rodrigo quien es primera balletista, core\u00f3grafa, maestra graduada y registrada en Royal Academy of Dance.<\/p>\n<h5>La presentaci\u00f3n se llev\u00f3 a cabo en Auditorio Cristiano Jes\u00fas es El Se\u00f1or, MCA el s\u00e1bado 9 de septiembre y fue a beneficio de la Fundaci\u00f3n Valores y Arte que promueve las bellas artes con un enfoque en valores \u00e9ticos, morales y cristianos que conduzcan a las personas a su desarrollo integral.<\/h5>\n<p><img decoding=\"async\" loading=\"lazy\" class=\"alignnone size-full wp-image-3180\" src=\"https:\/\/laprensacristiana.com\/wp-content\/uploads\/2017\/09\/FullSizeRender-1.jpg\" alt=\"\" width=\"1267\" height=\"1267\" srcset=\"https:\/\/laprensacristiana.com\/wp-content\/uploads\/2017\/09\/FullSizeRender-1.jpg 1267w, https:\/\/laprensacristiana.com\/wp-content\/uploads\/2017\/09\/FullSizeRender-1-300x300.jpg 300w, https:\/\/laprensacristiana.com\/wp-content\/uploads\/2017\/09\/FullSizeRender-1-100x100.jpg 100w, https:\/\/laprensacristiana.com\/wp-content\/uploads\/2017\/09\/FullSizeRender-1-600x600.jpg 600w, https:\/\/laprensacristiana.com\/wp-content\/uploads\/2017\/09\/FullSizeRender-1-150x150.jpg 150w, https:\/\/laprensacristiana.com\/wp-content\/uploads\/2017\/09\/FullSizeRender-1-768x768.jpg 768w, https:\/\/laprensacristiana.com\/wp-content\/uploads\/2017\/09\/FullSizeRender-1-1024x1024.jpg 1024w, https:\/\/laprensacristiana.com\/wp-content\/uploads\/2017\/09\/FullSizeRender-1-696x696.jpg 696w, https:\/\/laprensacristiana.com\/wp-content\/uploads\/2017\/09\/FullSizeRender-1-1068x1068.jpg 1068w, https:\/\/laprensacristiana.com\/wp-content\/uploads\/2017\/09\/FullSizeRender-1-420x420.jpg 420w\" sizes=\"(max-width: 1267px) 100vw, 1267px\" \/><\/p>\n<p><strong>El<\/strong> <strong>Ensamble Cristiano de Danza<\/strong> deleit\u00f3 con una serie de interpretaciones basadas en la adoraci\u00f3n a Dios con algunos temas como \u201cLev\u00e1ntate\u201d, \u201cLa Oraci\u00f3n\u201d, \u201cSublime Gracia\u201d y \u201cAmarte m\u00e1s\u201d, entre otras.\u00a0 El Coro Cristiano de El Salvador dirigido por el Mtro. Josu\u00e9 Viera estuvo como invitado especial junto a los solistas Jonathan Rivera, Leslie Avenda\u00f1o, Johanna Jovel y el Mtro. Mauricio Sol\u00eds quien a su vez es el Director General de la Fundaci\u00f3n Valores y Arte.<\/p>\n<p>Para conocer m\u00e1s sobre pr\u00f3ximos eventos de todos los proyectos que componen la Fundaci\u00f3n Valores y Arte, visite <a href=\"http:\/\/www.valoresyarte.org\/\">www.valoresyarte.org<\/a><\/p>\n","protected":false},"excerpt":{"rendered":"<p>La Fundaci\u00f3n Valores y Arte (VALORARTE) present\u00f3 al Ensamble Cristiano de Danza en su presentaci\u00f3n estelar \u201cAdoraci\u00f3n\u201d bajo la direcci\u00f3n de la Mtra. Irina Flores Rodrigo quien es primera balletista, core\u00f3grafa, maestra graduada y registrada en Royal Academy of Dance. La presentaci\u00f3n se llev\u00f3 a cabo en Auditorio Cristiano Jes\u00fas es El Se\u00f1or, MCA el [&hellip;]<\/p>\n","protected":false},"author":3,"featured_media":3179,"comment_status":"open","ping_status":"open","sticky":false,"template":"","format":"standard","meta":[],"categories":[101],"tags":[],"yoast_head":"<!-- This site is optimized with the Yoast SEO plugin v20.8 - https:\/\/yoast.com\/wordpress\/plugins\/seo\/ -->\n<title>Presentan Ensamble Cristiano de Danza - La Prensa Cristiana<\/title>\n<meta name=\"robots\" content=\"index, follow, max-snippet:-1, max-image-preview:large, max-video-preview:-1\" \/>\n<link rel=\"canonical\" href=\"https:\/\/laprensacristiana.com\/?p=3178\" \/>\n<meta property=\"og:locale\" content=\"es_ES\" \/>\n<meta property=\"og:type\" content=\"article\" \/>\n<meta property=\"og:title\" content=\"Presentan Ensamble Cristiano de Danza - La Prensa Cristiana\" \/>\n<meta property=\"og:description\" content=\"La Fundaci\u00f3n Valores y Arte (VALORARTE) present\u00f3 al Ensamble Cristiano de Danza en su presentaci\u00f3n estelar \u201cAdoraci\u00f3n\u201d bajo la direcci\u00f3n de la Mtra. Irina Flores Rodrigo quien es primera balletista, core\u00f3grafa, maestra graduada y registrada en Royal Academy of Dance. La presentaci\u00f3n se llev\u00f3 a cabo en Auditorio Cristiano Jes\u00fas es El Se\u00f1or, MCA el [&hellip;]\" \/>\n<meta property=\"og:url\" content=\"https:\/\/laprensacristiana.com\/?p=3178\" \/>\n<meta property=\"og:site_name\" content=\"La Prensa Cristiana\" \/>\n<meta property=\"article:published_time\" content=\"2017-09-13T22:29:59+00:00\" \/>\n<meta property=\"article:modified_time\" content=\"2020-07-02T00:31:23+00:00\" \/>\n<meta property=\"og:image\" content=\"https:\/\/laprensacristiana.com\/wp-content\/uploads\/2017\/09\/FullSizeRender.jpg\" \/>\n\t<meta property=\"og:image:width\" content=\"801\" \/>\n\t<meta property=\"og:image:height\" content=\"478\" \/>\n\t<meta property=\"og:image:type\" content=\"image\/jpeg\" \/>\n<meta name=\"author\" content=\"EDITOR\" \/>\n<meta name=\"twitter:card\" content=\"summary_large_image\" \/>\n<meta name=\"twitter:label1\" content=\"Escrito por\" \/>\n\t<meta name=\"twitter:data1\" content=\"EDITOR\" \/>\n\t<meta name=\"twitter:label2\" content=\"Tiempo de lectura\" \/>\n\t<meta name=\"twitter:data2\" content=\"1 minuto\" \/>\n<script type=\"application\/ld+json\" class=\"yoast-schema-graph\">{\"@context\":\"https:\/\/schema.org\",\"@graph\":[{\"@type\":\"WebPage\",\"@id\":\"https:\/\/laprensacristiana.com\/?p=3178\",\"url\":\"https:\/\/laprensacristiana.com\/?p=3178\",\"name\":\"Presentan Ensamble Cristiano de Danza - La Prensa Cristiana\",\"isPartOf\":{\"@id\":\"https:\/\/laprensacristiana.com\/#website\"},\"datePublished\":\"2017-09-13T22:29:59+00:00\",\"dateModified\":\"2020-07-02T00:31:23+00:00\",\"author\":{\"@id\":\"https:\/\/laprensacristiana.com\/#\/schema\/person\/3e7d82c6bfd6b1fa67010f8f7cd5256e\"},\"breadcrumb\":{\"@id\":\"https:\/\/laprensacristiana.com\/?p=3178#breadcrumb\"},\"inLanguage\":\"es\",\"potentialAction\":[{\"@type\":\"ReadAction\",\"target\":[\"https:\/\/laprensacristiana.com\/?p=3178\"]}]},{\"@type\":\"BreadcrumbList\",\"@id\":\"https:\/\/laprensacristiana.com\/?p=3178#breadcrumb\",\"itemListElement\":[{\"@type\":\"ListItem\",\"position\":1,\"name\":\"Portada\",\"item\":\"https:\/\/laprensacristiana.com\/\"},{\"@type\":\"ListItem\",\"position\":2,\"name\":\"Presentan Ensamble Cristiano de Danza\"}]},{\"@type\":\"WebSite\",\"@id\":\"https:\/\/laprensacristiana.com\/#website\",\"url\":\"https:\/\/laprensacristiana.com\/\",\"name\":\"La Prensa Cristiana\",\"description\":\"Anunciando Las Buenas Nuevas\",\"potentialAction\":[{\"@type\":\"SearchAction\",\"target\":{\"@type\":\"EntryPoint\",\"urlTemplate\":\"https:\/\/laprensacristiana.com\/?s={search_term_string}\"},\"query-input\":\"required name=search_term_string\"}],\"inLanguage\":\"es\"},{\"@type\":\"Person\",\"@id\":\"https:\/\/laprensacristiana.com\/#\/schema\/person\/3e7d82c6bfd6b1fa67010f8f7cd5256e\",\"name\":\"EDITOR\",\"image\":{\"@type\":\"ImageObject\",\"inLanguage\":\"es\",\"@id\":\"https:\/\/laprensacristiana.com\/#\/schema\/person\/image\/\",\"url\":\"https:\/\/secure.gravatar.com\/avatar\/72069dfb6c13772d9e8381e3638666d2?s=96&d=mm&r=g\",\"contentUrl\":\"https:\/\/secure.gravatar.com\/avatar\/72069dfb6c13772d9e8381e3638666d2?s=96&d=mm&r=g\",\"caption\":\"EDITOR\"},\"url\":\"https:\/\/laprensacristiana.com\/?author=3\"}]}<\/script>\n<!-- \/ Yoast SEO plugin. -->","yoast_head_json":{"title":"Presentan Ensamble Cristiano de Danza - La Prensa Cristiana","robots":{"index":"index","follow":"follow","max-snippet":"max-snippet:-1","max-image-preview":"max-image-preview:large","max-video-preview":"max-video-preview:-1"},"canonical":"https:\/\/laprensacristiana.com\/?p=3178","og_locale":"es_ES","og_type":"article","og_title":"Presentan Ensamble Cristiano de Danza - La Prensa Cristiana","og_description":"La Fundaci\u00f3n Valores y Arte (VALORARTE) present\u00f3 al Ensamble Cristiano de Danza en su presentaci\u00f3n estelar \u201cAdoraci\u00f3n\u201d bajo la direcci\u00f3n de la Mtra. Irina Flores Rodrigo quien es primera balletista, core\u00f3grafa, maestra graduada y registrada en Royal Academy of Dance. La presentaci\u00f3n se llev\u00f3 a cabo en Auditorio Cristiano Jes\u00fas es El Se\u00f1or, MCA el [&hellip;]","og_url":"https:\/\/laprensacristiana.com\/?p=3178","og_site_name":"La Prensa Cristiana","article_published_time":"2017-09-13T22:29:59+00:00","article_modified_time":"2020-07-02T00:31:23+00:00","og_image":[{"width":801,"height":478,"url":"https:\/\/laprensacristiana.com\/wp-content\/uploads\/2017\/09\/FullSizeRender.jpg","type":"image\/jpeg"}],"author":"EDITOR","twitter_card":"summary_large_image","twitter_misc":{"Escrito por":"EDITOR","Tiempo de lectura":"1 minuto"},"schema":{"@context":"https:\/\/schema.org","@graph":[{"@type":"WebPage","@id":"https:\/\/laprensacristiana.com\/?p=3178","url":"https:\/\/laprensacristiana.com\/?p=3178","name":"Presentan Ensamble Cristiano de Danza - La Prensa Cristiana","isPartOf":{"@id":"https:\/\/laprensacristiana.com\/#website"},"datePublished":"2017-09-13T22:29:59+00:00","dateModified":"2020-07-02T00:31:23+00:00","author":{"@id":"https:\/\/laprensacristiana.com\/#\/schema\/person\/3e7d82c6bfd6b1fa67010f8f7cd5256e"},"breadcrumb":{"@id":"https:\/\/laprensacristiana.com\/?p=3178#breadcrumb"},"inLanguage":"es","potentialAction":[{"@type":"ReadAction","target":["https:\/\/laprensacristiana.com\/?p=3178"]}]},{"@type":"BreadcrumbList","@id":"https:\/\/laprensacristiana.com\/?p=3178#breadcrumb","itemListElement":[{"@type":"ListItem","position":1,"name":"Portada","item":"https:\/\/laprensacristiana.com\/"},{"@type":"ListItem","position":2,"name":"Presentan Ensamble Cristiano de Danza"}]},{"@type":"WebSite","@id":"https:\/\/laprensacristiana.com\/#website","url":"https:\/\/laprensacristiana.com\/","name":"La Prensa Cristiana","description":"Anunciando Las Buenas Nuevas","potentialAction":[{"@type":"SearchAction","target":{"@type":"EntryPoint","urlTemplate":"https:\/\/laprensacristiana.com\/?s={search_term_string}"},"query-input":"required name=search_term_string"}],"inLanguage":"es"},{"@type":"Person","@id":"https:\/\/laprensacristiana.com\/#\/schema\/person\/3e7d82c6bfd6b1fa67010f8f7cd5256e","name":"EDITOR","image":{"@type":"ImageObject","inLanguage":"es","@id":"https:\/\/laprensacristiana.com\/#\/schema\/person\/image\/","url":"https:\/\/secure.gravatar.com\/avatar\/72069dfb6c13772d9e8381e3638666d2?s=96&d=mm&r=g","contentUrl":"https:\/\/secure.gravatar.com\/avatar\/72069dfb6c13772d9e8381e3638666d2?s=96&d=mm&r=g","caption":"EDITOR"},"url":"https:\/\/laprensacristiana.com\/?author=3"}]}},"_links":{"self":[{"href":"https:\/\/laprensacristiana.com\/index.php?rest_route=\/wp\/v2\/posts\/3178"}],"collection":[{"href":"https:\/\/laprensacristiana.com\/index.php?rest_route=\/wp\/v2\/posts"}],"about":[{"href":"https:\/\/laprensacristiana.com\/index.php?rest_route=\/wp\/v2\/types\/post"}],"author":[{"embeddable":true,"href":"https:\/\/laprensacristiana.com\/index.php?rest_route=\/wp\/v2\/users\/3"}],"replies":[{"embeddable":true,"href":"https:\/\/laprensacristiana.com\/index.php?rest_route=%2Fwp%2Fv2%2Fcomments&post=3178"}],"version-history":[{"count":1,"href":"https:\/\/laprensacristiana.com\/index.php?rest_route=\/wp\/v2\/posts\/3178\/revisions"}],"predecessor-version":[{"id":3181,"href":"https:\/\/laprensacristiana.com\/index.php?rest_route=\/wp\/v2\/posts\/3178\/revisions\/3181"}],"wp:featuredmedia":[{"embeddable":true,"href":"https:\/\/laprensacristiana.com\/index.php?rest_route=\/wp\/v2\/media\/3179"}],"wp:attachment":[{"href":"https:\/\/laprensacristiana.com\/index.php?rest_route=%2Fwp%2Fv2%2Fmedia&parent=3178"}],"wp:term":[{"taxonomy":"category","embeddable":true,"href":"https:\/\/laprensacristiana.com\/index.php?rest_route=%2Fwp%2Fv2%2Fcategories&post=3178"},{"taxonomy":"post_tag","embeddable":true,"href":"https:\/\/laprensacristiana.com\/index.php?rest_route=%2Fwp%2Fv2%2Ftags&post=3178"}],"curies":[{"name":"wp","href":"https:\/\/api.w.org\/{rel}","templated":true}]}}