{"id":3182,"date":"2017-09-13T23:01:48","date_gmt":"2017-09-13T23:01:48","guid":{"rendered":"https:\/\/laprensacristiana.com\/?p=3182"},"modified":"2020-07-02T00:31:09","modified_gmt":"2020-07-02T00:31:09","slug":"universidad-de-estados-unidos-premia-a-evangelico-salvadoreno","status":"publish","type":"post","link":"https:\/\/laprensacristiana.com\/?p=3182","title":{"rendered":"Universidad de Estados Unidos premia a evang\u00e9lico salvadore\u00f1o"},"content":{"rendered":"<p>Joel Carrillo, miembro de Misi\u00f3n Cristiana Elim fue premiado en la categoria \u201cL\u00edder Emergente\u201d\u00a0\u00a0por la universidad de Virginia International University\u00a0\u00a0y Washington Academy of Political Arts &amp; Sciences. Categor\u00eda que premia a j\u00f3venes menores de 30 a\u00f1os que en su formaci\u00f3n acad\u00e9mica y social han marcado significativamente la diferencia en sus comunidades.<\/p>\n<p>\u201cQuiero decirles que este reconocimiento es dedicado a nuestro amado Jesucristo quien es mi gu\u00eda y mi roca en cada camino que \u00e9l me conduce, estoy decidido en seguir siendo un misionero en este campo\u201d Expres\u00f3 Carrillo.<\/p>\n<p><img decoding=\"async\" loading=\"lazy\" class=\"alignnone size-full wp-image-3184\" src=\"https:\/\/laprensacristiana.com\/wp-content\/uploads\/2017\/09\/IMG_20170901_212337_719.jpg\" alt=\"\" width=\"3516\" height=\"2976\" \/><\/p>\n<p>Carrillo a trav\u00e9s de su profesi\u00f3n e investigaci\u00f3n se ha convertido en un medio que Dios ha usado para que \u00e9l se manifieste grandemente en lugares donde existe un total rechazo al evangelio, considerando que no\u00a0\u00a0por lo intelectual y la ciencia puede haber una transformaci\u00f3n en la sociedad si no que por medio del arrepentimiento que trasciende a la seguridad plena que se encuentra en Dios.<\/p>\n<p>\u201cConsidero que las iglesias evang\u00e9licas en El Salvador y en Latinoam\u00e9rica tienen el llamado a impulsar a los j\u00f3venes a tomar liderazgos en sus comunidades que por medio de su testimonio sus\u00a0\u00a0entornos puedan ser cambiados, Creo que ya no es suficiente regalar una Biblia a un pol\u00edtico que muchas veces esconde la palabra de Dios en sus escritorios y sus vidas siguen siendo las mismas sin temor a Dios, y que usa muchas veces a las iglesias como un trampol\u00edn para sus beneficios personales. Por tal raz\u00f3n Dios nos \u00a0ha llamado a ser agentes de cambio\u201d acot\u00f3 Carrillo.<\/p>\n<p>Actualmente est\u00e1 estudiando de manera intensa el fen\u00f3meno del desplazamiento forzado, su historia y el da\u00f1o que ha ocasionado a nuestro pa\u00eds y las iglesias evang\u00e9licas no est\u00e1n al margen de esta situaci\u00f3n; por tal raz\u00f3n retom\u00f3 de un libro del programa doctoral titulado\u00a0<strong>\u201cla iglesia en Latinoam\u00e9rica: su vida y su misi\u00f3n\u201d<\/strong><\/p>\n<p>A lo largo de todo los procesos migratorios la iglesia tiene oportunidad de ejercer su ministerio a los hu\u00e9rfanos, las viudas, los extranjeros a favor de cada vez m\u00e1s personas que dejan sus hogares para buscar una mejor vida; comunidades de fe compuestas mayormente por inmigrantes puede jugar un papel muy importante en el manejo de los complejos procesos de aculturaci\u00f3n\u00a0\u00a0y la revitalizaci\u00f3n de las iglesias. Un trabajo adecuado de los l\u00edderes de las iglesias a los inmigrantes, refugiados conducir\u00e1 a la feligres\u00eda a participar en la lucha de la comunidad m\u00e1s amplia en busca de la justicia, paz y mejores condiciones de vida.<\/p>\n<p>&nbsp;<\/p>\n","protected":false},"excerpt":{"rendered":"<p>Joel Carrillo, miembro de Misi\u00f3n Cristiana Elim fue premiado en la categoria \u201cL\u00edder Emergente\u201d\u00a0\u00a0por la universidad de Virginia International University\u00a0\u00a0y Washington Academy of Political Arts &amp; Sciences. Categor\u00eda que premia a j\u00f3venes menores de 30 a\u00f1os que en su formaci\u00f3n acad\u00e9mica y social han marcado significativamente la diferencia en sus comunidades. \u201cQuiero decirles que este [&hellip;]<\/p>\n","protected":false},"author":3,"featured_media":3183,"comment_status":"open","ping_status":"open","sticky":false,"template":"","format":"standard","meta":[],"categories":[56],"tags":[],"yoast_head":"<!-- This site is optimized with the Yoast SEO plugin v20.8 - https:\/\/yoast.com\/wordpress\/plugins\/seo\/ -->\n<title>Universidad de Estados Unidos premia a evang\u00e9lico salvadore\u00f1o - La Prensa Cristiana<\/title>\n<meta name=\"robots\" content=\"index, follow, max-snippet:-1, max-image-preview:large, max-video-preview:-1\" \/>\n<link rel=\"canonical\" href=\"https:\/\/laprensacristiana.com\/?p=3182\" \/>\n<meta property=\"og:locale\" content=\"es_ES\" \/>\n<meta property=\"og:type\" content=\"article\" \/>\n<meta property=\"og:title\" content=\"Universidad de Estados Unidos premia a evang\u00e9lico salvadore\u00f1o - La Prensa Cristiana\" \/>\n<meta property=\"og:description\" content=\"Joel Carrillo, miembro de Misi\u00f3n Cristiana Elim fue premiado en la categoria \u201cL\u00edder Emergente\u201d\u00a0\u00a0por la universidad de Virginia International University\u00a0\u00a0y Washington Academy of Political Arts &amp; Sciences. Categor\u00eda que premia a j\u00f3venes menores de 30 a\u00f1os que en su formaci\u00f3n acad\u00e9mica y social han marcado significativamente la diferencia en sus comunidades. \u201cQuiero decirles que este [&hellip;]\" \/>\n<meta property=\"og:url\" content=\"https:\/\/laprensacristiana.com\/?p=3182\" \/>\n<meta property=\"og:site_name\" content=\"La Prensa Cristiana\" \/>\n<meta property=\"article:published_time\" content=\"2017-09-13T23:01:48+00:00\" \/>\n<meta property=\"article:modified_time\" content=\"2020-07-02T00:31:09+00:00\" \/>\n<meta property=\"og:image\" content=\"https:\/\/laprensacristiana.com\/wp-content\/uploads\/2017\/09\/IMG_20170901_221606_299-scaled.jpg\" \/>\n\t<meta property=\"og:image:width\" content=\"2560\" \/>\n\t<meta property=\"og:image:height\" content=\"2230\" \/>\n\t<meta property=\"og:image:type\" content=\"image\/jpeg\" \/>\n<meta name=\"author\" content=\"EDITOR\" \/>\n<meta name=\"twitter:card\" content=\"summary_large_image\" \/>\n<meta name=\"twitter:label1\" content=\"Escrito por\" \/>\n\t<meta name=\"twitter:data1\" content=\"EDITOR\" \/>\n\t<meta name=\"twitter:label2\" content=\"Tiempo de lectura\" \/>\n\t<meta name=\"twitter:data2\" content=\"2 minutos\" \/>\n<script type=\"application\/ld+json\" class=\"yoast-schema-graph\">{\"@context\":\"https:\/\/schema.org\",\"@graph\":[{\"@type\":\"WebPage\",\"@id\":\"https:\/\/laprensacristiana.com\/?p=3182\",\"url\":\"https:\/\/laprensacristiana.com\/?p=3182\",\"name\":\"Universidad de Estados Unidos premia a evang\u00e9lico salvadore\u00f1o - La Prensa Cristiana\",\"isPartOf\":{\"@id\":\"https:\/\/laprensacristiana.com\/#website\"},\"datePublished\":\"2017-09-13T23:01:48+00:00\",\"dateModified\":\"2020-07-02T00:31:09+00:00\",\"author\":{\"@id\":\"https:\/\/laprensacristiana.com\/#\/schema\/person\/3e7d82c6bfd6b1fa67010f8f7cd5256e\"},\"breadcrumb\":{\"@id\":\"https:\/\/laprensacristiana.com\/?p=3182#breadcrumb\"},\"inLanguage\":\"es\",\"potentialAction\":[{\"@type\":\"ReadAction\",\"target\":[\"https:\/\/laprensacristiana.com\/?p=3182\"]}]},{\"@type\":\"BreadcrumbList\",\"@id\":\"https:\/\/laprensacristiana.com\/?p=3182#breadcrumb\",\"itemListElement\":[{\"@type\":\"ListItem\",\"position\":1,\"name\":\"Portada\",\"item\":\"https:\/\/laprensacristiana.com\/\"},{\"@type\":\"ListItem\",\"position\":2,\"name\":\"Universidad de Estados Unidos premia a evang\u00e9lico salvadore\u00f1o\"}]},{\"@type\":\"WebSite\",\"@id\":\"https:\/\/laprensacristiana.com\/#website\",\"url\":\"https:\/\/laprensacristiana.com\/\",\"name\":\"La Prensa Cristiana\",\"description\":\"Anunciando Las Buenas Nuevas\",\"potentialAction\":[{\"@type\":\"SearchAction\",\"target\":{\"@type\":\"EntryPoint\",\"urlTemplate\":\"https:\/\/laprensacristiana.com\/?s={search_term_string}\"},\"query-input\":\"required name=search_term_string\"}],\"inLanguage\":\"es\"},{\"@type\":\"Person\",\"@id\":\"https:\/\/laprensacristiana.com\/#\/schema\/person\/3e7d82c6bfd6b1fa67010f8f7cd5256e\",\"name\":\"EDITOR\",\"image\":{\"@type\":\"ImageObject\",\"inLanguage\":\"es\",\"@id\":\"https:\/\/laprensacristiana.com\/#\/schema\/person\/image\/\",\"url\":\"https:\/\/secure.gravatar.com\/avatar\/72069dfb6c13772d9e8381e3638666d2?s=96&d=mm&r=g\",\"contentUrl\":\"https:\/\/secure.gravatar.com\/avatar\/72069dfb6c13772d9e8381e3638666d2?s=96&d=mm&r=g\",\"caption\":\"EDITOR\"},\"url\":\"https:\/\/laprensacristiana.com\/?author=3\"}]}<\/script>\n<!-- \/ Yoast SEO plugin. -->","yoast_head_json":{"title":"Universidad de Estados Unidos premia a evang\u00e9lico salvadore\u00f1o - La Prensa Cristiana","robots":{"index":"index","follow":"follow","max-snippet":"max-snippet:-1","max-image-preview":"max-image-preview:large","max-video-preview":"max-video-preview:-1"},"canonical":"https:\/\/laprensacristiana.com\/?p=3182","og_locale":"es_ES","og_type":"article","og_title":"Universidad de Estados Unidos premia a evang\u00e9lico salvadore\u00f1o - La Prensa Cristiana","og_description":"Joel Carrillo, miembro de Misi\u00f3n Cristiana Elim fue premiado en la categoria \u201cL\u00edder Emergente\u201d\u00a0\u00a0por la universidad de Virginia International University\u00a0\u00a0y Washington Academy of Political Arts &amp; Sciences. Categor\u00eda que premia a j\u00f3venes menores de 30 a\u00f1os que en su formaci\u00f3n acad\u00e9mica y social han marcado significativamente la diferencia en sus comunidades. \u201cQuiero decirles que este [&hellip;]","og_url":"https:\/\/laprensacristiana.com\/?p=3182","og_site_name":"La Prensa Cristiana","article_published_time":"2017-09-13T23:01:48+00:00","article_modified_time":"2020-07-02T00:31:09+00:00","og_image":[{"width":2560,"height":2230,"url":"https:\/\/laprensacristiana.com\/wp-content\/uploads\/2017\/09\/IMG_20170901_221606_299-scaled.jpg","type":"image\/jpeg"}],"author":"EDITOR","twitter_card":"summary_large_image","twitter_misc":{"Escrito por":"EDITOR","Tiempo de lectura":"2 minutos"},"schema":{"@context":"https:\/\/schema.org","@graph":[{"@type":"WebPage","@id":"https:\/\/laprensacristiana.com\/?p=3182","url":"https:\/\/laprensacristiana.com\/?p=3182","name":"Universidad de Estados Unidos premia a evang\u00e9lico salvadore\u00f1o - La Prensa Cristiana","isPartOf":{"@id":"https:\/\/laprensacristiana.com\/#website"},"datePublished":"2017-09-13T23:01:48+00:00","dateModified":"2020-07-02T00:31:09+00:00","author":{"@id":"https:\/\/laprensacristiana.com\/#\/schema\/person\/3e7d82c6bfd6b1fa67010f8f7cd5256e"},"breadcrumb":{"@id":"https:\/\/laprensacristiana.com\/?p=3182#breadcrumb"},"inLanguage":"es","potentialAction":[{"@type":"ReadAction","target":["https:\/\/laprensacristiana.com\/?p=3182"]}]},{"@type":"BreadcrumbList","@id":"https:\/\/laprensacristiana.com\/?p=3182#breadcrumb","itemListElement":[{"@type":"ListItem","position":1,"name":"Portada","item":"https:\/\/laprensacristiana.com\/"},{"@type":"ListItem","position":2,"name":"Universidad de Estados Unidos premia a evang\u00e9lico salvadore\u00f1o"}]},{"@type":"WebSite","@id":"https:\/\/laprensacristiana.com\/#website","url":"https:\/\/laprensacristiana.com\/","name":"La Prensa Cristiana","description":"Anunciando Las Buenas Nuevas","potentialAction":[{"@type":"SearchAction","target":{"@type":"EntryPoint","urlTemplate":"https:\/\/laprensacristiana.com\/?s={search_term_string}"},"query-input":"required name=search_term_string"}],"inLanguage":"es"},{"@type":"Person","@id":"https:\/\/laprensacristiana.com\/#\/schema\/person\/3e7d82c6bfd6b1fa67010f8f7cd5256e","name":"EDITOR","image":{"@type":"ImageObject","inLanguage":"es","@id":"https:\/\/laprensacristiana.com\/#\/schema\/person\/image\/","url":"https:\/\/secure.gravatar.com\/avatar\/72069dfb6c13772d9e8381e3638666d2?s=96&d=mm&r=g","contentUrl":"https:\/\/secure.gravatar.com\/avatar\/72069dfb6c13772d9e8381e3638666d2?s=96&d=mm&r=g","caption":"EDITOR"},"url":"https:\/\/laprensacristiana.com\/?author=3"}]}},"_links":{"self":[{"href":"https:\/\/laprensacristiana.com\/index.php?rest_route=\/wp\/v2\/posts\/3182"}],"collection":[{"href":"https:\/\/laprensacristiana.com\/index.php?rest_route=\/wp\/v2\/posts"}],"about":[{"href":"https:\/\/laprensacristiana.com\/index.php?rest_route=\/wp\/v2\/types\/post"}],"author":[{"embeddable":true,"href":"https:\/\/laprensacristiana.com\/index.php?rest_route=\/wp\/v2\/users\/3"}],"replies":[{"embeddable":true,"href":"https:\/\/laprensacristiana.com\/index.php?rest_route=%2Fwp%2Fv2%2Fcomments&post=3182"}],"version-history":[{"count":1,"href":"https:\/\/laprensacristiana.com\/index.php?rest_route=\/wp\/v2\/posts\/3182\/revisions"}],"predecessor-version":[{"id":3185,"href":"https:\/\/laprensacristiana.com\/index.php?rest_route=\/wp\/v2\/posts\/3182\/revisions\/3185"}],"wp:featuredmedia":[{"embeddable":true,"href":"https:\/\/laprensacristiana.com\/index.php?rest_route=\/wp\/v2\/media\/3183"}],"wp:attachment":[{"href":"https:\/\/laprensacristiana.com\/index.php?rest_route=%2Fwp%2Fv2%2Fmedia&parent=3182"}],"wp:term":[{"taxonomy":"category","embeddable":true,"href":"https:\/\/laprensacristiana.com\/index.php?rest_route=%2Fwp%2Fv2%2Fcategories&post=3182"},{"taxonomy":"post_tag","embeddable":true,"href":"https:\/\/laprensacristiana.com\/index.php?rest_route=%2Fwp%2Fv2%2Ftags&post=3182"}],"curies":[{"name":"wp","href":"https:\/\/api.w.org\/{rel}","templated":true}]}}