{"id":3186,"date":"2017-09-14T04:49:14","date_gmt":"2017-09-14T04:49:14","guid":{"rendered":"https:\/\/laprensacristiana.com\/?p=3186"},"modified":"2020-07-02T00:30:56","modified_gmt":"2020-07-02T00:30:56","slug":"roca-eterna-celebrando-veinticinco-anos-de-ministerio-evangelistico","status":"publish","type":"post","link":"https:\/\/laprensacristiana.com\/?p=3186","title":{"rendered":"Roca Eterna, celebrando veinticinco a\u00f1os de ministerio evangel\u00edstico"},"content":{"rendered":"<p>La agrupaci\u00f3n musical, Roca Eterna tiene sus inicios en los a\u00f1os noventas, hasta el d\u00eda de hoy Dios ha sido bueno y les ha bendecido cada paso que han dado.<\/p>\n<p>Esta banda musical cristiana, nace dentro de una iglesia evang\u00e9lica del pa\u00eds, y relatan que el grupo de j\u00f3venes que inici\u00f3 el proyecto musical ya hab\u00edan tenido nombres art\u00edsticos, pero que nada formal. No fue hasta 1992, cuando en un congreso juvenil, se vieron en la necesidad de establecer un nombre formal a la banda, dicen tambi\u00e9n que, para elegir el nombre: Roca Eterna, pensaron en muchos m\u00e1s, pero que con ese se identificaron.\u00a0 A partir de esa fecha, fueron identificados as\u00ed, y a donde fueran a tocar iban a ser presentados con ese nombre.<\/p>\n<p>Ademir L\u00f3pez, uno de los integrantes pioneros de la banda, agrega que, cuando el lanzamiento de su primer disco fue un total reto, porque en aquellos a\u00f1os hab\u00eda mayor dificultad para lograrlo, por el tema econ\u00f3mico y otros aspectos, pero que ellos ten\u00edan la inquietud para que su m\u00fasica llegar\u00e1 a ser de mayor bendici\u00f3n para m\u00e1s personas. Y que la motivaci\u00f3n para este lanzamiento estaba en sus corazones, pero que un d\u00eda un pastor los escuch\u00f3 cantar y los motiv\u00f3 de manera especial, y en 1992 lanzaron el primer disco denominado: Solo para ti.<\/p>\n<p>Adem\u00e1s relatan, que la primera gira internacional est\u00e1 registrada en\u00a0 1997, y fue en Los \u00c1ngeles, California, y que este acontecimiento fue algo muy especial y de mucha bendici\u00f3n porque, a este ese momento como j\u00f3venes no dimensionaban la bondad de Dios para sus vidas.<\/p>\n<p>Uno de los acontecimientos que ha marcado historia en la trayectoria de estos veinticinco a\u00f1os, la traducci\u00f3n de la alabanza: A\u00fan es tiempo. Traducida a portugu\u00e9s, italiano y franc\u00e9s, esto les da la pauta a que m\u00e1s personas alrededor del mundo podr\u00e1n ser edificados con su m\u00fasica.<\/p>\n<p>V\u00edctor Hern\u00e1ndez, vocalista de la banda dijo que: \u00a8Lo m\u00e1s gratificante es saber que un canto, puede transformas vidas, he tenido la bendici\u00f3n de recibir testimonios impactantes, como el caso de una se\u00f1ora que es exsatanista, pero cuenta que un d\u00eda en su trabajo, buscando m\u00fasica, se top\u00f3 con una de nuestras alabanzas: Esc\u00fachame, y que luego de escucharla muchas veces ah\u00ed ella recibi\u00f3 al Se\u00f1or\u201d. Comenta que, Dios les ha permitido ser testigos de sus maravillas a trav\u00e9s de la m\u00fasica, incre\u00edbles experiencias.<\/p>\n<p>Entre testimonios y an\u00e9cdotas, los integrantes de Roca Eterna: Victor Hern\u00e1ndez, Ademir L\u00f3pez, Manuel Guzm\u00e1n, Patricia L\u00f3pez, Billy Escobar, Jonathan Cer\u00f3n, \u00a0Bryan Cer\u00f3n y Cristi\u00e1n Mart\u00ednez, comentaron que Dios ha sido bueno siempre, que ha sido un sue\u00f1o hecho realidad, el poder llevar las buenas nuevas convertidos en canticos que transforman vidas e impactan naciones.<\/p>\n<p>La discograf\u00eda es parte de la historia que se sigue escribiendo, que con esfuerzo y ayuda de Dios ha sido posible, a continuaci\u00f3n se presenta una l\u00ednea de tiempo, de su trayectoria musical de Roca Eterna:<\/p>\n<p>1992 \u2013 Solo para ti<\/p>\n<p>1994 \u2013 Necesito m\u00e1s de tu presencia<\/p>\n<p>1998 \u2013 Esc\u00fachame<\/p>\n<p>2001 \u2013 Me entrego<\/p>\n<p>2004 \u2013 Perfecto amor<\/p>\n<p>2008 \u2013 Basta creer<\/p>\n<p>2011 \u2013 Coraz\u00f3n de adorador<\/p>\n<p>2017 \u2013 Alfa y Omega<\/p>\n<p>Con respecto a su \u00faltimo disco: Alfa y Omega, fue lanzado oficialmente el 24 de julio del presente a\u00f1o. Cuenta la agrupaci\u00f3n, que para gloria de Dios, ya est\u00e1 en todas las radios cristianas de la capital, y que\u00a0 hasta la fecha se encuentra en la posici\u00f3n n\u00famero diez de las preferidas de la audiencia en una de las radios cristianas m\u00e1s conocidas nacionalmente. Tambi\u00e9n, que el nombre del sencillo es b\u00edblico, y que el prop\u00f3sito principal es hacer conciencia que solo hay un Dios, que si antes se adoraban a otros dioses, pero que el verdadero salvador es Jesucristo.<\/p>\n<p><img decoding=\"async\" loading=\"lazy\" class=\"wp-image-3187 aligncenter\" src=\"https:\/\/laprensacristiana.com\/wp-content\/uploads\/2017\/09\/Roca-Eterna.jpg\" alt=\"Roca Eterna\" width=\"414\" height=\"487\" \/><\/p>\n<p>Dicen tambi\u00e9n que tienen buenas expectativas de este nuevo disco, ya que la aceptaci\u00f3n de las personas ha sido muy buena y que con ayuda de Dios sea de mucha bendici\u00f3n para muchas vidas.<\/p>\n<p>Es as\u00ed como Roca Eterna, llega a sus veinticinco a\u00f1os de trayectoria, que con esfuerzo, dedicaci\u00f3n y esperanza de lo alto, para finalizar los integrantes del grupo comentaron que todo ha sido por la gracia de Dios, que su m\u00fasica es reconocida nacional e internacionalmente y han logrado llegar a lugar que nunca se imaginaron porque tienen de su lado al todopoderoso que es quien los respalda en todos sus proyectos y en sus vidas personales tambi\u00e9n.<\/p>\n","protected":false},"excerpt":{"rendered":"<p>La agrupaci\u00f3n musical, Roca Eterna tiene sus inicios en los a\u00f1os noventas, hasta el d\u00eda de hoy Dios ha sido bueno y les ha bendecido cada paso que han dado. Esta banda musical cristiana, nace dentro de una iglesia evang\u00e9lica del pa\u00eds, y relatan que el grupo de j\u00f3venes que inici\u00f3 el proyecto musical ya [&hellip;]<\/p>\n","protected":false},"author":3,"featured_media":3188,"comment_status":"open","ping_status":"open","sticky":false,"template":"","format":"standard","meta":[],"categories":[101],"tags":[],"yoast_head":"<!-- This site is optimized with the Yoast SEO plugin v20.8 - https:\/\/yoast.com\/wordpress\/plugins\/seo\/ -->\n<title>Roca Eterna, celebrando veinticinco a\u00f1os de ministerio evangel\u00edstico - La Prensa Cristiana<\/title>\n<meta name=\"robots\" content=\"index, follow, max-snippet:-1, max-image-preview:large, max-video-preview:-1\" \/>\n<link rel=\"canonical\" href=\"https:\/\/laprensacristiana.com\/?p=3186\" \/>\n<meta property=\"og:locale\" content=\"es_ES\" \/>\n<meta property=\"og:type\" content=\"article\" \/>\n<meta property=\"og:title\" content=\"Roca Eterna, celebrando veinticinco a\u00f1os de ministerio evangel\u00edstico - La Prensa Cristiana\" \/>\n<meta property=\"og:description\" content=\"La agrupaci\u00f3n musical, Roca Eterna tiene sus inicios en los a\u00f1os noventas, hasta el d\u00eda de hoy Dios ha sido bueno y les ha bendecido cada paso que han dado. Esta banda musical cristiana, nace dentro de una iglesia evang\u00e9lica del pa\u00eds, y relatan que el grupo de j\u00f3venes que inici\u00f3 el proyecto musical ya [&hellip;]\" \/>\n<meta property=\"og:url\" content=\"https:\/\/laprensacristiana.com\/?p=3186\" \/>\n<meta property=\"og:site_name\" content=\"La Prensa Cristiana\" \/>\n<meta property=\"article:published_time\" content=\"2017-09-14T04:49:14+00:00\" \/>\n<meta property=\"article:modified_time\" content=\"2020-07-02T00:30:56+00:00\" \/>\n<meta property=\"og:image\" content=\"https:\/\/laprensacristiana.com\/wp-content\/uploads\/2017\/09\/Roca-eterna-px.jpg\" \/>\n\t<meta property=\"og:image:width\" content=\"1400\" \/>\n\t<meta property=\"og:image:height\" content=\"1220\" \/>\n\t<meta property=\"og:image:type\" content=\"image\/jpeg\" \/>\n<meta name=\"author\" content=\"EDITOR\" \/>\n<meta name=\"twitter:card\" content=\"summary_large_image\" \/>\n<meta name=\"twitter:label1\" content=\"Escrito por\" \/>\n\t<meta name=\"twitter:data1\" content=\"EDITOR\" \/>\n\t<meta name=\"twitter:label2\" content=\"Tiempo de lectura\" \/>\n\t<meta name=\"twitter:data2\" content=\"4 minutos\" \/>\n<script type=\"application\/ld+json\" class=\"yoast-schema-graph\">{\"@context\":\"https:\/\/schema.org\",\"@graph\":[{\"@type\":\"WebPage\",\"@id\":\"https:\/\/laprensacristiana.com\/?p=3186\",\"url\":\"https:\/\/laprensacristiana.com\/?p=3186\",\"name\":\"Roca Eterna, celebrando veinticinco a\u00f1os de ministerio evangel\u00edstico - La Prensa Cristiana\",\"isPartOf\":{\"@id\":\"https:\/\/laprensacristiana.com\/#website\"},\"datePublished\":\"2017-09-14T04:49:14+00:00\",\"dateModified\":\"2020-07-02T00:30:56+00:00\",\"author\":{\"@id\":\"https:\/\/laprensacristiana.com\/#\/schema\/person\/3e7d82c6bfd6b1fa67010f8f7cd5256e\"},\"breadcrumb\":{\"@id\":\"https:\/\/laprensacristiana.com\/?p=3186#breadcrumb\"},\"inLanguage\":\"es\",\"potentialAction\":[{\"@type\":\"ReadAction\",\"target\":[\"https:\/\/laprensacristiana.com\/?p=3186\"]}]},{\"@type\":\"BreadcrumbList\",\"@id\":\"https:\/\/laprensacristiana.com\/?p=3186#breadcrumb\",\"itemListElement\":[{\"@type\":\"ListItem\",\"position\":1,\"name\":\"Portada\",\"item\":\"https:\/\/laprensacristiana.com\/\"},{\"@type\":\"ListItem\",\"position\":2,\"name\":\"Roca Eterna, celebrando veinticinco a\u00f1os de ministerio evangel\u00edstico\"}]},{\"@type\":\"WebSite\",\"@id\":\"https:\/\/laprensacristiana.com\/#website\",\"url\":\"https:\/\/laprensacristiana.com\/\",\"name\":\"La Prensa Cristiana\",\"description\":\"Anunciando Las Buenas Nuevas\",\"potentialAction\":[{\"@type\":\"SearchAction\",\"target\":{\"@type\":\"EntryPoint\",\"urlTemplate\":\"https:\/\/laprensacristiana.com\/?s={search_term_string}\"},\"query-input\":\"required name=search_term_string\"}],\"inLanguage\":\"es\"},{\"@type\":\"Person\",\"@id\":\"https:\/\/laprensacristiana.com\/#\/schema\/person\/3e7d82c6bfd6b1fa67010f8f7cd5256e\",\"name\":\"EDITOR\",\"image\":{\"@type\":\"ImageObject\",\"inLanguage\":\"es\",\"@id\":\"https:\/\/laprensacristiana.com\/#\/schema\/person\/image\/\",\"url\":\"https:\/\/secure.gravatar.com\/avatar\/72069dfb6c13772d9e8381e3638666d2?s=96&d=mm&r=g\",\"contentUrl\":\"https:\/\/secure.gravatar.com\/avatar\/72069dfb6c13772d9e8381e3638666d2?s=96&d=mm&r=g\",\"caption\":\"EDITOR\"},\"url\":\"https:\/\/laprensacristiana.com\/?author=3\"}]}<\/script>\n<!-- \/ Yoast SEO plugin. -->","yoast_head_json":{"title":"Roca Eterna, celebrando veinticinco a\u00f1os de ministerio evangel\u00edstico - La Prensa Cristiana","robots":{"index":"index","follow":"follow","max-snippet":"max-snippet:-1","max-image-preview":"max-image-preview:large","max-video-preview":"max-video-preview:-1"},"canonical":"https:\/\/laprensacristiana.com\/?p=3186","og_locale":"es_ES","og_type":"article","og_title":"Roca Eterna, celebrando veinticinco a\u00f1os de ministerio evangel\u00edstico - La Prensa Cristiana","og_description":"La agrupaci\u00f3n musical, Roca Eterna tiene sus inicios en los a\u00f1os noventas, hasta el d\u00eda de hoy Dios ha sido bueno y les ha bendecido cada paso que han dado. Esta banda musical cristiana, nace dentro de una iglesia evang\u00e9lica del pa\u00eds, y relatan que el grupo de j\u00f3venes que inici\u00f3 el proyecto musical ya [&hellip;]","og_url":"https:\/\/laprensacristiana.com\/?p=3186","og_site_name":"La Prensa Cristiana","article_published_time":"2017-09-14T04:49:14+00:00","article_modified_time":"2020-07-02T00:30:56+00:00","og_image":[{"width":1400,"height":1220,"url":"https:\/\/laprensacristiana.com\/wp-content\/uploads\/2017\/09\/Roca-eterna-px.jpg","type":"image\/jpeg"}],"author":"EDITOR","twitter_card":"summary_large_image","twitter_misc":{"Escrito por":"EDITOR","Tiempo de lectura":"4 minutos"},"schema":{"@context":"https:\/\/schema.org","@graph":[{"@type":"WebPage","@id":"https:\/\/laprensacristiana.com\/?p=3186","url":"https:\/\/laprensacristiana.com\/?p=3186","name":"Roca Eterna, celebrando veinticinco a\u00f1os de ministerio evangel\u00edstico - La Prensa Cristiana","isPartOf":{"@id":"https:\/\/laprensacristiana.com\/#website"},"datePublished":"2017-09-14T04:49:14+00:00","dateModified":"2020-07-02T00:30:56+00:00","author":{"@id":"https:\/\/laprensacristiana.com\/#\/schema\/person\/3e7d82c6bfd6b1fa67010f8f7cd5256e"},"breadcrumb":{"@id":"https:\/\/laprensacristiana.com\/?p=3186#breadcrumb"},"inLanguage":"es","potentialAction":[{"@type":"ReadAction","target":["https:\/\/laprensacristiana.com\/?p=3186"]}]},{"@type":"BreadcrumbList","@id":"https:\/\/laprensacristiana.com\/?p=3186#breadcrumb","itemListElement":[{"@type":"ListItem","position":1,"name":"Portada","item":"https:\/\/laprensacristiana.com\/"},{"@type":"ListItem","position":2,"name":"Roca Eterna, celebrando veinticinco a\u00f1os de ministerio evangel\u00edstico"}]},{"@type":"WebSite","@id":"https:\/\/laprensacristiana.com\/#website","url":"https:\/\/laprensacristiana.com\/","name":"La Prensa Cristiana","description":"Anunciando Las Buenas Nuevas","potentialAction":[{"@type":"SearchAction","target":{"@type":"EntryPoint","urlTemplate":"https:\/\/laprensacristiana.com\/?s={search_term_string}"},"query-input":"required name=search_term_string"}],"inLanguage":"es"},{"@type":"Person","@id":"https:\/\/laprensacristiana.com\/#\/schema\/person\/3e7d82c6bfd6b1fa67010f8f7cd5256e","name":"EDITOR","image":{"@type":"ImageObject","inLanguage":"es","@id":"https:\/\/laprensacristiana.com\/#\/schema\/person\/image\/","url":"https:\/\/secure.gravatar.com\/avatar\/72069dfb6c13772d9e8381e3638666d2?s=96&d=mm&r=g","contentUrl":"https:\/\/secure.gravatar.com\/avatar\/72069dfb6c13772d9e8381e3638666d2?s=96&d=mm&r=g","caption":"EDITOR"},"url":"https:\/\/laprensacristiana.com\/?author=3"}]}},"_links":{"self":[{"href":"https:\/\/laprensacristiana.com\/index.php?rest_route=\/wp\/v2\/posts\/3186"}],"collection":[{"href":"https:\/\/laprensacristiana.com\/index.php?rest_route=\/wp\/v2\/posts"}],"about":[{"href":"https:\/\/laprensacristiana.com\/index.php?rest_route=\/wp\/v2\/types\/post"}],"author":[{"embeddable":true,"href":"https:\/\/laprensacristiana.com\/index.php?rest_route=\/wp\/v2\/users\/3"}],"replies":[{"embeddable":true,"href":"https:\/\/laprensacristiana.com\/index.php?rest_route=%2Fwp%2Fv2%2Fcomments&post=3186"}],"version-history":[{"count":1,"href":"https:\/\/laprensacristiana.com\/index.php?rest_route=\/wp\/v2\/posts\/3186\/revisions"}],"predecessor-version":[{"id":3189,"href":"https:\/\/laprensacristiana.com\/index.php?rest_route=\/wp\/v2\/posts\/3186\/revisions\/3189"}],"wp:featuredmedia":[{"embeddable":true,"href":"https:\/\/laprensacristiana.com\/index.php?rest_route=\/wp\/v2\/media\/3188"}],"wp:attachment":[{"href":"https:\/\/laprensacristiana.com\/index.php?rest_route=%2Fwp%2Fv2%2Fmedia&parent=3186"}],"wp:term":[{"taxonomy":"category","embeddable":true,"href":"https:\/\/laprensacristiana.com\/index.php?rest_route=%2Fwp%2Fv2%2Fcategories&post=3186"},{"taxonomy":"post_tag","embeddable":true,"href":"https:\/\/laprensacristiana.com\/index.php?rest_route=%2Fwp%2Fv2%2Ftags&post=3186"}],"curies":[{"name":"wp","href":"https:\/\/api.w.org\/{rel}","templated":true}]}}