{"id":3190,"date":"2017-09-14T15:31:53","date_gmt":"2017-09-14T15:31:53","guid":{"rendered":"https:\/\/laprensacristiana.com\/?p=3190"},"modified":"2020-07-02T00:30:39","modified_gmt":"2020-07-02T00:30:39","slug":"miguel-angel-guerra-presenta-emotivo-sencillo-llegaste-a-mi-vida","status":"publish","type":"post","link":"https:\/\/laprensacristiana.com\/?p=3190","title":{"rendered":"Miguel \u00c1ngel Guerra presenta emotivo sencillo,  \u00abLlegaste a mi Vida\u00bb"},"content":{"rendered":"<p>Miami, Florida, EEUU \u2013 El cantautor de ra\u00edces hondure\u00f1as, Miguel \u00c1ngel Guerra, presenta una emocionante balada pop contempor\u00e1nea titulada \u00abLlegaste a mi Vida\u00bb.<\/p>\n<p>Miguel \u00c1ngel, que se caracteriza como compositor por sus letras conmovedoras y un sonido que mezcla la m\u00fasica contempor\u00e1nea con toques cl\u00e1sicos que transcienden generaciones. Llegaste a mi Vida es una canci\u00f3n con dos partes, cada una representando su vida en un antes y un despu\u00e9s de conocer al Se\u00f1or.<\/p>\n<p>\u00abLa primera expresa cu\u00e1n vac\u00eda era mi vida antes de comenzar una relaci\u00f3n personal con Dios, navegar por la vida sin rumbo y sin un prop\u00f3sito\u00bb, confiesa el cantante. \u00abLa segunda parte del tema habla de lo que es mi vida ahora desde el momento que acept\u00e9 a Jes\u00fas en mi<br \/>\ncoraz\u00f3n como mi \u00fanico y suficiente Salvador\u00bb.<\/p>\n<p>Guerra cuenta que esta decisi\u00f3n resulta por la enfermedad terminal de su hermano, Jos\u00e9, quien falleci\u00f3 de SIDA 4 a\u00f1os m\u00e1s tarde. El impacto de este evento caus\u00f3 que Guerra se aferrara m\u00e1s a la vida, d\u00e1ndose cuenta de su fragilidad y de cu\u00e1nto depende de Dios.<\/p>\n<p>Llegaste a mi Vida fue grabada principalmente en Paraguay, la grabaci\u00f3n de la bater\u00eda tomando lugar en Buenos Aires, Argentina. El tema fue producido por Jos\u00e9 Vel\u00e1squez y Bel\u00e9n L\u00f3pez Vargas, quien adem\u00e1s compuso el sencillo anterior de Guerra, Cuando Te V\u00ed.<\/p>\n<p>El tema es parte del disco De Las Cenizas Me Levantar\u00e1s, en el cual Miguel \u00c1ngel tuvo la oportunidad de colaborar tambi\u00e9n con el reconocido productor, compositor y arreglista, Phil Sillas.<\/p>\n<p>Desde el lanzamiento de esta producci\u00f3n en el 2016, Miguel \u00c1ngel ha continuado con fuerza en el 2017 promocionando su m\u00fasica en una gira en diversos pa\u00edses latinoamericanos, como Costa Rica, Argentina, Honduras, El Salvador, Guatemala, y M\u00e9xico. Tambi\u00e9n incluidas en esta gira se encuentran ciudades en los estados de California y Texas, adem\u00e1s de una serie de conciertos.<\/p>\n<p>Llegaste a mi Vida est\u00e1 disponible en plataformas digitales como iTunes, Amazon MP3, y Spotify, entre otras.<\/p>\n","protected":false},"excerpt":{"rendered":"<p>Miami, Florida, EEUU \u2013 El cantautor de ra\u00edces hondure\u00f1as, Miguel \u00c1ngel Guerra, presenta una emocionante balada pop contempor\u00e1nea titulada \u00abLlegaste a mi Vida\u00bb. Miguel \u00c1ngel, que se caracteriza como compositor por sus letras conmovedoras y un sonido que mezcla la m\u00fasica contempor\u00e1nea con toques cl\u00e1sicos que transcienden generaciones. Llegaste a mi Vida es una canci\u00f3n [&hellip;]<\/p>\n","protected":false},"author":3,"featured_media":3191,"comment_status":"open","ping_status":"open","sticky":false,"template":"","format":"standard","meta":[],"categories":[101],"tags":[],"yoast_head":"<!-- This site is optimized with the Yoast SEO plugin v20.8 - https:\/\/yoast.com\/wordpress\/plugins\/seo\/ -->\n<title>Miguel \u00c1ngel Guerra presenta emotivo sencillo, \u00abLlegaste a mi Vida\u00bb - La Prensa Cristiana<\/title>\n<meta name=\"robots\" content=\"index, follow, max-snippet:-1, max-image-preview:large, max-video-preview:-1\" \/>\n<link rel=\"canonical\" href=\"https:\/\/laprensacristiana.com\/?p=3190\" \/>\n<meta property=\"og:locale\" content=\"es_ES\" \/>\n<meta property=\"og:type\" content=\"article\" \/>\n<meta property=\"og:title\" content=\"Miguel \u00c1ngel Guerra presenta emotivo sencillo, \u00abLlegaste a mi Vida\u00bb - La Prensa Cristiana\" \/>\n<meta property=\"og:description\" content=\"Miami, Florida, EEUU \u2013 El cantautor de ra\u00edces hondure\u00f1as, Miguel \u00c1ngel Guerra, presenta una emocionante balada pop contempor\u00e1nea titulada \u00abLlegaste a mi Vida\u00bb. Miguel \u00c1ngel, que se caracteriza como compositor por sus letras conmovedoras y un sonido que mezcla la m\u00fasica contempor\u00e1nea con toques cl\u00e1sicos que transcienden generaciones. Llegaste a mi Vida es una canci\u00f3n [&hellip;]\" \/>\n<meta property=\"og:url\" content=\"https:\/\/laprensacristiana.com\/?p=3190\" \/>\n<meta property=\"og:site_name\" content=\"La Prensa Cristiana\" \/>\n<meta property=\"article:published_time\" content=\"2017-09-14T15:31:53+00:00\" \/>\n<meta property=\"article:modified_time\" content=\"2020-07-02T00:30:39+00:00\" \/>\n<meta property=\"og:image\" content=\"https:\/\/laprensacristiana.com\/wp-content\/uploads\/2017\/09\/WhatsApp-Image-2017-09-14-at-09.22.00.jpeg\" \/>\n\t<meta property=\"og:image:width\" content=\"1280\" \/>\n\t<meta property=\"og:image:height\" content=\"853\" \/>\n\t<meta property=\"og:image:type\" content=\"image\/jpeg\" \/>\n<meta name=\"author\" content=\"EDITOR\" \/>\n<meta name=\"twitter:card\" content=\"summary_large_image\" \/>\n<meta name=\"twitter:label1\" content=\"Escrito por\" \/>\n\t<meta name=\"twitter:data1\" content=\"EDITOR\" \/>\n\t<meta name=\"twitter:label2\" content=\"Tiempo de lectura\" \/>\n\t<meta name=\"twitter:data2\" content=\"2 minutos\" \/>\n<script type=\"application\/ld+json\" class=\"yoast-schema-graph\">{\"@context\":\"https:\/\/schema.org\",\"@graph\":[{\"@type\":\"WebPage\",\"@id\":\"https:\/\/laprensacristiana.com\/?p=3190\",\"url\":\"https:\/\/laprensacristiana.com\/?p=3190\",\"name\":\"Miguel \u00c1ngel Guerra presenta emotivo sencillo, \u00abLlegaste a mi Vida\u00bb - La Prensa Cristiana\",\"isPartOf\":{\"@id\":\"https:\/\/laprensacristiana.com\/#website\"},\"datePublished\":\"2017-09-14T15:31:53+00:00\",\"dateModified\":\"2020-07-02T00:30:39+00:00\",\"author\":{\"@id\":\"https:\/\/laprensacristiana.com\/#\/schema\/person\/3e7d82c6bfd6b1fa67010f8f7cd5256e\"},\"breadcrumb\":{\"@id\":\"https:\/\/laprensacristiana.com\/?p=3190#breadcrumb\"},\"inLanguage\":\"es\",\"potentialAction\":[{\"@type\":\"ReadAction\",\"target\":[\"https:\/\/laprensacristiana.com\/?p=3190\"]}]},{\"@type\":\"BreadcrumbList\",\"@id\":\"https:\/\/laprensacristiana.com\/?p=3190#breadcrumb\",\"itemListElement\":[{\"@type\":\"ListItem\",\"position\":1,\"name\":\"Portada\",\"item\":\"https:\/\/laprensacristiana.com\/\"},{\"@type\":\"ListItem\",\"position\":2,\"name\":\"Miguel \u00c1ngel Guerra presenta emotivo sencillo, \u00abLlegaste a mi Vida\u00bb\"}]},{\"@type\":\"WebSite\",\"@id\":\"https:\/\/laprensacristiana.com\/#website\",\"url\":\"https:\/\/laprensacristiana.com\/\",\"name\":\"La Prensa Cristiana\",\"description\":\"Anunciando Las Buenas Nuevas\",\"potentialAction\":[{\"@type\":\"SearchAction\",\"target\":{\"@type\":\"EntryPoint\",\"urlTemplate\":\"https:\/\/laprensacristiana.com\/?s={search_term_string}\"},\"query-input\":\"required name=search_term_string\"}],\"inLanguage\":\"es\"},{\"@type\":\"Person\",\"@id\":\"https:\/\/laprensacristiana.com\/#\/schema\/person\/3e7d82c6bfd6b1fa67010f8f7cd5256e\",\"name\":\"EDITOR\",\"image\":{\"@type\":\"ImageObject\",\"inLanguage\":\"es\",\"@id\":\"https:\/\/laprensacristiana.com\/#\/schema\/person\/image\/\",\"url\":\"https:\/\/secure.gravatar.com\/avatar\/72069dfb6c13772d9e8381e3638666d2?s=96&d=mm&r=g\",\"contentUrl\":\"https:\/\/secure.gravatar.com\/avatar\/72069dfb6c13772d9e8381e3638666d2?s=96&d=mm&r=g\",\"caption\":\"EDITOR\"},\"url\":\"https:\/\/laprensacristiana.com\/?author=3\"}]}<\/script>\n<!-- \/ Yoast SEO plugin. -->","yoast_head_json":{"title":"Miguel \u00c1ngel Guerra presenta emotivo sencillo, \u00abLlegaste a mi Vida\u00bb - La Prensa Cristiana","robots":{"index":"index","follow":"follow","max-snippet":"max-snippet:-1","max-image-preview":"max-image-preview:large","max-video-preview":"max-video-preview:-1"},"canonical":"https:\/\/laprensacristiana.com\/?p=3190","og_locale":"es_ES","og_type":"article","og_title":"Miguel \u00c1ngel Guerra presenta emotivo sencillo, \u00abLlegaste a mi Vida\u00bb - La Prensa Cristiana","og_description":"Miami, Florida, EEUU \u2013 El cantautor de ra\u00edces hondure\u00f1as, Miguel \u00c1ngel Guerra, presenta una emocionante balada pop contempor\u00e1nea titulada \u00abLlegaste a mi Vida\u00bb. Miguel \u00c1ngel, que se caracteriza como compositor por sus letras conmovedoras y un sonido que mezcla la m\u00fasica contempor\u00e1nea con toques cl\u00e1sicos que transcienden generaciones. Llegaste a mi Vida es una canci\u00f3n [&hellip;]","og_url":"https:\/\/laprensacristiana.com\/?p=3190","og_site_name":"La Prensa Cristiana","article_published_time":"2017-09-14T15:31:53+00:00","article_modified_time":"2020-07-02T00:30:39+00:00","og_image":[{"width":1280,"height":853,"url":"https:\/\/laprensacristiana.com\/wp-content\/uploads\/2017\/09\/WhatsApp-Image-2017-09-14-at-09.22.00.jpeg","type":"image\/jpeg"}],"author":"EDITOR","twitter_card":"summary_large_image","twitter_misc":{"Escrito por":"EDITOR","Tiempo de lectura":"2 minutos"},"schema":{"@context":"https:\/\/schema.org","@graph":[{"@type":"WebPage","@id":"https:\/\/laprensacristiana.com\/?p=3190","url":"https:\/\/laprensacristiana.com\/?p=3190","name":"Miguel \u00c1ngel Guerra presenta emotivo sencillo, \u00abLlegaste a mi Vida\u00bb - La Prensa Cristiana","isPartOf":{"@id":"https:\/\/laprensacristiana.com\/#website"},"datePublished":"2017-09-14T15:31:53+00:00","dateModified":"2020-07-02T00:30:39+00:00","author":{"@id":"https:\/\/laprensacristiana.com\/#\/schema\/person\/3e7d82c6bfd6b1fa67010f8f7cd5256e"},"breadcrumb":{"@id":"https:\/\/laprensacristiana.com\/?p=3190#breadcrumb"},"inLanguage":"es","potentialAction":[{"@type":"ReadAction","target":["https:\/\/laprensacristiana.com\/?p=3190"]}]},{"@type":"BreadcrumbList","@id":"https:\/\/laprensacristiana.com\/?p=3190#breadcrumb","itemListElement":[{"@type":"ListItem","position":1,"name":"Portada","item":"https:\/\/laprensacristiana.com\/"},{"@type":"ListItem","position":2,"name":"Miguel \u00c1ngel Guerra presenta emotivo sencillo, \u00abLlegaste a mi Vida\u00bb"}]},{"@type":"WebSite","@id":"https:\/\/laprensacristiana.com\/#website","url":"https:\/\/laprensacristiana.com\/","name":"La Prensa Cristiana","description":"Anunciando Las Buenas Nuevas","potentialAction":[{"@type":"SearchAction","target":{"@type":"EntryPoint","urlTemplate":"https:\/\/laprensacristiana.com\/?s={search_term_string}"},"query-input":"required name=search_term_string"}],"inLanguage":"es"},{"@type":"Person","@id":"https:\/\/laprensacristiana.com\/#\/schema\/person\/3e7d82c6bfd6b1fa67010f8f7cd5256e","name":"EDITOR","image":{"@type":"ImageObject","inLanguage":"es","@id":"https:\/\/laprensacristiana.com\/#\/schema\/person\/image\/","url":"https:\/\/secure.gravatar.com\/avatar\/72069dfb6c13772d9e8381e3638666d2?s=96&d=mm&r=g","contentUrl":"https:\/\/secure.gravatar.com\/avatar\/72069dfb6c13772d9e8381e3638666d2?s=96&d=mm&r=g","caption":"EDITOR"},"url":"https:\/\/laprensacristiana.com\/?author=3"}]}},"_links":{"self":[{"href":"https:\/\/laprensacristiana.com\/index.php?rest_route=\/wp\/v2\/posts\/3190"}],"collection":[{"href":"https:\/\/laprensacristiana.com\/index.php?rest_route=\/wp\/v2\/posts"}],"about":[{"href":"https:\/\/laprensacristiana.com\/index.php?rest_route=\/wp\/v2\/types\/post"}],"author":[{"embeddable":true,"href":"https:\/\/laprensacristiana.com\/index.php?rest_route=\/wp\/v2\/users\/3"}],"replies":[{"embeddable":true,"href":"https:\/\/laprensacristiana.com\/index.php?rest_route=%2Fwp%2Fv2%2Fcomments&post=3190"}],"version-history":[{"count":1,"href":"https:\/\/laprensacristiana.com\/index.php?rest_route=\/wp\/v2\/posts\/3190\/revisions"}],"predecessor-version":[{"id":3192,"href":"https:\/\/laprensacristiana.com\/index.php?rest_route=\/wp\/v2\/posts\/3190\/revisions\/3192"}],"wp:featuredmedia":[{"embeddable":true,"href":"https:\/\/laprensacristiana.com\/index.php?rest_route=\/wp\/v2\/media\/3191"}],"wp:attachment":[{"href":"https:\/\/laprensacristiana.com\/index.php?rest_route=%2Fwp%2Fv2%2Fmedia&parent=3190"}],"wp:term":[{"taxonomy":"category","embeddable":true,"href":"https:\/\/laprensacristiana.com\/index.php?rest_route=%2Fwp%2Fv2%2Fcategories&post=3190"},{"taxonomy":"post_tag","embeddable":true,"href":"https:\/\/laprensacristiana.com\/index.php?rest_route=%2Fwp%2Fv2%2Ftags&post=3190"}],"curies":[{"name":"wp","href":"https:\/\/api.w.org\/{rel}","templated":true}]}}