{"id":3196,"date":"2017-09-14T16:29:18","date_gmt":"2017-09-14T16:29:18","guid":{"rendered":"https:\/\/laprensacristiana.com\/?p=3196"},"modified":"2020-07-02T00:30:14","modified_gmt":"2020-07-02T00:30:14","slug":"idabelle-velez-presenta-mi-creador-adorando-al-arquitecto-del-universo","status":"publish","type":"post","link":"https:\/\/laprensacristiana.com\/?p=3196","title":{"rendered":"IDABELLE V\u00c9LEZ PRESENTA \u00abMI CREADOR\u00bb, ADORANDO AL ARQUITECTO DEL UNIVERSO"},"content":{"rendered":"<p>La cantautora de m\u00fasica cristiana,\u00a0<strong>Idabelle V\u00e9lez<\/strong>, nos presenta su nuevo sencillo y video letras\u00a0<strong>\u00abMi Creador\u00bb<\/strong>\u00a0Un tema de adoraci\u00f3n de la autor\u00eda del Pastor Ricky V\u00e9lez, producido por Pepe L\u00f3pez, director y voz principal de la popular banda de rock cristiano\u00a0<strong>PEPE L\u00d3PEZ BAND<\/strong>.<\/p>\n<p><strong>\u00abMi Creador\u00bb,<\/strong>\u00a0una balada con influencias fuertes de pop rock en la cual escuchamos a Idabelle V\u00e9lez como nunca antes.\u00a0Esta canci\u00f3n destaca la madurez musical adquirida por la artista puertorrique\u00f1a y presenta una nueva etapa en su carrera.<\/p>\n<p>&nbsp;<\/p>\n<p>&nbsp;<\/p>\n<p><strong>\u00abMi Creador\u00bb<\/strong>\u00a0est\u00e1 basado en el libro de G\u00e9nesis y en la belleza de la majestuosa narraci\u00f3n de la creaci\u00f3n de Dios. El pastor Ricky V\u00e9lez, esposo de la cantautora Idabelle Velez, se inspir\u00f3 para este tema fascinado por los detalles po\u00e9ticos, el mover del Esp\u00edritu Santo desde el principio de la creaci\u00f3n, la dulzura y capacidad creativa de la voz de Dios y la admiraci\u00f3n plena que los ojos de Dios demuestran sobre la bondad de todo lo que El mismo ha creado.<\/p>\n<p><em>\u00a0\u201cCuando mi hija me cant\u00f3 la canci\u00f3n que el Esp\u00edritu Santo le hab\u00eda inspirado a mi esposo, Sab\u00eda que quer\u00eda cantarla y que la gente se va a conectar con Dios a trav\u00e9s de esta canci\u00f3n por la dulce adoraci\u00f3n que provoc\u00f3 en mi interior y la enorme belleza po\u00e9tica de su letra.\u201d<\/em>\u00a0\u2013\u00a0<strong>Idabelle V\u00e9lez<\/strong><\/p>\n<p>El mayor deseo de Idabelle con este hermoso tema es que la gente pueda reconocer a Dios como el excelente Arquitecto del universo y el Creador de la vida. Que esta poes\u00eda hecha canci\u00f3n los invite a todos a adorar profundamente a nuestro Dios por regalarnos todos los d\u00edas la hermosa creaci\u00f3n de una nueva esperanza y un nuevo d\u00eda para nuestras vidas.<\/p>\n<p><strong>Idabelle V\u00e9lez<\/strong> se prepara para continuar la gira del 2017 en varios pa\u00edses principalmente en Europa, Colombia, Puerto Rico, entre otros.<\/p>\n<p><strong>\u00a0<\/strong><\/p>\n<p><strong>Recuerda Suscribirte al Canal de Idabelle V\u00e9lez en YouTube<\/strong><\/p>\n<p><strong>\u00a0<\/strong><a href=\"http:\/\/www.youtube.com\/IdabelleVelezMusic\">http:\/\/www.youtube.com\/IdabelleVelezMusic<\/a><\/p>\n<p><strong>Sigue a Idabelle V\u00e9lez en las Redes Sociales<\/strong><\/p>\n<p>Facebook: <a href=\"http:\/\/www.facebook.com\/IdabelleVelez\">http:\/\/www.facebook.com\/IdabelleVelez<\/a><\/p>\n<p>Instagram: <a href=\"http:\/\/www.instagram.com\/idabellevelez\">http:\/\/www.instagram.com\/idabellevelez<\/a><\/p>\n<p>Twitter: <a href=\"http:\/\/twitter.com\/idabellevelez\">http:\/\/twitter.com\/idabellevelez<\/a><\/p>\n<p>Webpage: <a href=\"http:\/\/www.idabellevelez.com\/\">www.IdabelleVelez.com<\/a><\/p>\n","protected":false},"excerpt":{"rendered":"<p>La cantautora de m\u00fasica cristiana,\u00a0Idabelle V\u00e9lez, nos presenta su nuevo sencillo y video letras\u00a0\u00abMi Creador\u00bb\u00a0Un tema de adoraci\u00f3n de la autor\u00eda del Pastor Ricky V\u00e9lez, producido por Pepe L\u00f3pez, director y voz principal de la popular banda de rock cristiano\u00a0PEPE L\u00d3PEZ BAND. \u00abMi Creador\u00bb,\u00a0una balada con influencias fuertes de pop rock en la cual escuchamos [&hellip;]<\/p>\n","protected":false},"author":3,"featured_media":3197,"comment_status":"open","ping_status":"open","sticky":false,"template":"","format":"standard","meta":[],"categories":[101],"tags":[],"yoast_head":"<!-- This site is optimized with the Yoast SEO plugin v20.8 - https:\/\/yoast.com\/wordpress\/plugins\/seo\/ -->\n<title>IDABELLE V\u00c9LEZ PRESENTA \u00abMI CREADOR\u00bb, ADORANDO AL ARQUITECTO DEL UNIVERSO - La Prensa Cristiana<\/title>\n<meta name=\"robots\" content=\"index, follow, max-snippet:-1, max-image-preview:large, max-video-preview:-1\" \/>\n<link rel=\"canonical\" href=\"https:\/\/laprensacristiana.com\/?p=3196\" \/>\n<meta property=\"og:locale\" content=\"es_ES\" \/>\n<meta property=\"og:type\" content=\"article\" \/>\n<meta property=\"og:title\" content=\"IDABELLE V\u00c9LEZ PRESENTA \u00abMI CREADOR\u00bb, ADORANDO AL ARQUITECTO DEL UNIVERSO - La Prensa Cristiana\" \/>\n<meta property=\"og:description\" content=\"La cantautora de m\u00fasica cristiana,\u00a0Idabelle V\u00e9lez, nos presenta su nuevo sencillo y video letras\u00a0\u00abMi Creador\u00bb\u00a0Un tema de adoraci\u00f3n de la autor\u00eda del Pastor Ricky V\u00e9lez, producido por Pepe L\u00f3pez, director y voz principal de la popular banda de rock cristiano\u00a0PEPE L\u00d3PEZ BAND. \u00abMi Creador\u00bb,\u00a0una balada con influencias fuertes de pop rock en la cual escuchamos [&hellip;]\" \/>\n<meta property=\"og:url\" content=\"https:\/\/laprensacristiana.com\/?p=3196\" \/>\n<meta property=\"og:site_name\" content=\"La Prensa Cristiana\" \/>\n<meta property=\"article:published_time\" content=\"2017-09-14T16:29:18+00:00\" \/>\n<meta property=\"article:modified_time\" content=\"2020-07-02T00:30:14+00:00\" \/>\n<meta property=\"og:image\" content=\"https:\/\/laprensacristiana.com\/wp-content\/uploads\/2017\/09\/Mi-Creador-VideoLyrics-3.jpg\" \/>\n\t<meta property=\"og:image:width\" content=\"1280\" \/>\n\t<meta property=\"og:image:height\" content=\"760\" \/>\n\t<meta property=\"og:image:type\" content=\"image\/jpeg\" \/>\n<meta name=\"author\" content=\"EDITOR\" \/>\n<meta name=\"twitter:card\" content=\"summary_large_image\" \/>\n<meta name=\"twitter:label1\" content=\"Escrito por\" \/>\n\t<meta name=\"twitter:data1\" content=\"EDITOR\" \/>\n\t<meta name=\"twitter:label2\" content=\"Tiempo de lectura\" \/>\n\t<meta name=\"twitter:data2\" content=\"2 minutos\" \/>\n<script type=\"application\/ld+json\" class=\"yoast-schema-graph\">{\"@context\":\"https:\/\/schema.org\",\"@graph\":[{\"@type\":\"WebPage\",\"@id\":\"https:\/\/laprensacristiana.com\/?p=3196\",\"url\":\"https:\/\/laprensacristiana.com\/?p=3196\",\"name\":\"IDABELLE V\u00c9LEZ PRESENTA \u00abMI CREADOR\u00bb, ADORANDO AL ARQUITECTO DEL UNIVERSO - La Prensa Cristiana\",\"isPartOf\":{\"@id\":\"https:\/\/laprensacristiana.com\/#website\"},\"datePublished\":\"2017-09-14T16:29:18+00:00\",\"dateModified\":\"2020-07-02T00:30:14+00:00\",\"author\":{\"@id\":\"https:\/\/laprensacristiana.com\/#\/schema\/person\/3e7d82c6bfd6b1fa67010f8f7cd5256e\"},\"breadcrumb\":{\"@id\":\"https:\/\/laprensacristiana.com\/?p=3196#breadcrumb\"},\"inLanguage\":\"es\",\"potentialAction\":[{\"@type\":\"ReadAction\",\"target\":[\"https:\/\/laprensacristiana.com\/?p=3196\"]}]},{\"@type\":\"BreadcrumbList\",\"@id\":\"https:\/\/laprensacristiana.com\/?p=3196#breadcrumb\",\"itemListElement\":[{\"@type\":\"ListItem\",\"position\":1,\"name\":\"Portada\",\"item\":\"https:\/\/laprensacristiana.com\/\"},{\"@type\":\"ListItem\",\"position\":2,\"name\":\"IDABELLE V\u00c9LEZ PRESENTA \u00abMI CREADOR\u00bb, ADORANDO AL ARQUITECTO DEL UNIVERSO\"}]},{\"@type\":\"WebSite\",\"@id\":\"https:\/\/laprensacristiana.com\/#website\",\"url\":\"https:\/\/laprensacristiana.com\/\",\"name\":\"La Prensa Cristiana\",\"description\":\"Anunciando Las Buenas Nuevas\",\"potentialAction\":[{\"@type\":\"SearchAction\",\"target\":{\"@type\":\"EntryPoint\",\"urlTemplate\":\"https:\/\/laprensacristiana.com\/?s={search_term_string}\"},\"query-input\":\"required name=search_term_string\"}],\"inLanguage\":\"es\"},{\"@type\":\"Person\",\"@id\":\"https:\/\/laprensacristiana.com\/#\/schema\/person\/3e7d82c6bfd6b1fa67010f8f7cd5256e\",\"name\":\"EDITOR\",\"image\":{\"@type\":\"ImageObject\",\"inLanguage\":\"es\",\"@id\":\"https:\/\/laprensacristiana.com\/#\/schema\/person\/image\/\",\"url\":\"https:\/\/secure.gravatar.com\/avatar\/72069dfb6c13772d9e8381e3638666d2?s=96&d=mm&r=g\",\"contentUrl\":\"https:\/\/secure.gravatar.com\/avatar\/72069dfb6c13772d9e8381e3638666d2?s=96&d=mm&r=g\",\"caption\":\"EDITOR\"},\"url\":\"https:\/\/laprensacristiana.com\/?author=3\"}]}<\/script>\n<!-- \/ Yoast SEO plugin. -->","yoast_head_json":{"title":"IDABELLE V\u00c9LEZ PRESENTA \u00abMI CREADOR\u00bb, ADORANDO AL ARQUITECTO DEL UNIVERSO - La Prensa Cristiana","robots":{"index":"index","follow":"follow","max-snippet":"max-snippet:-1","max-image-preview":"max-image-preview:large","max-video-preview":"max-video-preview:-1"},"canonical":"https:\/\/laprensacristiana.com\/?p=3196","og_locale":"es_ES","og_type":"article","og_title":"IDABELLE V\u00c9LEZ PRESENTA \u00abMI CREADOR\u00bb, ADORANDO AL ARQUITECTO DEL UNIVERSO - La Prensa Cristiana","og_description":"La cantautora de m\u00fasica cristiana,\u00a0Idabelle V\u00e9lez, nos presenta su nuevo sencillo y video letras\u00a0\u00abMi Creador\u00bb\u00a0Un tema de adoraci\u00f3n de la autor\u00eda del Pastor Ricky V\u00e9lez, producido por Pepe L\u00f3pez, director y voz principal de la popular banda de rock cristiano\u00a0PEPE L\u00d3PEZ BAND. \u00abMi Creador\u00bb,\u00a0una balada con influencias fuertes de pop rock en la cual escuchamos [&hellip;]","og_url":"https:\/\/laprensacristiana.com\/?p=3196","og_site_name":"La Prensa Cristiana","article_published_time":"2017-09-14T16:29:18+00:00","article_modified_time":"2020-07-02T00:30:14+00:00","og_image":[{"width":1280,"height":760,"url":"https:\/\/laprensacristiana.com\/wp-content\/uploads\/2017\/09\/Mi-Creador-VideoLyrics-3.jpg","type":"image\/jpeg"}],"author":"EDITOR","twitter_card":"summary_large_image","twitter_misc":{"Escrito por":"EDITOR","Tiempo de lectura":"2 minutos"},"schema":{"@context":"https:\/\/schema.org","@graph":[{"@type":"WebPage","@id":"https:\/\/laprensacristiana.com\/?p=3196","url":"https:\/\/laprensacristiana.com\/?p=3196","name":"IDABELLE V\u00c9LEZ PRESENTA \u00abMI CREADOR\u00bb, ADORANDO AL ARQUITECTO DEL UNIVERSO - La Prensa Cristiana","isPartOf":{"@id":"https:\/\/laprensacristiana.com\/#website"},"datePublished":"2017-09-14T16:29:18+00:00","dateModified":"2020-07-02T00:30:14+00:00","author":{"@id":"https:\/\/laprensacristiana.com\/#\/schema\/person\/3e7d82c6bfd6b1fa67010f8f7cd5256e"},"breadcrumb":{"@id":"https:\/\/laprensacristiana.com\/?p=3196#breadcrumb"},"inLanguage":"es","potentialAction":[{"@type":"ReadAction","target":["https:\/\/laprensacristiana.com\/?p=3196"]}]},{"@type":"BreadcrumbList","@id":"https:\/\/laprensacristiana.com\/?p=3196#breadcrumb","itemListElement":[{"@type":"ListItem","position":1,"name":"Portada","item":"https:\/\/laprensacristiana.com\/"},{"@type":"ListItem","position":2,"name":"IDABELLE V\u00c9LEZ PRESENTA \u00abMI CREADOR\u00bb, ADORANDO AL ARQUITECTO DEL UNIVERSO"}]},{"@type":"WebSite","@id":"https:\/\/laprensacristiana.com\/#website","url":"https:\/\/laprensacristiana.com\/","name":"La Prensa Cristiana","description":"Anunciando Las Buenas Nuevas","potentialAction":[{"@type":"SearchAction","target":{"@type":"EntryPoint","urlTemplate":"https:\/\/laprensacristiana.com\/?s={search_term_string}"},"query-input":"required name=search_term_string"}],"inLanguage":"es"},{"@type":"Person","@id":"https:\/\/laprensacristiana.com\/#\/schema\/person\/3e7d82c6bfd6b1fa67010f8f7cd5256e","name":"EDITOR","image":{"@type":"ImageObject","inLanguage":"es","@id":"https:\/\/laprensacristiana.com\/#\/schema\/person\/image\/","url":"https:\/\/secure.gravatar.com\/avatar\/72069dfb6c13772d9e8381e3638666d2?s=96&d=mm&r=g","contentUrl":"https:\/\/secure.gravatar.com\/avatar\/72069dfb6c13772d9e8381e3638666d2?s=96&d=mm&r=g","caption":"EDITOR"},"url":"https:\/\/laprensacristiana.com\/?author=3"}]}},"_links":{"self":[{"href":"https:\/\/laprensacristiana.com\/index.php?rest_route=\/wp\/v2\/posts\/3196"}],"collection":[{"href":"https:\/\/laprensacristiana.com\/index.php?rest_route=\/wp\/v2\/posts"}],"about":[{"href":"https:\/\/laprensacristiana.com\/index.php?rest_route=\/wp\/v2\/types\/post"}],"author":[{"embeddable":true,"href":"https:\/\/laprensacristiana.com\/index.php?rest_route=\/wp\/v2\/users\/3"}],"replies":[{"embeddable":true,"href":"https:\/\/laprensacristiana.com\/index.php?rest_route=%2Fwp%2Fv2%2Fcomments&post=3196"}],"version-history":[{"count":1,"href":"https:\/\/laprensacristiana.com\/index.php?rest_route=\/wp\/v2\/posts\/3196\/revisions"}],"predecessor-version":[{"id":3198,"href":"https:\/\/laprensacristiana.com\/index.php?rest_route=\/wp\/v2\/posts\/3196\/revisions\/3198"}],"wp:featuredmedia":[{"embeddable":true,"href":"https:\/\/laprensacristiana.com\/index.php?rest_route=\/wp\/v2\/media\/3197"}],"wp:attachment":[{"href":"https:\/\/laprensacristiana.com\/index.php?rest_route=%2Fwp%2Fv2%2Fmedia&parent=3196"}],"wp:term":[{"taxonomy":"category","embeddable":true,"href":"https:\/\/laprensacristiana.com\/index.php?rest_route=%2Fwp%2Fv2%2Fcategories&post=3196"},{"taxonomy":"post_tag","embeddable":true,"href":"https:\/\/laprensacristiana.com\/index.php?rest_route=%2Fwp%2Fv2%2Ftags&post=3196"}],"curies":[{"name":"wp","href":"https:\/\/api.w.org\/{rel}","templated":true}]}}