{"id":3199,"date":"2017-09-14T16:36:31","date_gmt":"2017-09-14T16:36:31","guid":{"rendered":"https:\/\/laprensacristiana.com\/?p=3199"},"modified":"2020-07-02T00:29:58","modified_gmt":"2020-07-02T00:29:58","slug":"celeste-nova-presenta-su-nuevo-single-es-mi-anhelo","status":"publish","type":"post","link":"https:\/\/laprensacristiana.com\/?p=3199","title":{"rendered":"Celeste Nova presenta su nuevo single \u201cEs mi Anhelo\u201d"},"content":{"rendered":"<p>(Guatemala, \u00a0septiembre de 2017)<\/p>\n<p>La int\u00e9rprete Celeste Nova nos presenta su m\u00e1s reciente sencillo &lt;&lt;Es Mi Anhelo&gt;&gt; Una canci\u00f3n con un arreglo contempor\u00e1neo y fresco con tintes de balada un tanto electr\u00f3nica que expresa un car\u00e1cter intenso con un profundo deseo de poder estar cerca del Se\u00f1or y adorarle. El lenguaje en palabras es claro y sencillo pero proveniente de un coraz\u00f3n sincero y totalmente apasionado por la presencia de Dios.<\/p>\n<p>Esta canci\u00f3n fue escrita por \u00a0Daniel Gonz\u00e1lez quien comenta:<\/p>\n<p>\u201cFue una canci\u00f3n que literalmente el cielo me cant\u00f3, es como si el eco de mi coraz\u00f3n reflejara las palabras que escuch\u00e9 del Se\u00f1or al momento de poner cada una de esas letras y de esas melod\u00edas.\u201d<\/p>\n<p>El productor musical y arreglista del este sencillo Walter Monterroso coment\u00f3:\u00a0 \u201cSiempre me ha parecido que Celeste tiene una voz vers\u00e1til, \u00fanica, virtuosa y que transmite mucha emoci\u00f3n. Cuando escuch\u00e9 la canci\u00f3n original me pareci\u00f3 que se iba a lograr algo creativamente muy bueno y estoy muy contento con el resultado final; creo que es una canci\u00f3n que transmite mucho y que conecta muy f\u00e1cil con Dios. La letra est\u00e1 muy buena y el sonido de la canci\u00f3n utilizando estos sonidos y texturas, este tipo de bater\u00eda muy en\u00e9rgica en los coros, guitarras con mucho ambiente y sintetizadores nos permiti\u00f3 lograr algo con un sonido muy fresco y muy \u00fanico.\u201d<\/p>\n<p>Celeste Nova es l\u00edder de alabanza y ha ministrado en Centroam\u00e9rica, Suram\u00e9rica, Norteam\u00e9rica y Europa. Ha cantado junto a otros m\u00fasicos como Marcela Gandara, Gadiel Espinoza, Heriberto Hermosillo, Ingrid Rosario, Ricardo Rodr\u00edguez, Christine D\u2019clario, Israel Houghton, Pa\u00fal Wilburg y la Orquesta Cl\u00e1sica de Oklahoma dirigida por Don Gilmore, entre otros. Su principal enfoque es hacer m\u00fasica congregacional contempor\u00e1nea que pueda guiar a las personas a momentos de encuentro con el Se\u00f1or. Sus canciones van con un enfoque intenso y en\u00e9rgico hasta canciones que propician un ambiente de reposo e intimidad como \u201ces mi anhelo\u201d<\/p>\n<p>\u201cSomos seres espirituales y cuando nos conectamos en adoraci\u00f3n a Dios regresamos a nuestro verdadero origen y es ah\u00ed donde el Padre puede empezar a operar en nuestra vida\u201d expresa Celeste.<\/p>\n<p>La promoci\u00f3n de este sencillo arranca en la ciudad de Guatemala, seguido por la ciudad de Nashville\u00a0 Tennessee, USA y su publicaci\u00f3n vendr\u00e1 acompa\u00f1ada con el lanzamiento de un video que expresa mucha pasi\u00f3n, fuerza, quietud, deleite video dirigido por Jos\u00e9 Alberto Rivera bajo la producci\u00f3n de Relevant Films.<\/p>\n<div><span style=\"font-family: Candara, sans-serif;\">Facebook: \u00a0<a href=\"https:\/\/www.facebook.com\/CelesteNovaMinistries\" target=\"_blank\" data-saferedirecturl=\"https:\/\/www.google.com\/url?hl=es&amp;q=https:\/\/www.facebook.com\/CelesteNovaMinistries&amp;source=gmail&amp;ust=1505487015128000&amp;usg=AFQjCNGu_n3CKqRcCr6IryWqSL9zAMTlDw\" rel=\"noopener noreferrer\">https:\/\/www.facebook.com\/<wbr \/>CelesteNovaMinistries<\/a><\/span><\/div>\n<div><span style=\"font-family: Candara, sans-serif;\">\u00a0<\/span><\/div>\n<div><span style=\"font-family: Candara, sans-serif;\">Twitter:\u00a0<a href=\"https:\/\/twitter.com\/celestenova\" target=\"_blank\" data-saferedirecturl=\"https:\/\/www.google.com\/url?hl=es&amp;q=https:\/\/twitter.com\/celestenova&amp;source=gmail&amp;ust=1505487015128000&amp;usg=AFQjCNE2Dr2V6011wmKOgI1S3vkONuMZBg\" rel=\"noopener noreferrer\">https:\/\/twitter.com\/<wbr \/>celestenova<\/a><\/span><\/div>\n<div><span style=\"font-family: Candara, sans-serif;\">\u00a0<\/span><\/div>\n<div><span style=\"font-family: Candara, sans-serif;\">Instagram:\u00a0<a href=\"https:\/\/www.instagram.com\/celestenova\/\" target=\"_blank\" data-saferedirecturl=\"https:\/\/www.google.com\/url?hl=es&amp;q=https:\/\/www.instagram.com\/celestenova\/&amp;source=gmail&amp;ust=1505487015128000&amp;usg=AFQjCNGt6O4rITsa5F7d84WKvKcrxb2tJQ\" rel=\"noopener noreferrer\">https:\/\/www.<wbr \/>instagram.com\/celestenova\/<\/a><\/span><\/div>\n<div><span style=\"font-family: Candara, sans-serif;\">\u00a0<\/span><\/div>\n<div><span style=\"font-family: Candara, sans-serif;\">V\u00eddeo\u00a0Oficial:\u00a0<a href=\"https:\/\/www.youtube.com\/watch?v=gKZOTLphEEw&amp;t=2s\" target=\"_blank\" data-saferedirecturl=\"https:\/\/www.google.com\/url?hl=es&amp;q=https:\/\/www.youtube.com\/watch?v%3DgKZOTLphEEw%26t%3D2s&amp;source=gmail&amp;ust=1505487015128000&amp;usg=AFQjCNG-vYgI2Pok2G07b5_aUOrQ57GK3A\" rel=\"noopener noreferrer\">https:\/\/www.<wbr \/>youtube.com\/watch?v=<wbr \/>gKZOTLphEEw&amp;t=2s<\/a><\/span><\/div>\n","protected":false},"excerpt":{"rendered":"<p>(Guatemala, \u00a0septiembre de 2017) La int\u00e9rprete Celeste Nova nos presenta su m\u00e1s reciente sencillo &lt;&lt;Es Mi Anhelo&gt;&gt; Una canci\u00f3n con un arreglo contempor\u00e1neo y fresco con tintes de balada un tanto electr\u00f3nica que expresa un car\u00e1cter intenso con un profundo deseo de poder estar cerca del Se\u00f1or y adorarle. El lenguaje en palabras es claro [&hellip;]<\/p>\n","protected":false},"author":3,"featured_media":3200,"comment_status":"open","ping_status":"open","sticky":false,"template":"","format":"standard","meta":[],"categories":[101],"tags":[],"yoast_head":"<!-- This site is optimized with the Yoast SEO plugin v20.8 - https:\/\/yoast.com\/wordpress\/plugins\/seo\/ -->\n<title>Celeste Nova presenta su nuevo single \u201cEs mi Anhelo\u201d - La Prensa Cristiana<\/title>\n<meta name=\"robots\" content=\"index, follow, max-snippet:-1, max-image-preview:large, max-video-preview:-1\" \/>\n<link rel=\"canonical\" href=\"https:\/\/laprensacristiana.com\/?p=3199\" \/>\n<meta property=\"og:locale\" content=\"es_ES\" \/>\n<meta property=\"og:type\" content=\"article\" \/>\n<meta property=\"og:title\" content=\"Celeste Nova presenta su nuevo single \u201cEs mi Anhelo\u201d - La Prensa Cristiana\" \/>\n<meta property=\"og:description\" content=\"(Guatemala, \u00a0septiembre de 2017) La int\u00e9rprete Celeste Nova nos presenta su m\u00e1s reciente sencillo &lt;&lt;Es Mi Anhelo&gt;&gt; Una canci\u00f3n con un arreglo contempor\u00e1neo y fresco con tintes de balada un tanto electr\u00f3nica que expresa un car\u00e1cter intenso con un profundo deseo de poder estar cerca del Se\u00f1or y adorarle. El lenguaje en palabras es claro [&hellip;]\" \/>\n<meta property=\"og:url\" content=\"https:\/\/laprensacristiana.com\/?p=3199\" \/>\n<meta property=\"og:site_name\" content=\"La Prensa Cristiana\" \/>\n<meta property=\"article:published_time\" content=\"2017-09-14T16:36:31+00:00\" \/>\n<meta property=\"article:modified_time\" content=\"2020-07-02T00:29:58+00:00\" \/>\n<meta property=\"og:image\" content=\"https:\/\/laprensacristiana.com\/wp-content\/uploads\/2017\/09\/Nota-de-Prensa-NV-1.jpg\" \/>\n\t<meta property=\"og:image:width\" content=\"2550\" \/>\n\t<meta property=\"og:image:height\" content=\"2112\" \/>\n\t<meta property=\"og:image:type\" content=\"image\/jpeg\" \/>\n<meta name=\"author\" content=\"EDITOR\" \/>\n<meta name=\"twitter:card\" content=\"summary_large_image\" \/>\n<meta name=\"twitter:label1\" content=\"Escrito por\" \/>\n\t<meta name=\"twitter:data1\" content=\"EDITOR\" \/>\n\t<meta name=\"twitter:label2\" content=\"Tiempo de lectura\" \/>\n\t<meta name=\"twitter:data2\" content=\"2 minutos\" \/>\n<script type=\"application\/ld+json\" class=\"yoast-schema-graph\">{\"@context\":\"https:\/\/schema.org\",\"@graph\":[{\"@type\":\"WebPage\",\"@id\":\"https:\/\/laprensacristiana.com\/?p=3199\",\"url\":\"https:\/\/laprensacristiana.com\/?p=3199\",\"name\":\"Celeste Nova presenta su nuevo single \u201cEs mi Anhelo\u201d - La Prensa Cristiana\",\"isPartOf\":{\"@id\":\"https:\/\/laprensacristiana.com\/#website\"},\"datePublished\":\"2017-09-14T16:36:31+00:00\",\"dateModified\":\"2020-07-02T00:29:58+00:00\",\"author\":{\"@id\":\"https:\/\/laprensacristiana.com\/#\/schema\/person\/3e7d82c6bfd6b1fa67010f8f7cd5256e\"},\"breadcrumb\":{\"@id\":\"https:\/\/laprensacristiana.com\/?p=3199#breadcrumb\"},\"inLanguage\":\"es\",\"potentialAction\":[{\"@type\":\"ReadAction\",\"target\":[\"https:\/\/laprensacristiana.com\/?p=3199\"]}]},{\"@type\":\"BreadcrumbList\",\"@id\":\"https:\/\/laprensacristiana.com\/?p=3199#breadcrumb\",\"itemListElement\":[{\"@type\":\"ListItem\",\"position\":1,\"name\":\"Portada\",\"item\":\"https:\/\/laprensacristiana.com\/\"},{\"@type\":\"ListItem\",\"position\":2,\"name\":\"Celeste Nova presenta su nuevo single \u201cEs mi Anhelo\u201d\"}]},{\"@type\":\"WebSite\",\"@id\":\"https:\/\/laprensacristiana.com\/#website\",\"url\":\"https:\/\/laprensacristiana.com\/\",\"name\":\"La Prensa Cristiana\",\"description\":\"Anunciando Las Buenas Nuevas\",\"potentialAction\":[{\"@type\":\"SearchAction\",\"target\":{\"@type\":\"EntryPoint\",\"urlTemplate\":\"https:\/\/laprensacristiana.com\/?s={search_term_string}\"},\"query-input\":\"required name=search_term_string\"}],\"inLanguage\":\"es\"},{\"@type\":\"Person\",\"@id\":\"https:\/\/laprensacristiana.com\/#\/schema\/person\/3e7d82c6bfd6b1fa67010f8f7cd5256e\",\"name\":\"EDITOR\",\"image\":{\"@type\":\"ImageObject\",\"inLanguage\":\"es\",\"@id\":\"https:\/\/laprensacristiana.com\/#\/schema\/person\/image\/\",\"url\":\"https:\/\/secure.gravatar.com\/avatar\/72069dfb6c13772d9e8381e3638666d2?s=96&d=mm&r=g\",\"contentUrl\":\"https:\/\/secure.gravatar.com\/avatar\/72069dfb6c13772d9e8381e3638666d2?s=96&d=mm&r=g\",\"caption\":\"EDITOR\"},\"url\":\"https:\/\/laprensacristiana.com\/?author=3\"}]}<\/script>\n<!-- \/ Yoast SEO plugin. -->","yoast_head_json":{"title":"Celeste Nova presenta su nuevo single \u201cEs mi Anhelo\u201d - La Prensa Cristiana","robots":{"index":"index","follow":"follow","max-snippet":"max-snippet:-1","max-image-preview":"max-image-preview:large","max-video-preview":"max-video-preview:-1"},"canonical":"https:\/\/laprensacristiana.com\/?p=3199","og_locale":"es_ES","og_type":"article","og_title":"Celeste Nova presenta su nuevo single \u201cEs mi Anhelo\u201d - La Prensa Cristiana","og_description":"(Guatemala, \u00a0septiembre de 2017) La int\u00e9rprete Celeste Nova nos presenta su m\u00e1s reciente sencillo &lt;&lt;Es Mi Anhelo&gt;&gt; Una canci\u00f3n con un arreglo contempor\u00e1neo y fresco con tintes de balada un tanto electr\u00f3nica que expresa un car\u00e1cter intenso con un profundo deseo de poder estar cerca del Se\u00f1or y adorarle. El lenguaje en palabras es claro [&hellip;]","og_url":"https:\/\/laprensacristiana.com\/?p=3199","og_site_name":"La Prensa Cristiana","article_published_time":"2017-09-14T16:36:31+00:00","article_modified_time":"2020-07-02T00:29:58+00:00","og_image":[{"width":2550,"height":2112,"url":"https:\/\/laprensacristiana.com\/wp-content\/uploads\/2017\/09\/Nota-de-Prensa-NV-1.jpg","type":"image\/jpeg"}],"author":"EDITOR","twitter_card":"summary_large_image","twitter_misc":{"Escrito por":"EDITOR","Tiempo de lectura":"2 minutos"},"schema":{"@context":"https:\/\/schema.org","@graph":[{"@type":"WebPage","@id":"https:\/\/laprensacristiana.com\/?p=3199","url":"https:\/\/laprensacristiana.com\/?p=3199","name":"Celeste Nova presenta su nuevo single \u201cEs mi Anhelo\u201d - La Prensa Cristiana","isPartOf":{"@id":"https:\/\/laprensacristiana.com\/#website"},"datePublished":"2017-09-14T16:36:31+00:00","dateModified":"2020-07-02T00:29:58+00:00","author":{"@id":"https:\/\/laprensacristiana.com\/#\/schema\/person\/3e7d82c6bfd6b1fa67010f8f7cd5256e"},"breadcrumb":{"@id":"https:\/\/laprensacristiana.com\/?p=3199#breadcrumb"},"inLanguage":"es","potentialAction":[{"@type":"ReadAction","target":["https:\/\/laprensacristiana.com\/?p=3199"]}]},{"@type":"BreadcrumbList","@id":"https:\/\/laprensacristiana.com\/?p=3199#breadcrumb","itemListElement":[{"@type":"ListItem","position":1,"name":"Portada","item":"https:\/\/laprensacristiana.com\/"},{"@type":"ListItem","position":2,"name":"Celeste Nova presenta su nuevo single \u201cEs mi Anhelo\u201d"}]},{"@type":"WebSite","@id":"https:\/\/laprensacristiana.com\/#website","url":"https:\/\/laprensacristiana.com\/","name":"La Prensa Cristiana","description":"Anunciando Las Buenas Nuevas","potentialAction":[{"@type":"SearchAction","target":{"@type":"EntryPoint","urlTemplate":"https:\/\/laprensacristiana.com\/?s={search_term_string}"},"query-input":"required name=search_term_string"}],"inLanguage":"es"},{"@type":"Person","@id":"https:\/\/laprensacristiana.com\/#\/schema\/person\/3e7d82c6bfd6b1fa67010f8f7cd5256e","name":"EDITOR","image":{"@type":"ImageObject","inLanguage":"es","@id":"https:\/\/laprensacristiana.com\/#\/schema\/person\/image\/","url":"https:\/\/secure.gravatar.com\/avatar\/72069dfb6c13772d9e8381e3638666d2?s=96&d=mm&r=g","contentUrl":"https:\/\/secure.gravatar.com\/avatar\/72069dfb6c13772d9e8381e3638666d2?s=96&d=mm&r=g","caption":"EDITOR"},"url":"https:\/\/laprensacristiana.com\/?author=3"}]}},"_links":{"self":[{"href":"https:\/\/laprensacristiana.com\/index.php?rest_route=\/wp\/v2\/posts\/3199"}],"collection":[{"href":"https:\/\/laprensacristiana.com\/index.php?rest_route=\/wp\/v2\/posts"}],"about":[{"href":"https:\/\/laprensacristiana.com\/index.php?rest_route=\/wp\/v2\/types\/post"}],"author":[{"embeddable":true,"href":"https:\/\/laprensacristiana.com\/index.php?rest_route=\/wp\/v2\/users\/3"}],"replies":[{"embeddable":true,"href":"https:\/\/laprensacristiana.com\/index.php?rest_route=%2Fwp%2Fv2%2Fcomments&post=3199"}],"version-history":[{"count":4,"href":"https:\/\/laprensacristiana.com\/index.php?rest_route=\/wp\/v2\/posts\/3199\/revisions"}],"predecessor-version":[{"id":9630,"href":"https:\/\/laprensacristiana.com\/index.php?rest_route=\/wp\/v2\/posts\/3199\/revisions\/9630"}],"wp:featuredmedia":[{"embeddable":true,"href":"https:\/\/laprensacristiana.com\/index.php?rest_route=\/wp\/v2\/media\/3200"}],"wp:attachment":[{"href":"https:\/\/laprensacristiana.com\/index.php?rest_route=%2Fwp%2Fv2%2Fmedia&parent=3199"}],"wp:term":[{"taxonomy":"category","embeddable":true,"href":"https:\/\/laprensacristiana.com\/index.php?rest_route=%2Fwp%2Fv2%2Fcategories&post=3199"},{"taxonomy":"post_tag","embeddable":true,"href":"https:\/\/laprensacristiana.com\/index.php?rest_route=%2Fwp%2Fv2%2Ftags&post=3199"}],"curies":[{"name":"wp","href":"https:\/\/api.w.org\/{rel}","templated":true}]}}