{"id":3205,"date":"2017-09-15T02:45:00","date_gmt":"2017-09-15T02:45:00","guid":{"rendered":"https:\/\/laprensacristiana.com\/?p=3205"},"modified":"2020-07-02T00:29:46","modified_gmt":"2020-07-02T00:29:46","slug":"el-salmista-alex-navas-lanza-disco-unico","status":"publish","type":"post","link":"https:\/\/laprensacristiana.com\/?p=3205","title":{"rendered":"El Salmista Alex Navas lanza disco \u201c\u00daNICO\u201d"},"content":{"rendered":"<p>En horas de la noche el salmista salvadore\u00f1o Alex Navas realiz\u00f3 el lanzamiento de su segundo disco titulado \u201c\u00danico\u201d, evento que tuvo lugar en el pabell\u00f3n #10 del Centro Internacional de Ferias y convenciones CIFCO.<\/p>\n<p>El concepto del lanzamiento fue manejado como una \u201cMega Aula de Adoraci\u00f3n\u201d que es un formato de alabanzas que han adoptado en Iglesia Del Camino, donde cada 15 d\u00edas la forma de culto se transforma en un espacio exclusivo para exaltar a Dios a trav\u00e9s de la m\u00fasica con un enfoque estricto de adoraci\u00f3n.<\/p>\n<p>El disco \u201c\u00danico\u201d fue producido por Arturo Andrade y Alex Navas en Cielo Producciones e Integral Studio, cuenta con nueve sencillos tales como: \u201cYo Anhelo\u201d, \u201cMajestad\u201d, \u201cEn tu presencia\u201d, \u201cNuevas son\u201d, \u201cToda la gloria\u201d, \u201cDios infinito\u201d. \u201c\u00c9l vive\u201d, \u201cLa sangre de Cristo\u201d, \u201c\u00dangeme\u201d.\u00a0 Como ya es caracter\u00edstico en el salmista toda la producci\u00f3n se encuentra enmarcada en un estilo de alabanza y adoraci\u00f3n.<\/p>\n<p>\u201cTengo 25 a\u00f1os de estar sirvi\u00e9ndole a Dios con mi llamado, jam\u00e1s me he tomado un a\u00f1o sab\u00e1tico, no concibo como se puede tomar un a\u00f1o sab\u00e1tico cuando de servir a Dios se trata, los m\u00fasicos no deben esconderse detr\u00e1s de un instrumento, eso solo se logra a trav\u00e9s de la palabra de Dios \u201d expres\u00f3 Navas durante su presentaci\u00f3n.<\/p>\n<p>\u201cCuando estamos delante de la presencia de Dios es un momento de suma intensidad, hay principios de la palabra de Dios que son tan reales y al estar aqu\u00ed no puedo dejar de pensar que al que es fiel en lo poco Dios lo pone en lo mucho, recuerdo los primeros a\u00f1os de ministerio en la vida de Alex, me marco un hecho, la primera guitarra, muy dura de sus cuerdas, pero eso que inicio con algo peque\u00f1o hoy es un gran ministerio, un d\u00eda fuimos a dejarlo a la Ciudad de Durango, M\u00e9xico en la primera escuela de Marcos Witt, con el correr de los d\u00edas llego a convertirse en el guitarrista de Marcos, y aunque hubo ofrecimientos de su parte Alex decidi\u00f3 regresar a su pa\u00eds para servir a su naci\u00f3n, damos gracias a Dios por su vida, hay muchos pelda\u00f1os m\u00e1s que Dios tiene para el\u201c mencion\u00f3 el pastor general de Iglesia Del Camino Dr. Mauricio Navas Guzm\u00e1n.<\/p>\n<p>En la actividad se tuvieron intervenciones de cantantes como Yami Moz y Gonz\u00e1lo de Le\u00f3n. A su vez se enfatiz\u00f3 en la apertura que Integral Studio tiene para apoyar a talentos emergentes. La clave est\u00e1 en el coraz\u00f3n con el cual se realicen las cosas, justo buscan potenciar el coraz\u00f3n de adorador que hay en muchos salvadore\u00f1os que no han tenido la oportunidad de accesar a un estudio de grabaci\u00f3n.<\/p>\n<p>Puedes contactarte con el salmista Alex Navas a trav\u00e9s de sus redes sociales como: Alex Navas Oficial<\/p>\n","protected":false},"excerpt":{"rendered":"<p>En horas de la noche el salmista salvadore\u00f1o Alex Navas realiz\u00f3 el lanzamiento de su segundo disco titulado \u201c\u00danico\u201d, evento que tuvo lugar en el pabell\u00f3n #10 del Centro Internacional de Ferias y convenciones CIFCO. El concepto del lanzamiento fue manejado como una \u201cMega Aula de Adoraci\u00f3n\u201d que es un formato de alabanzas que han [&hellip;]<\/p>\n","protected":false},"author":3,"featured_media":3206,"comment_status":"open","ping_status":"open","sticky":false,"template":"","format":"standard","meta":[],"categories":[101],"tags":[],"yoast_head":"<!-- This site is optimized with the Yoast SEO plugin v20.8 - https:\/\/yoast.com\/wordpress\/plugins\/seo\/ -->\n<title>El Salmista Alex Navas lanza disco \u201c\u00daNICO\u201d - La Prensa Cristiana<\/title>\n<meta name=\"robots\" content=\"index, follow, max-snippet:-1, max-image-preview:large, max-video-preview:-1\" \/>\n<link rel=\"canonical\" href=\"https:\/\/laprensacristiana.com\/?p=3205\" \/>\n<meta property=\"og:locale\" content=\"es_ES\" \/>\n<meta property=\"og:type\" content=\"article\" \/>\n<meta property=\"og:title\" content=\"El Salmista Alex Navas lanza disco \u201c\u00daNICO\u201d - La Prensa Cristiana\" \/>\n<meta property=\"og:description\" content=\"En horas de la noche el salmista salvadore\u00f1o Alex Navas realiz\u00f3 el lanzamiento de su segundo disco titulado \u201c\u00danico\u201d, evento que tuvo lugar en el pabell\u00f3n #10 del Centro Internacional de Ferias y convenciones CIFCO. El concepto del lanzamiento fue manejado como una \u201cMega Aula de Adoraci\u00f3n\u201d que es un formato de alabanzas que han [&hellip;]\" \/>\n<meta property=\"og:url\" content=\"https:\/\/laprensacristiana.com\/?p=3205\" \/>\n<meta property=\"og:site_name\" content=\"La Prensa Cristiana\" \/>\n<meta property=\"article:published_time\" content=\"2017-09-15T02:45:00+00:00\" \/>\n<meta property=\"article:modified_time\" content=\"2020-07-02T00:29:46+00:00\" \/>\n<meta property=\"og:image\" content=\"https:\/\/laprensacristiana.com\/wp-content\/uploads\/2017\/09\/1-scaled.jpg\" \/>\n\t<meta property=\"og:image:width\" content=\"2560\" \/>\n\t<meta property=\"og:image:height\" content=\"1439\" \/>\n\t<meta property=\"og:image:type\" content=\"image\/jpeg\" \/>\n<meta name=\"author\" content=\"EDITOR\" \/>\n<meta name=\"twitter:card\" content=\"summary_large_image\" \/>\n<meta name=\"twitter:label1\" content=\"Escrito por\" \/>\n\t<meta name=\"twitter:data1\" content=\"EDITOR\" \/>\n\t<meta name=\"twitter:label2\" content=\"Tiempo de lectura\" \/>\n\t<meta name=\"twitter:data2\" content=\"2 minutos\" \/>\n<script type=\"application\/ld+json\" class=\"yoast-schema-graph\">{\"@context\":\"https:\/\/schema.org\",\"@graph\":[{\"@type\":\"WebPage\",\"@id\":\"https:\/\/laprensacristiana.com\/?p=3205\",\"url\":\"https:\/\/laprensacristiana.com\/?p=3205\",\"name\":\"El Salmista Alex Navas lanza disco \u201c\u00daNICO\u201d - La Prensa Cristiana\",\"isPartOf\":{\"@id\":\"https:\/\/laprensacristiana.com\/#website\"},\"datePublished\":\"2017-09-15T02:45:00+00:00\",\"dateModified\":\"2020-07-02T00:29:46+00:00\",\"author\":{\"@id\":\"https:\/\/laprensacristiana.com\/#\/schema\/person\/3e7d82c6bfd6b1fa67010f8f7cd5256e\"},\"breadcrumb\":{\"@id\":\"https:\/\/laprensacristiana.com\/?p=3205#breadcrumb\"},\"inLanguage\":\"es\",\"potentialAction\":[{\"@type\":\"ReadAction\",\"target\":[\"https:\/\/laprensacristiana.com\/?p=3205\"]}]},{\"@type\":\"BreadcrumbList\",\"@id\":\"https:\/\/laprensacristiana.com\/?p=3205#breadcrumb\",\"itemListElement\":[{\"@type\":\"ListItem\",\"position\":1,\"name\":\"Portada\",\"item\":\"https:\/\/laprensacristiana.com\/\"},{\"@type\":\"ListItem\",\"position\":2,\"name\":\"El Salmista Alex Navas lanza disco \u201c\u00daNICO\u201d\"}]},{\"@type\":\"WebSite\",\"@id\":\"https:\/\/laprensacristiana.com\/#website\",\"url\":\"https:\/\/laprensacristiana.com\/\",\"name\":\"La Prensa Cristiana\",\"description\":\"Anunciando Las Buenas Nuevas\",\"potentialAction\":[{\"@type\":\"SearchAction\",\"target\":{\"@type\":\"EntryPoint\",\"urlTemplate\":\"https:\/\/laprensacristiana.com\/?s={search_term_string}\"},\"query-input\":\"required name=search_term_string\"}],\"inLanguage\":\"es\"},{\"@type\":\"Person\",\"@id\":\"https:\/\/laprensacristiana.com\/#\/schema\/person\/3e7d82c6bfd6b1fa67010f8f7cd5256e\",\"name\":\"EDITOR\",\"image\":{\"@type\":\"ImageObject\",\"inLanguage\":\"es\",\"@id\":\"https:\/\/laprensacristiana.com\/#\/schema\/person\/image\/\",\"url\":\"https:\/\/secure.gravatar.com\/avatar\/72069dfb6c13772d9e8381e3638666d2?s=96&d=mm&r=g\",\"contentUrl\":\"https:\/\/secure.gravatar.com\/avatar\/72069dfb6c13772d9e8381e3638666d2?s=96&d=mm&r=g\",\"caption\":\"EDITOR\"},\"url\":\"https:\/\/laprensacristiana.com\/?author=3\"}]}<\/script>\n<!-- \/ Yoast SEO plugin. -->","yoast_head_json":{"title":"El Salmista Alex Navas lanza disco \u201c\u00daNICO\u201d - La Prensa Cristiana","robots":{"index":"index","follow":"follow","max-snippet":"max-snippet:-1","max-image-preview":"max-image-preview:large","max-video-preview":"max-video-preview:-1"},"canonical":"https:\/\/laprensacristiana.com\/?p=3205","og_locale":"es_ES","og_type":"article","og_title":"El Salmista Alex Navas lanza disco \u201c\u00daNICO\u201d - La Prensa Cristiana","og_description":"En horas de la noche el salmista salvadore\u00f1o Alex Navas realiz\u00f3 el lanzamiento de su segundo disco titulado \u201c\u00danico\u201d, evento que tuvo lugar en el pabell\u00f3n #10 del Centro Internacional de Ferias y convenciones CIFCO. El concepto del lanzamiento fue manejado como una \u201cMega Aula de Adoraci\u00f3n\u201d que es un formato de alabanzas que han [&hellip;]","og_url":"https:\/\/laprensacristiana.com\/?p=3205","og_site_name":"La Prensa Cristiana","article_published_time":"2017-09-15T02:45:00+00:00","article_modified_time":"2020-07-02T00:29:46+00:00","og_image":[{"width":2560,"height":1439,"url":"https:\/\/laprensacristiana.com\/wp-content\/uploads\/2017\/09\/1-scaled.jpg","type":"image\/jpeg"}],"author":"EDITOR","twitter_card":"summary_large_image","twitter_misc":{"Escrito por":"EDITOR","Tiempo de lectura":"2 minutos"},"schema":{"@context":"https:\/\/schema.org","@graph":[{"@type":"WebPage","@id":"https:\/\/laprensacristiana.com\/?p=3205","url":"https:\/\/laprensacristiana.com\/?p=3205","name":"El Salmista Alex Navas lanza disco \u201c\u00daNICO\u201d - La Prensa Cristiana","isPartOf":{"@id":"https:\/\/laprensacristiana.com\/#website"},"datePublished":"2017-09-15T02:45:00+00:00","dateModified":"2020-07-02T00:29:46+00:00","author":{"@id":"https:\/\/laprensacristiana.com\/#\/schema\/person\/3e7d82c6bfd6b1fa67010f8f7cd5256e"},"breadcrumb":{"@id":"https:\/\/laprensacristiana.com\/?p=3205#breadcrumb"},"inLanguage":"es","potentialAction":[{"@type":"ReadAction","target":["https:\/\/laprensacristiana.com\/?p=3205"]}]},{"@type":"BreadcrumbList","@id":"https:\/\/laprensacristiana.com\/?p=3205#breadcrumb","itemListElement":[{"@type":"ListItem","position":1,"name":"Portada","item":"https:\/\/laprensacristiana.com\/"},{"@type":"ListItem","position":2,"name":"El Salmista Alex Navas lanza disco \u201c\u00daNICO\u201d"}]},{"@type":"WebSite","@id":"https:\/\/laprensacristiana.com\/#website","url":"https:\/\/laprensacristiana.com\/","name":"La Prensa Cristiana","description":"Anunciando Las Buenas Nuevas","potentialAction":[{"@type":"SearchAction","target":{"@type":"EntryPoint","urlTemplate":"https:\/\/laprensacristiana.com\/?s={search_term_string}"},"query-input":"required name=search_term_string"}],"inLanguage":"es"},{"@type":"Person","@id":"https:\/\/laprensacristiana.com\/#\/schema\/person\/3e7d82c6bfd6b1fa67010f8f7cd5256e","name":"EDITOR","image":{"@type":"ImageObject","inLanguage":"es","@id":"https:\/\/laprensacristiana.com\/#\/schema\/person\/image\/","url":"https:\/\/secure.gravatar.com\/avatar\/72069dfb6c13772d9e8381e3638666d2?s=96&d=mm&r=g","contentUrl":"https:\/\/secure.gravatar.com\/avatar\/72069dfb6c13772d9e8381e3638666d2?s=96&d=mm&r=g","caption":"EDITOR"},"url":"https:\/\/laprensacristiana.com\/?author=3"}]}},"_links":{"self":[{"href":"https:\/\/laprensacristiana.com\/index.php?rest_route=\/wp\/v2\/posts\/3205"}],"collection":[{"href":"https:\/\/laprensacristiana.com\/index.php?rest_route=\/wp\/v2\/posts"}],"about":[{"href":"https:\/\/laprensacristiana.com\/index.php?rest_route=\/wp\/v2\/types\/post"}],"author":[{"embeddable":true,"href":"https:\/\/laprensacristiana.com\/index.php?rest_route=\/wp\/v2\/users\/3"}],"replies":[{"embeddable":true,"href":"https:\/\/laprensacristiana.com\/index.php?rest_route=%2Fwp%2Fv2%2Fcomments&post=3205"}],"version-history":[{"count":3,"href":"https:\/\/laprensacristiana.com\/index.php?rest_route=\/wp\/v2\/posts\/3205\/revisions"}],"predecessor-version":[{"id":3209,"href":"https:\/\/laprensacristiana.com\/index.php?rest_route=\/wp\/v2\/posts\/3205\/revisions\/3209"}],"wp:featuredmedia":[{"embeddable":true,"href":"https:\/\/laprensacristiana.com\/index.php?rest_route=\/wp\/v2\/media\/3206"}],"wp:attachment":[{"href":"https:\/\/laprensacristiana.com\/index.php?rest_route=%2Fwp%2Fv2%2Fmedia&parent=3205"}],"wp:term":[{"taxonomy":"category","embeddable":true,"href":"https:\/\/laprensacristiana.com\/index.php?rest_route=%2Fwp%2Fv2%2Fcategories&post=3205"},{"taxonomy":"post_tag","embeddable":true,"href":"https:\/\/laprensacristiana.com\/index.php?rest_route=%2Fwp%2Fv2%2Ftags&post=3205"}],"curies":[{"name":"wp","href":"https:\/\/api.w.org\/{rel}","templated":true}]}}