{"id":3210,"date":"2017-09-19T19:29:13","date_gmt":"2017-09-19T19:29:13","guid":{"rendered":"https:\/\/laprensacristiana.com\/?p=3210"},"modified":"2020-07-02T00:29:36","modified_gmt":"2020-07-02T00:29:36","slug":"realizan-concierto-a-una-voz","status":"publish","type":"post","link":"https:\/\/laprensacristiana.com\/?p=3210","title":{"rendered":"Realizan concierto \u201cA Una Voz\u201d"},"content":{"rendered":"<p>El pasado domingo 17 de septiembre se pudo disfrutar del Concierto de la Banda \u201cA Una Voz\u201d con los solistas invitados Marinella Arru\u00e9, Ricardo Quinteros, Luis Aquino, Pedro Reyes y Douglas Fern\u00e1ndez. Bajo la direcci\u00f3n de Abraham Reyes y la direcci\u00f3n general de Mauricio Sol\u00eds, se llev\u00f3 a cabo en la Iglesia Cristiana Conquistadores.<\/p>\n<p>\u201cA Una Voz\u201d es un formato de banda y coro que re\u00fane a m\u00fasicos talentosos de diferentes congregaciones del pa\u00eds declarando que sus dones y habilidades han sido dados por Dios para gloria y exaltaci\u00f3n de Su nombre. Este proyecto naci\u00f3 en 2013 y sus integrantes tambi\u00e9n forman parte de la Orquesta Sinf\u00f3nica Cristiana y del Coro Cristiano de El Salvador. La Banda \u201cA Una Voz\u201d y otros proyectos forman parte de la <strong>Fundaci\u00f3n Valores y Arte (VALORARTE).<\/strong><\/p>\n<p>Para conocer m\u00e1s sobre pr\u00f3ximos eventos de la Fundaci\u00f3n Valores y Arte, visite <a href=\"http:\/\/www.valoresyarte.org\">www.valoresyarte.org<\/a><\/p>\n<p>&nbsp;<\/p>\n","protected":false},"excerpt":{"rendered":"<p>El pasado domingo 17 de septiembre se pudo disfrutar del Concierto de la Banda \u201cA Una Voz\u201d con los solistas invitados Marinella Arru\u00e9, Ricardo Quinteros, Luis Aquino, Pedro Reyes y Douglas Fern\u00e1ndez. Bajo la direcci\u00f3n de Abraham Reyes y la direcci\u00f3n general de Mauricio Sol\u00eds, se llev\u00f3 a cabo en la Iglesia Cristiana Conquistadores. \u201cA [&hellip;]<\/p>\n","protected":false},"author":3,"featured_media":3211,"comment_status":"open","ping_status":"open","sticky":false,"template":"","format":"standard","meta":[],"categories":[101],"tags":[],"yoast_head":"<!-- This site is optimized with the Yoast SEO plugin v20.8 - https:\/\/yoast.com\/wordpress\/plugins\/seo\/ -->\n<title>Realizan concierto \u201cA Una Voz\u201d - La Prensa Cristiana<\/title>\n<meta name=\"robots\" content=\"index, follow, max-snippet:-1, max-image-preview:large, max-video-preview:-1\" \/>\n<link rel=\"canonical\" href=\"https:\/\/laprensacristiana.com\/?p=3210\" \/>\n<meta property=\"og:locale\" content=\"es_ES\" \/>\n<meta property=\"og:type\" content=\"article\" \/>\n<meta property=\"og:title\" content=\"Realizan concierto \u201cA Una Voz\u201d - La Prensa Cristiana\" \/>\n<meta property=\"og:description\" content=\"El pasado domingo 17 de septiembre se pudo disfrutar del Concierto de la Banda \u201cA Una Voz\u201d con los solistas invitados Marinella Arru\u00e9, Ricardo Quinteros, Luis Aquino, Pedro Reyes y Douglas Fern\u00e1ndez. Bajo la direcci\u00f3n de Abraham Reyes y la direcci\u00f3n general de Mauricio Sol\u00eds, se llev\u00f3 a cabo en la Iglesia Cristiana Conquistadores. \u201cA [&hellip;]\" \/>\n<meta property=\"og:url\" content=\"https:\/\/laprensacristiana.com\/?p=3210\" \/>\n<meta property=\"og:site_name\" content=\"La Prensa Cristiana\" \/>\n<meta property=\"article:published_time\" content=\"2017-09-19T19:29:13+00:00\" \/>\n<meta property=\"article:modified_time\" content=\"2020-07-02T00:29:36+00:00\" \/>\n<meta property=\"og:image\" content=\"https:\/\/laprensacristiana.com\/wp-content\/uploads\/2017\/09\/WhatsApp-Image-2017-09-19-at-11.57.04-AM.jpeg\" \/>\n\t<meta property=\"og:image:width\" content=\"948\" \/>\n\t<meta property=\"og:image:height\" content=\"596\" \/>\n\t<meta property=\"og:image:type\" content=\"image\/jpeg\" \/>\n<meta name=\"author\" content=\"EDITOR\" \/>\n<meta name=\"twitter:card\" content=\"summary_large_image\" \/>\n<meta name=\"twitter:label1\" content=\"Escrito por\" \/>\n\t<meta name=\"twitter:data1\" content=\"EDITOR\" \/>\n\t<meta name=\"twitter:label2\" content=\"Tiempo de lectura\" \/>\n\t<meta name=\"twitter:data2\" content=\"1 minuto\" \/>\n<script type=\"application\/ld+json\" class=\"yoast-schema-graph\">{\"@context\":\"https:\/\/schema.org\",\"@graph\":[{\"@type\":\"WebPage\",\"@id\":\"https:\/\/laprensacristiana.com\/?p=3210\",\"url\":\"https:\/\/laprensacristiana.com\/?p=3210\",\"name\":\"Realizan concierto \u201cA Una Voz\u201d - La Prensa Cristiana\",\"isPartOf\":{\"@id\":\"https:\/\/laprensacristiana.com\/#website\"},\"datePublished\":\"2017-09-19T19:29:13+00:00\",\"dateModified\":\"2020-07-02T00:29:36+00:00\",\"author\":{\"@id\":\"https:\/\/laprensacristiana.com\/#\/schema\/person\/3e7d82c6bfd6b1fa67010f8f7cd5256e\"},\"breadcrumb\":{\"@id\":\"https:\/\/laprensacristiana.com\/?p=3210#breadcrumb\"},\"inLanguage\":\"es\",\"potentialAction\":[{\"@type\":\"ReadAction\",\"target\":[\"https:\/\/laprensacristiana.com\/?p=3210\"]}]},{\"@type\":\"BreadcrumbList\",\"@id\":\"https:\/\/laprensacristiana.com\/?p=3210#breadcrumb\",\"itemListElement\":[{\"@type\":\"ListItem\",\"position\":1,\"name\":\"Portada\",\"item\":\"https:\/\/laprensacristiana.com\/\"},{\"@type\":\"ListItem\",\"position\":2,\"name\":\"Realizan concierto \u201cA Una Voz\u201d\"}]},{\"@type\":\"WebSite\",\"@id\":\"https:\/\/laprensacristiana.com\/#website\",\"url\":\"https:\/\/laprensacristiana.com\/\",\"name\":\"La Prensa Cristiana\",\"description\":\"Anunciando Las Buenas Nuevas\",\"potentialAction\":[{\"@type\":\"SearchAction\",\"target\":{\"@type\":\"EntryPoint\",\"urlTemplate\":\"https:\/\/laprensacristiana.com\/?s={search_term_string}\"},\"query-input\":\"required name=search_term_string\"}],\"inLanguage\":\"es\"},{\"@type\":\"Person\",\"@id\":\"https:\/\/laprensacristiana.com\/#\/schema\/person\/3e7d82c6bfd6b1fa67010f8f7cd5256e\",\"name\":\"EDITOR\",\"image\":{\"@type\":\"ImageObject\",\"inLanguage\":\"es\",\"@id\":\"https:\/\/laprensacristiana.com\/#\/schema\/person\/image\/\",\"url\":\"https:\/\/secure.gravatar.com\/avatar\/72069dfb6c13772d9e8381e3638666d2?s=96&d=mm&r=g\",\"contentUrl\":\"https:\/\/secure.gravatar.com\/avatar\/72069dfb6c13772d9e8381e3638666d2?s=96&d=mm&r=g\",\"caption\":\"EDITOR\"},\"url\":\"https:\/\/laprensacristiana.com\/?author=3\"}]}<\/script>\n<!-- \/ Yoast SEO plugin. -->","yoast_head_json":{"title":"Realizan concierto \u201cA Una Voz\u201d - La Prensa Cristiana","robots":{"index":"index","follow":"follow","max-snippet":"max-snippet:-1","max-image-preview":"max-image-preview:large","max-video-preview":"max-video-preview:-1"},"canonical":"https:\/\/laprensacristiana.com\/?p=3210","og_locale":"es_ES","og_type":"article","og_title":"Realizan concierto \u201cA Una Voz\u201d - La Prensa Cristiana","og_description":"El pasado domingo 17 de septiembre se pudo disfrutar del Concierto de la Banda \u201cA Una Voz\u201d con los solistas invitados Marinella Arru\u00e9, Ricardo Quinteros, Luis Aquino, Pedro Reyes y Douglas Fern\u00e1ndez. Bajo la direcci\u00f3n de Abraham Reyes y la direcci\u00f3n general de Mauricio Sol\u00eds, se llev\u00f3 a cabo en la Iglesia Cristiana Conquistadores. \u201cA [&hellip;]","og_url":"https:\/\/laprensacristiana.com\/?p=3210","og_site_name":"La Prensa Cristiana","article_published_time":"2017-09-19T19:29:13+00:00","article_modified_time":"2020-07-02T00:29:36+00:00","og_image":[{"width":948,"height":596,"url":"https:\/\/laprensacristiana.com\/wp-content\/uploads\/2017\/09\/WhatsApp-Image-2017-09-19-at-11.57.04-AM.jpeg","type":"image\/jpeg"}],"author":"EDITOR","twitter_card":"summary_large_image","twitter_misc":{"Escrito por":"EDITOR","Tiempo de lectura":"1 minuto"},"schema":{"@context":"https:\/\/schema.org","@graph":[{"@type":"WebPage","@id":"https:\/\/laprensacristiana.com\/?p=3210","url":"https:\/\/laprensacristiana.com\/?p=3210","name":"Realizan concierto \u201cA Una Voz\u201d - La Prensa Cristiana","isPartOf":{"@id":"https:\/\/laprensacristiana.com\/#website"},"datePublished":"2017-09-19T19:29:13+00:00","dateModified":"2020-07-02T00:29:36+00:00","author":{"@id":"https:\/\/laprensacristiana.com\/#\/schema\/person\/3e7d82c6bfd6b1fa67010f8f7cd5256e"},"breadcrumb":{"@id":"https:\/\/laprensacristiana.com\/?p=3210#breadcrumb"},"inLanguage":"es","potentialAction":[{"@type":"ReadAction","target":["https:\/\/laprensacristiana.com\/?p=3210"]}]},{"@type":"BreadcrumbList","@id":"https:\/\/laprensacristiana.com\/?p=3210#breadcrumb","itemListElement":[{"@type":"ListItem","position":1,"name":"Portada","item":"https:\/\/laprensacristiana.com\/"},{"@type":"ListItem","position":2,"name":"Realizan concierto \u201cA Una Voz\u201d"}]},{"@type":"WebSite","@id":"https:\/\/laprensacristiana.com\/#website","url":"https:\/\/laprensacristiana.com\/","name":"La Prensa Cristiana","description":"Anunciando Las Buenas Nuevas","potentialAction":[{"@type":"SearchAction","target":{"@type":"EntryPoint","urlTemplate":"https:\/\/laprensacristiana.com\/?s={search_term_string}"},"query-input":"required name=search_term_string"}],"inLanguage":"es"},{"@type":"Person","@id":"https:\/\/laprensacristiana.com\/#\/schema\/person\/3e7d82c6bfd6b1fa67010f8f7cd5256e","name":"EDITOR","image":{"@type":"ImageObject","inLanguage":"es","@id":"https:\/\/laprensacristiana.com\/#\/schema\/person\/image\/","url":"https:\/\/secure.gravatar.com\/avatar\/72069dfb6c13772d9e8381e3638666d2?s=96&d=mm&r=g","contentUrl":"https:\/\/secure.gravatar.com\/avatar\/72069dfb6c13772d9e8381e3638666d2?s=96&d=mm&r=g","caption":"EDITOR"},"url":"https:\/\/laprensacristiana.com\/?author=3"}]}},"_links":{"self":[{"href":"https:\/\/laprensacristiana.com\/index.php?rest_route=\/wp\/v2\/posts\/3210"}],"collection":[{"href":"https:\/\/laprensacristiana.com\/index.php?rest_route=\/wp\/v2\/posts"}],"about":[{"href":"https:\/\/laprensacristiana.com\/index.php?rest_route=\/wp\/v2\/types\/post"}],"author":[{"embeddable":true,"href":"https:\/\/laprensacristiana.com\/index.php?rest_route=\/wp\/v2\/users\/3"}],"replies":[{"embeddable":true,"href":"https:\/\/laprensacristiana.com\/index.php?rest_route=%2Fwp%2Fv2%2Fcomments&post=3210"}],"version-history":[{"count":1,"href":"https:\/\/laprensacristiana.com\/index.php?rest_route=\/wp\/v2\/posts\/3210\/revisions"}],"predecessor-version":[{"id":3212,"href":"https:\/\/laprensacristiana.com\/index.php?rest_route=\/wp\/v2\/posts\/3210\/revisions\/3212"}],"wp:featuredmedia":[{"embeddable":true,"href":"https:\/\/laprensacristiana.com\/index.php?rest_route=\/wp\/v2\/media\/3211"}],"wp:attachment":[{"href":"https:\/\/laprensacristiana.com\/index.php?rest_route=%2Fwp%2Fv2%2Fmedia&parent=3210"}],"wp:term":[{"taxonomy":"category","embeddable":true,"href":"https:\/\/laprensacristiana.com\/index.php?rest_route=%2Fwp%2Fv2%2Fcategories&post=3210"},{"taxonomy":"post_tag","embeddable":true,"href":"https:\/\/laprensacristiana.com\/index.php?rest_route=%2Fwp%2Fv2%2Ftags&post=3210"}],"curies":[{"name":"wp","href":"https:\/\/api.w.org\/{rel}","templated":true}]}}