{"id":3238,"date":"2017-09-27T23:08:00","date_gmt":"2017-09-27T23:08:00","guid":{"rendered":"https:\/\/laprensacristiana.com\/?p=3238"},"modified":"2017-09-27T23:08:00","modified_gmt":"2017-09-27T23:08:00","slug":"dios-es-atraido-a-ordenar-las-cosas","status":"publish","type":"post","link":"https:\/\/laprensacristiana.com\/?p=3238","title":{"rendered":"DIOS ES ATRA\u00cdDO A ORDENAR LAS COSAS"},"content":{"rendered":"<p>G\u00e9nesis 1:2<\/p>\n<p>En la Biblia vemos en muchas ocasiones, el concepto del vac\u00edo y sus consecuencias. El asunto se complica, cuando las cosas se est\u00e1n vaciando y quedan completamente vac\u00edas.\u00a0 A\u00fan en las congregaciones vemos mucha\u00a0 gente vac\u00eda. Escuchan palabra, mensajes, conocen la palabra, pero lo que hacen est\u00e1 vac\u00edo.<\/p>\n<p>Oyen pero salen de la misma manera en que llegaron, el Esp\u00edritu opera pero ellos salen igual.<\/p>\n<p>A Dios no le amedrenta el vac\u00edo; EL ES ATRA\u00cdDO A ORDENAR LAS COSAS. T\u00fa no puedes llenar tu vac\u00edo, primero debes ordenar aquello que provoc\u00f3 ese vac\u00edo. Cuando hay desorden, hay vac\u00edo y esto trae tinieblas, oscuridad en la mente, en el coraz\u00f3n, donde te da ceguera, todo se oscurece a tu alrededor.<\/p>\n<p>Esta es la f\u00f3rmula de la multiplicaci\u00f3n de ELOHIM:<br \/>\nORDENAS, PARA LLENAR, BENDECIR Y MULTIPLICAR.<\/p>\n<p>No es suficiente creer que Dios te suple; es vital creer que \u00c9L quiere que t\u00fa te multipliques. El problema es del hombre que abre puertas. T\u00fa nunca ves los resultados externos de inmediato, pero cuando el pecado\u00a0 se mete en tu vida, eventualmente lo vas a ver afuera.<\/p>\n<p>El huerto se distorsion\u00f3 por completo, pero no de primera intenci\u00f3n. Lo que ocurri\u00f3 fue que, como la orden segu\u00eda siendo la misma, multipl\u00edcate, lo que se multiplic\u00f3 fue el pecado.<\/p>\n<p>Dios necesita de un hombre que pueda multiplicar para \u00c9L Poder hacer una nueva creaci\u00f3n.<\/p>\n<p>Te pregunto: \u00bfEres t\u00fa qui\u00e9n tiene que activar la nueva creaci\u00f3n, esa bendita f\u00f3rmula de la multiplicaci\u00f3n?<\/p>\n<p>Tus generaciones no tienen que vivir de la misma manera.<\/p>\n<p>\u00bfEst\u00e1s dispuesto a que ELOHIM te use para hacer una nueva creaci\u00f3n?<\/p>\n<p>Te bendigo Hombre o Mujer que lees est\u00e1 reflexi\u00f3n, declaro en el nombre de Jesucristo, que hoy permites al Creador de tu vida a que ordene todo en tu vida.<\/p>\n<p>Shalom, un Rosh Hashanah y Yom Kippur.<\/p>\n<p>Marlene Chorro profeta de Jesucristo.<\/p>\n","protected":false},"excerpt":{"rendered":"<p>G\u00e9nesis 1:2 En la Biblia vemos en muchas ocasiones, el concepto del vac\u00edo y sus consecuencias. El asunto se complica, cuando las cosas se est\u00e1n vaciando y quedan completamente vac\u00edas.\u00a0 A\u00fan en las congregaciones vemos mucha\u00a0 gente vac\u00eda. Escuchan palabra, mensajes, conocen la palabra, pero lo que hacen est\u00e1 vac\u00edo. Oyen pero salen de la [&hellip;]<\/p>\n","protected":false},"author":3,"featured_media":3131,"comment_status":"open","ping_status":"open","sticky":false,"template":"","format":"standard","meta":[],"categories":[36],"tags":[],"yoast_head":"<!-- This site is optimized with the Yoast SEO plugin v20.8 - https:\/\/yoast.com\/wordpress\/plugins\/seo\/ -->\n<title>DIOS ES ATRA\u00cdDO A ORDENAR LAS COSAS - La Prensa Cristiana<\/title>\n<meta name=\"robots\" content=\"index, follow, max-snippet:-1, max-image-preview:large, max-video-preview:-1\" \/>\n<link rel=\"canonical\" href=\"https:\/\/laprensacristiana.com\/?p=3238\" \/>\n<meta property=\"og:locale\" content=\"es_ES\" \/>\n<meta property=\"og:type\" content=\"article\" \/>\n<meta property=\"og:title\" content=\"DIOS ES ATRA\u00cdDO A ORDENAR LAS COSAS - La Prensa Cristiana\" \/>\n<meta property=\"og:description\" content=\"G\u00e9nesis 1:2 En la Biblia vemos en muchas ocasiones, el concepto del vac\u00edo y sus consecuencias. El asunto se complica, cuando las cosas se est\u00e1n vaciando y quedan completamente vac\u00edas.\u00a0 A\u00fan en las congregaciones vemos mucha\u00a0 gente vac\u00eda. Escuchan palabra, mensajes, conocen la palabra, pero lo que hacen est\u00e1 vac\u00edo. Oyen pero salen de la [&hellip;]\" \/>\n<meta property=\"og:url\" content=\"https:\/\/laprensacristiana.com\/?p=3238\" \/>\n<meta property=\"og:site_name\" content=\"La Prensa Cristiana\" \/>\n<meta property=\"article:published_time\" content=\"2017-09-27T23:08:00+00:00\" \/>\n<meta property=\"og:image\" content=\"https:\/\/laprensacristiana.com\/wp-content\/uploads\/2017\/08\/MARLENE-CHORRO-scaled.jpg\" \/>\n\t<meta property=\"og:image:width\" content=\"2560\" \/>\n\t<meta property=\"og:image:height\" content=\"1429\" \/>\n\t<meta property=\"og:image:type\" content=\"image\/jpeg\" \/>\n<meta name=\"author\" content=\"EDITOR\" \/>\n<meta name=\"twitter:card\" content=\"summary_large_image\" \/>\n<meta name=\"twitter:label1\" content=\"Escrito por\" \/>\n\t<meta name=\"twitter:data1\" content=\"EDITOR\" \/>\n\t<meta name=\"twitter:label2\" content=\"Tiempo de lectura\" \/>\n\t<meta name=\"twitter:data2\" content=\"2 minutos\" \/>\n<script type=\"application\/ld+json\" class=\"yoast-schema-graph\">{\"@context\":\"https:\/\/schema.org\",\"@graph\":[{\"@type\":\"WebPage\",\"@id\":\"https:\/\/laprensacristiana.com\/?p=3238\",\"url\":\"https:\/\/laprensacristiana.com\/?p=3238\",\"name\":\"DIOS ES ATRA\u00cdDO A ORDENAR LAS COSAS - La Prensa Cristiana\",\"isPartOf\":{\"@id\":\"https:\/\/laprensacristiana.com\/#website\"},\"datePublished\":\"2017-09-27T23:08:00+00:00\",\"dateModified\":\"2017-09-27T23:08:00+00:00\",\"author\":{\"@id\":\"https:\/\/laprensacristiana.com\/#\/schema\/person\/3e7d82c6bfd6b1fa67010f8f7cd5256e\"},\"breadcrumb\":{\"@id\":\"https:\/\/laprensacristiana.com\/?p=3238#breadcrumb\"},\"inLanguage\":\"es\",\"potentialAction\":[{\"@type\":\"ReadAction\",\"target\":[\"https:\/\/laprensacristiana.com\/?p=3238\"]}]},{\"@type\":\"BreadcrumbList\",\"@id\":\"https:\/\/laprensacristiana.com\/?p=3238#breadcrumb\",\"itemListElement\":[{\"@type\":\"ListItem\",\"position\":1,\"name\":\"Portada\",\"item\":\"https:\/\/laprensacristiana.com\/\"},{\"@type\":\"ListItem\",\"position\":2,\"name\":\"DIOS ES ATRA\u00cdDO A ORDENAR LAS COSAS\"}]},{\"@type\":\"WebSite\",\"@id\":\"https:\/\/laprensacristiana.com\/#website\",\"url\":\"https:\/\/laprensacristiana.com\/\",\"name\":\"La Prensa Cristiana\",\"description\":\"Anunciando Las Buenas Nuevas\",\"potentialAction\":[{\"@type\":\"SearchAction\",\"target\":{\"@type\":\"EntryPoint\",\"urlTemplate\":\"https:\/\/laprensacristiana.com\/?s={search_term_string}\"},\"query-input\":\"required name=search_term_string\"}],\"inLanguage\":\"es\"},{\"@type\":\"Person\",\"@id\":\"https:\/\/laprensacristiana.com\/#\/schema\/person\/3e7d82c6bfd6b1fa67010f8f7cd5256e\",\"name\":\"EDITOR\",\"image\":{\"@type\":\"ImageObject\",\"inLanguage\":\"es\",\"@id\":\"https:\/\/laprensacristiana.com\/#\/schema\/person\/image\/\",\"url\":\"https:\/\/secure.gravatar.com\/avatar\/72069dfb6c13772d9e8381e3638666d2?s=96&d=mm&r=g\",\"contentUrl\":\"https:\/\/secure.gravatar.com\/avatar\/72069dfb6c13772d9e8381e3638666d2?s=96&d=mm&r=g\",\"caption\":\"EDITOR\"},\"url\":\"https:\/\/laprensacristiana.com\/?author=3\"}]}<\/script>\n<!-- \/ Yoast SEO plugin. -->","yoast_head_json":{"title":"DIOS ES ATRA\u00cdDO A ORDENAR LAS COSAS - La Prensa Cristiana","robots":{"index":"index","follow":"follow","max-snippet":"max-snippet:-1","max-image-preview":"max-image-preview:large","max-video-preview":"max-video-preview:-1"},"canonical":"https:\/\/laprensacristiana.com\/?p=3238","og_locale":"es_ES","og_type":"article","og_title":"DIOS ES ATRA\u00cdDO A ORDENAR LAS COSAS - La Prensa Cristiana","og_description":"G\u00e9nesis 1:2 En la Biblia vemos en muchas ocasiones, el concepto del vac\u00edo y sus consecuencias. El asunto se complica, cuando las cosas se est\u00e1n vaciando y quedan completamente vac\u00edas.\u00a0 A\u00fan en las congregaciones vemos mucha\u00a0 gente vac\u00eda. Escuchan palabra, mensajes, conocen la palabra, pero lo que hacen est\u00e1 vac\u00edo. Oyen pero salen de la [&hellip;]","og_url":"https:\/\/laprensacristiana.com\/?p=3238","og_site_name":"La Prensa Cristiana","article_published_time":"2017-09-27T23:08:00+00:00","og_image":[{"width":2560,"height":1429,"url":"https:\/\/laprensacristiana.com\/wp-content\/uploads\/2017\/08\/MARLENE-CHORRO-scaled.jpg","type":"image\/jpeg"}],"author":"EDITOR","twitter_card":"summary_large_image","twitter_misc":{"Escrito por":"EDITOR","Tiempo de lectura":"2 minutos"},"schema":{"@context":"https:\/\/schema.org","@graph":[{"@type":"WebPage","@id":"https:\/\/laprensacristiana.com\/?p=3238","url":"https:\/\/laprensacristiana.com\/?p=3238","name":"DIOS ES ATRA\u00cdDO A ORDENAR LAS COSAS - La Prensa Cristiana","isPartOf":{"@id":"https:\/\/laprensacristiana.com\/#website"},"datePublished":"2017-09-27T23:08:00+00:00","dateModified":"2017-09-27T23:08:00+00:00","author":{"@id":"https:\/\/laprensacristiana.com\/#\/schema\/person\/3e7d82c6bfd6b1fa67010f8f7cd5256e"},"breadcrumb":{"@id":"https:\/\/laprensacristiana.com\/?p=3238#breadcrumb"},"inLanguage":"es","potentialAction":[{"@type":"ReadAction","target":["https:\/\/laprensacristiana.com\/?p=3238"]}]},{"@type":"BreadcrumbList","@id":"https:\/\/laprensacristiana.com\/?p=3238#breadcrumb","itemListElement":[{"@type":"ListItem","position":1,"name":"Portada","item":"https:\/\/laprensacristiana.com\/"},{"@type":"ListItem","position":2,"name":"DIOS ES ATRA\u00cdDO A ORDENAR LAS COSAS"}]},{"@type":"WebSite","@id":"https:\/\/laprensacristiana.com\/#website","url":"https:\/\/laprensacristiana.com\/","name":"La Prensa Cristiana","description":"Anunciando Las Buenas Nuevas","potentialAction":[{"@type":"SearchAction","target":{"@type":"EntryPoint","urlTemplate":"https:\/\/laprensacristiana.com\/?s={search_term_string}"},"query-input":"required name=search_term_string"}],"inLanguage":"es"},{"@type":"Person","@id":"https:\/\/laprensacristiana.com\/#\/schema\/person\/3e7d82c6bfd6b1fa67010f8f7cd5256e","name":"EDITOR","image":{"@type":"ImageObject","inLanguage":"es","@id":"https:\/\/laprensacristiana.com\/#\/schema\/person\/image\/","url":"https:\/\/secure.gravatar.com\/avatar\/72069dfb6c13772d9e8381e3638666d2?s=96&d=mm&r=g","contentUrl":"https:\/\/secure.gravatar.com\/avatar\/72069dfb6c13772d9e8381e3638666d2?s=96&d=mm&r=g","caption":"EDITOR"},"url":"https:\/\/laprensacristiana.com\/?author=3"}]}},"_links":{"self":[{"href":"https:\/\/laprensacristiana.com\/index.php?rest_route=\/wp\/v2\/posts\/3238"}],"collection":[{"href":"https:\/\/laprensacristiana.com\/index.php?rest_route=\/wp\/v2\/posts"}],"about":[{"href":"https:\/\/laprensacristiana.com\/index.php?rest_route=\/wp\/v2\/types\/post"}],"author":[{"embeddable":true,"href":"https:\/\/laprensacristiana.com\/index.php?rest_route=\/wp\/v2\/users\/3"}],"replies":[{"embeddable":true,"href":"https:\/\/laprensacristiana.com\/index.php?rest_route=%2Fwp%2Fv2%2Fcomments&post=3238"}],"version-history":[{"count":1,"href":"https:\/\/laprensacristiana.com\/index.php?rest_route=\/wp\/v2\/posts\/3238\/revisions"}],"predecessor-version":[{"id":3239,"href":"https:\/\/laprensacristiana.com\/index.php?rest_route=\/wp\/v2\/posts\/3238\/revisions\/3239"}],"wp:featuredmedia":[{"embeddable":true,"href":"https:\/\/laprensacristiana.com\/index.php?rest_route=\/wp\/v2\/media\/3131"}],"wp:attachment":[{"href":"https:\/\/laprensacristiana.com\/index.php?rest_route=%2Fwp%2Fv2%2Fmedia&parent=3238"}],"wp:term":[{"taxonomy":"category","embeddable":true,"href":"https:\/\/laprensacristiana.com\/index.php?rest_route=%2Fwp%2Fv2%2Fcategories&post=3238"},{"taxonomy":"post_tag","embeddable":true,"href":"https:\/\/laprensacristiana.com\/index.php?rest_route=%2Fwp%2Fv2%2Ftags&post=3238"}],"curies":[{"name":"wp","href":"https:\/\/api.w.org\/{rel}","templated":true}]}}