{"id":3247,"date":"2017-10-09T02:13:23","date_gmt":"2017-10-09T02:13:23","guid":{"rendered":"https:\/\/laprensacristiana.com\/?p=3247"},"modified":"2017-10-09T02:13:23","modified_gmt":"2017-10-09T02:13:23","slug":"como-esta-la-juventud-en-estos-tiempos","status":"publish","type":"post","link":"https:\/\/laprensacristiana.com\/?p=3247","title":{"rendered":"\u00bfC\u00f3mo est\u00e1 la juventud en estos tiempos?"},"content":{"rendered":"<p>En estos tiempos en los que vivimos, se han perdido los principios y valores morales, ahora la mayor\u00eda de j\u00f3venes, solo suelen hablar de los placeres de la vida, lo que el mundo les ofrece, se vive una juventud desenfrenada, se han perdido las buenas costumbres, a que me refiero cuando hablo de esto; se ha perdido los buenos h\u00e1bitos, los buenos modales, se habla de la ley del tali\u00f3n, \u201cojo por ojo y diente por diente\u201d sin importar lo que necesita tu pr\u00f3jimo, ahora se a perdido el saludo, se vive un mundo desenfrenado, y la causa de esto son muchos factores, podemos mencionar uno de ellos es:\u00a0 La desintegraci\u00f3n Familiar, ya que muchos vienen de hogares desintegrados.<\/p>\n<p>Otro seria por ser hijos rechazados, a causa de pasiones desenfrenadas por parte de sus padres; otra seria La Falta de principios cristianos en el hogar; Ya que el comportamiento de un joven es el reflejo de su hogar as\u00ed ser\u00e1 este joven en su diario vivir, muchos se equivocan al pensar que la educaci\u00f3n es en la escuela; mas bien la educaci\u00f3n viene del hogar de como sus padres te han educado. Y esto viene a ocasionar desamor en ellos, y esto ocasiona violencia, buscan llenar ese vac\u00edo con vicios, se vienen a refugiar con malas amistades.<\/p>\n<p>Ahora la mayor\u00eda solo tiene en su lenguaje \u201cFiesta\u201d Revent\u00f3n ya que este es el lenguaje que utilizan, ya que\u00a0 la mayor\u00eda a eso dedica su tiempo dejando atr\u00e1s sus estudios y la\u00a0 b\u00fasqueda de Dios.<\/p>\n<p>Joven si tu estas en los caminos de Dios, debes de ser un buen testimonio para con tus amistades ser luz y de bendici\u00f3n. Ya que en la palabra dice: \u201cPor que no me averg\u00fcenzo del evangelio por que \u00a0es pan y vida, que quiere decir esto que debes evangelizar a otros, compartirles la palabra de Dios. Si tu eres un joven que busca de Dios debes, de ser obediente hacia la palabra, ya que en esta dice \u201cTodo me es Licito mas no todo me conviene\u201d que quiere decir esto que todo lo puedes hacer joven tu puedes asistir a una discoteca, fiesta etc. Pero debes preguntarte es agradable todo lo que se hace en ese lugar a los ojos de Dios aunque tu solo asistas de observador, pero recuerda que un hijo de Dios debe de cuidar sus ojos, su hablar y su cuerpo ya que somos morada del esp\u00edritu santo.<\/p>\n<p>Con que el joven Limpiara su camino con guardar su palabra.<\/p>\n<p>Atte. Lic. Marielos Ivette Salinas.-<\/p>\n<p>Email: marielosynarvaez@hotmail.com<\/p>\n<p>&nbsp;<\/p>\n<p>&nbsp;<\/p>\n","protected":false},"excerpt":{"rendered":"<p>En estos tiempos en los que vivimos, se han perdido los principios y valores morales, ahora la mayor\u00eda de j\u00f3venes, solo suelen hablar de los placeres de la vida, lo que el mundo les ofrece, se vive una juventud desenfrenada, se han perdido las buenas costumbres, a que me refiero cuando hablo de esto; se [&hellip;]<\/p>\n","protected":false},"author":3,"featured_media":3248,"comment_status":"open","ping_status":"open","sticky":false,"template":"","format":"standard","meta":[],"categories":[36],"tags":[],"yoast_head":"<!-- This site is optimized with the Yoast SEO plugin v20.8 - https:\/\/yoast.com\/wordpress\/plugins\/seo\/ -->\n<title>\u00bfC\u00f3mo est\u00e1 la juventud en estos tiempos? - La Prensa Cristiana<\/title>\n<meta name=\"robots\" content=\"index, follow, max-snippet:-1, max-image-preview:large, max-video-preview:-1\" \/>\n<link rel=\"canonical\" href=\"https:\/\/laprensacristiana.com\/?p=3247\" \/>\n<meta property=\"og:locale\" content=\"es_ES\" \/>\n<meta property=\"og:type\" content=\"article\" \/>\n<meta property=\"og:title\" content=\"\u00bfC\u00f3mo est\u00e1 la juventud en estos tiempos? - La Prensa Cristiana\" \/>\n<meta property=\"og:description\" content=\"En estos tiempos en los que vivimos, se han perdido los principios y valores morales, ahora la mayor\u00eda de j\u00f3venes, solo suelen hablar de los placeres de la vida, lo que el mundo les ofrece, se vive una juventud desenfrenada, se han perdido las buenas costumbres, a que me refiero cuando hablo de esto; se [&hellip;]\" \/>\n<meta property=\"og:url\" content=\"https:\/\/laprensacristiana.com\/?p=3247\" \/>\n<meta property=\"og:site_name\" content=\"La Prensa Cristiana\" \/>\n<meta property=\"article:published_time\" content=\"2017-10-09T02:13:23+00:00\" \/>\n<meta property=\"og:image\" content=\"https:\/\/laprensacristiana.com\/wp-content\/uploads\/2017\/10\/REFLEXION-MARIELOS-SALINAS-01-scaled.jpg\" \/>\n\t<meta property=\"og:image:width\" content=\"2560\" \/>\n\t<meta property=\"og:image:height\" content=\"1429\" \/>\n\t<meta property=\"og:image:type\" content=\"image\/jpeg\" \/>\n<meta name=\"author\" content=\"EDITOR\" \/>\n<meta name=\"twitter:card\" content=\"summary_large_image\" \/>\n<meta name=\"twitter:label1\" content=\"Escrito por\" \/>\n\t<meta name=\"twitter:data1\" content=\"EDITOR\" \/>\n\t<meta name=\"twitter:label2\" content=\"Tiempo de lectura\" \/>\n\t<meta name=\"twitter:data2\" content=\"2 minutos\" \/>\n<script type=\"application\/ld+json\" class=\"yoast-schema-graph\">{\"@context\":\"https:\/\/schema.org\",\"@graph\":[{\"@type\":\"WebPage\",\"@id\":\"https:\/\/laprensacristiana.com\/?p=3247\",\"url\":\"https:\/\/laprensacristiana.com\/?p=3247\",\"name\":\"\u00bfC\u00f3mo est\u00e1 la juventud en estos tiempos? - La Prensa Cristiana\",\"isPartOf\":{\"@id\":\"https:\/\/laprensacristiana.com\/#website\"},\"datePublished\":\"2017-10-09T02:13:23+00:00\",\"dateModified\":\"2017-10-09T02:13:23+00:00\",\"author\":{\"@id\":\"https:\/\/laprensacristiana.com\/#\/schema\/person\/3e7d82c6bfd6b1fa67010f8f7cd5256e\"},\"breadcrumb\":{\"@id\":\"https:\/\/laprensacristiana.com\/?p=3247#breadcrumb\"},\"inLanguage\":\"es\",\"potentialAction\":[{\"@type\":\"ReadAction\",\"target\":[\"https:\/\/laprensacristiana.com\/?p=3247\"]}]},{\"@type\":\"BreadcrumbList\",\"@id\":\"https:\/\/laprensacristiana.com\/?p=3247#breadcrumb\",\"itemListElement\":[{\"@type\":\"ListItem\",\"position\":1,\"name\":\"Portada\",\"item\":\"https:\/\/laprensacristiana.com\/\"},{\"@type\":\"ListItem\",\"position\":2,\"name\":\"\u00bfC\u00f3mo est\u00e1 la juventud en estos tiempos?\"}]},{\"@type\":\"WebSite\",\"@id\":\"https:\/\/laprensacristiana.com\/#website\",\"url\":\"https:\/\/laprensacristiana.com\/\",\"name\":\"La Prensa Cristiana\",\"description\":\"Anunciando Las Buenas Nuevas\",\"potentialAction\":[{\"@type\":\"SearchAction\",\"target\":{\"@type\":\"EntryPoint\",\"urlTemplate\":\"https:\/\/laprensacristiana.com\/?s={search_term_string}\"},\"query-input\":\"required name=search_term_string\"}],\"inLanguage\":\"es\"},{\"@type\":\"Person\",\"@id\":\"https:\/\/laprensacristiana.com\/#\/schema\/person\/3e7d82c6bfd6b1fa67010f8f7cd5256e\",\"name\":\"EDITOR\",\"image\":{\"@type\":\"ImageObject\",\"inLanguage\":\"es\",\"@id\":\"https:\/\/laprensacristiana.com\/#\/schema\/person\/image\/\",\"url\":\"https:\/\/secure.gravatar.com\/avatar\/72069dfb6c13772d9e8381e3638666d2?s=96&d=mm&r=g\",\"contentUrl\":\"https:\/\/secure.gravatar.com\/avatar\/72069dfb6c13772d9e8381e3638666d2?s=96&d=mm&r=g\",\"caption\":\"EDITOR\"},\"url\":\"https:\/\/laprensacristiana.com\/?author=3\"}]}<\/script>\n<!-- \/ Yoast SEO plugin. -->","yoast_head_json":{"title":"\u00bfC\u00f3mo est\u00e1 la juventud en estos tiempos? - La Prensa Cristiana","robots":{"index":"index","follow":"follow","max-snippet":"max-snippet:-1","max-image-preview":"max-image-preview:large","max-video-preview":"max-video-preview:-1"},"canonical":"https:\/\/laprensacristiana.com\/?p=3247","og_locale":"es_ES","og_type":"article","og_title":"\u00bfC\u00f3mo est\u00e1 la juventud en estos tiempos? - La Prensa Cristiana","og_description":"En estos tiempos en los que vivimos, se han perdido los principios y valores morales, ahora la mayor\u00eda de j\u00f3venes, solo suelen hablar de los placeres de la vida, lo que el mundo les ofrece, se vive una juventud desenfrenada, se han perdido las buenas costumbres, a que me refiero cuando hablo de esto; se [&hellip;]","og_url":"https:\/\/laprensacristiana.com\/?p=3247","og_site_name":"La Prensa Cristiana","article_published_time":"2017-10-09T02:13:23+00:00","og_image":[{"width":2560,"height":1429,"url":"https:\/\/laprensacristiana.com\/wp-content\/uploads\/2017\/10\/REFLEXION-MARIELOS-SALINAS-01-scaled.jpg","type":"image\/jpeg"}],"author":"EDITOR","twitter_card":"summary_large_image","twitter_misc":{"Escrito por":"EDITOR","Tiempo de lectura":"2 minutos"},"schema":{"@context":"https:\/\/schema.org","@graph":[{"@type":"WebPage","@id":"https:\/\/laprensacristiana.com\/?p=3247","url":"https:\/\/laprensacristiana.com\/?p=3247","name":"\u00bfC\u00f3mo est\u00e1 la juventud en estos tiempos? - La Prensa Cristiana","isPartOf":{"@id":"https:\/\/laprensacristiana.com\/#website"},"datePublished":"2017-10-09T02:13:23+00:00","dateModified":"2017-10-09T02:13:23+00:00","author":{"@id":"https:\/\/laprensacristiana.com\/#\/schema\/person\/3e7d82c6bfd6b1fa67010f8f7cd5256e"},"breadcrumb":{"@id":"https:\/\/laprensacristiana.com\/?p=3247#breadcrumb"},"inLanguage":"es","potentialAction":[{"@type":"ReadAction","target":["https:\/\/laprensacristiana.com\/?p=3247"]}]},{"@type":"BreadcrumbList","@id":"https:\/\/laprensacristiana.com\/?p=3247#breadcrumb","itemListElement":[{"@type":"ListItem","position":1,"name":"Portada","item":"https:\/\/laprensacristiana.com\/"},{"@type":"ListItem","position":2,"name":"\u00bfC\u00f3mo est\u00e1 la juventud en estos tiempos?"}]},{"@type":"WebSite","@id":"https:\/\/laprensacristiana.com\/#website","url":"https:\/\/laprensacristiana.com\/","name":"La Prensa Cristiana","description":"Anunciando Las Buenas Nuevas","potentialAction":[{"@type":"SearchAction","target":{"@type":"EntryPoint","urlTemplate":"https:\/\/laprensacristiana.com\/?s={search_term_string}"},"query-input":"required name=search_term_string"}],"inLanguage":"es"},{"@type":"Person","@id":"https:\/\/laprensacristiana.com\/#\/schema\/person\/3e7d82c6bfd6b1fa67010f8f7cd5256e","name":"EDITOR","image":{"@type":"ImageObject","inLanguage":"es","@id":"https:\/\/laprensacristiana.com\/#\/schema\/person\/image\/","url":"https:\/\/secure.gravatar.com\/avatar\/72069dfb6c13772d9e8381e3638666d2?s=96&d=mm&r=g","contentUrl":"https:\/\/secure.gravatar.com\/avatar\/72069dfb6c13772d9e8381e3638666d2?s=96&d=mm&r=g","caption":"EDITOR"},"url":"https:\/\/laprensacristiana.com\/?author=3"}]}},"_links":{"self":[{"href":"https:\/\/laprensacristiana.com\/index.php?rest_route=\/wp\/v2\/posts\/3247"}],"collection":[{"href":"https:\/\/laprensacristiana.com\/index.php?rest_route=\/wp\/v2\/posts"}],"about":[{"href":"https:\/\/laprensacristiana.com\/index.php?rest_route=\/wp\/v2\/types\/post"}],"author":[{"embeddable":true,"href":"https:\/\/laprensacristiana.com\/index.php?rest_route=\/wp\/v2\/users\/3"}],"replies":[{"embeddable":true,"href":"https:\/\/laprensacristiana.com\/index.php?rest_route=%2Fwp%2Fv2%2Fcomments&post=3247"}],"version-history":[{"count":1,"href":"https:\/\/laprensacristiana.com\/index.php?rest_route=\/wp\/v2\/posts\/3247\/revisions"}],"predecessor-version":[{"id":3249,"href":"https:\/\/laprensacristiana.com\/index.php?rest_route=\/wp\/v2\/posts\/3247\/revisions\/3249"}],"wp:featuredmedia":[{"embeddable":true,"href":"https:\/\/laprensacristiana.com\/index.php?rest_route=\/wp\/v2\/media\/3248"}],"wp:attachment":[{"href":"https:\/\/laprensacristiana.com\/index.php?rest_route=%2Fwp%2Fv2%2Fmedia&parent=3247"}],"wp:term":[{"taxonomy":"category","embeddable":true,"href":"https:\/\/laprensacristiana.com\/index.php?rest_route=%2Fwp%2Fv2%2Fcategories&post=3247"},{"taxonomy":"post_tag","embeddable":true,"href":"https:\/\/laprensacristiana.com\/index.php?rest_route=%2Fwp%2Fv2%2Ftags&post=3247"}],"curies":[{"name":"wp","href":"https:\/\/api.w.org\/{rel}","templated":true}]}}