{"id":3255,"date":"2017-10-14T02:02:00","date_gmt":"2017-10-14T02:02:00","guid":{"rendered":"https:\/\/laprensacristiana.com\/?p=3255"},"modified":"2017-10-14T02:02:00","modified_gmt":"2017-10-14T02:02:00","slug":"la-prevencion-estrangulada","status":"publish","type":"post","link":"https:\/\/laprensacristiana.com\/?p=3255","title":{"rendered":"LA PREVENCI\u00d3N ESTRANGULADA"},"content":{"rendered":"<p>La prevenci\u00f3n es la cenicienta del tema de seguridad. Por un lado, es despreciada por la poblaci\u00f3n que, harta de violencia, desea salidas r\u00e1pidas sin reparar en que con su ira vengativa multiplica lo que desea remediar.<span id=\"more-8805\"><\/span>\u00a0Por el otro lado, tambi\u00e9n es despreciada por los pol\u00edticos que, sedientos de proselitismo, procuran salidas r\u00e1pidas a un problema cuya soluci\u00f3n no tiene atajos. Tales desprecios no permiten que la prevenci\u00f3n se aborde con la seriedad que requiere y la espiral violenta contin\u00faa aliment\u00e1ndose a s\u00ed misma a\u00f1o tras a\u00f1o.<\/p>\n<p>Un ejemplo de ello es la manera como la Asamblea Legislativa distribuye la Contribuci\u00f3n Especial para la Seguridad o impuesto a la telefon\u00eda. El Plan El Salvador Seguro ha sido dise\u00f1ado de manera que un 73 % de la inversi\u00f3n se haga en acciones de prevenci\u00f3n en tanto que solamente el 7 % se enfoque en el eje de la persecuci\u00f3n del delito. No obstante, en el semestre comprendido entre enero a junio del corriente a\u00f1o se asign\u00f3 un 38 % de los fondos para prevenci\u00f3n en tanto que un 44 % en el rubro de persecuci\u00f3n. Esa disparidad debilita el Plan al despojarle de los fondos adecuados para atender el eje de la prevenci\u00f3n. Adem\u00e1s, es importante hacer constar que dicha asignaci\u00f3n se logr\u00f3 a fuerza de argumentar con partidos dentro de la Asamblea que propon\u00edan una asignaci\u00f3n a\u00fan m\u00e1s desequilibrada.<\/p>\n<p>El \u00e9nfasis en el tema de la prevenci\u00f3n no niega ni anula los esfuerzos que deben realizarse en el campo de la persecuci\u00f3n del delito. Esa es una responsabilidad ineludible del Estado. Pero, de la misma manera que se aplica toda contundencia a la persecuci\u00f3n, deber\u00eda darse igual contundencia al tema de la prevenci\u00f3n.<\/p>\n<p>La gran cruzada contra los cabecillas de las pandillas resultar\u00e1 a la larga in\u00fatil si no se hace nada para evitar el surgimiento de nuevas generaciones de j\u00f3venes en conflicto con la sociedad que tomar\u00e1n el lugar de aqu\u00e9llos. Se trata de un ciclo interminable de sucesi\u00f3n en el liderazgo de las pandillas que no se detendr\u00e1 mientras no se desarrollen planes serios y sostenidos de prevenci\u00f3n que atiendan a las causas del problema. Pero si se niegan los fondos, la prevenci\u00f3n seguir\u00e1 condena a ser siempre mendiga, limitada, estrangulada e ineficiente. Todo ello, para mal de la ciudadan\u00eda; que si bien es cierto que presiona para que se tomen medidas cada vez m\u00e1s violentas, terminar\u00e1 por pagar un alt\u00edsimo precio de sangre para convencerse de su error cuando ya sean demasiadas las v\u00edctimas.<\/p>\n<p>Mientras tanto, las iglesias y otras organizaciones para-eclesiales contin\u00faan trabajando con fondos propios en los niveles de prevenci\u00f3n primaria, secundaria y terciaria. Pero, continuamente enfrentando grandes obst\u00e1culos para completar la inserci\u00f3n social de los j\u00f3venes redimidos. Uno de los obst\u00e1culos es la carencia de la ley de rehabilitaci\u00f3n e inserci\u00f3n de ex miembros de pandillas, la cual, fue ofrecida por primera vez en septiembre de 2010 y que hasta el d\u00eda de hoy contin\u00faa acumulando olvido en alg\u00fan archivo.<\/p>\n<p>La falta de un marco legal que ofrezca garant\u00edas a los j\u00f3venes rescatados se convierte en un elemento que desanima a otros que tambi\u00e9n preferir\u00edan abandonar sus actividades delictivas si supieran que ser\u00e1n respetados por la polic\u00eda y el ej\u00e9rcito y aceptados en su nueva vida sin sufrir abusos. Todas estas cosas son las que se necesita cambiar para comenzar a tener un poco de esperanza si es que so\u00f1amos con un El Salvador seguro.<\/p>\n","protected":false},"excerpt":{"rendered":"<p>La prevenci\u00f3n es la cenicienta del tema de seguridad. Por un lado, es despreciada por la poblaci\u00f3n que, harta de violencia, desea salidas r\u00e1pidas sin reparar en que con su ira vengativa multiplica lo que desea remediar.\u00a0Por el otro lado, tambi\u00e9n es despreciada por los pol\u00edticos que, sedientos de proselitismo, procuran salidas r\u00e1pidas a un [&hellip;]<\/p>\n","protected":false},"author":3,"featured_media":3170,"comment_status":"open","ping_status":"open","sticky":false,"template":"","format":"standard","meta":[],"categories":[23],"tags":[],"yoast_head":"<!-- This site is optimized with the Yoast SEO plugin v20.8 - https:\/\/yoast.com\/wordpress\/plugins\/seo\/ -->\n<title>LA PREVENCI\u00d3N ESTRANGULADA - La Prensa Cristiana<\/title>\n<meta name=\"robots\" content=\"index, follow, max-snippet:-1, max-image-preview:large, max-video-preview:-1\" \/>\n<link rel=\"canonical\" href=\"https:\/\/laprensacristiana.com\/?p=3255\" \/>\n<meta property=\"og:locale\" content=\"es_ES\" \/>\n<meta property=\"og:type\" content=\"article\" \/>\n<meta property=\"og:title\" content=\"LA PREVENCI\u00d3N ESTRANGULADA - La Prensa Cristiana\" \/>\n<meta property=\"og:description\" content=\"La prevenci\u00f3n es la cenicienta del tema de seguridad. Por un lado, es despreciada por la poblaci\u00f3n que, harta de violencia, desea salidas r\u00e1pidas sin reparar en que con su ira vengativa multiplica lo que desea remediar.\u00a0Por el otro lado, tambi\u00e9n es despreciada por los pol\u00edticos que, sedientos de proselitismo, procuran salidas r\u00e1pidas a un [&hellip;]\" \/>\n<meta property=\"og:url\" content=\"https:\/\/laprensacristiana.com\/?p=3255\" \/>\n<meta property=\"og:site_name\" content=\"La Prensa Cristiana\" \/>\n<meta property=\"article:published_time\" content=\"2017-10-14T02:02:00+00:00\" \/>\n<meta property=\"og:image\" content=\"https:\/\/laprensacristiana.com\/wp-content\/uploads\/2017\/09\/OPINION-01-scaled.jpg\" \/>\n\t<meta property=\"og:image:width\" content=\"2560\" \/>\n\t<meta property=\"og:image:height\" content=\"1429\" \/>\n\t<meta property=\"og:image:type\" content=\"image\/jpeg\" \/>\n<meta name=\"author\" content=\"EDITOR\" \/>\n<meta name=\"twitter:card\" content=\"summary_large_image\" \/>\n<meta name=\"twitter:label1\" content=\"Escrito por\" \/>\n\t<meta name=\"twitter:data1\" content=\"EDITOR\" \/>\n\t<meta name=\"twitter:label2\" content=\"Tiempo de lectura\" \/>\n\t<meta name=\"twitter:data2\" content=\"3 minutos\" \/>\n<script type=\"application\/ld+json\" class=\"yoast-schema-graph\">{\"@context\":\"https:\/\/schema.org\",\"@graph\":[{\"@type\":\"WebPage\",\"@id\":\"https:\/\/laprensacristiana.com\/?p=3255\",\"url\":\"https:\/\/laprensacristiana.com\/?p=3255\",\"name\":\"LA PREVENCI\u00d3N ESTRANGULADA - La Prensa Cristiana\",\"isPartOf\":{\"@id\":\"https:\/\/laprensacristiana.com\/#website\"},\"datePublished\":\"2017-10-14T02:02:00+00:00\",\"dateModified\":\"2017-10-14T02:02:00+00:00\",\"author\":{\"@id\":\"https:\/\/laprensacristiana.com\/#\/schema\/person\/3e7d82c6bfd6b1fa67010f8f7cd5256e\"},\"breadcrumb\":{\"@id\":\"https:\/\/laprensacristiana.com\/?p=3255#breadcrumb\"},\"inLanguage\":\"es\",\"potentialAction\":[{\"@type\":\"ReadAction\",\"target\":[\"https:\/\/laprensacristiana.com\/?p=3255\"]}]},{\"@type\":\"BreadcrumbList\",\"@id\":\"https:\/\/laprensacristiana.com\/?p=3255#breadcrumb\",\"itemListElement\":[{\"@type\":\"ListItem\",\"position\":1,\"name\":\"Portada\",\"item\":\"https:\/\/laprensacristiana.com\/\"},{\"@type\":\"ListItem\",\"position\":2,\"name\":\"LA PREVENCI\u00d3N ESTRANGULADA\"}]},{\"@type\":\"WebSite\",\"@id\":\"https:\/\/laprensacristiana.com\/#website\",\"url\":\"https:\/\/laprensacristiana.com\/\",\"name\":\"La Prensa Cristiana\",\"description\":\"Anunciando Las Buenas Nuevas\",\"potentialAction\":[{\"@type\":\"SearchAction\",\"target\":{\"@type\":\"EntryPoint\",\"urlTemplate\":\"https:\/\/laprensacristiana.com\/?s={search_term_string}\"},\"query-input\":\"required name=search_term_string\"}],\"inLanguage\":\"es\"},{\"@type\":\"Person\",\"@id\":\"https:\/\/laprensacristiana.com\/#\/schema\/person\/3e7d82c6bfd6b1fa67010f8f7cd5256e\",\"name\":\"EDITOR\",\"image\":{\"@type\":\"ImageObject\",\"inLanguage\":\"es\",\"@id\":\"https:\/\/laprensacristiana.com\/#\/schema\/person\/image\/\",\"url\":\"https:\/\/secure.gravatar.com\/avatar\/72069dfb6c13772d9e8381e3638666d2?s=96&d=mm&r=g\",\"contentUrl\":\"https:\/\/secure.gravatar.com\/avatar\/72069dfb6c13772d9e8381e3638666d2?s=96&d=mm&r=g\",\"caption\":\"EDITOR\"},\"url\":\"https:\/\/laprensacristiana.com\/?author=3\"}]}<\/script>\n<!-- \/ Yoast SEO plugin. -->","yoast_head_json":{"title":"LA PREVENCI\u00d3N ESTRANGULADA - La Prensa Cristiana","robots":{"index":"index","follow":"follow","max-snippet":"max-snippet:-1","max-image-preview":"max-image-preview:large","max-video-preview":"max-video-preview:-1"},"canonical":"https:\/\/laprensacristiana.com\/?p=3255","og_locale":"es_ES","og_type":"article","og_title":"LA PREVENCI\u00d3N ESTRANGULADA - La Prensa Cristiana","og_description":"La prevenci\u00f3n es la cenicienta del tema de seguridad. Por un lado, es despreciada por la poblaci\u00f3n que, harta de violencia, desea salidas r\u00e1pidas sin reparar en que con su ira vengativa multiplica lo que desea remediar.\u00a0Por el otro lado, tambi\u00e9n es despreciada por los pol\u00edticos que, sedientos de proselitismo, procuran salidas r\u00e1pidas a un [&hellip;]","og_url":"https:\/\/laprensacristiana.com\/?p=3255","og_site_name":"La Prensa Cristiana","article_published_time":"2017-10-14T02:02:00+00:00","og_image":[{"width":2560,"height":1429,"url":"https:\/\/laprensacristiana.com\/wp-content\/uploads\/2017\/09\/OPINION-01-scaled.jpg","type":"image\/jpeg"}],"author":"EDITOR","twitter_card":"summary_large_image","twitter_misc":{"Escrito por":"EDITOR","Tiempo de lectura":"3 minutos"},"schema":{"@context":"https:\/\/schema.org","@graph":[{"@type":"WebPage","@id":"https:\/\/laprensacristiana.com\/?p=3255","url":"https:\/\/laprensacristiana.com\/?p=3255","name":"LA PREVENCI\u00d3N ESTRANGULADA - La Prensa Cristiana","isPartOf":{"@id":"https:\/\/laprensacristiana.com\/#website"},"datePublished":"2017-10-14T02:02:00+00:00","dateModified":"2017-10-14T02:02:00+00:00","author":{"@id":"https:\/\/laprensacristiana.com\/#\/schema\/person\/3e7d82c6bfd6b1fa67010f8f7cd5256e"},"breadcrumb":{"@id":"https:\/\/laprensacristiana.com\/?p=3255#breadcrumb"},"inLanguage":"es","potentialAction":[{"@type":"ReadAction","target":["https:\/\/laprensacristiana.com\/?p=3255"]}]},{"@type":"BreadcrumbList","@id":"https:\/\/laprensacristiana.com\/?p=3255#breadcrumb","itemListElement":[{"@type":"ListItem","position":1,"name":"Portada","item":"https:\/\/laprensacristiana.com\/"},{"@type":"ListItem","position":2,"name":"LA PREVENCI\u00d3N ESTRANGULADA"}]},{"@type":"WebSite","@id":"https:\/\/laprensacristiana.com\/#website","url":"https:\/\/laprensacristiana.com\/","name":"La Prensa Cristiana","description":"Anunciando Las Buenas Nuevas","potentialAction":[{"@type":"SearchAction","target":{"@type":"EntryPoint","urlTemplate":"https:\/\/laprensacristiana.com\/?s={search_term_string}"},"query-input":"required name=search_term_string"}],"inLanguage":"es"},{"@type":"Person","@id":"https:\/\/laprensacristiana.com\/#\/schema\/person\/3e7d82c6bfd6b1fa67010f8f7cd5256e","name":"EDITOR","image":{"@type":"ImageObject","inLanguage":"es","@id":"https:\/\/laprensacristiana.com\/#\/schema\/person\/image\/","url":"https:\/\/secure.gravatar.com\/avatar\/72069dfb6c13772d9e8381e3638666d2?s=96&d=mm&r=g","contentUrl":"https:\/\/secure.gravatar.com\/avatar\/72069dfb6c13772d9e8381e3638666d2?s=96&d=mm&r=g","caption":"EDITOR"},"url":"https:\/\/laprensacristiana.com\/?author=3"}]}},"_links":{"self":[{"href":"https:\/\/laprensacristiana.com\/index.php?rest_route=\/wp\/v2\/posts\/3255"}],"collection":[{"href":"https:\/\/laprensacristiana.com\/index.php?rest_route=\/wp\/v2\/posts"}],"about":[{"href":"https:\/\/laprensacristiana.com\/index.php?rest_route=\/wp\/v2\/types\/post"}],"author":[{"embeddable":true,"href":"https:\/\/laprensacristiana.com\/index.php?rest_route=\/wp\/v2\/users\/3"}],"replies":[{"embeddable":true,"href":"https:\/\/laprensacristiana.com\/index.php?rest_route=%2Fwp%2Fv2%2Fcomments&post=3255"}],"version-history":[{"count":1,"href":"https:\/\/laprensacristiana.com\/index.php?rest_route=\/wp\/v2\/posts\/3255\/revisions"}],"predecessor-version":[{"id":3256,"href":"https:\/\/laprensacristiana.com\/index.php?rest_route=\/wp\/v2\/posts\/3255\/revisions\/3256"}],"wp:featuredmedia":[{"embeddable":true,"href":"https:\/\/laprensacristiana.com\/index.php?rest_route=\/wp\/v2\/media\/3170"}],"wp:attachment":[{"href":"https:\/\/laprensacristiana.com\/index.php?rest_route=%2Fwp%2Fv2%2Fmedia&parent=3255"}],"wp:term":[{"taxonomy":"category","embeddable":true,"href":"https:\/\/laprensacristiana.com\/index.php?rest_route=%2Fwp%2Fv2%2Fcategories&post=3255"},{"taxonomy":"post_tag","embeddable":true,"href":"https:\/\/laprensacristiana.com\/index.php?rest_route=%2Fwp%2Fv2%2Ftags&post=3255"}],"curies":[{"name":"wp","href":"https:\/\/api.w.org\/{rel}","templated":true}]}}