{"id":3291,"date":"2017-11-07T19:05:57","date_gmt":"2017-11-07T19:05:57","guid":{"rendered":"https:\/\/laprensacristiana.com\/?p=3291"},"modified":"2017-11-07T19:05:57","modified_gmt":"2017-11-07T19:05:57","slug":"olvida-tu-pasado","status":"publish","type":"post","link":"https:\/\/laprensacristiana.com\/?p=3291","title":{"rendered":"Olvida tu pasado"},"content":{"rendered":"<p>G\u00e9nesis 8:18-19<\/p>\n<p>Todos pensamos que Dios s\u00f3lo oye y ve. Pero el tiene olfato y es el sentido m\u00e1s fuerte de Dios . El olor que m\u00e1s le impresiona a \u00c9L es a lo quemado. Por eso debes de procurar que tu carne se queme para Dios y no para el mundo. Le gusta que en medio de las tentaciones, t\u00fa digas no.<\/p>\n<p>Cuando vas al altar, y llevas tus diezmos y ofrendas y quer\u00edas comprarte un iPhone 10 . El ve que pospusiste algo que quer\u00edas, por obedecerle y honrarle. No es tu dinero lo que le agrada a Dios , sino es que tu dinero no controla a tu carne. Cuando vas a la tu congregaci\u00f3n, ese debe de ser tu mejor momento.<\/p>\n<p>Aunque la gente a tu alrededor te diga que las cosas se est\u00e1n poniendo peores, tu fe debe de decirte que hay algo nuevo que viene . Mientras muchos quieren dejarlo todo, e irse a otro lugar, t\u00fa actitud debe ser emprendedora. Y creer que en unos a\u00f1os, no reconocer\u00e1n nuestra naci\u00f3n amada, y tampoco a T\u00ed.<\/p>\n<p>Este tiempo puede traer caos y confusi\u00f3n para muchos, pero Dios te est\u00e1 dando una oportunidad.<br \/>\nPueda que te des cuenta de que las personas que estaban antes , ya no est\u00e1n. Has vivido momentos tristes por la gente que se ha ido, y por las cosas que has perdido.<\/p>\n<p>Marca este d\u00eda en tu calendario ; la puerta para una nueva vida se abri\u00f3. No tengas miedo del que se fue: No\u00e9 se qued\u00f3 solo con siete personas y ellos bastaron para llenar la tierra .<\/p>\n<p>Declaro que al leer estas palabras, t\u00fa las haces tuyas y pronto tu me testificar\u00e1s de lo que has hecho en obediencia a nuestro amado Padre .<\/p>\n<p>Marlene Chorro a los pies de Jesucristo.<\/p>\n","protected":false},"excerpt":{"rendered":"<p>G\u00e9nesis 8:18-19 Todos pensamos que Dios s\u00f3lo oye y ve. Pero el tiene olfato y es el sentido m\u00e1s fuerte de Dios . El olor que m\u00e1s le impresiona a \u00c9L es a lo quemado. Por eso debes de procurar que tu carne se queme para Dios y no para el mundo. Le gusta que [&hellip;]<\/p>\n","protected":false},"author":3,"featured_media":3262,"comment_status":"open","ping_status":"open","sticky":false,"template":"","format":"standard","meta":[],"categories":[36],"tags":[],"yoast_head":"<!-- This site is optimized with the Yoast SEO plugin v20.8 - https:\/\/yoast.com\/wordpress\/plugins\/seo\/ -->\n<title>Olvida tu pasado - La Prensa Cristiana<\/title>\n<meta name=\"robots\" content=\"index, follow, max-snippet:-1, max-image-preview:large, max-video-preview:-1\" \/>\n<link rel=\"canonical\" href=\"https:\/\/laprensacristiana.com\/?p=3291\" \/>\n<meta property=\"og:locale\" content=\"es_ES\" \/>\n<meta property=\"og:type\" content=\"article\" \/>\n<meta property=\"og:title\" content=\"Olvida tu pasado - La Prensa Cristiana\" \/>\n<meta property=\"og:description\" content=\"G\u00e9nesis 8:18-19 Todos pensamos que Dios s\u00f3lo oye y ve. Pero el tiene olfato y es el sentido m\u00e1s fuerte de Dios . El olor que m\u00e1s le impresiona a \u00c9L es a lo quemado. Por eso debes de procurar que tu carne se queme para Dios y no para el mundo. Le gusta que [&hellip;]\" \/>\n<meta property=\"og:url\" content=\"https:\/\/laprensacristiana.com\/?p=3291\" \/>\n<meta property=\"og:site_name\" content=\"La Prensa Cristiana\" \/>\n<meta property=\"article:published_time\" content=\"2017-11-07T19:05:57+00:00\" \/>\n<meta property=\"og:image\" content=\"https:\/\/laprensacristiana.com\/wp-content\/uploads\/2017\/10\/MARLENE-CHORRO-scaled.jpg\" \/>\n\t<meta property=\"og:image:width\" content=\"2560\" \/>\n\t<meta property=\"og:image:height\" content=\"1429\" \/>\n\t<meta property=\"og:image:type\" content=\"image\/jpeg\" \/>\n<meta name=\"author\" content=\"EDITOR\" \/>\n<meta name=\"twitter:card\" content=\"summary_large_image\" \/>\n<meta name=\"twitter:label1\" content=\"Escrito por\" \/>\n\t<meta name=\"twitter:data1\" content=\"EDITOR\" \/>\n\t<meta name=\"twitter:label2\" content=\"Tiempo de lectura\" \/>\n\t<meta name=\"twitter:data2\" content=\"2 minutos\" \/>\n<script type=\"application\/ld+json\" class=\"yoast-schema-graph\">{\"@context\":\"https:\/\/schema.org\",\"@graph\":[{\"@type\":\"WebPage\",\"@id\":\"https:\/\/laprensacristiana.com\/?p=3291\",\"url\":\"https:\/\/laprensacristiana.com\/?p=3291\",\"name\":\"Olvida tu pasado - La Prensa Cristiana\",\"isPartOf\":{\"@id\":\"https:\/\/laprensacristiana.com\/#website\"},\"datePublished\":\"2017-11-07T19:05:57+00:00\",\"dateModified\":\"2017-11-07T19:05:57+00:00\",\"author\":{\"@id\":\"https:\/\/laprensacristiana.com\/#\/schema\/person\/3e7d82c6bfd6b1fa67010f8f7cd5256e\"},\"breadcrumb\":{\"@id\":\"https:\/\/laprensacristiana.com\/?p=3291#breadcrumb\"},\"inLanguage\":\"es\",\"potentialAction\":[{\"@type\":\"ReadAction\",\"target\":[\"https:\/\/laprensacristiana.com\/?p=3291\"]}]},{\"@type\":\"BreadcrumbList\",\"@id\":\"https:\/\/laprensacristiana.com\/?p=3291#breadcrumb\",\"itemListElement\":[{\"@type\":\"ListItem\",\"position\":1,\"name\":\"Portada\",\"item\":\"https:\/\/laprensacristiana.com\/\"},{\"@type\":\"ListItem\",\"position\":2,\"name\":\"Olvida tu pasado\"}]},{\"@type\":\"WebSite\",\"@id\":\"https:\/\/laprensacristiana.com\/#website\",\"url\":\"https:\/\/laprensacristiana.com\/\",\"name\":\"La Prensa Cristiana\",\"description\":\"Anunciando Las Buenas Nuevas\",\"potentialAction\":[{\"@type\":\"SearchAction\",\"target\":{\"@type\":\"EntryPoint\",\"urlTemplate\":\"https:\/\/laprensacristiana.com\/?s={search_term_string}\"},\"query-input\":\"required name=search_term_string\"}],\"inLanguage\":\"es\"},{\"@type\":\"Person\",\"@id\":\"https:\/\/laprensacristiana.com\/#\/schema\/person\/3e7d82c6bfd6b1fa67010f8f7cd5256e\",\"name\":\"EDITOR\",\"image\":{\"@type\":\"ImageObject\",\"inLanguage\":\"es\",\"@id\":\"https:\/\/laprensacristiana.com\/#\/schema\/person\/image\/\",\"url\":\"https:\/\/secure.gravatar.com\/avatar\/72069dfb6c13772d9e8381e3638666d2?s=96&d=mm&r=g\",\"contentUrl\":\"https:\/\/secure.gravatar.com\/avatar\/72069dfb6c13772d9e8381e3638666d2?s=96&d=mm&r=g\",\"caption\":\"EDITOR\"},\"url\":\"https:\/\/laprensacristiana.com\/?author=3\"}]}<\/script>\n<!-- \/ Yoast SEO plugin. -->","yoast_head_json":{"title":"Olvida tu pasado - La Prensa Cristiana","robots":{"index":"index","follow":"follow","max-snippet":"max-snippet:-1","max-image-preview":"max-image-preview:large","max-video-preview":"max-video-preview:-1"},"canonical":"https:\/\/laprensacristiana.com\/?p=3291","og_locale":"es_ES","og_type":"article","og_title":"Olvida tu pasado - La Prensa Cristiana","og_description":"G\u00e9nesis 8:18-19 Todos pensamos que Dios s\u00f3lo oye y ve. Pero el tiene olfato y es el sentido m\u00e1s fuerte de Dios . El olor que m\u00e1s le impresiona a \u00c9L es a lo quemado. Por eso debes de procurar que tu carne se queme para Dios y no para el mundo. Le gusta que [&hellip;]","og_url":"https:\/\/laprensacristiana.com\/?p=3291","og_site_name":"La Prensa Cristiana","article_published_time":"2017-11-07T19:05:57+00:00","og_image":[{"width":2560,"height":1429,"url":"https:\/\/laprensacristiana.com\/wp-content\/uploads\/2017\/10\/MARLENE-CHORRO-scaled.jpg","type":"image\/jpeg"}],"author":"EDITOR","twitter_card":"summary_large_image","twitter_misc":{"Escrito por":"EDITOR","Tiempo de lectura":"2 minutos"},"schema":{"@context":"https:\/\/schema.org","@graph":[{"@type":"WebPage","@id":"https:\/\/laprensacristiana.com\/?p=3291","url":"https:\/\/laprensacristiana.com\/?p=3291","name":"Olvida tu pasado - La Prensa Cristiana","isPartOf":{"@id":"https:\/\/laprensacristiana.com\/#website"},"datePublished":"2017-11-07T19:05:57+00:00","dateModified":"2017-11-07T19:05:57+00:00","author":{"@id":"https:\/\/laprensacristiana.com\/#\/schema\/person\/3e7d82c6bfd6b1fa67010f8f7cd5256e"},"breadcrumb":{"@id":"https:\/\/laprensacristiana.com\/?p=3291#breadcrumb"},"inLanguage":"es","potentialAction":[{"@type":"ReadAction","target":["https:\/\/laprensacristiana.com\/?p=3291"]}]},{"@type":"BreadcrumbList","@id":"https:\/\/laprensacristiana.com\/?p=3291#breadcrumb","itemListElement":[{"@type":"ListItem","position":1,"name":"Portada","item":"https:\/\/laprensacristiana.com\/"},{"@type":"ListItem","position":2,"name":"Olvida tu pasado"}]},{"@type":"WebSite","@id":"https:\/\/laprensacristiana.com\/#website","url":"https:\/\/laprensacristiana.com\/","name":"La Prensa Cristiana","description":"Anunciando Las Buenas Nuevas","potentialAction":[{"@type":"SearchAction","target":{"@type":"EntryPoint","urlTemplate":"https:\/\/laprensacristiana.com\/?s={search_term_string}"},"query-input":"required name=search_term_string"}],"inLanguage":"es"},{"@type":"Person","@id":"https:\/\/laprensacristiana.com\/#\/schema\/person\/3e7d82c6bfd6b1fa67010f8f7cd5256e","name":"EDITOR","image":{"@type":"ImageObject","inLanguage":"es","@id":"https:\/\/laprensacristiana.com\/#\/schema\/person\/image\/","url":"https:\/\/secure.gravatar.com\/avatar\/72069dfb6c13772d9e8381e3638666d2?s=96&d=mm&r=g","contentUrl":"https:\/\/secure.gravatar.com\/avatar\/72069dfb6c13772d9e8381e3638666d2?s=96&d=mm&r=g","caption":"EDITOR"},"url":"https:\/\/laprensacristiana.com\/?author=3"}]}},"_links":{"self":[{"href":"https:\/\/laprensacristiana.com\/index.php?rest_route=\/wp\/v2\/posts\/3291"}],"collection":[{"href":"https:\/\/laprensacristiana.com\/index.php?rest_route=\/wp\/v2\/posts"}],"about":[{"href":"https:\/\/laprensacristiana.com\/index.php?rest_route=\/wp\/v2\/types\/post"}],"author":[{"embeddable":true,"href":"https:\/\/laprensacristiana.com\/index.php?rest_route=\/wp\/v2\/users\/3"}],"replies":[{"embeddable":true,"href":"https:\/\/laprensacristiana.com\/index.php?rest_route=%2Fwp%2Fv2%2Fcomments&post=3291"}],"version-history":[{"count":1,"href":"https:\/\/laprensacristiana.com\/index.php?rest_route=\/wp\/v2\/posts\/3291\/revisions"}],"predecessor-version":[{"id":3292,"href":"https:\/\/laprensacristiana.com\/index.php?rest_route=\/wp\/v2\/posts\/3291\/revisions\/3292"}],"wp:featuredmedia":[{"embeddable":true,"href":"https:\/\/laprensacristiana.com\/index.php?rest_route=\/wp\/v2\/media\/3262"}],"wp:attachment":[{"href":"https:\/\/laprensacristiana.com\/index.php?rest_route=%2Fwp%2Fv2%2Fmedia&parent=3291"}],"wp:term":[{"taxonomy":"category","embeddable":true,"href":"https:\/\/laprensacristiana.com\/index.php?rest_route=%2Fwp%2Fv2%2Fcategories&post=3291"},{"taxonomy":"post_tag","embeddable":true,"href":"https:\/\/laprensacristiana.com\/index.php?rest_route=%2Fwp%2Fv2%2Ftags&post=3291"}],"curies":[{"name":"wp","href":"https:\/\/api.w.org\/{rel}","templated":true}]}}