{"id":3296,"date":"2017-11-15T18:24:12","date_gmt":"2017-11-15T18:24:12","guid":{"rendered":"https:\/\/laprensacristiana.com\/?p=3296"},"modified":"2020-07-02T00:24:26","modified_gmt":"2020-07-02T00:24:26","slug":"nombran-capellanes-agentes-de-la-paz-social","status":"publish","type":"post","link":"https:\/\/laprensacristiana.com\/?p=3296","title":{"rendered":"Nombran Capellanes Agentes de la Paz Social"},"content":{"rendered":"<p>El pasado s\u00e1bado 11 de Noviembre del presente a\u00f1o, en horas de la tarde se celebr\u00f3 en las instalaciones del CODEM la primera Graduaci\u00f3n de Agentes Capellanes de la Paz Social y Unidad especial de primeros Auxilios y Asistencia Social .Voluntarios afiliados a la ONU.<\/p>\n<p><img decoding=\"async\" loading=\"lazy\" class=\"alignnone size-full wp-image-3298\" src=\"https:\/\/laprensacristiana.com\/wp-content\/uploads\/2017\/11\/23635481_10155685506821970_1407568801_n.jpg\" alt=\"\" width=\"480\" height=\"320\" srcset=\"https:\/\/laprensacristiana.com\/wp-content\/uploads\/2017\/11\/23635481_10155685506821970_1407568801_n.jpg 480w, https:\/\/laprensacristiana.com\/wp-content\/uploads\/2017\/11\/23635481_10155685506821970_1407568801_n-300x200.jpg 300w\" sizes=\"(max-width: 480px) 100vw, 480px\" \/><\/p>\n<p>Fueron en total 12 \u00a0graduados de la Universidad Reina Valera, y como Capellanes de US UCIA CORPORATION INC. CEO. El fundador y Presidente De US UCIA ORG. Garry Antoine Civil , estuvo presente, fue el quien invisti\u00f3 e instalo y ordeno, a los nuevos Capellanes. Acompa\u00f1ado de una mesa De Honor: Coronel Diaz Guillen, Coronel Rodriguez, Pastores Quinteros, Capellan Militar Byron Amaya, Sub inspector Barrera, Comisionado para Centro America Us Ucia, Capellan Jorge Rodriguez, haciendo entrega de T\u00edtulos de la Univercidad y acreditaciones .<\/p>\n<p>\u00bfQu\u00e9 es El ministerio de la Capellan\u00eda?<\/p>\n<p>El ministerio de la capellan\u00eda es un llamamiento antiguo y noble dentro de la iglesia. El ministerio del capell\u00e1n es compartir y ofrecer el amor de Dios a todos aquellos que se encuentren en necesidad.<\/p>\n<p>Son hombres y mujeres que aceptan el compromiso de ser instrumentos de Dios en su proceso de restaurar la salud mental, f\u00edsica, social y espiritual de la humanidad especialmente de los m\u00e1s necesitados, adem\u00e1s de organizar e implementar programas de educaci\u00f3n social que contribuyan al desarrollo humano.<\/p>\n<p>Son promotores de la educaci\u00f3n social, moral y \u00e9tica del pueblo, as\u00ed como tambi\u00e9n son personas capacitadas y entrenadas en primeros auxilios y asistencia social por parte de Protecci\u00f3n Civil; orientados a la reintegraci\u00f3n social de la ciudadan\u00eda a fin de tener una sociedad m\u00e1s digna y pr\u00f3spera.<\/p>\n<p>El trabajo de un Agente Capell\u00e1n se lleva a cabo en \u00e1reas focalizadas, encontradas con poblaci\u00f3n vulnerable, en la cual se realizan acciones en pro de su bienestar social, mismas que se complementan con servicios espirituales. Lleva a cabo servicio a la comunidad m\u00e1s necesitada en lugares tales como:<\/p>\n<p>\u2022 Hospitales<br \/>\n\u2022 C\u00e1rceles<br \/>\n\u2022 Orfanatos<br \/>\n\u2022 Asilos<br \/>\n\u2022 Comunidades focalizadas<br \/>\n\u2022 Comunidades lejanas<br \/>\n\u2022 Escuelas<br \/>\n\u2022 Hospicios<br \/>\n\u2022 Colonias vulnerables\u00a0Presta su servicio a todas las personas sin importar, sexo, raza, credo ni otros factores que discriminen su condici\u00f3n y derechos humanos, personas que pueden ser:<\/p>\n<p>\u2022Hombres y mujeres<br \/>\n\u2022 Ni\u00f1os y j\u00f3venes en situaci\u00f3n de calle<br \/>\n\u2022 Adultos Mayores<br \/>\n\u2022 Adultos en situaci\u00f3n de calle<br \/>\n\u2022 Personas en situaci\u00f3n de sufrimiento<br \/>\n\u2022 Enfermos<br \/>\n\u2022 Migrantes<br \/>\n\u2022 Presos<br \/>\n\u2022 Mujeres jefas de familia<br \/>\nLos agentes Capellanes trabajan por medio de proyectos de corta, mediana o larga duraci\u00f3n, gestionados por s\u00ed mismos o en trabajo en conjunto con otros agentes capellanes u otros organismos que promuevan valores s\u00edmiles en pro del desarrollo humanitario.<\/p>\n<p>Son gestores de recursos, entablan di\u00e1logos con asociaciones privadas u gubernamentales para visibilizar alguna situaci\u00f3n de sufrimiento, de violencia o necesidad que alguna comunidad padezca y haya sido detectada, para realizar los enlaces pertinentes y trabajar en conjunto.<\/p>\n<p>Los agentes capellanes tambi\u00e9n Realizan acciones inmediatas de ayuda, sea desde atenciones primeras en casos de accidentes, socorrer a una persona en situaci\u00f3n vulnerable, otorgar alimento u otro enser que calme el sufrimiento del pr\u00f3jimo, as\u00ed como provee consuelo espiritual.<\/p>\n<p>Un agente capell\u00e1n entiende que tiene un compromiso d\u00eda a d\u00eda de llevar acci\u00f3n social y espiritual a todo aquel que la necesite y que realizar\u00e1 acciones en pro de erradicar o disminuir el sufrimiento social y humano.<\/p>\n<p><img decoding=\"async\" loading=\"lazy\" class=\"alignnone size-full wp-image-3299\" src=\"https:\/\/laprensacristiana.com\/wp-content\/uploads\/2017\/11\/23602338_10155685523561970_1473730234_n.jpg\" alt=\"\" width=\"480\" height=\"320\" srcset=\"https:\/\/laprensacristiana.com\/wp-content\/uploads\/2017\/11\/23602338_10155685523561970_1473730234_n.jpg 480w, https:\/\/laprensacristiana.com\/wp-content\/uploads\/2017\/11\/23602338_10155685523561970_1473730234_n-300x200.jpg 300w\" sizes=\"(max-width: 480px) 100vw, 480px\" \/><\/p>\n<p>Al final del acto fue delegada e instituida la Directiva Nacional. US UCIA El Salvador, quedando conformada por el Capellan Elias Salomon (Director Nacional), \u00a0Capellan Gloria Rivas (Directora Acad\u00e9mica), \u00a0Capellana Jenny Landaverde (Jefa del Departamento de Misiones Nacionales de Aliados Voluntarios a la ONU).<\/p>\n<p>Los nombres antes mencionados seran Capellanes que desarrollaran proyectos sociales, ( 7 objetivos prioridad de la ONU) teniendo el apoyo log\u00edstico de Iglesias, organizaciones gubernamentales, empresas privadas e Internacionales como ONU, USAID, UNICEF.<\/p>\n<p>&nbsp;<\/p>\n","protected":false},"excerpt":{"rendered":"<p>El pasado s\u00e1bado 11 de Noviembre del presente a\u00f1o, en horas de la tarde se celebr\u00f3 en las instalaciones del CODEM la primera Graduaci\u00f3n de Agentes Capellanes de la Paz Social y Unidad especial de primeros Auxilios y Asistencia Social .Voluntarios afiliados a la ONU. Fueron en total 12 \u00a0graduados de la Universidad Reina Valera, [&hellip;]<\/p>\n","protected":false},"author":3,"featured_media":3297,"comment_status":"open","ping_status":"open","sticky":false,"template":"","format":"standard","meta":[],"categories":[56],"tags":[],"yoast_head":"<!-- This site is optimized with the Yoast SEO plugin v20.8 - https:\/\/yoast.com\/wordpress\/plugins\/seo\/ -->\n<title>Nombran Capellanes Agentes de la Paz Social - La Prensa Cristiana<\/title>\n<meta name=\"robots\" content=\"index, follow, max-snippet:-1, max-image-preview:large, max-video-preview:-1\" \/>\n<link rel=\"canonical\" href=\"https:\/\/laprensacristiana.com\/?p=3296\" \/>\n<meta property=\"og:locale\" content=\"es_ES\" \/>\n<meta property=\"og:type\" content=\"article\" \/>\n<meta property=\"og:title\" content=\"Nombran Capellanes Agentes de la Paz Social - La Prensa Cristiana\" \/>\n<meta property=\"og:description\" content=\"El pasado s\u00e1bado 11 de Noviembre del presente a\u00f1o, en horas de la tarde se celebr\u00f3 en las instalaciones del CODEM la primera Graduaci\u00f3n de Agentes Capellanes de la Paz Social y Unidad especial de primeros Auxilios y Asistencia Social .Voluntarios afiliados a la ONU. Fueron en total 12 \u00a0graduados de la Universidad Reina Valera, [&hellip;]\" \/>\n<meta property=\"og:url\" content=\"https:\/\/laprensacristiana.com\/?p=3296\" \/>\n<meta property=\"og:site_name\" content=\"La Prensa Cristiana\" \/>\n<meta property=\"article:published_time\" content=\"2017-11-15T18:24:12+00:00\" \/>\n<meta property=\"article:modified_time\" content=\"2020-07-02T00:24:26+00:00\" \/>\n<meta property=\"og:image\" content=\"https:\/\/laprensacristiana.com\/wp-content\/uploads\/2017\/11\/23635459_10155685495896970_476598142_n.jpg\" \/>\n\t<meta property=\"og:image:width\" content=\"480\" \/>\n\t<meta property=\"og:image:height\" content=\"320\" \/>\n\t<meta property=\"og:image:type\" content=\"image\/jpeg\" \/>\n<meta name=\"author\" content=\"EDITOR\" \/>\n<meta name=\"twitter:card\" content=\"summary_large_image\" \/>\n<meta name=\"twitter:label1\" content=\"Escrito por\" \/>\n\t<meta name=\"twitter:data1\" content=\"EDITOR\" \/>\n\t<meta name=\"twitter:label2\" content=\"Tiempo de lectura\" \/>\n\t<meta name=\"twitter:data2\" content=\"3 minutos\" \/>\n<script type=\"application\/ld+json\" class=\"yoast-schema-graph\">{\"@context\":\"https:\/\/schema.org\",\"@graph\":[{\"@type\":\"WebPage\",\"@id\":\"https:\/\/laprensacristiana.com\/?p=3296\",\"url\":\"https:\/\/laprensacristiana.com\/?p=3296\",\"name\":\"Nombran Capellanes Agentes de la Paz Social - La Prensa Cristiana\",\"isPartOf\":{\"@id\":\"https:\/\/laprensacristiana.com\/#website\"},\"datePublished\":\"2017-11-15T18:24:12+00:00\",\"dateModified\":\"2020-07-02T00:24:26+00:00\",\"author\":{\"@id\":\"https:\/\/laprensacristiana.com\/#\/schema\/person\/3e7d82c6bfd6b1fa67010f8f7cd5256e\"},\"breadcrumb\":{\"@id\":\"https:\/\/laprensacristiana.com\/?p=3296#breadcrumb\"},\"inLanguage\":\"es\",\"potentialAction\":[{\"@type\":\"ReadAction\",\"target\":[\"https:\/\/laprensacristiana.com\/?p=3296\"]}]},{\"@type\":\"BreadcrumbList\",\"@id\":\"https:\/\/laprensacristiana.com\/?p=3296#breadcrumb\",\"itemListElement\":[{\"@type\":\"ListItem\",\"position\":1,\"name\":\"Portada\",\"item\":\"https:\/\/laprensacristiana.com\/\"},{\"@type\":\"ListItem\",\"position\":2,\"name\":\"Nombran Capellanes Agentes de la Paz Social\"}]},{\"@type\":\"WebSite\",\"@id\":\"https:\/\/laprensacristiana.com\/#website\",\"url\":\"https:\/\/laprensacristiana.com\/\",\"name\":\"La Prensa Cristiana\",\"description\":\"Anunciando Las Buenas Nuevas\",\"potentialAction\":[{\"@type\":\"SearchAction\",\"target\":{\"@type\":\"EntryPoint\",\"urlTemplate\":\"https:\/\/laprensacristiana.com\/?s={search_term_string}\"},\"query-input\":\"required name=search_term_string\"}],\"inLanguage\":\"es\"},{\"@type\":\"Person\",\"@id\":\"https:\/\/laprensacristiana.com\/#\/schema\/person\/3e7d82c6bfd6b1fa67010f8f7cd5256e\",\"name\":\"EDITOR\",\"image\":{\"@type\":\"ImageObject\",\"inLanguage\":\"es\",\"@id\":\"https:\/\/laprensacristiana.com\/#\/schema\/person\/image\/\",\"url\":\"https:\/\/secure.gravatar.com\/avatar\/72069dfb6c13772d9e8381e3638666d2?s=96&d=mm&r=g\",\"contentUrl\":\"https:\/\/secure.gravatar.com\/avatar\/72069dfb6c13772d9e8381e3638666d2?s=96&d=mm&r=g\",\"caption\":\"EDITOR\"},\"url\":\"https:\/\/laprensacristiana.com\/?author=3\"}]}<\/script>\n<!-- \/ Yoast SEO plugin. -->","yoast_head_json":{"title":"Nombran Capellanes Agentes de la Paz Social - La Prensa Cristiana","robots":{"index":"index","follow":"follow","max-snippet":"max-snippet:-1","max-image-preview":"max-image-preview:large","max-video-preview":"max-video-preview:-1"},"canonical":"https:\/\/laprensacristiana.com\/?p=3296","og_locale":"es_ES","og_type":"article","og_title":"Nombran Capellanes Agentes de la Paz Social - La Prensa Cristiana","og_description":"El pasado s\u00e1bado 11 de Noviembre del presente a\u00f1o, en horas de la tarde se celebr\u00f3 en las instalaciones del CODEM la primera Graduaci\u00f3n de Agentes Capellanes de la Paz Social y Unidad especial de primeros Auxilios y Asistencia Social .Voluntarios afiliados a la ONU. Fueron en total 12 \u00a0graduados de la Universidad Reina Valera, [&hellip;]","og_url":"https:\/\/laprensacristiana.com\/?p=3296","og_site_name":"La Prensa Cristiana","article_published_time":"2017-11-15T18:24:12+00:00","article_modified_time":"2020-07-02T00:24:26+00:00","og_image":[{"width":480,"height":320,"url":"https:\/\/laprensacristiana.com\/wp-content\/uploads\/2017\/11\/23635459_10155685495896970_476598142_n.jpg","type":"image\/jpeg"}],"author":"EDITOR","twitter_card":"summary_large_image","twitter_misc":{"Escrito por":"EDITOR","Tiempo de lectura":"3 minutos"},"schema":{"@context":"https:\/\/schema.org","@graph":[{"@type":"WebPage","@id":"https:\/\/laprensacristiana.com\/?p=3296","url":"https:\/\/laprensacristiana.com\/?p=3296","name":"Nombran Capellanes Agentes de la Paz Social - La Prensa Cristiana","isPartOf":{"@id":"https:\/\/laprensacristiana.com\/#website"},"datePublished":"2017-11-15T18:24:12+00:00","dateModified":"2020-07-02T00:24:26+00:00","author":{"@id":"https:\/\/laprensacristiana.com\/#\/schema\/person\/3e7d82c6bfd6b1fa67010f8f7cd5256e"},"breadcrumb":{"@id":"https:\/\/laprensacristiana.com\/?p=3296#breadcrumb"},"inLanguage":"es","potentialAction":[{"@type":"ReadAction","target":["https:\/\/laprensacristiana.com\/?p=3296"]}]},{"@type":"BreadcrumbList","@id":"https:\/\/laprensacristiana.com\/?p=3296#breadcrumb","itemListElement":[{"@type":"ListItem","position":1,"name":"Portada","item":"https:\/\/laprensacristiana.com\/"},{"@type":"ListItem","position":2,"name":"Nombran Capellanes Agentes de la Paz Social"}]},{"@type":"WebSite","@id":"https:\/\/laprensacristiana.com\/#website","url":"https:\/\/laprensacristiana.com\/","name":"La Prensa Cristiana","description":"Anunciando Las Buenas Nuevas","potentialAction":[{"@type":"SearchAction","target":{"@type":"EntryPoint","urlTemplate":"https:\/\/laprensacristiana.com\/?s={search_term_string}"},"query-input":"required name=search_term_string"}],"inLanguage":"es"},{"@type":"Person","@id":"https:\/\/laprensacristiana.com\/#\/schema\/person\/3e7d82c6bfd6b1fa67010f8f7cd5256e","name":"EDITOR","image":{"@type":"ImageObject","inLanguage":"es","@id":"https:\/\/laprensacristiana.com\/#\/schema\/person\/image\/","url":"https:\/\/secure.gravatar.com\/avatar\/72069dfb6c13772d9e8381e3638666d2?s=96&d=mm&r=g","contentUrl":"https:\/\/secure.gravatar.com\/avatar\/72069dfb6c13772d9e8381e3638666d2?s=96&d=mm&r=g","caption":"EDITOR"},"url":"https:\/\/laprensacristiana.com\/?author=3"}]}},"_links":{"self":[{"href":"https:\/\/laprensacristiana.com\/index.php?rest_route=\/wp\/v2\/posts\/3296"}],"collection":[{"href":"https:\/\/laprensacristiana.com\/index.php?rest_route=\/wp\/v2\/posts"}],"about":[{"href":"https:\/\/laprensacristiana.com\/index.php?rest_route=\/wp\/v2\/types\/post"}],"author":[{"embeddable":true,"href":"https:\/\/laprensacristiana.com\/index.php?rest_route=\/wp\/v2\/users\/3"}],"replies":[{"embeddable":true,"href":"https:\/\/laprensacristiana.com\/index.php?rest_route=%2Fwp%2Fv2%2Fcomments&post=3296"}],"version-history":[{"count":1,"href":"https:\/\/laprensacristiana.com\/index.php?rest_route=\/wp\/v2\/posts\/3296\/revisions"}],"predecessor-version":[{"id":3300,"href":"https:\/\/laprensacristiana.com\/index.php?rest_route=\/wp\/v2\/posts\/3296\/revisions\/3300"}],"wp:featuredmedia":[{"embeddable":true,"href":"https:\/\/laprensacristiana.com\/index.php?rest_route=\/wp\/v2\/media\/3297"}],"wp:attachment":[{"href":"https:\/\/laprensacristiana.com\/index.php?rest_route=%2Fwp%2Fv2%2Fmedia&parent=3296"}],"wp:term":[{"taxonomy":"category","embeddable":true,"href":"https:\/\/laprensacristiana.com\/index.php?rest_route=%2Fwp%2Fv2%2Fcategories&post=3296"},{"taxonomy":"post_tag","embeddable":true,"href":"https:\/\/laprensacristiana.com\/index.php?rest_route=%2Fwp%2Fv2%2Ftags&post=3296"}],"curies":[{"name":"wp","href":"https:\/\/api.w.org\/{rel}","templated":true}]}}