{"id":3303,"date":"2017-11-21T19:42:38","date_gmt":"2017-11-21T19:42:38","guid":{"rendered":"https:\/\/laprensacristiana.com\/?p=3303"},"modified":"2017-11-21T19:42:38","modified_gmt":"2017-11-21T19:42:38","slug":"cuida-tu-familia","status":"publish","type":"post","link":"https:\/\/laprensacristiana.com\/?p=3303","title":{"rendered":"Cuida tu familia."},"content":{"rendered":"<p>Josu\u00e9 23:6-8<br \/>\nJosu\u00e9 24:15<\/p>\n<p>\u00ab.. 6 Esforzaos, pues, mucho en guardar y hacer todo lo que est\u00e1 escrito en el libro de la ley de Mois\u00e9s, sin apartaros de ello ni a diestra ni siniestra ; 7 para que no os mezcl\u00e9is con estas naciones que han quedado con vosotros, ni hag\u00e1is menci\u00f3n ni jur\u00e9is por el nombre de sus dioses, ni los sirv\u00e1is, ni os inclin\u00e9is a ellos . 8 Mas a JHWH vuestro Dios seguir\u00e9is, como hab\u00e9is hecho hasta hoy .\u00bb<\/p>\n<p>\u00ab15 y si mal os parece servir a JHWH, escogeos hoy a qui\u00e9n sirv\u00e1is; si a los dioses a quienes sirvieron vuestros padres, cuando estuvieron al otro del r\u00edo, o a los dioses de los amorreos en cuya tierra habit\u00e1is; pero yo y mi casa serviremos a JHWH.\u00bb<\/p>\n<p>En estos versos se nos muestra algunas preocupaciones que ten\u00eda Josu\u00e9. Y luego hace la declaratoria .<\/p>\n<p>La primera preocupaci\u00f3n :era que las convicciones del pueblo se estaban viendo comprometidas . Cuando tus hijos son expuestos al mundo , vienen cuestionamientos de que por qu\u00e9 en tu casa se hacen las cosas de cierta manera , diferente a como las hace el resto del mundo<br \/>\nEs nuestro deber luchar , con todo lo que podamos , contra influencias que llegan a nuestras vidas , pretendiendo robarnos de las cosas que sabemos que son las que traen grandes resultados , y que son las cosas que Dios quiere .<\/p>\n<p>La segunda preocupaci\u00f3n: que sus convicciones , y las convicciones del pueblo, se vieran comprometidas. Dice la palabra , en jueces 2:10: \u00bb Y se levanto despu\u00e9s de ellos otra generaci\u00f3n que no conoc\u00eda a YHHW, ni la obra que \u00e9l hab\u00eda hecho por Israel .\u00bb T\u00fa tienes que levantarte firme, y declarar esas convicciones, ense\u00f1arlas . Que tu voz sea m\u00e1s fuerte que otras voces a los o\u00eddos de tus hijos .<\/p>\n<p>Tercera preocupaci\u00f3n : que el pueblo cambiara sus convicciones. Estos versos se refieren a las convicciones, que debes tener t\u00fa, y las que deben de estar grabadas , fuertemente adheridas, en tu coraz\u00f3n y en la de tu familia .<\/p>\n<p>Debemos de tener cuidado de no mezclarnos , cuando dos cosas se mezclan , se hacen parte de la una de la otra . Cuando unes caf\u00e9 y leche, obtienes caf\u00e9 con leche y no tienes manera de separarlo . Eso es lo que podr\u00eda suceder con tu coraz\u00f3n y el de tus hijos , se pueden mezclar con las personas de pensamientos y conductas incorrectas.<\/p>\n<p>Cuida tu familia.<\/p>\n<p>T\u00fa que lees estas l\u00edneas , seamos esa luz y esa sal .<br \/>\nRecuerda , somos portadores de Gloria<\/p>\n","protected":false},"excerpt":{"rendered":"<p>Josu\u00e9 23:6-8 Josu\u00e9 24:15 \u00ab.. 6 Esforzaos, pues, mucho en guardar y hacer todo lo que est\u00e1 escrito en el libro de la ley de Mois\u00e9s, sin apartaros de ello ni a diestra ni siniestra ; 7 para que no os mezcl\u00e9is con estas naciones que han quedado con vosotros, ni hag\u00e1is menci\u00f3n ni jur\u00e9is [&hellip;]<\/p>\n","protected":false},"author":3,"featured_media":3262,"comment_status":"open","ping_status":"open","sticky":false,"template":"","format":"standard","meta":[],"categories":[36],"tags":[],"yoast_head":"<!-- This site is optimized with the Yoast SEO plugin v20.8 - https:\/\/yoast.com\/wordpress\/plugins\/seo\/ -->\n<title>Cuida tu familia. - La Prensa Cristiana<\/title>\n<meta name=\"robots\" content=\"index, follow, max-snippet:-1, max-image-preview:large, max-video-preview:-1\" \/>\n<link rel=\"canonical\" href=\"https:\/\/laprensacristiana.com\/?p=3303\" \/>\n<meta property=\"og:locale\" content=\"es_ES\" \/>\n<meta property=\"og:type\" content=\"article\" \/>\n<meta property=\"og:title\" content=\"Cuida tu familia. - La Prensa Cristiana\" \/>\n<meta property=\"og:description\" content=\"Josu\u00e9 23:6-8 Josu\u00e9 24:15 \u00ab.. 6 Esforzaos, pues, mucho en guardar y hacer todo lo que est\u00e1 escrito en el libro de la ley de Mois\u00e9s, sin apartaros de ello ni a diestra ni siniestra ; 7 para que no os mezcl\u00e9is con estas naciones que han quedado con vosotros, ni hag\u00e1is menci\u00f3n ni jur\u00e9is [&hellip;]\" \/>\n<meta property=\"og:url\" content=\"https:\/\/laprensacristiana.com\/?p=3303\" \/>\n<meta property=\"og:site_name\" content=\"La Prensa Cristiana\" \/>\n<meta property=\"article:published_time\" content=\"2017-11-21T19:42:38+00:00\" \/>\n<meta property=\"og:image\" content=\"https:\/\/laprensacristiana.com\/wp-content\/uploads\/2017\/10\/MARLENE-CHORRO-scaled.jpg\" \/>\n\t<meta property=\"og:image:width\" content=\"2560\" \/>\n\t<meta property=\"og:image:height\" content=\"1429\" \/>\n\t<meta property=\"og:image:type\" content=\"image\/jpeg\" \/>\n<meta name=\"author\" content=\"EDITOR\" \/>\n<meta name=\"twitter:card\" content=\"summary_large_image\" \/>\n<meta name=\"twitter:label1\" content=\"Escrito por\" \/>\n\t<meta name=\"twitter:data1\" content=\"EDITOR\" \/>\n\t<meta name=\"twitter:label2\" content=\"Tiempo de lectura\" \/>\n\t<meta name=\"twitter:data2\" content=\"2 minutos\" \/>\n<script type=\"application\/ld+json\" class=\"yoast-schema-graph\">{\"@context\":\"https:\/\/schema.org\",\"@graph\":[{\"@type\":\"WebPage\",\"@id\":\"https:\/\/laprensacristiana.com\/?p=3303\",\"url\":\"https:\/\/laprensacristiana.com\/?p=3303\",\"name\":\"Cuida tu familia. - La Prensa Cristiana\",\"isPartOf\":{\"@id\":\"https:\/\/laprensacristiana.com\/#website\"},\"datePublished\":\"2017-11-21T19:42:38+00:00\",\"dateModified\":\"2017-11-21T19:42:38+00:00\",\"author\":{\"@id\":\"https:\/\/laprensacristiana.com\/#\/schema\/person\/3e7d82c6bfd6b1fa67010f8f7cd5256e\"},\"breadcrumb\":{\"@id\":\"https:\/\/laprensacristiana.com\/?p=3303#breadcrumb\"},\"inLanguage\":\"es\",\"potentialAction\":[{\"@type\":\"ReadAction\",\"target\":[\"https:\/\/laprensacristiana.com\/?p=3303\"]}]},{\"@type\":\"BreadcrumbList\",\"@id\":\"https:\/\/laprensacristiana.com\/?p=3303#breadcrumb\",\"itemListElement\":[{\"@type\":\"ListItem\",\"position\":1,\"name\":\"Portada\",\"item\":\"https:\/\/laprensacristiana.com\/\"},{\"@type\":\"ListItem\",\"position\":2,\"name\":\"Cuida tu familia.\"}]},{\"@type\":\"WebSite\",\"@id\":\"https:\/\/laprensacristiana.com\/#website\",\"url\":\"https:\/\/laprensacristiana.com\/\",\"name\":\"La Prensa Cristiana\",\"description\":\"Anunciando Las Buenas Nuevas\",\"potentialAction\":[{\"@type\":\"SearchAction\",\"target\":{\"@type\":\"EntryPoint\",\"urlTemplate\":\"https:\/\/laprensacristiana.com\/?s={search_term_string}\"},\"query-input\":\"required name=search_term_string\"}],\"inLanguage\":\"es\"},{\"@type\":\"Person\",\"@id\":\"https:\/\/laprensacristiana.com\/#\/schema\/person\/3e7d82c6bfd6b1fa67010f8f7cd5256e\",\"name\":\"EDITOR\",\"image\":{\"@type\":\"ImageObject\",\"inLanguage\":\"es\",\"@id\":\"https:\/\/laprensacristiana.com\/#\/schema\/person\/image\/\",\"url\":\"https:\/\/secure.gravatar.com\/avatar\/72069dfb6c13772d9e8381e3638666d2?s=96&d=mm&r=g\",\"contentUrl\":\"https:\/\/secure.gravatar.com\/avatar\/72069dfb6c13772d9e8381e3638666d2?s=96&d=mm&r=g\",\"caption\":\"EDITOR\"},\"url\":\"https:\/\/laprensacristiana.com\/?author=3\"}]}<\/script>\n<!-- \/ Yoast SEO plugin. -->","yoast_head_json":{"title":"Cuida tu familia. - La Prensa Cristiana","robots":{"index":"index","follow":"follow","max-snippet":"max-snippet:-1","max-image-preview":"max-image-preview:large","max-video-preview":"max-video-preview:-1"},"canonical":"https:\/\/laprensacristiana.com\/?p=3303","og_locale":"es_ES","og_type":"article","og_title":"Cuida tu familia. - La Prensa Cristiana","og_description":"Josu\u00e9 23:6-8 Josu\u00e9 24:15 \u00ab.. 6 Esforzaos, pues, mucho en guardar y hacer todo lo que est\u00e1 escrito en el libro de la ley de Mois\u00e9s, sin apartaros de ello ni a diestra ni siniestra ; 7 para que no os mezcl\u00e9is con estas naciones que han quedado con vosotros, ni hag\u00e1is menci\u00f3n ni jur\u00e9is [&hellip;]","og_url":"https:\/\/laprensacristiana.com\/?p=3303","og_site_name":"La Prensa Cristiana","article_published_time":"2017-11-21T19:42:38+00:00","og_image":[{"width":2560,"height":1429,"url":"https:\/\/laprensacristiana.com\/wp-content\/uploads\/2017\/10\/MARLENE-CHORRO-scaled.jpg","type":"image\/jpeg"}],"author":"EDITOR","twitter_card":"summary_large_image","twitter_misc":{"Escrito por":"EDITOR","Tiempo de lectura":"2 minutos"},"schema":{"@context":"https:\/\/schema.org","@graph":[{"@type":"WebPage","@id":"https:\/\/laprensacristiana.com\/?p=3303","url":"https:\/\/laprensacristiana.com\/?p=3303","name":"Cuida tu familia. - La Prensa Cristiana","isPartOf":{"@id":"https:\/\/laprensacristiana.com\/#website"},"datePublished":"2017-11-21T19:42:38+00:00","dateModified":"2017-11-21T19:42:38+00:00","author":{"@id":"https:\/\/laprensacristiana.com\/#\/schema\/person\/3e7d82c6bfd6b1fa67010f8f7cd5256e"},"breadcrumb":{"@id":"https:\/\/laprensacristiana.com\/?p=3303#breadcrumb"},"inLanguage":"es","potentialAction":[{"@type":"ReadAction","target":["https:\/\/laprensacristiana.com\/?p=3303"]}]},{"@type":"BreadcrumbList","@id":"https:\/\/laprensacristiana.com\/?p=3303#breadcrumb","itemListElement":[{"@type":"ListItem","position":1,"name":"Portada","item":"https:\/\/laprensacristiana.com\/"},{"@type":"ListItem","position":2,"name":"Cuida tu familia."}]},{"@type":"WebSite","@id":"https:\/\/laprensacristiana.com\/#website","url":"https:\/\/laprensacristiana.com\/","name":"La Prensa Cristiana","description":"Anunciando Las Buenas Nuevas","potentialAction":[{"@type":"SearchAction","target":{"@type":"EntryPoint","urlTemplate":"https:\/\/laprensacristiana.com\/?s={search_term_string}"},"query-input":"required name=search_term_string"}],"inLanguage":"es"},{"@type":"Person","@id":"https:\/\/laprensacristiana.com\/#\/schema\/person\/3e7d82c6bfd6b1fa67010f8f7cd5256e","name":"EDITOR","image":{"@type":"ImageObject","inLanguage":"es","@id":"https:\/\/laprensacristiana.com\/#\/schema\/person\/image\/","url":"https:\/\/secure.gravatar.com\/avatar\/72069dfb6c13772d9e8381e3638666d2?s=96&d=mm&r=g","contentUrl":"https:\/\/secure.gravatar.com\/avatar\/72069dfb6c13772d9e8381e3638666d2?s=96&d=mm&r=g","caption":"EDITOR"},"url":"https:\/\/laprensacristiana.com\/?author=3"}]}},"_links":{"self":[{"href":"https:\/\/laprensacristiana.com\/index.php?rest_route=\/wp\/v2\/posts\/3303"}],"collection":[{"href":"https:\/\/laprensacristiana.com\/index.php?rest_route=\/wp\/v2\/posts"}],"about":[{"href":"https:\/\/laprensacristiana.com\/index.php?rest_route=\/wp\/v2\/types\/post"}],"author":[{"embeddable":true,"href":"https:\/\/laprensacristiana.com\/index.php?rest_route=\/wp\/v2\/users\/3"}],"replies":[{"embeddable":true,"href":"https:\/\/laprensacristiana.com\/index.php?rest_route=%2Fwp%2Fv2%2Fcomments&post=3303"}],"version-history":[{"count":1,"href":"https:\/\/laprensacristiana.com\/index.php?rest_route=\/wp\/v2\/posts\/3303\/revisions"}],"predecessor-version":[{"id":3304,"href":"https:\/\/laprensacristiana.com\/index.php?rest_route=\/wp\/v2\/posts\/3303\/revisions\/3304"}],"wp:featuredmedia":[{"embeddable":true,"href":"https:\/\/laprensacristiana.com\/index.php?rest_route=\/wp\/v2\/media\/3262"}],"wp:attachment":[{"href":"https:\/\/laprensacristiana.com\/index.php?rest_route=%2Fwp%2Fv2%2Fmedia&parent=3303"}],"wp:term":[{"taxonomy":"category","embeddable":true,"href":"https:\/\/laprensacristiana.com\/index.php?rest_route=%2Fwp%2Fv2%2Fcategories&post=3303"},{"taxonomy":"post_tag","embeddable":true,"href":"https:\/\/laprensacristiana.com\/index.php?rest_route=%2Fwp%2Fv2%2Ftags&post=3303"}],"curies":[{"name":"wp","href":"https:\/\/api.w.org\/{rel}","templated":true}]}}