{"id":3310,"date":"2017-11-24T17:59:43","date_gmt":"2017-11-24T17:59:43","guid":{"rendered":"https:\/\/laprensacristiana.com\/?p=3310"},"modified":"2017-11-24T17:59:43","modified_gmt":"2017-11-24T17:59:43","slug":"victimas-del-ministerio-pastoral","status":"publish","type":"post","link":"https:\/\/laprensacristiana.com\/?p=3310","title":{"rendered":"VICTIMAS DEL MINISTERIO PASTORAL"},"content":{"rendered":"<div>\n<p><span style=\"font-size: medium;\">Siempre que vemos a un pastor que se esmera en presentar un buen mensaje de la Palabra de Dios nos admiramos y hay quienes tratan de imitarlo. Claro, eso no es pecado. De alguna manera los pastores nos convertimos en paradigmas para otros hombres o mujeres que anhelan servir al Se\u00f1or predicando o llevando el Mensaje de Salvaci\u00f3n a otras personas.<\/span><\/p>\n<p><span style=\"font-size: medium;\">Yo mismo soy fruto de un mentor que me ense\u00f1o lo que es la Palabra de Dios. Llevo m\u00e1s de cuarenta a\u00f1os en el servicio al Dios que me salv\u00f3 y gracias a las ense\u00f1anzas de mi maestro que desde su p\u00falpito hizo lo que deb\u00eda hacer: disc\u00edpulos. Yo soy un testimonio de su labor.<\/span><\/p>\n<p><span style=\"font-size: medium;\">Pero ahora que estoy en la trinchera las cosas ya no las veo como al principio.\u00a0 Toda la parafernalia pastoral que yo ten\u00eda en mente se ha venido a pique cuando veo la realidad del llamado a pastorear ovejas.<\/span><\/p>\n<p><span style=\"font-size: medium;\">Para empezar, estoy hablando con personas sinceras. Con pastores que anhelan ser francos y genuinos ante la responsabilidad que significa guiar a un pueblo al Para\u00edso de Dios.\u00a0 No quiero tener nada que ver con los arrieros. Porque no es un secreto que hay dos clases de l\u00edderes: Los pastores que van adelante del reba\u00f1o, que usan callado y conocen a sus ovejas por nombre como nos ense\u00f1o nuestro Pastor el Se\u00f1or Jesucristo. La otra clase son los arrieros. Los que ponen apodos al reba\u00f1o. Los que chiflan e insultan. Los que abusan de su autoridad. Ellos no llevan callado, ellos llevan l\u00e1tigos o lazos para empujar su reba\u00f1o que no son ovejas.\u00a0 Se rodean de perros que ladren y asusten a quienes tratan de llevar a donde quieren ellos, no donde necesitan ir que es a la Presencia del Dios que los ha puesto bajo el cuidado nuestro.<\/span><\/p>\n<p><span style=\"font-size: medium;\">Pues bien, los verdaderamente pastores son una clase de hombres que llevan cicatrices en el alma por los momentos de soledad que viven. Son esos hombres que como las \u00e1guilas, vuelan solas o en pareja. Y su pareja sufre con ellos las vicisitudes de su ministerio. Esto es algo que ignoran la mayor\u00eda de personas que se congregan bajo el p\u00falpito de esa clase de servidores que desean hacer bien las cosas. A cualquier costo. Incluso, si tienen que dejar a sus esposas enfermas en cama mientras ellos cumplen con su deber pastoral.\u00a0<\/span><\/p>\n<p><span style=\"font-size: medium;\">Por ejemplo, queridos lectores: \u00bfSe han preguntado ustedes cuantas veces su pastor ha dejado a su esposa e hijos sin saber si al regreso de la iglesia habr\u00e1 para el almuerzo? \u00bfCuantas veces han criticado al pastor porque no llev\u00f3 a su esposa e hijos al culto, sin saber que seguramente no ten\u00edan para todos los pasajes del bus? \u00bfSaben ustedes que muchas veces su pastor llega con el est\u00f3mago vac\u00edo y no porque est\u00e9 en ayuno sino porque prefiri\u00f3 que el poco pan y leche que hab\u00eda se lo dieran a sus hijos?\u00a0<\/span><\/p>\n<p><span style=\"font-size: medium;\">Son las cosas ocultas que viven muchos pastores y que los miembros de su congregaci\u00f3n ignoran. O quiz\u00e1 deba decir, quieren ignorar. El ego\u00edsmo del hombre nos ha llevado a una situaci\u00f3n de verg\u00fcenza para muchos pastores. Lo digo porque yo mismo he ministrado a muchos de ellos que no tienen ni un centavo que llevar a su casa porque su congregaci\u00f3n no les ofrenda ni les diezma para velar por ellos y sus familias.<\/span><\/p>\n<p><span style=\"font-size: medium;\">Muchas veces las v\/ctimas de todo esto son los hijos. Es la esposa que llora en silencio la ingratitud de las ovejas que exigen a su pastor que ore por ellas, que las visite y que est\u00e9 pendiente de sus necesidades, cuando eso tambi\u00e9n aplica a su pastor.<\/span><\/p>\n<p><span style=\"font-size: medium;\">\u00bfCu\u00e1ntas veces una congregaci\u00f3n le pregunta a su pastor si tiene para pagar la luz de su casa? \u00bfO el colegio de sus hijos? \u00bfAcaso se dan cuenta, hermanos, que a veces su pastor tiene que andar mendigando medias becas para que sus hijos puedan estudiar porque no le alcanza lo que \u201cgana\u201d en su ministerio? \u00bfCuantas veces la pastora ha tenido que ir a un hospital p\u00fablico desde la madrugada y ser atendida hasta la tarde por un dolor interno que no es f\u00edsico sino emocional? Todo para que le den un pu\u00f1ado de pastillas de color rosado que en realidad es placebo porque el m\u00e9dico sabe que su dolor es del alma y no del cuerpo\u2026 \u00bfSaben ustedes eso?<\/span><\/p>\n<p><span style=\"font-size: medium;\">A la iglesia del Se\u00f1or le hace falta una buena dosis de amor y ternura. Hay una orden que Dios le dio a su pueblo: \u201cNo pondr\u00e1s bozal al buey que trilla\u201d. Y Pablo lo termina de explicar: \u00bfLo dice por los bueyes o por nosotros? Ciertamente, dice el Ap\u00f3stol, lo dice por nosotros\u2026<\/span><\/p>\n<p><span style=\"font-size: medium;\">La iglesia hace fiestas cada domingo. Y eso es bueno. Adorar al Se\u00f1or es nuestro deber como cristianos. Pero tambi\u00e9n es cierto que velar por los pastores es parte de ese deber. \u00bfCuando fue la \u00faltima vez que le preguntaron a su pastor si le celebr\u00f3 su cumplea\u00f1os a su esposa? \u00bfO a sus hijos? \u00bfAcaso los hijos del pastor no son humanos como el resto?\u00a0<\/span><\/p>\n<p><span style=\"font-size: medium;\">Esas preguntas necesitan una respuesta. Y es la congregaci\u00f3n la que tiene el deber de responderlas.\u00a0<\/span><\/p>\n<p><span style=\"font-size: medium;\">Muchas veces los pastores tienen demasiado orgullo o humildad como para hacerle saber a su congregaci\u00f3n que \u00e8l es un hombre de carne y hueso como los dem\u00e1s.\u00a0 Que tiene a su cargo una casa con una familia que piden ropa, pan y estudios. Muy pocos pastores se atreven a mostrar su lado oscuro y no hablo de pecado. Ese lado oscuro es el dolor de ver a sus hijos que ya no tienen zapatos. Es el dolor y la angustia de ver que su esposa ya no tiene ropa qu\u00e8 ponerse y que hay que esperar que el sol seque lo que lav\u00f3 anoche para llegar limpia y ordenada al culto. Son las l\u00e1grimas silenciosas y secretas del hombre que se siente impotente porque la ingratitud de su reba\u00f1o no se ocupa de \u00e8l. Es ese dolor que aflige su alma secretamente cuando escucha a veces decir a su esposa que mejor se busque otro trabajo. Que se dedique a otra cosa porque las finanzas est\u00e1n por los suelos. Que la hija est\u00e1 desarrollando y necesita otro tipo de ropa interior. Que el muchacho ya creci\u00f3 y los pantalones no le quedan\u2026<\/span><\/p>\n<p><span style=\"font-size: medium;\">Sin embargo ese gigante de la fe llega puntualmente a su congregaci\u00f3n muchas veces a hacer lo que los di\u00e1conos deben hacer. Llega con una sonrisa y con un rostro disfrazado de alegr\u00eda cuando en realidad como Garrick, en su interior hay una tristeza profunda y dolorosa porque no solo tiene vac\u00edo el coraz\u00f3n, pero tambi\u00e9n tiene vac\u00eda la billetera\u2026 Y nadie se ha dado cuenta.\u00a0<\/span><\/p>\n<p><span style=\"font-size: medium;\">Las v\u00ecctimas del ministerio pastoral son los que lloran en silencio y esperan que Jesus venga pronto pero no solo porque se lleve a su Iglesia al Cielo, sino porque ya no soportan la carga de la humillaci\u00f3n, pobreza y miseria en la que sus congregaciones los tiene viviendo.<\/span><\/p>\n<p><span style=\"font-size: medium;\">\u00bfAlguien quiere ser pastor, caballeros? \u00bfAlguien se quiere casar con un pastor, queridas damas\u2026?<\/span><\/p>\n<\/div>\n<div><\/div>\n<div class=\"m_-182327233838532959ydp9bfbfe4dsignature\">\n<div>\n<div><i><b>PORQUE EL VIVE,<\/b><\/i><\/div>\n<div><i><b>\u00a0<\/b><\/i><\/div>\n<div><i><b>Carlos I. Berges M.<\/b><\/i><\/div>\n<div><b>Le invito a leer mi blog.<\/b><\/div>\n<\/div>\n<\/div>\n","protected":false},"excerpt":{"rendered":"<p>Siempre que vemos a un pastor que se esmera en presentar un buen mensaje de la Palabra de Dios nos admiramos y hay quienes tratan de imitarlo. Claro, eso no es pecado. De alguna manera los pastores nos convertimos en paradigmas para otros hombres o mujeres que anhelan servir al Se\u00f1or predicando o llevando el [&hellip;]<\/p>\n","protected":false},"author":3,"featured_media":3311,"comment_status":"open","ping_status":"open","sticky":false,"template":"","format":"standard","meta":[],"categories":[23,36],"tags":[],"yoast_head":"<!-- This site is optimized with the Yoast SEO plugin v20.8 - https:\/\/yoast.com\/wordpress\/plugins\/seo\/ -->\n<title>VICTIMAS DEL MINISTERIO PASTORAL - La Prensa Cristiana<\/title>\n<meta name=\"robots\" content=\"index, follow, max-snippet:-1, max-image-preview:large, max-video-preview:-1\" \/>\n<link rel=\"canonical\" href=\"https:\/\/laprensacristiana.com\/?p=3310\" \/>\n<meta property=\"og:locale\" content=\"es_ES\" \/>\n<meta property=\"og:type\" content=\"article\" \/>\n<meta property=\"og:title\" content=\"VICTIMAS DEL MINISTERIO PASTORAL - La Prensa Cristiana\" \/>\n<meta property=\"og:description\" content=\"Siempre que vemos a un pastor que se esmera en presentar un buen mensaje de la Palabra de Dios nos admiramos y hay quienes tratan de imitarlo. Claro, eso no es pecado. De alguna manera los pastores nos convertimos en paradigmas para otros hombres o mujeres que anhelan servir al Se\u00f1or predicando o llevando el [&hellip;]\" \/>\n<meta property=\"og:url\" content=\"https:\/\/laprensacristiana.com\/?p=3310\" \/>\n<meta property=\"og:site_name\" content=\"La Prensa Cristiana\" \/>\n<meta property=\"article:published_time\" content=\"2017-11-24T17:59:43+00:00\" \/>\n<meta property=\"og:image\" content=\"https:\/\/laprensacristiana.com\/wp-content\/uploads\/2017\/11\/2017-11-23-PHOTO-00003245.jpg\" \/>\n\t<meta property=\"og:image:width\" content=\"1280\" \/>\n\t<meta property=\"og:image:height\" content=\"714\" \/>\n\t<meta property=\"og:image:type\" content=\"image\/jpeg\" \/>\n<meta name=\"author\" content=\"EDITOR\" \/>\n<meta name=\"twitter:card\" content=\"summary_large_image\" \/>\n<meta name=\"twitter:label1\" content=\"Escrito por\" \/>\n\t<meta name=\"twitter:data1\" content=\"EDITOR\" \/>\n\t<meta name=\"twitter:label2\" content=\"Tiempo de lectura\" \/>\n\t<meta name=\"twitter:data2\" content=\"6 minutos\" \/>\n<script type=\"application\/ld+json\" class=\"yoast-schema-graph\">{\"@context\":\"https:\/\/schema.org\",\"@graph\":[{\"@type\":\"WebPage\",\"@id\":\"https:\/\/laprensacristiana.com\/?p=3310\",\"url\":\"https:\/\/laprensacristiana.com\/?p=3310\",\"name\":\"VICTIMAS DEL MINISTERIO PASTORAL - La Prensa Cristiana\",\"isPartOf\":{\"@id\":\"https:\/\/laprensacristiana.com\/#website\"},\"datePublished\":\"2017-11-24T17:59:43+00:00\",\"dateModified\":\"2017-11-24T17:59:43+00:00\",\"author\":{\"@id\":\"https:\/\/laprensacristiana.com\/#\/schema\/person\/3e7d82c6bfd6b1fa67010f8f7cd5256e\"},\"breadcrumb\":{\"@id\":\"https:\/\/laprensacristiana.com\/?p=3310#breadcrumb\"},\"inLanguage\":\"es\",\"potentialAction\":[{\"@type\":\"ReadAction\",\"target\":[\"https:\/\/laprensacristiana.com\/?p=3310\"]}]},{\"@type\":\"BreadcrumbList\",\"@id\":\"https:\/\/laprensacristiana.com\/?p=3310#breadcrumb\",\"itemListElement\":[{\"@type\":\"ListItem\",\"position\":1,\"name\":\"Portada\",\"item\":\"https:\/\/laprensacristiana.com\/\"},{\"@type\":\"ListItem\",\"position\":2,\"name\":\"VICTIMAS DEL MINISTERIO PASTORAL\"}]},{\"@type\":\"WebSite\",\"@id\":\"https:\/\/laprensacristiana.com\/#website\",\"url\":\"https:\/\/laprensacristiana.com\/\",\"name\":\"La Prensa Cristiana\",\"description\":\"Anunciando Las Buenas Nuevas\",\"potentialAction\":[{\"@type\":\"SearchAction\",\"target\":{\"@type\":\"EntryPoint\",\"urlTemplate\":\"https:\/\/laprensacristiana.com\/?s={search_term_string}\"},\"query-input\":\"required name=search_term_string\"}],\"inLanguage\":\"es\"},{\"@type\":\"Person\",\"@id\":\"https:\/\/laprensacristiana.com\/#\/schema\/person\/3e7d82c6bfd6b1fa67010f8f7cd5256e\",\"name\":\"EDITOR\",\"image\":{\"@type\":\"ImageObject\",\"inLanguage\":\"es\",\"@id\":\"https:\/\/laprensacristiana.com\/#\/schema\/person\/image\/\",\"url\":\"https:\/\/secure.gravatar.com\/avatar\/72069dfb6c13772d9e8381e3638666d2?s=96&d=mm&r=g\",\"contentUrl\":\"https:\/\/secure.gravatar.com\/avatar\/72069dfb6c13772d9e8381e3638666d2?s=96&d=mm&r=g\",\"caption\":\"EDITOR\"},\"url\":\"https:\/\/laprensacristiana.com\/?author=3\"}]}<\/script>\n<!-- \/ Yoast SEO plugin. -->","yoast_head_json":{"title":"VICTIMAS DEL MINISTERIO PASTORAL - La Prensa Cristiana","robots":{"index":"index","follow":"follow","max-snippet":"max-snippet:-1","max-image-preview":"max-image-preview:large","max-video-preview":"max-video-preview:-1"},"canonical":"https:\/\/laprensacristiana.com\/?p=3310","og_locale":"es_ES","og_type":"article","og_title":"VICTIMAS DEL MINISTERIO PASTORAL - La Prensa Cristiana","og_description":"Siempre que vemos a un pastor que se esmera en presentar un buen mensaje de la Palabra de Dios nos admiramos y hay quienes tratan de imitarlo. Claro, eso no es pecado. De alguna manera los pastores nos convertimos en paradigmas para otros hombres o mujeres que anhelan servir al Se\u00f1or predicando o llevando el [&hellip;]","og_url":"https:\/\/laprensacristiana.com\/?p=3310","og_site_name":"La Prensa Cristiana","article_published_time":"2017-11-24T17:59:43+00:00","og_image":[{"width":1280,"height":714,"url":"https:\/\/laprensacristiana.com\/wp-content\/uploads\/2017\/11\/2017-11-23-PHOTO-00003245.jpg","type":"image\/jpeg"}],"author":"EDITOR","twitter_card":"summary_large_image","twitter_misc":{"Escrito por":"EDITOR","Tiempo de lectura":"6 minutos"},"schema":{"@context":"https:\/\/schema.org","@graph":[{"@type":"WebPage","@id":"https:\/\/laprensacristiana.com\/?p=3310","url":"https:\/\/laprensacristiana.com\/?p=3310","name":"VICTIMAS DEL MINISTERIO PASTORAL - La Prensa Cristiana","isPartOf":{"@id":"https:\/\/laprensacristiana.com\/#website"},"datePublished":"2017-11-24T17:59:43+00:00","dateModified":"2017-11-24T17:59:43+00:00","author":{"@id":"https:\/\/laprensacristiana.com\/#\/schema\/person\/3e7d82c6bfd6b1fa67010f8f7cd5256e"},"breadcrumb":{"@id":"https:\/\/laprensacristiana.com\/?p=3310#breadcrumb"},"inLanguage":"es","potentialAction":[{"@type":"ReadAction","target":["https:\/\/laprensacristiana.com\/?p=3310"]}]},{"@type":"BreadcrumbList","@id":"https:\/\/laprensacristiana.com\/?p=3310#breadcrumb","itemListElement":[{"@type":"ListItem","position":1,"name":"Portada","item":"https:\/\/laprensacristiana.com\/"},{"@type":"ListItem","position":2,"name":"VICTIMAS DEL MINISTERIO PASTORAL"}]},{"@type":"WebSite","@id":"https:\/\/laprensacristiana.com\/#website","url":"https:\/\/laprensacristiana.com\/","name":"La Prensa Cristiana","description":"Anunciando Las Buenas Nuevas","potentialAction":[{"@type":"SearchAction","target":{"@type":"EntryPoint","urlTemplate":"https:\/\/laprensacristiana.com\/?s={search_term_string}"},"query-input":"required name=search_term_string"}],"inLanguage":"es"},{"@type":"Person","@id":"https:\/\/laprensacristiana.com\/#\/schema\/person\/3e7d82c6bfd6b1fa67010f8f7cd5256e","name":"EDITOR","image":{"@type":"ImageObject","inLanguage":"es","@id":"https:\/\/laprensacristiana.com\/#\/schema\/person\/image\/","url":"https:\/\/secure.gravatar.com\/avatar\/72069dfb6c13772d9e8381e3638666d2?s=96&d=mm&r=g","contentUrl":"https:\/\/secure.gravatar.com\/avatar\/72069dfb6c13772d9e8381e3638666d2?s=96&d=mm&r=g","caption":"EDITOR"},"url":"https:\/\/laprensacristiana.com\/?author=3"}]}},"_links":{"self":[{"href":"https:\/\/laprensacristiana.com\/index.php?rest_route=\/wp\/v2\/posts\/3310"}],"collection":[{"href":"https:\/\/laprensacristiana.com\/index.php?rest_route=\/wp\/v2\/posts"}],"about":[{"href":"https:\/\/laprensacristiana.com\/index.php?rest_route=\/wp\/v2\/types\/post"}],"author":[{"embeddable":true,"href":"https:\/\/laprensacristiana.com\/index.php?rest_route=\/wp\/v2\/users\/3"}],"replies":[{"embeddable":true,"href":"https:\/\/laprensacristiana.com\/index.php?rest_route=%2Fwp%2Fv2%2Fcomments&post=3310"}],"version-history":[{"count":1,"href":"https:\/\/laprensacristiana.com\/index.php?rest_route=\/wp\/v2\/posts\/3310\/revisions"}],"predecessor-version":[{"id":3312,"href":"https:\/\/laprensacristiana.com\/index.php?rest_route=\/wp\/v2\/posts\/3310\/revisions\/3312"}],"wp:featuredmedia":[{"embeddable":true,"href":"https:\/\/laprensacristiana.com\/index.php?rest_route=\/wp\/v2\/media\/3311"}],"wp:attachment":[{"href":"https:\/\/laprensacristiana.com\/index.php?rest_route=%2Fwp%2Fv2%2Fmedia&parent=3310"}],"wp:term":[{"taxonomy":"category","embeddable":true,"href":"https:\/\/laprensacristiana.com\/index.php?rest_route=%2Fwp%2Fv2%2Fcategories&post=3310"},{"taxonomy":"post_tag","embeddable":true,"href":"https:\/\/laprensacristiana.com\/index.php?rest_route=%2Fwp%2Fv2%2Ftags&post=3310"}],"curies":[{"name":"wp","href":"https:\/\/api.w.org\/{rel}","templated":true}]}}