{"id":3313,"date":"2017-11-24T18:19:40","date_gmt":"2017-11-24T18:19:40","guid":{"rendered":"https:\/\/laprensacristiana.com\/?p=3313"},"modified":"2020-07-02T00:24:09","modified_gmt":"2020-07-02T00:24:09","slug":"celebran-dia-nacional-de-la-oracion-por-el-salvador","status":"publish","type":"post","link":"https:\/\/laprensacristiana.com\/?p=3313","title":{"rendered":"Celebran D\u00eda Nacional de la Oraci\u00f3n por El Salvador"},"content":{"rendered":"<p>Por decreto legislativo desde el a\u00f1o 2003 el 23 de noviembre fue declarado como \u201cDia Nacional de la Oraci\u00f3n por El Salvador\u201d, con tal motivaci\u00f3n diferentes iglesias evangelicas se dieron cita en la Plaza Gerardo Barrios, ubicada en el centro capitalino de San Salvador. A las 9:00 de la ma\u00f1ana dio inicio el acto.<\/p>\n<p>\u201cEs el territorio que vamos ganando, gracias a que hoy tenemos la libertad de expresarnos de la mejor manera que como iglesia apoyamos a nuestro amado pa\u00eds, orar es un acto de fe, es un acto que esta lleno de esperanza, lo mas lindo es que le oramos al que todo lo puede, estar aqu\u00ed es bien significativo, en el coraz\u00f3n de la ciudad de San Salvador unidos como pueblo cristiano, mostrandole a todo el pueblo salvadore\u00f1o que es m\u00e1s la gente que ama al pais que la gente que no. El pa\u00eds va a mejorar, las maras no van a permanecer para siempre, estas muestras de fe son importantes para darle esperanza al pueblo, ya basta de solo noticias de violencia, el pueblo necesita consuelo. \u00bfQui\u00e9n se lo va a dar? Solo Cristo, \u00c9l es el \u00fanico\u201d \u00a0expres\u00f3 el pastor Oscar Duran.<\/p>\n<p><img decoding=\"async\" loading=\"lazy\" class=\"alignnone size-full wp-image-3315\" src=\"https:\/\/laprensacristiana.com\/wp-content\/uploads\/2017\/11\/INTERNA-ORACION.jpg\" alt=\"\" width=\"3872\" height=\"2176\" \/><\/p>\n<p>Al acto asistieron diversas personalidades que profesan una fe cristiana como el director del Fondo Social para la Vivienda Lic. Tomas Ch\u00e9vez, y representantes del ejercito salvadore\u00f1o.<\/p>\n<p>Cabe mencionar que celebaciones como estas tuvieron lugar en gran parte del territorio salvadore\u00f1o, en Santa Tecla lo desarrollo la organizaci\u00f3n Santa Tecla organizada para Cristo (SANTO), en Soyapango la Asociaci\u00f3n de Iglesias Evangelicas de Soyapango (AIESOY), en Santa Ana lo realizaron atravesd de APESAN Y RIE, de igual forma en Iglesias Evangelicas y otros punto del pais. Demostrando el deseo real que tiene la Iglesia Evangelica de vivir en una mejor naci\u00f3n.<\/p>\n<p>&nbsp;<\/p>\n","protected":false},"excerpt":{"rendered":"<p>Por decreto legislativo desde el a\u00f1o 2003 el 23 de noviembre fue declarado como \u201cDia Nacional de la Oraci\u00f3n por El Salvador\u201d, con tal motivaci\u00f3n diferentes iglesias evangelicas se dieron cita en la Plaza Gerardo Barrios, ubicada en el centro capitalino de San Salvador. A las 9:00 de la ma\u00f1ana dio inicio el acto. \u201cEs [&hellip;]<\/p>\n","protected":false},"author":3,"featured_media":3314,"comment_status":"open","ping_status":"open","sticky":false,"template":"","format":"standard","meta":[],"categories":[56],"tags":[],"yoast_head":"<!-- This site is optimized with the Yoast SEO plugin v20.8 - https:\/\/yoast.com\/wordpress\/plugins\/seo\/ -->\n<title>Celebran D\u00eda Nacional de la Oraci\u00f3n por El Salvador - La Prensa Cristiana<\/title>\n<meta name=\"robots\" content=\"index, follow, max-snippet:-1, max-image-preview:large, max-video-preview:-1\" \/>\n<link rel=\"canonical\" href=\"https:\/\/laprensacristiana.com\/?p=3313\" \/>\n<meta property=\"og:locale\" content=\"es_ES\" \/>\n<meta property=\"og:type\" content=\"article\" \/>\n<meta property=\"og:title\" content=\"Celebran D\u00eda Nacional de la Oraci\u00f3n por El Salvador - La Prensa Cristiana\" \/>\n<meta property=\"og:description\" content=\"Por decreto legislativo desde el a\u00f1o 2003 el 23 de noviembre fue declarado como \u201cDia Nacional de la Oraci\u00f3n por El Salvador\u201d, con tal motivaci\u00f3n diferentes iglesias evangelicas se dieron cita en la Plaza Gerardo Barrios, ubicada en el centro capitalino de San Salvador. A las 9:00 de la ma\u00f1ana dio inicio el acto. \u201cEs [&hellip;]\" \/>\n<meta property=\"og:url\" content=\"https:\/\/laprensacristiana.com\/?p=3313\" \/>\n<meta property=\"og:site_name\" content=\"La Prensa Cristiana\" \/>\n<meta property=\"article:published_time\" content=\"2017-11-24T18:19:40+00:00\" \/>\n<meta property=\"article:modified_time\" content=\"2020-07-02T00:24:09+00:00\" \/>\n<meta property=\"og:image\" content=\"https:\/\/laprensacristiana.com\/wp-content\/uploads\/2017\/11\/DIA-NACIONAL-DE-LA-ORACION-scaled.jpg\" \/>\n\t<meta property=\"og:image:width\" content=\"2560\" \/>\n\t<meta property=\"og:image:height\" content=\"1439\" \/>\n\t<meta property=\"og:image:type\" content=\"image\/jpeg\" \/>\n<meta name=\"author\" content=\"EDITOR\" \/>\n<meta name=\"twitter:card\" content=\"summary_large_image\" \/>\n<meta name=\"twitter:label1\" content=\"Escrito por\" \/>\n\t<meta name=\"twitter:data1\" content=\"EDITOR\" \/>\n\t<meta name=\"twitter:label2\" content=\"Tiempo de lectura\" \/>\n\t<meta name=\"twitter:data2\" content=\"2 minutos\" \/>\n<script type=\"application\/ld+json\" class=\"yoast-schema-graph\">{\"@context\":\"https:\/\/schema.org\",\"@graph\":[{\"@type\":\"WebPage\",\"@id\":\"https:\/\/laprensacristiana.com\/?p=3313\",\"url\":\"https:\/\/laprensacristiana.com\/?p=3313\",\"name\":\"Celebran D\u00eda Nacional de la Oraci\u00f3n por El Salvador - La Prensa Cristiana\",\"isPartOf\":{\"@id\":\"https:\/\/laprensacristiana.com\/#website\"},\"datePublished\":\"2017-11-24T18:19:40+00:00\",\"dateModified\":\"2020-07-02T00:24:09+00:00\",\"author\":{\"@id\":\"https:\/\/laprensacristiana.com\/#\/schema\/person\/3e7d82c6bfd6b1fa67010f8f7cd5256e\"},\"breadcrumb\":{\"@id\":\"https:\/\/laprensacristiana.com\/?p=3313#breadcrumb\"},\"inLanguage\":\"es\",\"potentialAction\":[{\"@type\":\"ReadAction\",\"target\":[\"https:\/\/laprensacristiana.com\/?p=3313\"]}]},{\"@type\":\"BreadcrumbList\",\"@id\":\"https:\/\/laprensacristiana.com\/?p=3313#breadcrumb\",\"itemListElement\":[{\"@type\":\"ListItem\",\"position\":1,\"name\":\"Portada\",\"item\":\"https:\/\/laprensacristiana.com\/\"},{\"@type\":\"ListItem\",\"position\":2,\"name\":\"Celebran D\u00eda Nacional de la Oraci\u00f3n por El Salvador\"}]},{\"@type\":\"WebSite\",\"@id\":\"https:\/\/laprensacristiana.com\/#website\",\"url\":\"https:\/\/laprensacristiana.com\/\",\"name\":\"La Prensa Cristiana\",\"description\":\"Anunciando Las Buenas Nuevas\",\"potentialAction\":[{\"@type\":\"SearchAction\",\"target\":{\"@type\":\"EntryPoint\",\"urlTemplate\":\"https:\/\/laprensacristiana.com\/?s={search_term_string}\"},\"query-input\":\"required name=search_term_string\"}],\"inLanguage\":\"es\"},{\"@type\":\"Person\",\"@id\":\"https:\/\/laprensacristiana.com\/#\/schema\/person\/3e7d82c6bfd6b1fa67010f8f7cd5256e\",\"name\":\"EDITOR\",\"image\":{\"@type\":\"ImageObject\",\"inLanguage\":\"es\",\"@id\":\"https:\/\/laprensacristiana.com\/#\/schema\/person\/image\/\",\"url\":\"https:\/\/secure.gravatar.com\/avatar\/72069dfb6c13772d9e8381e3638666d2?s=96&d=mm&r=g\",\"contentUrl\":\"https:\/\/secure.gravatar.com\/avatar\/72069dfb6c13772d9e8381e3638666d2?s=96&d=mm&r=g\",\"caption\":\"EDITOR\"},\"url\":\"https:\/\/laprensacristiana.com\/?author=3\"}]}<\/script>\n<!-- \/ Yoast SEO plugin. -->","yoast_head_json":{"title":"Celebran D\u00eda Nacional de la Oraci\u00f3n por El Salvador - La Prensa Cristiana","robots":{"index":"index","follow":"follow","max-snippet":"max-snippet:-1","max-image-preview":"max-image-preview:large","max-video-preview":"max-video-preview:-1"},"canonical":"https:\/\/laprensacristiana.com\/?p=3313","og_locale":"es_ES","og_type":"article","og_title":"Celebran D\u00eda Nacional de la Oraci\u00f3n por El Salvador - La Prensa Cristiana","og_description":"Por decreto legislativo desde el a\u00f1o 2003 el 23 de noviembre fue declarado como \u201cDia Nacional de la Oraci\u00f3n por El Salvador\u201d, con tal motivaci\u00f3n diferentes iglesias evangelicas se dieron cita en la Plaza Gerardo Barrios, ubicada en el centro capitalino de San Salvador. A las 9:00 de la ma\u00f1ana dio inicio el acto. \u201cEs [&hellip;]","og_url":"https:\/\/laprensacristiana.com\/?p=3313","og_site_name":"La Prensa Cristiana","article_published_time":"2017-11-24T18:19:40+00:00","article_modified_time":"2020-07-02T00:24:09+00:00","og_image":[{"width":2560,"height":1439,"url":"https:\/\/laprensacristiana.com\/wp-content\/uploads\/2017\/11\/DIA-NACIONAL-DE-LA-ORACION-scaled.jpg","type":"image\/jpeg"}],"author":"EDITOR","twitter_card":"summary_large_image","twitter_misc":{"Escrito por":"EDITOR","Tiempo de lectura":"2 minutos"},"schema":{"@context":"https:\/\/schema.org","@graph":[{"@type":"WebPage","@id":"https:\/\/laprensacristiana.com\/?p=3313","url":"https:\/\/laprensacristiana.com\/?p=3313","name":"Celebran D\u00eda Nacional de la Oraci\u00f3n por El Salvador - La Prensa Cristiana","isPartOf":{"@id":"https:\/\/laprensacristiana.com\/#website"},"datePublished":"2017-11-24T18:19:40+00:00","dateModified":"2020-07-02T00:24:09+00:00","author":{"@id":"https:\/\/laprensacristiana.com\/#\/schema\/person\/3e7d82c6bfd6b1fa67010f8f7cd5256e"},"breadcrumb":{"@id":"https:\/\/laprensacristiana.com\/?p=3313#breadcrumb"},"inLanguage":"es","potentialAction":[{"@type":"ReadAction","target":["https:\/\/laprensacristiana.com\/?p=3313"]}]},{"@type":"BreadcrumbList","@id":"https:\/\/laprensacristiana.com\/?p=3313#breadcrumb","itemListElement":[{"@type":"ListItem","position":1,"name":"Portada","item":"https:\/\/laprensacristiana.com\/"},{"@type":"ListItem","position":2,"name":"Celebran D\u00eda Nacional de la Oraci\u00f3n por El Salvador"}]},{"@type":"WebSite","@id":"https:\/\/laprensacristiana.com\/#website","url":"https:\/\/laprensacristiana.com\/","name":"La Prensa Cristiana","description":"Anunciando Las Buenas Nuevas","potentialAction":[{"@type":"SearchAction","target":{"@type":"EntryPoint","urlTemplate":"https:\/\/laprensacristiana.com\/?s={search_term_string}"},"query-input":"required name=search_term_string"}],"inLanguage":"es"},{"@type":"Person","@id":"https:\/\/laprensacristiana.com\/#\/schema\/person\/3e7d82c6bfd6b1fa67010f8f7cd5256e","name":"EDITOR","image":{"@type":"ImageObject","inLanguage":"es","@id":"https:\/\/laprensacristiana.com\/#\/schema\/person\/image\/","url":"https:\/\/secure.gravatar.com\/avatar\/72069dfb6c13772d9e8381e3638666d2?s=96&d=mm&r=g","contentUrl":"https:\/\/secure.gravatar.com\/avatar\/72069dfb6c13772d9e8381e3638666d2?s=96&d=mm&r=g","caption":"EDITOR"},"url":"https:\/\/laprensacristiana.com\/?author=3"}]}},"_links":{"self":[{"href":"https:\/\/laprensacristiana.com\/index.php?rest_route=\/wp\/v2\/posts\/3313"}],"collection":[{"href":"https:\/\/laprensacristiana.com\/index.php?rest_route=\/wp\/v2\/posts"}],"about":[{"href":"https:\/\/laprensacristiana.com\/index.php?rest_route=\/wp\/v2\/types\/post"}],"author":[{"embeddable":true,"href":"https:\/\/laprensacristiana.com\/index.php?rest_route=\/wp\/v2\/users\/3"}],"replies":[{"embeddable":true,"href":"https:\/\/laprensacristiana.com\/index.php?rest_route=%2Fwp%2Fv2%2Fcomments&post=3313"}],"version-history":[{"count":1,"href":"https:\/\/laprensacristiana.com\/index.php?rest_route=\/wp\/v2\/posts\/3313\/revisions"}],"predecessor-version":[{"id":3316,"href":"https:\/\/laprensacristiana.com\/index.php?rest_route=\/wp\/v2\/posts\/3313\/revisions\/3316"}],"wp:featuredmedia":[{"embeddable":true,"href":"https:\/\/laprensacristiana.com\/index.php?rest_route=\/wp\/v2\/media\/3314"}],"wp:attachment":[{"href":"https:\/\/laprensacristiana.com\/index.php?rest_route=%2Fwp%2Fv2%2Fmedia&parent=3313"}],"wp:term":[{"taxonomy":"category","embeddable":true,"href":"https:\/\/laprensacristiana.com\/index.php?rest_route=%2Fwp%2Fv2%2Fcategories&post=3313"},{"taxonomy":"post_tag","embeddable":true,"href":"https:\/\/laprensacristiana.com\/index.php?rest_route=%2Fwp%2Fv2%2Ftags&post=3313"}],"curies":[{"name":"wp","href":"https:\/\/api.w.org\/{rel}","templated":true}]}}