{"id":3323,"date":"2017-11-29T18:21:23","date_gmt":"2017-11-29T18:21:23","guid":{"rendered":"https:\/\/laprensacristiana.com\/?p=3323"},"modified":"2020-07-02T00:22:57","modified_gmt":"2020-07-02T00:22:57","slug":"fallece-pastor-edgar-lopez-bertrand","status":"publish","type":"post","link":"https:\/\/laprensacristiana.com\/?p=3323","title":{"rendered":"Fallece pastor Edgar L\u00f3pez Bertrand"},"content":{"rendered":"<p>El dia de hoy a las 11:10 de la ma\u00f1ana paso a la presencia del Se\u00f1or el reconocido pastor fundador del Tabernaculo Biblico Bautista Amigos de Israel, Dr. Edgar Lopez Bertrand.<\/p>\n<p>A traves de su cuenta de twitter el pastor Edgar L\u00f3pez Bertrand Jr despidi\u00f3 a su padre: \u201cHoy parti\u00f3 nuestro Padre y Pastor General a su hogar Celestial, gracias por acompa\u00f1arnos a celebrar su vida en el Tabern\u00e1culo Central a partir de las 6:pm\u201d<\/p>\n<p><img decoding=\"async\" loading=\"lazy\" class=\"alignnone size-full wp-image-3324\" src=\"https:\/\/laprensacristiana.com\/wp-content\/uploads\/2017\/11\/tweet-jr.jpg\" alt=\"\" width=\"640\" height=\"596\" srcset=\"https:\/\/laprensacristiana.com\/wp-content\/uploads\/2017\/11\/tweet-jr.jpg 640w, https:\/\/laprensacristiana.com\/wp-content\/uploads\/2017\/11\/tweet-jr-600x559.jpg 600w, https:\/\/laprensacristiana.com\/wp-content\/uploads\/2017\/11\/tweet-jr-300x279.jpg 300w, https:\/\/laprensacristiana.com\/wp-content\/uploads\/2017\/11\/tweet-jr-451x420.jpg 451w\" sizes=\"(max-width: 640px) 100vw, 640px\" \/><\/p>\n<p>Cabe destacar que el Tabern\u00e1culo central celebr\u00f3 en el mes de noviembre 40 a\u00f1os de presencia e impacto en El Salvador, los cuales estuvo bajo la conducci\u00f3n de su fundador, el cual coron\u00f3 su carrera el d\u00eda de hoy.<\/p>\n<p>https:\/\/twitter.com\/twitter\/statuses\/935928499373789185<\/p>\n","protected":false},"excerpt":{"rendered":"<p>El dia de hoy a las 11:10 de la ma\u00f1ana paso a la presencia del Se\u00f1or el reconocido pastor fundador del Tabernaculo Biblico Bautista Amigos de Israel, Dr. Edgar Lopez Bertrand. A traves de su cuenta de twitter el pastor Edgar L\u00f3pez Bertrand Jr despidi\u00f3 a su padre: \u201cHoy parti\u00f3 nuestro Padre y Pastor General [&hellip;]<\/p>\n","protected":false},"author":3,"featured_media":3325,"comment_status":"open","ping_status":"open","sticky":false,"template":"","format":"standard","meta":[],"categories":[56],"tags":[],"yoast_head":"<!-- This site is optimized with the Yoast SEO plugin v20.8 - https:\/\/yoast.com\/wordpress\/plugins\/seo\/ -->\n<title>Fallece pastor Edgar L\u00f3pez Bertrand - La Prensa Cristiana<\/title>\n<meta name=\"robots\" content=\"index, follow, max-snippet:-1, max-image-preview:large, max-video-preview:-1\" \/>\n<link rel=\"canonical\" href=\"https:\/\/laprensacristiana.com\/?p=3323\" \/>\n<meta property=\"og:locale\" content=\"es_ES\" \/>\n<meta property=\"og:type\" content=\"article\" \/>\n<meta property=\"og:title\" content=\"Fallece pastor Edgar L\u00f3pez Bertrand - La Prensa Cristiana\" \/>\n<meta property=\"og:description\" content=\"El dia de hoy a las 11:10 de la ma\u00f1ana paso a la presencia del Se\u00f1or el reconocido pastor fundador del Tabernaculo Biblico Bautista Amigos de Israel, Dr. Edgar Lopez Bertrand. A traves de su cuenta de twitter el pastor Edgar L\u00f3pez Bertrand Jr despidi\u00f3 a su padre: \u201cHoy parti\u00f3 nuestro Padre y Pastor General [&hellip;]\" \/>\n<meta property=\"og:url\" content=\"https:\/\/laprensacristiana.com\/?p=3323\" \/>\n<meta property=\"og:site_name\" content=\"La Prensa Cristiana\" \/>\n<meta property=\"article:published_time\" content=\"2017-11-29T18:21:23+00:00\" \/>\n<meta property=\"article:modified_time\" content=\"2020-07-02T00:22:57+00:00\" \/>\n<meta property=\"og:image\" content=\"https:\/\/laprensacristiana.com\/wp-content\/uploads\/2017\/11\/1200x630bb.jpg\" \/>\n\t<meta property=\"og:image:width\" content=\"600\" \/>\n\t<meta property=\"og:image:height\" content=\"600\" \/>\n\t<meta property=\"og:image:type\" content=\"image\/jpeg\" \/>\n<meta name=\"author\" content=\"EDITOR\" \/>\n<meta name=\"twitter:card\" content=\"summary_large_image\" \/>\n<meta name=\"twitter:label1\" content=\"Escrito por\" \/>\n\t<meta name=\"twitter:data1\" content=\"EDITOR\" \/>\n\t<meta name=\"twitter:label2\" content=\"Tiempo de lectura\" \/>\n\t<meta name=\"twitter:data2\" content=\"1 minuto\" \/>\n<script type=\"application\/ld+json\" class=\"yoast-schema-graph\">{\"@context\":\"https:\/\/schema.org\",\"@graph\":[{\"@type\":\"WebPage\",\"@id\":\"https:\/\/laprensacristiana.com\/?p=3323\",\"url\":\"https:\/\/laprensacristiana.com\/?p=3323\",\"name\":\"Fallece pastor Edgar L\u00f3pez Bertrand - La Prensa Cristiana\",\"isPartOf\":{\"@id\":\"https:\/\/laprensacristiana.com\/#website\"},\"datePublished\":\"2017-11-29T18:21:23+00:00\",\"dateModified\":\"2020-07-02T00:22:57+00:00\",\"author\":{\"@id\":\"https:\/\/laprensacristiana.com\/#\/schema\/person\/3e7d82c6bfd6b1fa67010f8f7cd5256e\"},\"breadcrumb\":{\"@id\":\"https:\/\/laprensacristiana.com\/?p=3323#breadcrumb\"},\"inLanguage\":\"es\",\"potentialAction\":[{\"@type\":\"ReadAction\",\"target\":[\"https:\/\/laprensacristiana.com\/?p=3323\"]}]},{\"@type\":\"BreadcrumbList\",\"@id\":\"https:\/\/laprensacristiana.com\/?p=3323#breadcrumb\",\"itemListElement\":[{\"@type\":\"ListItem\",\"position\":1,\"name\":\"Portada\",\"item\":\"https:\/\/laprensacristiana.com\/\"},{\"@type\":\"ListItem\",\"position\":2,\"name\":\"Fallece pastor Edgar L\u00f3pez Bertrand\"}]},{\"@type\":\"WebSite\",\"@id\":\"https:\/\/laprensacristiana.com\/#website\",\"url\":\"https:\/\/laprensacristiana.com\/\",\"name\":\"La Prensa Cristiana\",\"description\":\"Anunciando Las Buenas Nuevas\",\"potentialAction\":[{\"@type\":\"SearchAction\",\"target\":{\"@type\":\"EntryPoint\",\"urlTemplate\":\"https:\/\/laprensacristiana.com\/?s={search_term_string}\"},\"query-input\":\"required name=search_term_string\"}],\"inLanguage\":\"es\"},{\"@type\":\"Person\",\"@id\":\"https:\/\/laprensacristiana.com\/#\/schema\/person\/3e7d82c6bfd6b1fa67010f8f7cd5256e\",\"name\":\"EDITOR\",\"image\":{\"@type\":\"ImageObject\",\"inLanguage\":\"es\",\"@id\":\"https:\/\/laprensacristiana.com\/#\/schema\/person\/image\/\",\"url\":\"https:\/\/secure.gravatar.com\/avatar\/72069dfb6c13772d9e8381e3638666d2?s=96&d=mm&r=g\",\"contentUrl\":\"https:\/\/secure.gravatar.com\/avatar\/72069dfb6c13772d9e8381e3638666d2?s=96&d=mm&r=g\",\"caption\":\"EDITOR\"},\"url\":\"https:\/\/laprensacristiana.com\/?author=3\"}]}<\/script>\n<!-- \/ Yoast SEO plugin. -->","yoast_head_json":{"title":"Fallece pastor Edgar L\u00f3pez Bertrand - La Prensa Cristiana","robots":{"index":"index","follow":"follow","max-snippet":"max-snippet:-1","max-image-preview":"max-image-preview:large","max-video-preview":"max-video-preview:-1"},"canonical":"https:\/\/laprensacristiana.com\/?p=3323","og_locale":"es_ES","og_type":"article","og_title":"Fallece pastor Edgar L\u00f3pez Bertrand - La Prensa Cristiana","og_description":"El dia de hoy a las 11:10 de la ma\u00f1ana paso a la presencia del Se\u00f1or el reconocido pastor fundador del Tabernaculo Biblico Bautista Amigos de Israel, Dr. Edgar Lopez Bertrand. A traves de su cuenta de twitter el pastor Edgar L\u00f3pez Bertrand Jr despidi\u00f3 a su padre: \u201cHoy parti\u00f3 nuestro Padre y Pastor General [&hellip;]","og_url":"https:\/\/laprensacristiana.com\/?p=3323","og_site_name":"La Prensa Cristiana","article_published_time":"2017-11-29T18:21:23+00:00","article_modified_time":"2020-07-02T00:22:57+00:00","og_image":[{"width":600,"height":600,"url":"https:\/\/laprensacristiana.com\/wp-content\/uploads\/2017\/11\/1200x630bb.jpg","type":"image\/jpeg"}],"author":"EDITOR","twitter_card":"summary_large_image","twitter_misc":{"Escrito por":"EDITOR","Tiempo de lectura":"1 minuto"},"schema":{"@context":"https:\/\/schema.org","@graph":[{"@type":"WebPage","@id":"https:\/\/laprensacristiana.com\/?p=3323","url":"https:\/\/laprensacristiana.com\/?p=3323","name":"Fallece pastor Edgar L\u00f3pez Bertrand - La Prensa Cristiana","isPartOf":{"@id":"https:\/\/laprensacristiana.com\/#website"},"datePublished":"2017-11-29T18:21:23+00:00","dateModified":"2020-07-02T00:22:57+00:00","author":{"@id":"https:\/\/laprensacristiana.com\/#\/schema\/person\/3e7d82c6bfd6b1fa67010f8f7cd5256e"},"breadcrumb":{"@id":"https:\/\/laprensacristiana.com\/?p=3323#breadcrumb"},"inLanguage":"es","potentialAction":[{"@type":"ReadAction","target":["https:\/\/laprensacristiana.com\/?p=3323"]}]},{"@type":"BreadcrumbList","@id":"https:\/\/laprensacristiana.com\/?p=3323#breadcrumb","itemListElement":[{"@type":"ListItem","position":1,"name":"Portada","item":"https:\/\/laprensacristiana.com\/"},{"@type":"ListItem","position":2,"name":"Fallece pastor Edgar L\u00f3pez Bertrand"}]},{"@type":"WebSite","@id":"https:\/\/laprensacristiana.com\/#website","url":"https:\/\/laprensacristiana.com\/","name":"La Prensa Cristiana","description":"Anunciando Las Buenas Nuevas","potentialAction":[{"@type":"SearchAction","target":{"@type":"EntryPoint","urlTemplate":"https:\/\/laprensacristiana.com\/?s={search_term_string}"},"query-input":"required name=search_term_string"}],"inLanguage":"es"},{"@type":"Person","@id":"https:\/\/laprensacristiana.com\/#\/schema\/person\/3e7d82c6bfd6b1fa67010f8f7cd5256e","name":"EDITOR","image":{"@type":"ImageObject","inLanguage":"es","@id":"https:\/\/laprensacristiana.com\/#\/schema\/person\/image\/","url":"https:\/\/secure.gravatar.com\/avatar\/72069dfb6c13772d9e8381e3638666d2?s=96&d=mm&r=g","contentUrl":"https:\/\/secure.gravatar.com\/avatar\/72069dfb6c13772d9e8381e3638666d2?s=96&d=mm&r=g","caption":"EDITOR"},"url":"https:\/\/laprensacristiana.com\/?author=3"}]}},"_links":{"self":[{"href":"https:\/\/laprensacristiana.com\/index.php?rest_route=\/wp\/v2\/posts\/3323"}],"collection":[{"href":"https:\/\/laprensacristiana.com\/index.php?rest_route=\/wp\/v2\/posts"}],"about":[{"href":"https:\/\/laprensacristiana.com\/index.php?rest_route=\/wp\/v2\/types\/post"}],"author":[{"embeddable":true,"href":"https:\/\/laprensacristiana.com\/index.php?rest_route=\/wp\/v2\/users\/3"}],"replies":[{"embeddable":true,"href":"https:\/\/laprensacristiana.com\/index.php?rest_route=%2Fwp%2Fv2%2Fcomments&post=3323"}],"version-history":[{"count":3,"href":"https:\/\/laprensacristiana.com\/index.php?rest_route=\/wp\/v2\/posts\/3323\/revisions"}],"predecessor-version":[{"id":3328,"href":"https:\/\/laprensacristiana.com\/index.php?rest_route=\/wp\/v2\/posts\/3323\/revisions\/3328"}],"wp:featuredmedia":[{"embeddable":true,"href":"https:\/\/laprensacristiana.com\/index.php?rest_route=\/wp\/v2\/media\/3325"}],"wp:attachment":[{"href":"https:\/\/laprensacristiana.com\/index.php?rest_route=%2Fwp%2Fv2%2Fmedia&parent=3323"}],"wp:term":[{"taxonomy":"category","embeddable":true,"href":"https:\/\/laprensacristiana.com\/index.php?rest_route=%2Fwp%2Fv2%2Fcategories&post=3323"},{"taxonomy":"post_tag","embeddable":true,"href":"https:\/\/laprensacristiana.com\/index.php?rest_route=%2Fwp%2Fv2%2Ftags&post=3323"}],"curies":[{"name":"wp","href":"https:\/\/api.w.org\/{rel}","templated":true}]}}