{"id":3332,"date":"2017-12-01T22:29:20","date_gmt":"2017-12-01T22:29:20","guid":{"rendered":"https:\/\/laprensacristiana.com\/?p=3332"},"modified":"2017-12-01T22:29:20","modified_gmt":"2017-12-01T22:29:20","slug":"a-imagen-de-quien-de-dios-o-del-pastor","status":"publish","type":"post","link":"https:\/\/laprensacristiana.com\/?p=3332","title":{"rendered":"\u00bfA IMAGEN DE QUIEN? \u00bfDE DIOS O DEL PASTOR?"},"content":{"rendered":"<p>Vamos a ser sinceros, queridos conciervos: No estamos haciendo un buen papel delante de nuestras congregaciones y mucho menos delante del Dios que nos ha llamado a formar disc\u00edpulos.<\/p>\n<p>Es una realidad que muchos de nosotros los pastores estamos m\u00e1s interesados en llenar las sillas de la congregaci\u00f3n que pastoreamos, que hacer verdaderos disc\u00edpulos de Cristo. Craso error.<\/p>\n<p>La orden del Se\u00f1or fue y sigue siendo: \u201cId, pues, y haced disc\u00edpulos de todas las naciones, bautiz\u00e1ndolos en el nombre del Padre y del Hijo y del Esp\u00edritu Santo, ense\u00f1\u00e1ndoles a guardar todo lo que os he mandado; y he aqu\u00ed, yo estoy con vosotros todos los d\u00edas, hasta el fin del mundo.\u201d (Mat. 28:19-20).<\/p>\n<p>Y todos sabemos lo que Dios hizo en el G\u00e8nesis: Hizo al hombre a Su Imagen y Semejanza. Aqu\u00ed est\u00e1 el quid de la cuesti\u00f3n.<\/p>\n<p>Me explicar\u00e9\u2026<\/p>\n<p>Si el Se\u00f1or hizo al hombre a Su Imagen y Semejanza, \u00bfen donde se perdi\u00f3 esa Imagen y Semejanza? \u00bfEn qu\u00e8 esquina del camino el hombre dej\u00f3 de parecerse a Dios? \u00bfEn qu\u00e8 momento el hombre perdi\u00f3 la Semejanza del Dios que lo form\u00f2? Bueno, usted me dir\u00e1, fue a causa del pecado, pastor Berges. Cierto. Pero, \u00bfes eso excusa para que el trabajo que Jesucristo vino a hacer a la tierra no diera el resultado que \u00c8l esperaba y sigue esperando? Porque recordemos que una de las esperanzas de Jesus es que el hombre recobre la Imagen de su Padre. Que vuelva a ser el hombre del G\u00e8nesis antes del pecado. Y si esto no es as\u00ed, \u00bfquien est\u00e1 fallando en hacer que los hombres vuelvan a su g\u00e8nesis? \u00bfQuien est\u00e1 dejando de cumplir el rol que Jesus deleg\u00f3 a sus disc\u00edpulos? Pablo es un paradigma de esa funci\u00f3n. En todas sus cartas nos ense\u00f1a a volver a ser lo que debemos ser. Si es que en realidad queremos ser disc\u00edpulos del Se\u00f1or.<\/p>\n<p>Pero eso necesita una buena dosis de humildad, sujeci\u00f3n, obediencia, identidad y conocimiento de la Palabra de Dios. Y aqu\u00ed es en donde estamos fallando, pastores queridos, aqu\u00ed est\u00e1 el error.<\/p>\n<p>Porque la mayor\u00eda de iglesias evang\u00e9licas est\u00e1n llenas de evang\u00e9licos pero muy pocos cristianos. Recordemos que esa famosa palabrita que dice mucho fue endilgada a los que segu\u00edan el Camino y se distingu\u00edan de los dem\u00e1s por su forma de vivir, por su hablar, caminar y tratar a sus esposas y familias.<\/p>\n<p>Pero \u00bfhoy? Da verg\u00fcenza que muchos que se dicen evang\u00e9licos sigan viviendo como si no hubieran conocido al Se\u00f1or Jesucristo. Es m\u00e1s, con sus hechos lo niegan totalmente. Son malhablados, insolentes, pegadores de mujeres, ad\u00falteros y fornicarios. Todo lo que dice la Escritura que no debemos ser. \u00bfEn donde -insisto-, esta el error? En la ense\u00f1anza que los pastores nos negamos a darles.<\/p>\n<p>Es mas f\u00e1cil hablar del fin del mundo que ense\u00f1ar como vivir en este mundo. Es m\u00e1s f\u00e1cil hablar de como vivir en el cielo que como vivir en la tierra. Jesus dijo: \u201cPadre, no te pido que los quites del mundo sino que los guardes del mal\u201d. No hemos sido puestos por Dios para hablar de las calles de oro sino las calles de polvo. No hemos sido puestos por Dios para prometer el cielo sino para ense\u00f1ar a vivir al lado del vecino que no cree en Dios. Hemos sido puestos por el Se\u00f1or a cargo de Su Iglesia y no de nuestro negocio.<\/p>\n<p>Lo lamento, amigos pastores, pero le estamos fallando cruelmente a Aquel que nos deleg\u00f3 su autoridad para que hagamos el trabajo que nos encomend\u00f3: Ense\u00f1ar lo que \u00c8l ense\u00f1\u00f2 y no lo que nosotros queremos ense\u00f1ar. Hacer disc\u00edpulos y no evang\u00e9licos. Porque ustedes saben perfectamente que la Iglesia est\u00e1 llena de ellos y muy escasa de alumnos que aprueben el examen cuando llegan las tentaciones y las pruebas. Nuestro papel, amigos, es ense\u00f1ar lo que Jesus ense\u00f1\u00f2 y no lo que nos dijeron en el seminario teol\u00f3gico. Es instruir a nuestros j\u00f3venes a que aprendan a vivir en esta selva de cemento y den el ejemplo de como son los disc\u00edpulos de Cristo en medio del pecado, las famosas redes, las selfies y todo lo que les rodea. Que le pregunten a Daniel y sus amigos como lograron impactar a un rey babilonio con su valerosa conducta. Nuestra obligaci\u00f3n es ense\u00f1arle a las jovencitas que no se dejen enga\u00f1ar por los depredadores sexuales que se sientan en las sillas de las Iglesias viendo a quien se devoran con su lujuria y bajas pasiones. Nuestro deber, se\u00f1ores, es instruir a los hombres a respetar y amar a sus esposas para romper los paradigmas vulgares\u00a0 y carnales que los dem\u00e1s ven y por eso se niegan a aceptar el Plan de Salvaci\u00f3n que se les ofrece.<\/p>\n<p>\u00bfTodo por qu\u00e8? Porque los pastores est\u00e1n m\u00e1s interesados en que los hombres se parezcan a ellos y no al Se\u00f1or que los salv\u00f3. La mayor\u00eda de hombres, -y disculpen cualquier parecido- se parecen m\u00e1s al pastor que a Jesus. Sus maneras lo dicen. Corte de pelo, costumbres en como comportarse ante las mujeres, lenguaje, forma de hablar, forma de predicar y muchos paradigmas m\u00e1s. Si el pastor tiene carro del a\u00f1o, todos quieren lo mismo a\u00fan a costa de dejar sin pan sus mesas. Si el pastor viste de tal forma ellos tambi\u00e9n. Si el pastor grita para predicar ellos tambi\u00e9n. Son clones del pastor, no Imagen del Dios Todopoderoso. A esto, agregu\u00e9mosle que es m\u00e1s f\u00e1cil imitar a los futbolistas de moda que al Se\u00f1or Dios. No es un secreto que la mayor\u00eda de varones lucen en sus espaldas el nombre del famoso goleador de turno que su propio nombre. Como que andan buscando un ejemplo a quien imitar y no tienen m\u00e1s remedio que imitar a sus \u00eddolos de barro\u00a0 en vez de imitar a Cristo, como dijo Pablo.<\/p>\n<p>\u00a1Ah!, pero aqu\u00ed entramos a otro asunto. Muchos pastores dicen: \u201cUsted no me vea a m\u00ed, vea al Se\u00f1or\u201d. Perfecto. Pero se le olvida, pastor que usted debe imitar al Se\u00f1or en todo lo que pueda para que los que lo observan vean al Se\u00f1or en usted. \u00bfAcaso no fue eso lo que nos ense\u00f1\u00f2 Pablo? \u201cIm\u00edtenme a m\u00ed en lo que yo imito a Cristo\u201d. Cuando eso se logre, entonces, y solo entonces, los ni\u00f1os en sus casas ver\u00e1n a Jesus en sus padres. Las mujeres se sentir\u00e1n satisfechas de vivir con un hombre que se parece a Jesus.<\/p>\n<p>\u00bfQueremos cambiar El Salvador, pastores? Tenemos que cambiar a los hombres.\u00a0 Ustedes y yo recibimos varones, convirt\u00e1moslos en hombres entonces. Ya no defraudemos al Se\u00f1or. Ense\u00f1emos lo que \u00c8l ense\u00f1\u00f2. Eso es todo.<\/p>\n","protected":false},"excerpt":{"rendered":"<p>Vamos a ser sinceros, queridos conciervos: No estamos haciendo un buen papel delante de nuestras congregaciones y mucho menos delante del Dios que nos ha llamado a formar disc\u00edpulos. Es una realidad que muchos de nosotros los pastores estamos m\u00e1s interesados en llenar las sillas de la congregaci\u00f3n que pastoreamos, que hacer verdaderos disc\u00edpulos de [&hellip;]<\/p>\n","protected":false},"author":3,"featured_media":3311,"comment_status":"open","ping_status":"open","sticky":false,"template":"","format":"standard","meta":[],"categories":[36],"tags":[],"yoast_head":"<!-- This site is optimized with the Yoast SEO plugin v20.8 - https:\/\/yoast.com\/wordpress\/plugins\/seo\/ -->\n<title>\u00bfA IMAGEN DE QUIEN? \u00bfDE DIOS O DEL PASTOR? - La Prensa Cristiana<\/title>\n<meta name=\"robots\" content=\"index, follow, max-snippet:-1, max-image-preview:large, max-video-preview:-1\" \/>\n<link rel=\"canonical\" href=\"https:\/\/laprensacristiana.com\/?p=3332\" \/>\n<meta property=\"og:locale\" content=\"es_ES\" \/>\n<meta property=\"og:type\" content=\"article\" \/>\n<meta property=\"og:title\" content=\"\u00bfA IMAGEN DE QUIEN? \u00bfDE DIOS O DEL PASTOR? - La Prensa Cristiana\" \/>\n<meta property=\"og:description\" content=\"Vamos a ser sinceros, queridos conciervos: No estamos haciendo un buen papel delante de nuestras congregaciones y mucho menos delante del Dios que nos ha llamado a formar disc\u00edpulos. Es una realidad que muchos de nosotros los pastores estamos m\u00e1s interesados en llenar las sillas de la congregaci\u00f3n que pastoreamos, que hacer verdaderos disc\u00edpulos de [&hellip;]\" \/>\n<meta property=\"og:url\" content=\"https:\/\/laprensacristiana.com\/?p=3332\" \/>\n<meta property=\"og:site_name\" content=\"La Prensa Cristiana\" \/>\n<meta property=\"article:published_time\" content=\"2017-12-01T22:29:20+00:00\" \/>\n<meta property=\"og:image\" content=\"https:\/\/laprensacristiana.com\/wp-content\/uploads\/2017\/11\/2017-11-23-PHOTO-00003245.jpg\" \/>\n\t<meta property=\"og:image:width\" content=\"1280\" \/>\n\t<meta property=\"og:image:height\" content=\"714\" \/>\n\t<meta property=\"og:image:type\" content=\"image\/jpeg\" \/>\n<meta name=\"author\" content=\"EDITOR\" \/>\n<meta name=\"twitter:card\" content=\"summary_large_image\" \/>\n<meta name=\"twitter:label1\" content=\"Escrito por\" \/>\n\t<meta name=\"twitter:data1\" content=\"EDITOR\" \/>\n\t<meta name=\"twitter:label2\" content=\"Tiempo de lectura\" \/>\n\t<meta name=\"twitter:data2\" content=\"6 minutos\" \/>\n<script type=\"application\/ld+json\" class=\"yoast-schema-graph\">{\"@context\":\"https:\/\/schema.org\",\"@graph\":[{\"@type\":\"WebPage\",\"@id\":\"https:\/\/laprensacristiana.com\/?p=3332\",\"url\":\"https:\/\/laprensacristiana.com\/?p=3332\",\"name\":\"\u00bfA IMAGEN DE QUIEN? \u00bfDE DIOS O DEL PASTOR? - La Prensa Cristiana\",\"isPartOf\":{\"@id\":\"https:\/\/laprensacristiana.com\/#website\"},\"datePublished\":\"2017-12-01T22:29:20+00:00\",\"dateModified\":\"2017-12-01T22:29:20+00:00\",\"author\":{\"@id\":\"https:\/\/laprensacristiana.com\/#\/schema\/person\/3e7d82c6bfd6b1fa67010f8f7cd5256e\"},\"breadcrumb\":{\"@id\":\"https:\/\/laprensacristiana.com\/?p=3332#breadcrumb\"},\"inLanguage\":\"es\",\"potentialAction\":[{\"@type\":\"ReadAction\",\"target\":[\"https:\/\/laprensacristiana.com\/?p=3332\"]}]},{\"@type\":\"BreadcrumbList\",\"@id\":\"https:\/\/laprensacristiana.com\/?p=3332#breadcrumb\",\"itemListElement\":[{\"@type\":\"ListItem\",\"position\":1,\"name\":\"Portada\",\"item\":\"https:\/\/laprensacristiana.com\/\"},{\"@type\":\"ListItem\",\"position\":2,\"name\":\"\u00bfA IMAGEN DE QUIEN? \u00bfDE DIOS O DEL PASTOR?\"}]},{\"@type\":\"WebSite\",\"@id\":\"https:\/\/laprensacristiana.com\/#website\",\"url\":\"https:\/\/laprensacristiana.com\/\",\"name\":\"La Prensa Cristiana\",\"description\":\"Anunciando Las Buenas Nuevas\",\"potentialAction\":[{\"@type\":\"SearchAction\",\"target\":{\"@type\":\"EntryPoint\",\"urlTemplate\":\"https:\/\/laprensacristiana.com\/?s={search_term_string}\"},\"query-input\":\"required name=search_term_string\"}],\"inLanguage\":\"es\"},{\"@type\":\"Person\",\"@id\":\"https:\/\/laprensacristiana.com\/#\/schema\/person\/3e7d82c6bfd6b1fa67010f8f7cd5256e\",\"name\":\"EDITOR\",\"image\":{\"@type\":\"ImageObject\",\"inLanguage\":\"es\",\"@id\":\"https:\/\/laprensacristiana.com\/#\/schema\/person\/image\/\",\"url\":\"https:\/\/secure.gravatar.com\/avatar\/72069dfb6c13772d9e8381e3638666d2?s=96&d=mm&r=g\",\"contentUrl\":\"https:\/\/secure.gravatar.com\/avatar\/72069dfb6c13772d9e8381e3638666d2?s=96&d=mm&r=g\",\"caption\":\"EDITOR\"},\"url\":\"https:\/\/laprensacristiana.com\/?author=3\"}]}<\/script>\n<!-- \/ Yoast SEO plugin. -->","yoast_head_json":{"title":"\u00bfA IMAGEN DE QUIEN? \u00bfDE DIOS O DEL PASTOR? - La Prensa Cristiana","robots":{"index":"index","follow":"follow","max-snippet":"max-snippet:-1","max-image-preview":"max-image-preview:large","max-video-preview":"max-video-preview:-1"},"canonical":"https:\/\/laprensacristiana.com\/?p=3332","og_locale":"es_ES","og_type":"article","og_title":"\u00bfA IMAGEN DE QUIEN? \u00bfDE DIOS O DEL PASTOR? - La Prensa Cristiana","og_description":"Vamos a ser sinceros, queridos conciervos: No estamos haciendo un buen papel delante de nuestras congregaciones y mucho menos delante del Dios que nos ha llamado a formar disc\u00edpulos. Es una realidad que muchos de nosotros los pastores estamos m\u00e1s interesados en llenar las sillas de la congregaci\u00f3n que pastoreamos, que hacer verdaderos disc\u00edpulos de [&hellip;]","og_url":"https:\/\/laprensacristiana.com\/?p=3332","og_site_name":"La Prensa Cristiana","article_published_time":"2017-12-01T22:29:20+00:00","og_image":[{"width":1280,"height":714,"url":"https:\/\/laprensacristiana.com\/wp-content\/uploads\/2017\/11\/2017-11-23-PHOTO-00003245.jpg","type":"image\/jpeg"}],"author":"EDITOR","twitter_card":"summary_large_image","twitter_misc":{"Escrito por":"EDITOR","Tiempo de lectura":"6 minutos"},"schema":{"@context":"https:\/\/schema.org","@graph":[{"@type":"WebPage","@id":"https:\/\/laprensacristiana.com\/?p=3332","url":"https:\/\/laprensacristiana.com\/?p=3332","name":"\u00bfA IMAGEN DE QUIEN? \u00bfDE DIOS O DEL PASTOR? - La Prensa Cristiana","isPartOf":{"@id":"https:\/\/laprensacristiana.com\/#website"},"datePublished":"2017-12-01T22:29:20+00:00","dateModified":"2017-12-01T22:29:20+00:00","author":{"@id":"https:\/\/laprensacristiana.com\/#\/schema\/person\/3e7d82c6bfd6b1fa67010f8f7cd5256e"},"breadcrumb":{"@id":"https:\/\/laprensacristiana.com\/?p=3332#breadcrumb"},"inLanguage":"es","potentialAction":[{"@type":"ReadAction","target":["https:\/\/laprensacristiana.com\/?p=3332"]}]},{"@type":"BreadcrumbList","@id":"https:\/\/laprensacristiana.com\/?p=3332#breadcrumb","itemListElement":[{"@type":"ListItem","position":1,"name":"Portada","item":"https:\/\/laprensacristiana.com\/"},{"@type":"ListItem","position":2,"name":"\u00bfA IMAGEN DE QUIEN? \u00bfDE DIOS O DEL PASTOR?"}]},{"@type":"WebSite","@id":"https:\/\/laprensacristiana.com\/#website","url":"https:\/\/laprensacristiana.com\/","name":"La Prensa Cristiana","description":"Anunciando Las Buenas Nuevas","potentialAction":[{"@type":"SearchAction","target":{"@type":"EntryPoint","urlTemplate":"https:\/\/laprensacristiana.com\/?s={search_term_string}"},"query-input":"required name=search_term_string"}],"inLanguage":"es"},{"@type":"Person","@id":"https:\/\/laprensacristiana.com\/#\/schema\/person\/3e7d82c6bfd6b1fa67010f8f7cd5256e","name":"EDITOR","image":{"@type":"ImageObject","inLanguage":"es","@id":"https:\/\/laprensacristiana.com\/#\/schema\/person\/image\/","url":"https:\/\/secure.gravatar.com\/avatar\/72069dfb6c13772d9e8381e3638666d2?s=96&d=mm&r=g","contentUrl":"https:\/\/secure.gravatar.com\/avatar\/72069dfb6c13772d9e8381e3638666d2?s=96&d=mm&r=g","caption":"EDITOR"},"url":"https:\/\/laprensacristiana.com\/?author=3"}]}},"_links":{"self":[{"href":"https:\/\/laprensacristiana.com\/index.php?rest_route=\/wp\/v2\/posts\/3332"}],"collection":[{"href":"https:\/\/laprensacristiana.com\/index.php?rest_route=\/wp\/v2\/posts"}],"about":[{"href":"https:\/\/laprensacristiana.com\/index.php?rest_route=\/wp\/v2\/types\/post"}],"author":[{"embeddable":true,"href":"https:\/\/laprensacristiana.com\/index.php?rest_route=\/wp\/v2\/users\/3"}],"replies":[{"embeddable":true,"href":"https:\/\/laprensacristiana.com\/index.php?rest_route=%2Fwp%2Fv2%2Fcomments&post=3332"}],"version-history":[{"count":1,"href":"https:\/\/laprensacristiana.com\/index.php?rest_route=\/wp\/v2\/posts\/3332\/revisions"}],"predecessor-version":[{"id":3333,"href":"https:\/\/laprensacristiana.com\/index.php?rest_route=\/wp\/v2\/posts\/3332\/revisions\/3333"}],"wp:featuredmedia":[{"embeddable":true,"href":"https:\/\/laprensacristiana.com\/index.php?rest_route=\/wp\/v2\/media\/3311"}],"wp:attachment":[{"href":"https:\/\/laprensacristiana.com\/index.php?rest_route=%2Fwp%2Fv2%2Fmedia&parent=3332"}],"wp:term":[{"taxonomy":"category","embeddable":true,"href":"https:\/\/laprensacristiana.com\/index.php?rest_route=%2Fwp%2Fv2%2Fcategories&post=3332"},{"taxonomy":"post_tag","embeddable":true,"href":"https:\/\/laprensacristiana.com\/index.php?rest_route=%2Fwp%2Fv2%2Ftags&post=3332"}],"curies":[{"name":"wp","href":"https:\/\/api.w.org\/{rel}","templated":true}]}}