{"id":3335,"date":"2017-12-04T20:11:39","date_gmt":"2017-12-04T20:11:39","guid":{"rendered":"https:\/\/laprensacristiana.com\/?p=3335"},"modified":"2020-07-02T00:22:33","modified_gmt":"2020-07-02T00:22:33","slug":"sabias-que-la-celebracion-de-la-navidad-es-exclusiva-para-un-grupo-de-personas","status":"publish","type":"post","link":"https:\/\/laprensacristiana.com\/?p=3335","title":{"rendered":"\u00bfSab\u00edas qu\u00e9? La celebraci\u00f3n de\u00a0 la navidad, es exclusiva para un grupo de personas."},"content":{"rendered":"<p>POR JULY DE SOSA<\/p>\n<p>La \u00e9poca m\u00e1s alegre del a\u00f1o ha comenzado, y es \u00a1impresionante! la creatividad con la que muchos decoran y visten sus casas en este \u00faltimo mes del a\u00f1o, definitivamente es admirable y digno de elogiar. Pero tambi\u00e9n habr\u00e1 otros que no decoran por diferentes motivos, tales como: Poco recurso econ\u00f3mico, vivir solos, falta de credibilidad a esta celebraci\u00f3n, entre otros.<\/p>\n<p>Lo cierto es que muchos de los que celebran y de los que no, ignoran que es lo que debemos de celebrar en estas fechas. Pues m\u00e1s all\u00e1 de una fiesta comercial. \u00a0Las santas escrituras hablan de una profec\u00eda, hecha realidad, y aunque no fue en el mes de diciembre ni mucho menos el d\u00eda 24, o 25, lo declarado por el profeta Isa\u00edas ocurri\u00f3<strong>\u2026 He aqu\u00ed que la virgen concebir\u00e1, y dar\u00e1 a luz un hijo y llamar\u00e1 su nombre Emanuel. (Isa\u00edas 7:14) <\/strong>ese nacimiento que cambio, la historia del mundo tuvo lugar en Bel\u00e9n de Judea, en d\u00edas del rey Herodes. De ese ni\u00f1o el profeta dijo: \u00a0<strong>Porque un ni\u00f1o nos es nacido, hijo nos es dado, y el principado sobre su hombro; y se llamar\u00e1 su nombre Admirable, Consejero, Dios fuerte, Padre eterno, Pr\u00edncipe de paz. (Isa\u00edas 9:6<\/strong>) ese nacimiento es lo que se conmemora, en esta \u00e9poca, sin, embargo esta celebraci\u00f3n es exclusiva para \u201clos creyentes de ese hecho\u201d. Ya que para celebrar necesitamos un motivo, y quienes no creen en Jes\u00fas como Salvador, Dios eterno y Pr\u00edncipe de paz; carecen de tal motivo. Porque de igual forma que no podemos celebrar el nacimiento de un desconocido, tampoco podemos celebrar el nacimiento del hijo de Dios, sin creer que lo es.<\/p>\n<p>Es por esta raz\u00f3n que considero esta celebraci\u00f3n exclusiva para los cristianos, en la cual, m\u00e1s que vestir nuestra casa de colores alusivos a la \u00e9poca, es importante lucir y mostrar a otros, las ropas nuevas que de Jes\u00fas hemos recibido, \u201cropas de lino fino\u201d (Apocalipsis 19: 8) Este lino fino, es lo que reviste a todo creyente para ejecutar acciones justas. Por eso es necesario que aprovechemos este tiempo para estar en paz con todos, y celebrar as\u00ed, a nuestro \u00a1Pr\u00edncipe de paz! La biblia nos ense\u00f1a, que la paz con Dios es un regalo de Jes\u00fas para nosotros (Juan 14:27) y es nuestra responsabilidad buscar esa paz para con todos los hombres, pasando por alto cualquier ofensa, recibida. Recordando que somos humanos y como tales, nos equivocamos. Creo que es nuestro deber como creyentes, aprovechar este ultimo mes del a\u00f1o, celebrando con todos, el perd\u00f3n y amor; que de Dios hemos recibido; sin duda es esta, la mejor conmemoraci\u00f3n, del nacimiento de nuestro Se\u00f1or y Salvador, que podemos tener.<\/p>\n<p>Y para quienes todav\u00eda no han cre\u00eddo en el hijo de Dios como salvador de su alma, y Se\u00f1or de su vida, las escrituras dicen que les es necesario nacer de nuevo. Yo les invito a que celebren en este tiempo el nacimiento de Jes\u00fas, en sus corazones; confesando con su boca que Jes\u00fas es el Se\u00f1or. Para que adem\u00e1s de que sus nombres sean inscritos en el libro de la vida, vistan del se\u00f1or lino fino. Y celebren la salvaci\u00f3n eterna de sus almas.<\/p>\n<p>Es mi deseo que muchos m\u00e1s, en esta navidad, reciban del Se\u00f1or ropas de lino fino, y \u00a0luzcan esa nueva vestidura para conmemorar el nacimiento de nuestro Se\u00f1or y Salvador, y listos as\u00ed, esperar su regreso.<\/p>\n<p>&nbsp;<\/p>\n<p>&nbsp;<\/p>\n<p>&nbsp;<\/p>\n","protected":false},"excerpt":{"rendered":"<p>POR JULY DE SOSA La \u00e9poca m\u00e1s alegre del a\u00f1o ha comenzado, y es \u00a1impresionante! la creatividad con la que muchos decoran y visten sus casas en este \u00faltimo mes del a\u00f1o, definitivamente es admirable y digno de elogiar. Pero tambi\u00e9n habr\u00e1 otros que no decoran por diferentes motivos, tales como: Poco recurso econ\u00f3mico, vivir [&hellip;]<\/p>\n","protected":false},"author":3,"featured_media":3096,"comment_status":"open","ping_status":"open","sticky":false,"template":"","format":"standard","meta":[],"categories":[36],"tags":[],"yoast_head":"<!-- This site is optimized with the Yoast SEO plugin v20.8 - https:\/\/yoast.com\/wordpress\/plugins\/seo\/ -->\n<title>\u00bfSab\u00edas qu\u00e9? La celebraci\u00f3n de\u00a0 la navidad, es exclusiva para un grupo de personas. - La Prensa Cristiana<\/title>\n<meta name=\"robots\" content=\"index, follow, max-snippet:-1, max-image-preview:large, max-video-preview:-1\" \/>\n<link rel=\"canonical\" href=\"https:\/\/laprensacristiana.com\/?p=3335\" \/>\n<meta property=\"og:locale\" content=\"es_ES\" \/>\n<meta property=\"og:type\" content=\"article\" \/>\n<meta property=\"og:title\" content=\"\u00bfSab\u00edas qu\u00e9? La celebraci\u00f3n de\u00a0 la navidad, es exclusiva para un grupo de personas. - La Prensa Cristiana\" \/>\n<meta property=\"og:description\" content=\"POR JULY DE SOSA La \u00e9poca m\u00e1s alegre del a\u00f1o ha comenzado, y es \u00a1impresionante! la creatividad con la que muchos decoran y visten sus casas en este \u00faltimo mes del a\u00f1o, definitivamente es admirable y digno de elogiar. Pero tambi\u00e9n habr\u00e1 otros que no decoran por diferentes motivos, tales como: Poco recurso econ\u00f3mico, vivir [&hellip;]\" \/>\n<meta property=\"og:url\" content=\"https:\/\/laprensacristiana.com\/?p=3335\" \/>\n<meta property=\"og:site_name\" content=\"La Prensa Cristiana\" \/>\n<meta property=\"article:published_time\" content=\"2017-12-04T20:11:39+00:00\" \/>\n<meta property=\"article:modified_time\" content=\"2020-07-02T00:22:33+00:00\" \/>\n<meta property=\"og:image\" content=\"https:\/\/laprensacristiana.com\/wp-content\/uploads\/2017\/08\/JULY-LPG-2017.jpg\" \/>\n\t<meta property=\"og:image:width\" content=\"1240\" \/>\n\t<meta property=\"og:image:height\" content=\"692\" \/>\n\t<meta property=\"og:image:type\" content=\"image\/jpeg\" \/>\n<meta name=\"author\" content=\"EDITOR\" \/>\n<meta name=\"twitter:card\" content=\"summary_large_image\" \/>\n<meta name=\"twitter:label1\" content=\"Escrito por\" \/>\n\t<meta name=\"twitter:data1\" content=\"EDITOR\" \/>\n\t<meta name=\"twitter:label2\" content=\"Tiempo de lectura\" \/>\n\t<meta name=\"twitter:data2\" content=\"3 minutos\" \/>\n<script type=\"application\/ld+json\" class=\"yoast-schema-graph\">{\"@context\":\"https:\/\/schema.org\",\"@graph\":[{\"@type\":\"WebPage\",\"@id\":\"https:\/\/laprensacristiana.com\/?p=3335\",\"url\":\"https:\/\/laprensacristiana.com\/?p=3335\",\"name\":\"\u00bfSab\u00edas qu\u00e9? La celebraci\u00f3n de\u00a0 la navidad, es exclusiva para un grupo de personas. - La Prensa Cristiana\",\"isPartOf\":{\"@id\":\"https:\/\/laprensacristiana.com\/#website\"},\"datePublished\":\"2017-12-04T20:11:39+00:00\",\"dateModified\":\"2020-07-02T00:22:33+00:00\",\"author\":{\"@id\":\"https:\/\/laprensacristiana.com\/#\/schema\/person\/3e7d82c6bfd6b1fa67010f8f7cd5256e\"},\"breadcrumb\":{\"@id\":\"https:\/\/laprensacristiana.com\/?p=3335#breadcrumb\"},\"inLanguage\":\"es\",\"potentialAction\":[{\"@type\":\"ReadAction\",\"target\":[\"https:\/\/laprensacristiana.com\/?p=3335\"]}]},{\"@type\":\"BreadcrumbList\",\"@id\":\"https:\/\/laprensacristiana.com\/?p=3335#breadcrumb\",\"itemListElement\":[{\"@type\":\"ListItem\",\"position\":1,\"name\":\"Portada\",\"item\":\"https:\/\/laprensacristiana.com\/\"},{\"@type\":\"ListItem\",\"position\":2,\"name\":\"\u00bfSab\u00edas qu\u00e9? La celebraci\u00f3n de\u00a0 la navidad, es exclusiva para un grupo de personas.\"}]},{\"@type\":\"WebSite\",\"@id\":\"https:\/\/laprensacristiana.com\/#website\",\"url\":\"https:\/\/laprensacristiana.com\/\",\"name\":\"La Prensa Cristiana\",\"description\":\"Anunciando Las Buenas Nuevas\",\"potentialAction\":[{\"@type\":\"SearchAction\",\"target\":{\"@type\":\"EntryPoint\",\"urlTemplate\":\"https:\/\/laprensacristiana.com\/?s={search_term_string}\"},\"query-input\":\"required name=search_term_string\"}],\"inLanguage\":\"es\"},{\"@type\":\"Person\",\"@id\":\"https:\/\/laprensacristiana.com\/#\/schema\/person\/3e7d82c6bfd6b1fa67010f8f7cd5256e\",\"name\":\"EDITOR\",\"image\":{\"@type\":\"ImageObject\",\"inLanguage\":\"es\",\"@id\":\"https:\/\/laprensacristiana.com\/#\/schema\/person\/image\/\",\"url\":\"https:\/\/secure.gravatar.com\/avatar\/72069dfb6c13772d9e8381e3638666d2?s=96&d=mm&r=g\",\"contentUrl\":\"https:\/\/secure.gravatar.com\/avatar\/72069dfb6c13772d9e8381e3638666d2?s=96&d=mm&r=g\",\"caption\":\"EDITOR\"},\"url\":\"https:\/\/laprensacristiana.com\/?author=3\"}]}<\/script>\n<!-- \/ Yoast SEO plugin. -->","yoast_head_json":{"title":"\u00bfSab\u00edas qu\u00e9? La celebraci\u00f3n de\u00a0 la navidad, es exclusiva para un grupo de personas. - La Prensa Cristiana","robots":{"index":"index","follow":"follow","max-snippet":"max-snippet:-1","max-image-preview":"max-image-preview:large","max-video-preview":"max-video-preview:-1"},"canonical":"https:\/\/laprensacristiana.com\/?p=3335","og_locale":"es_ES","og_type":"article","og_title":"\u00bfSab\u00edas qu\u00e9? La celebraci\u00f3n de\u00a0 la navidad, es exclusiva para un grupo de personas. - La Prensa Cristiana","og_description":"POR JULY DE SOSA La \u00e9poca m\u00e1s alegre del a\u00f1o ha comenzado, y es \u00a1impresionante! la creatividad con la que muchos decoran y visten sus casas en este \u00faltimo mes del a\u00f1o, definitivamente es admirable y digno de elogiar. Pero tambi\u00e9n habr\u00e1 otros que no decoran por diferentes motivos, tales como: Poco recurso econ\u00f3mico, vivir [&hellip;]","og_url":"https:\/\/laprensacristiana.com\/?p=3335","og_site_name":"La Prensa Cristiana","article_published_time":"2017-12-04T20:11:39+00:00","article_modified_time":"2020-07-02T00:22:33+00:00","og_image":[{"width":1240,"height":692,"url":"https:\/\/laprensacristiana.com\/wp-content\/uploads\/2017\/08\/JULY-LPG-2017.jpg","type":"image\/jpeg"}],"author":"EDITOR","twitter_card":"summary_large_image","twitter_misc":{"Escrito por":"EDITOR","Tiempo de lectura":"3 minutos"},"schema":{"@context":"https:\/\/schema.org","@graph":[{"@type":"WebPage","@id":"https:\/\/laprensacristiana.com\/?p=3335","url":"https:\/\/laprensacristiana.com\/?p=3335","name":"\u00bfSab\u00edas qu\u00e9? La celebraci\u00f3n de\u00a0 la navidad, es exclusiva para un grupo de personas. - La Prensa Cristiana","isPartOf":{"@id":"https:\/\/laprensacristiana.com\/#website"},"datePublished":"2017-12-04T20:11:39+00:00","dateModified":"2020-07-02T00:22:33+00:00","author":{"@id":"https:\/\/laprensacristiana.com\/#\/schema\/person\/3e7d82c6bfd6b1fa67010f8f7cd5256e"},"breadcrumb":{"@id":"https:\/\/laprensacristiana.com\/?p=3335#breadcrumb"},"inLanguage":"es","potentialAction":[{"@type":"ReadAction","target":["https:\/\/laprensacristiana.com\/?p=3335"]}]},{"@type":"BreadcrumbList","@id":"https:\/\/laprensacristiana.com\/?p=3335#breadcrumb","itemListElement":[{"@type":"ListItem","position":1,"name":"Portada","item":"https:\/\/laprensacristiana.com\/"},{"@type":"ListItem","position":2,"name":"\u00bfSab\u00edas qu\u00e9? La celebraci\u00f3n de\u00a0 la navidad, es exclusiva para un grupo de personas."}]},{"@type":"WebSite","@id":"https:\/\/laprensacristiana.com\/#website","url":"https:\/\/laprensacristiana.com\/","name":"La Prensa Cristiana","description":"Anunciando Las Buenas Nuevas","potentialAction":[{"@type":"SearchAction","target":{"@type":"EntryPoint","urlTemplate":"https:\/\/laprensacristiana.com\/?s={search_term_string}"},"query-input":"required name=search_term_string"}],"inLanguage":"es"},{"@type":"Person","@id":"https:\/\/laprensacristiana.com\/#\/schema\/person\/3e7d82c6bfd6b1fa67010f8f7cd5256e","name":"EDITOR","image":{"@type":"ImageObject","inLanguage":"es","@id":"https:\/\/laprensacristiana.com\/#\/schema\/person\/image\/","url":"https:\/\/secure.gravatar.com\/avatar\/72069dfb6c13772d9e8381e3638666d2?s=96&d=mm&r=g","contentUrl":"https:\/\/secure.gravatar.com\/avatar\/72069dfb6c13772d9e8381e3638666d2?s=96&d=mm&r=g","caption":"EDITOR"},"url":"https:\/\/laprensacristiana.com\/?author=3"}]}},"_links":{"self":[{"href":"https:\/\/laprensacristiana.com\/index.php?rest_route=\/wp\/v2\/posts\/3335"}],"collection":[{"href":"https:\/\/laprensacristiana.com\/index.php?rest_route=\/wp\/v2\/posts"}],"about":[{"href":"https:\/\/laprensacristiana.com\/index.php?rest_route=\/wp\/v2\/types\/post"}],"author":[{"embeddable":true,"href":"https:\/\/laprensacristiana.com\/index.php?rest_route=\/wp\/v2\/users\/3"}],"replies":[{"embeddable":true,"href":"https:\/\/laprensacristiana.com\/index.php?rest_route=%2Fwp%2Fv2%2Fcomments&post=3335"}],"version-history":[{"count":1,"href":"https:\/\/laprensacristiana.com\/index.php?rest_route=\/wp\/v2\/posts\/3335\/revisions"}],"predecessor-version":[{"id":3336,"href":"https:\/\/laprensacristiana.com\/index.php?rest_route=\/wp\/v2\/posts\/3335\/revisions\/3336"}],"wp:featuredmedia":[{"embeddable":true,"href":"https:\/\/laprensacristiana.com\/index.php?rest_route=\/wp\/v2\/media\/3096"}],"wp:attachment":[{"href":"https:\/\/laprensacristiana.com\/index.php?rest_route=%2Fwp%2Fv2%2Fmedia&parent=3335"}],"wp:term":[{"taxonomy":"category","embeddable":true,"href":"https:\/\/laprensacristiana.com\/index.php?rest_route=%2Fwp%2Fv2%2Fcategories&post=3335"},{"taxonomy":"post_tag","embeddable":true,"href":"https:\/\/laprensacristiana.com\/index.php?rest_route=%2Fwp%2Fv2%2Ftags&post=3335"}],"curies":[{"name":"wp","href":"https:\/\/api.w.org\/{rel}","templated":true}]}}