{"id":3356,"date":"2017-12-18T14:38:11","date_gmt":"2017-12-18T14:38:11","guid":{"rendered":"https:\/\/laprensacristiana.com\/?p=3356"},"modified":"2017-12-18T14:38:11","modified_gmt":"2017-12-18T14:38:11","slug":"las-tijeras-de-thomas-jefferson","status":"publish","type":"post","link":"https:\/\/laprensacristiana.com\/?p=3356","title":{"rendered":"LAS TIJERAS DE THOMAS JEFFERSON"},"content":{"rendered":"<p>Thomas Jefferson (13 de abril, 1743 &#8211; 4 de julio de 1826) ten\u00eda un profundo aprecio por las ense\u00f1anzas de Jesus, pero adem\u00e1s, Jefferson era hijo del Iluminismo. Como algunos de sus contempor\u00e1neos emp\u00edricos brit\u00e1nicos que entronizaban a la raz\u00f3n y hac\u00edan de la l\u00f3gica una reina y se\u00f1ora, Jefferson hizo lo mismo. Cre\u00eda en el cambio del hombre por la religi\u00f3n.<\/p>\n<p>En febrero de 1804, Jefferson tom\u00f3 una hoja de rasurar y se puso a trabajar en su proyecto personal: Recort\u00f3 sus pasajes favoritos de su Biblia y los peg\u00f3 en dobles columnas en cuarenta y seis p\u00e1ginas. Jefferson incluy\u00f3 las ense\u00f1anzas de Jesus pero cort\u00f3 sus milagros. No cre\u00eda en ellos. Cort\u00f3 el nacimiento virginal, la resurrecci\u00f3n y muchos de los actos sobrenaturales de Jesus. Esos detalles no le eran agradables a \u00e8l. Abrir ojos, resucitar muertos y a\u00f1adir miembros al cuerpo no era para \u00e8l.<\/p>\n<p>Para Jefferson, la muerte de Jesus termina en la tumba. Punto final.<\/p>\n<p>Bueno, pero, \u00bfqu\u00e8 tiene esto que ver con nosotros hoy en d\u00eca? Yo no estar\u00eda escribiendo este art\u00edculo en este medio si no hubiera sabido que en nuestros tiempos tambi\u00e9n hay pastores que toman sus tijeras y recortan pasajes de la Biblia. No lo hacen f\u00edsicamente pero lo hacen a prop\u00f3sito. No hablan de ciertos temas que les ponen la carne de gallina.<\/p>\n<p>Son pasajes que les molestan. Que no van con su \u00e9tica ni su protocolo personal.<\/p>\n<p>Y les molestan porque ponen el dedo en la llaga. Las vidas de muchos siervos del Se\u00f1or no est\u00e1n acorde a las ense\u00f1anzas de Jesus. Son hombres que se escudan bajo el estandarte de que \u201cson solo hombres\u201d, pero se olvidan que Pablo nos da el perfil que todo aquel que se nombra servidor del Se\u00f1or o de su Reino, debe llenar.<\/p>\n<p>\u201cPor esta causa te dej\u00e9 en Creta, para que pusieras en orden lo que queda, y designaras ancianos en cada ciudad como te mand\u00e9, esto es, si alguno es irreprensible, marido de una sola mujer, que tenga hijos creyentes, no acusados de disoluci\u00f3n ni de rebeld\u00eda. Porque el obispo debe ser irreprensible como administrador de Dios, no obstinado, no iracundo, no dado a la bebida, no pendenciero, no amante de ganancias deshonestas, sino hospitalario, amante de lo bueno, prudente, justo, santo, due\u00f1o de s\u00ed mismo\u201d (Tito 1:5-8)<\/p>\n<p>\u00a1Ah, pastor Berges! Usted s\u00ed que exagera. Eso era para los tiempos pasados, posiblemente me diga alguien. \u00bfTiempos pasados? \u00bfO sea que la Biblia tiene caducidad? \u00bfEn qu\u00e8 momento la Palabra de Dios se hizo obsoleta para nosotros los cristianos? Esta bien que sea pasada de moda para la cultura del mundo actual, para los que quieren vivir sus vidas de acuerdo a sus c\u00f3digos de conducta, pero no para nosotros los que somos los encargados de llevar a los hijos de Dios a su Presencia.<\/p>\n<p>Qu\u00e8 interesante que Pablo empieza su perfil mencionando algo que cuesta encontrar hoy en d\u00eca. \u201cIrreprensibles\u201d\u00a0 Esto significa vivir vidas completas. Tanto fuera como dentro de la casa. La misma regla moral en p\u00fablico que en privado. Ser irreprensible quiere decir que no existe nada de lo que puedan culparlo o acusarlo, amigo pastor.<\/p>\n<p>\u00bfDif\u00edcil? Quiz\u00e1, pero no imposible. Pablo no nos est\u00e1 pidiendo que seamos superhombres. No quiere extraterrestres predicando la Palabra de Dios. Quiere que nosotros, hombres de barro, hombres d\u00e9biles y expuestos a las mismas tentaciones que el resto de los mortales vivamos vidas que est\u00e9n acordes a nuestra confesi\u00f3n. Si esto no fuera posible la Palabra no nos pedir\u00eda que lo hagamos. No podemos excusarnos diciendo que somos d\u00e9biles, porque para eso tenemos la ayuda del Esp\u00edritu Santo quien nos fortalece y nos impulsa a cumplir la voluntad de Aquel a quien servimos.<\/p>\n<p>Me gusta como se presenta El\u00edas el profeta: \u201cEl Dios a quien sirvo\u201d. Esa tarjeta de presentaci\u00f3n hace que uno se vea empeque\u00f1ecido.\u00a0 Pero no es pretexto para tratar de alcanzar ese nivel. Por lo menos intentarlo.<\/p>\n<p>Es por eso que es tan f\u00e1cil eliminar de la Biblia pasajes que seg\u00fan algunos de nosotros ya\u00a0 no tienen actualidad.<\/p>\n<p>Ya no se predica de santidad. Ya no se habla de consagraci\u00f3n. Mucho menos se predica de vivir seg\u00fan la Palabra de Dios. Es cierto, se est\u00e1n ganando almas, pero, \u00bfpara qu\u00e8? \u00bfPara que sigan viviendo sus mismas vidas dobles que viven en el mundo? Jesus no dijo que fu\u00e9ramos a ganar almas para llenar sillas de iglesias. \u00c8l dijo que fu\u00e9ramos a las naciones e hici\u00e9ramos disc\u00edpulos. \u00a1Ah! pero tambi\u00e9n dijo algo que muchos han recortado con sus tijeras: \u201cY ens\u00e9\u00f1enles todo lo que yo les he ense\u00f1ado\u201d.<\/p>\n<p>Claro, para saber qu\u00e8 es lo que Jesus nos ha ense\u00f1ado debemos escudri\u00f1ar la Palabra. Estudiar sus ense\u00f1anzas, retos y desaf\u00edos.<\/p>\n<p>Pero seamos sinceros: nos gusta predicar porciones que no confronten. Que no golpeen el ego de los asistentes al templo. Que no ofendan a los amigos del Evangelio para que no se vayan al mundo\u2026 \u00bfAcaso no viven ya en \u00e8l despu\u00e9s de salir de los dinteles de las puertas de la Iglesia?<\/p>\n<p>Estamos utilizando cuchillas de afeitar, amigos, lo estamos haciendo.<\/p>\n<p>Por lo menos Thomas Jefferson tuvo el valor de mandar a imprimir su propia Biblia. Nosotros llevamos la Palabra completa bajo el brazo pero en lo privado recortamos lo que no nos agrada.<\/p>\n<p>\u00bfSe predica contra el adulterio de los pastores? No. Ese pasaje esta censurado.<\/p>\n<p>\u00bfSe predica que el hombre debe ser esposo de una sola mujer? No. Pasaje censurado.<\/p>\n<p>\u00bfSe predica contra el lenguaje soez entre los servidores del Se\u00f1or? No. Pasaje censurado.<\/p>\n<p>\u00bfSe predica que la mujer debe respetar a su esposo? Pasaje censurado.<\/p>\n<p>\u00bfSe habla que las jovencitas deben ser mujeres de un solo hombre? Pasaje censurado.<\/p>\n<p>\u00bfSe habla que los m\u00fasicos deben vestirse adecuadamente cuando sirven al Rey? Censurado.<\/p>\n<p>\u00bfSe ense\u00f1an buenos modales entre los hermanos? Censurado.<\/p>\n<p>Debemos volver a las ra\u00edces del Evangelio de Jesucristo y abandonar nuestro propio evangelio. Nosotros estamos censurando la Palabra al no hablar de todo lo que Jesus ense\u00f1\u00f2. Poner la otra mejilla ya no se menciona. Ir la segunda milla, ni se sabe que exista ese pasaje. Honrar a los padres es algo del pasado. Que los hombres amen a sus esposas ni se diga.<\/p>\n<p>Y podr\u00eda seguir. Pero mejor lo dejo aqu\u00ed para no seguir machucando callos. Usted me entiende, amigo, usted me entiende.<\/p>\n","protected":false},"excerpt":{"rendered":"<p>Thomas Jefferson (13 de abril, 1743 &#8211; 4 de julio de 1826) ten\u00eda un profundo aprecio por las ense\u00f1anzas de Jesus, pero adem\u00e1s, Jefferson era hijo del Iluminismo. Como algunos de sus contempor\u00e1neos emp\u00edricos brit\u00e1nicos que entronizaban a la raz\u00f3n y hac\u00edan de la l\u00f3gica una reina y se\u00f1ora, Jefferson hizo lo mismo. Cre\u00eda en [&hellip;]<\/p>\n","protected":false},"author":3,"featured_media":3311,"comment_status":"open","ping_status":"open","sticky":false,"template":"","format":"standard","meta":[],"categories":[36],"tags":[],"yoast_head":"<!-- This site is optimized with the Yoast SEO plugin v20.8 - https:\/\/yoast.com\/wordpress\/plugins\/seo\/ -->\n<title>LAS TIJERAS DE THOMAS JEFFERSON - La Prensa Cristiana<\/title>\n<meta name=\"robots\" content=\"index, follow, max-snippet:-1, max-image-preview:large, max-video-preview:-1\" \/>\n<link rel=\"canonical\" href=\"https:\/\/laprensacristiana.com\/?p=3356\" \/>\n<meta property=\"og:locale\" content=\"es_ES\" \/>\n<meta property=\"og:type\" content=\"article\" \/>\n<meta property=\"og:title\" content=\"LAS TIJERAS DE THOMAS JEFFERSON - La Prensa Cristiana\" \/>\n<meta property=\"og:description\" content=\"Thomas Jefferson (13 de abril, 1743 &#8211; 4 de julio de 1826) ten\u00eda un profundo aprecio por las ense\u00f1anzas de Jesus, pero adem\u00e1s, Jefferson era hijo del Iluminismo. Como algunos de sus contempor\u00e1neos emp\u00edricos brit\u00e1nicos que entronizaban a la raz\u00f3n y hac\u00edan de la l\u00f3gica una reina y se\u00f1ora, Jefferson hizo lo mismo. Cre\u00eda en [&hellip;]\" \/>\n<meta property=\"og:url\" content=\"https:\/\/laprensacristiana.com\/?p=3356\" \/>\n<meta property=\"og:site_name\" content=\"La Prensa Cristiana\" \/>\n<meta property=\"article:published_time\" content=\"2017-12-18T14:38:11+00:00\" \/>\n<meta property=\"og:image\" content=\"https:\/\/laprensacristiana.com\/wp-content\/uploads\/2017\/11\/2017-11-23-PHOTO-00003245.jpg\" \/>\n\t<meta property=\"og:image:width\" content=\"1280\" \/>\n\t<meta property=\"og:image:height\" content=\"714\" \/>\n\t<meta property=\"og:image:type\" content=\"image\/jpeg\" \/>\n<meta name=\"author\" content=\"EDITOR\" \/>\n<meta name=\"twitter:card\" content=\"summary_large_image\" \/>\n<meta name=\"twitter:label1\" content=\"Escrito por\" \/>\n\t<meta name=\"twitter:data1\" content=\"EDITOR\" \/>\n\t<meta name=\"twitter:label2\" content=\"Tiempo de lectura\" \/>\n\t<meta name=\"twitter:data2\" content=\"6 minutos\" \/>\n<script type=\"application\/ld+json\" class=\"yoast-schema-graph\">{\"@context\":\"https:\/\/schema.org\",\"@graph\":[{\"@type\":\"WebPage\",\"@id\":\"https:\/\/laprensacristiana.com\/?p=3356\",\"url\":\"https:\/\/laprensacristiana.com\/?p=3356\",\"name\":\"LAS TIJERAS DE THOMAS JEFFERSON - La Prensa Cristiana\",\"isPartOf\":{\"@id\":\"https:\/\/laprensacristiana.com\/#website\"},\"datePublished\":\"2017-12-18T14:38:11+00:00\",\"dateModified\":\"2017-12-18T14:38:11+00:00\",\"author\":{\"@id\":\"https:\/\/laprensacristiana.com\/#\/schema\/person\/3e7d82c6bfd6b1fa67010f8f7cd5256e\"},\"breadcrumb\":{\"@id\":\"https:\/\/laprensacristiana.com\/?p=3356#breadcrumb\"},\"inLanguage\":\"es\",\"potentialAction\":[{\"@type\":\"ReadAction\",\"target\":[\"https:\/\/laprensacristiana.com\/?p=3356\"]}]},{\"@type\":\"BreadcrumbList\",\"@id\":\"https:\/\/laprensacristiana.com\/?p=3356#breadcrumb\",\"itemListElement\":[{\"@type\":\"ListItem\",\"position\":1,\"name\":\"Portada\",\"item\":\"https:\/\/laprensacristiana.com\/\"},{\"@type\":\"ListItem\",\"position\":2,\"name\":\"LAS TIJERAS DE THOMAS JEFFERSON\"}]},{\"@type\":\"WebSite\",\"@id\":\"https:\/\/laprensacristiana.com\/#website\",\"url\":\"https:\/\/laprensacristiana.com\/\",\"name\":\"La Prensa Cristiana\",\"description\":\"Anunciando Las Buenas Nuevas\",\"potentialAction\":[{\"@type\":\"SearchAction\",\"target\":{\"@type\":\"EntryPoint\",\"urlTemplate\":\"https:\/\/laprensacristiana.com\/?s={search_term_string}\"},\"query-input\":\"required name=search_term_string\"}],\"inLanguage\":\"es\"},{\"@type\":\"Person\",\"@id\":\"https:\/\/laprensacristiana.com\/#\/schema\/person\/3e7d82c6bfd6b1fa67010f8f7cd5256e\",\"name\":\"EDITOR\",\"image\":{\"@type\":\"ImageObject\",\"inLanguage\":\"es\",\"@id\":\"https:\/\/laprensacristiana.com\/#\/schema\/person\/image\/\",\"url\":\"https:\/\/secure.gravatar.com\/avatar\/72069dfb6c13772d9e8381e3638666d2?s=96&d=mm&r=g\",\"contentUrl\":\"https:\/\/secure.gravatar.com\/avatar\/72069dfb6c13772d9e8381e3638666d2?s=96&d=mm&r=g\",\"caption\":\"EDITOR\"},\"url\":\"https:\/\/laprensacristiana.com\/?author=3\"}]}<\/script>\n<!-- \/ Yoast SEO plugin. -->","yoast_head_json":{"title":"LAS TIJERAS DE THOMAS JEFFERSON - La Prensa Cristiana","robots":{"index":"index","follow":"follow","max-snippet":"max-snippet:-1","max-image-preview":"max-image-preview:large","max-video-preview":"max-video-preview:-1"},"canonical":"https:\/\/laprensacristiana.com\/?p=3356","og_locale":"es_ES","og_type":"article","og_title":"LAS TIJERAS DE THOMAS JEFFERSON - La Prensa Cristiana","og_description":"Thomas Jefferson (13 de abril, 1743 &#8211; 4 de julio de 1826) ten\u00eda un profundo aprecio por las ense\u00f1anzas de Jesus, pero adem\u00e1s, Jefferson era hijo del Iluminismo. Como algunos de sus contempor\u00e1neos emp\u00edricos brit\u00e1nicos que entronizaban a la raz\u00f3n y hac\u00edan de la l\u00f3gica una reina y se\u00f1ora, Jefferson hizo lo mismo. Cre\u00eda en [&hellip;]","og_url":"https:\/\/laprensacristiana.com\/?p=3356","og_site_name":"La Prensa Cristiana","article_published_time":"2017-12-18T14:38:11+00:00","og_image":[{"width":1280,"height":714,"url":"https:\/\/laprensacristiana.com\/wp-content\/uploads\/2017\/11\/2017-11-23-PHOTO-00003245.jpg","type":"image\/jpeg"}],"author":"EDITOR","twitter_card":"summary_large_image","twitter_misc":{"Escrito por":"EDITOR","Tiempo de lectura":"6 minutos"},"schema":{"@context":"https:\/\/schema.org","@graph":[{"@type":"WebPage","@id":"https:\/\/laprensacristiana.com\/?p=3356","url":"https:\/\/laprensacristiana.com\/?p=3356","name":"LAS TIJERAS DE THOMAS JEFFERSON - La Prensa Cristiana","isPartOf":{"@id":"https:\/\/laprensacristiana.com\/#website"},"datePublished":"2017-12-18T14:38:11+00:00","dateModified":"2017-12-18T14:38:11+00:00","author":{"@id":"https:\/\/laprensacristiana.com\/#\/schema\/person\/3e7d82c6bfd6b1fa67010f8f7cd5256e"},"breadcrumb":{"@id":"https:\/\/laprensacristiana.com\/?p=3356#breadcrumb"},"inLanguage":"es","potentialAction":[{"@type":"ReadAction","target":["https:\/\/laprensacristiana.com\/?p=3356"]}]},{"@type":"BreadcrumbList","@id":"https:\/\/laprensacristiana.com\/?p=3356#breadcrumb","itemListElement":[{"@type":"ListItem","position":1,"name":"Portada","item":"https:\/\/laprensacristiana.com\/"},{"@type":"ListItem","position":2,"name":"LAS TIJERAS DE THOMAS JEFFERSON"}]},{"@type":"WebSite","@id":"https:\/\/laprensacristiana.com\/#website","url":"https:\/\/laprensacristiana.com\/","name":"La Prensa Cristiana","description":"Anunciando Las Buenas Nuevas","potentialAction":[{"@type":"SearchAction","target":{"@type":"EntryPoint","urlTemplate":"https:\/\/laprensacristiana.com\/?s={search_term_string}"},"query-input":"required name=search_term_string"}],"inLanguage":"es"},{"@type":"Person","@id":"https:\/\/laprensacristiana.com\/#\/schema\/person\/3e7d82c6bfd6b1fa67010f8f7cd5256e","name":"EDITOR","image":{"@type":"ImageObject","inLanguage":"es","@id":"https:\/\/laprensacristiana.com\/#\/schema\/person\/image\/","url":"https:\/\/secure.gravatar.com\/avatar\/72069dfb6c13772d9e8381e3638666d2?s=96&d=mm&r=g","contentUrl":"https:\/\/secure.gravatar.com\/avatar\/72069dfb6c13772d9e8381e3638666d2?s=96&d=mm&r=g","caption":"EDITOR"},"url":"https:\/\/laprensacristiana.com\/?author=3"}]}},"_links":{"self":[{"href":"https:\/\/laprensacristiana.com\/index.php?rest_route=\/wp\/v2\/posts\/3356"}],"collection":[{"href":"https:\/\/laprensacristiana.com\/index.php?rest_route=\/wp\/v2\/posts"}],"about":[{"href":"https:\/\/laprensacristiana.com\/index.php?rest_route=\/wp\/v2\/types\/post"}],"author":[{"embeddable":true,"href":"https:\/\/laprensacristiana.com\/index.php?rest_route=\/wp\/v2\/users\/3"}],"replies":[{"embeddable":true,"href":"https:\/\/laprensacristiana.com\/index.php?rest_route=%2Fwp%2Fv2%2Fcomments&post=3356"}],"version-history":[{"count":1,"href":"https:\/\/laprensacristiana.com\/index.php?rest_route=\/wp\/v2\/posts\/3356\/revisions"}],"predecessor-version":[{"id":3357,"href":"https:\/\/laprensacristiana.com\/index.php?rest_route=\/wp\/v2\/posts\/3356\/revisions\/3357"}],"wp:featuredmedia":[{"embeddable":true,"href":"https:\/\/laprensacristiana.com\/index.php?rest_route=\/wp\/v2\/media\/3311"}],"wp:attachment":[{"href":"https:\/\/laprensacristiana.com\/index.php?rest_route=%2Fwp%2Fv2%2Fmedia&parent=3356"}],"wp:term":[{"taxonomy":"category","embeddable":true,"href":"https:\/\/laprensacristiana.com\/index.php?rest_route=%2Fwp%2Fv2%2Fcategories&post=3356"},{"taxonomy":"post_tag","embeddable":true,"href":"https:\/\/laprensacristiana.com\/index.php?rest_route=%2Fwp%2Fv2%2Ftags&post=3356"}],"curies":[{"name":"wp","href":"https:\/\/api.w.org\/{rel}","templated":true}]}}