{"id":3358,"date":"2017-12-20T01:29:48","date_gmt":"2017-12-20T01:29:48","guid":{"rendered":"https:\/\/laprensacristiana.com\/?p=3358"},"modified":"2017-12-20T01:32:13","modified_gmt":"2017-12-20T01:32:13","slug":"cuidando-nuestros-ninos-en-fiestas-navidenas","status":"publish","type":"post","link":"https:\/\/laprensacristiana.com\/?p=3358","title":{"rendered":"Cuidando nuestros ni\u00f1os en fiestas de fin de a\u00f1o"},"content":{"rendered":"<p>Durante el mes de Diciembre, todo es alegr\u00eda, amor, Santa Claus, Ni\u00f1o Dios, Comida, regalos, juguetes, reuniones familiares, p\u00f3lvora. Para muchos de nosotros la \u00e9poca m\u00e1s bonita del a\u00f1o, pero se nos olvida que todos estamos expuestos a riesgos durante estas festividades, y los m\u00e1s peque\u00f1os son m\u00e1s vulnerables si nos descuidamos un poco, te dejamos estas l\u00edneas para recordarte del cuidado de tus peque\u00f1os durante estas festividades, no queremos que pases noche buena, navidad o a\u00f1o nuevo en un centro asistencial.<\/p>\n<p>Para empezar, las decoraciones navide\u00f1as pueden ser un problema, no podemos pasar por alto el hecho de que el\u00a0<strong>arbolito de Navidad<\/strong>\u00a0o las luces que adornan la casa est\u00e1n conectadas a la electricidad, en el caso de los ni\u00f1os peque\u00f1os esto puede ser un riesgo ya que observan todo y puede suceder que tratando de imitar lo que han hecho sus padres ande por la zona de los enchufes, lo que puede poner en serio riesgo su salud. Lo mejor es colocar todas las aplicaciones el\u00e9ctricas fuera del alcance de los ni\u00f1os, lo mismo si se colocan velas u otro tipo de adornos que puedan llamar su atenci\u00f3n ya que al querer tocarlos pueden quemarse.<\/p>\n<p><strong>Antes que leas los siguientes p\u00e1rrafos, como m\u00e9dico no apoyamos la quema de p\u00f3lvora por los ni\u00f1os pero si tu familia tiene como tradici\u00f3n la compra de este, favor ser muy cuidadosos. <\/strong><\/p>\n<p>Si la familia tiene la intenci\u00f3n de comprar p\u00f3lvora de la que llamamos \u201cluces chinas\u201d en nuestro pa\u00eds, lo m\u00e1s inteligente es que quien est\u00e9 a cargo \u00a0sea solamente un adulto calificado, que \u00a0permita que los ni\u00f1os se acerquen de forma supervisada. Siempre hay que leer todas las instrucciones y seguirlas al pie de la letra para evitar correr peligros tontos, y evitar lanzar pirotecnia cerca de la gente, los animales y los autos, ya que el desenlace puede ser muy malo.<\/p>\n<p>Es importante no dejar solos a los ni\u00f1os mientras est\u00e1n manipulando los juegos pirot\u00e9cnicos. Los adultos deben tener a mano todo lo que usar\u00e1n para quemar los cohetillos (velas, f\u00f3sforos o m\u00e1s cohetes) para evitar entrar a la casa por estos accesorios, ya que en cuesti\u00f3n de segundos puede ocurrir alg\u00fan accidente, ya sea porque no hay una distancia prudente al quemarlos o porque lo agarraron del lado equivocado.<\/p>\n<p>Si existiera alg\u00fan percance por quemadura hay que tomar acciones r\u00e1pidas. Existen tres tipos de quemaduras.<\/p>\n<p><em>La de primer grado causa dolor, enrojecimiento e inflamaci\u00f3n. Para estos casos hay que hidratar el \u00e1rea afectada con abundante agua. No hay que utilizar cremas ni tratamientos caseros.<\/em><\/p>\n<p><em>\u00a0<\/em><\/p>\n<p><em>La de segundo grado causa dolor, enrojecimiento, inflamaci\u00f3n y formaci\u00f3n de ampollas. Esta se trata a trav\u00e9s de la hidrataci\u00f3n continua del \u00e1rea afectada. No hay que reventar la ampolla, ya que esta cuida el \u00e1rea afectada. Seg\u00fan su extensi\u00f3n, debe trasladarse al paciente a un Centro Asistencial.<\/em><\/p>\n<p><em>La quemadura de tercer grado afecta las tres capas de la piel, y puede provocar coloraci\u00f3n blanquecina, oscura o carbonizada. En estos casos hay que trasladar de inmediato a la v\u00edctima a un centro asistencial y no aplicar cremas ni tratamientos caseros.<\/em><\/p>\n<p>Y por \u00faltimo algo muy com\u00fan, Las intoxicaciones con comida tambi\u00e9n son un fantasma de la Navidad, hay dulces de todo tipo con frutos secos y alimentos que muchos ni\u00f1os no han probado hasta el momento, es valioso tener cuidado con la incorporaci\u00f3n de alimentos nuevos a la dieta del ni\u00f1o en estas fechas, ya que se pueden dar casos de\u00a0<a href=\"http:\/\/pequelia.republica.com\/noticias\/los-ninos-son-mas-vulnerables-a-las-alergias-alimentarias.html\">alergias alimenticias<\/a>\u00a0graves.<\/p>\n","protected":false},"excerpt":{"rendered":"<p>Durante el mes de Diciembre, todo es alegr\u00eda, amor, Santa Claus, Ni\u00f1o Dios, Comida, regalos, juguetes, reuniones familiares, p\u00f3lvora. Para muchos de nosotros la \u00e9poca m\u00e1s bonita del a\u00f1o, pero se nos olvida que todos estamos expuestos a riesgos durante estas festividades, y los m\u00e1s peque\u00f1os son m\u00e1s vulnerables si nos descuidamos un poco, te [&hellip;]<\/p>\n","protected":false},"author":3,"featured_media":3359,"comment_status":"open","ping_status":"open","sticky":false,"template":"","format":"standard","meta":[],"categories":[2],"tags":[],"yoast_head":"<!-- This site is optimized with the Yoast SEO plugin v20.8 - https:\/\/yoast.com\/wordpress\/plugins\/seo\/ -->\n<title>Cuidando nuestros ni\u00f1os en fiestas de fin de a\u00f1o - La Prensa Cristiana<\/title>\n<meta name=\"robots\" content=\"index, follow, max-snippet:-1, max-image-preview:large, max-video-preview:-1\" \/>\n<link rel=\"canonical\" href=\"https:\/\/laprensacristiana.com\/?p=3358\" \/>\n<meta property=\"og:locale\" content=\"es_ES\" \/>\n<meta property=\"og:type\" content=\"article\" \/>\n<meta property=\"og:title\" content=\"Cuidando nuestros ni\u00f1os en fiestas de fin de a\u00f1o - La Prensa Cristiana\" \/>\n<meta property=\"og:description\" content=\"Durante el mes de Diciembre, todo es alegr\u00eda, amor, Santa Claus, Ni\u00f1o Dios, Comida, regalos, juguetes, reuniones familiares, p\u00f3lvora. Para muchos de nosotros la \u00e9poca m\u00e1s bonita del a\u00f1o, pero se nos olvida que todos estamos expuestos a riesgos durante estas festividades, y los m\u00e1s peque\u00f1os son m\u00e1s vulnerables si nos descuidamos un poco, te [&hellip;]\" \/>\n<meta property=\"og:url\" content=\"https:\/\/laprensacristiana.com\/?p=3358\" \/>\n<meta property=\"og:site_name\" content=\"La Prensa Cristiana\" \/>\n<meta property=\"article:published_time\" content=\"2017-12-20T01:29:48+00:00\" \/>\n<meta property=\"article:modified_time\" content=\"2017-12-20T01:32:13+00:00\" \/>\n<meta property=\"og:image\" content=\"https:\/\/laprensacristiana.com\/wp-content\/uploads\/2017\/12\/DR-QUINTANILLA-scaled.jpg\" \/>\n\t<meta property=\"og:image:width\" content=\"2560\" \/>\n\t<meta property=\"og:image:height\" content=\"1429\" \/>\n\t<meta property=\"og:image:type\" content=\"image\/jpeg\" \/>\n<meta name=\"author\" content=\"EDITOR\" \/>\n<meta name=\"twitter:card\" content=\"summary_large_image\" \/>\n<meta name=\"twitter:label1\" content=\"Escrito por\" \/>\n\t<meta name=\"twitter:data1\" content=\"EDITOR\" \/>\n\t<meta name=\"twitter:label2\" content=\"Tiempo de lectura\" \/>\n\t<meta name=\"twitter:data2\" content=\"3 minutos\" \/>\n<script type=\"application\/ld+json\" class=\"yoast-schema-graph\">{\"@context\":\"https:\/\/schema.org\",\"@graph\":[{\"@type\":\"WebPage\",\"@id\":\"https:\/\/laprensacristiana.com\/?p=3358\",\"url\":\"https:\/\/laprensacristiana.com\/?p=3358\",\"name\":\"Cuidando nuestros ni\u00f1os en fiestas de fin de a\u00f1o - La Prensa Cristiana\",\"isPartOf\":{\"@id\":\"https:\/\/laprensacristiana.com\/#website\"},\"datePublished\":\"2017-12-20T01:29:48+00:00\",\"dateModified\":\"2017-12-20T01:32:13+00:00\",\"author\":{\"@id\":\"https:\/\/laprensacristiana.com\/#\/schema\/person\/3e7d82c6bfd6b1fa67010f8f7cd5256e\"},\"breadcrumb\":{\"@id\":\"https:\/\/laprensacristiana.com\/?p=3358#breadcrumb\"},\"inLanguage\":\"es\",\"potentialAction\":[{\"@type\":\"ReadAction\",\"target\":[\"https:\/\/laprensacristiana.com\/?p=3358\"]}]},{\"@type\":\"BreadcrumbList\",\"@id\":\"https:\/\/laprensacristiana.com\/?p=3358#breadcrumb\",\"itemListElement\":[{\"@type\":\"ListItem\",\"position\":1,\"name\":\"Portada\",\"item\":\"https:\/\/laprensacristiana.com\/\"},{\"@type\":\"ListItem\",\"position\":2,\"name\":\"Cuidando nuestros ni\u00f1os en fiestas de fin de a\u00f1o\"}]},{\"@type\":\"WebSite\",\"@id\":\"https:\/\/laprensacristiana.com\/#website\",\"url\":\"https:\/\/laprensacristiana.com\/\",\"name\":\"La Prensa Cristiana\",\"description\":\"Anunciando Las Buenas Nuevas\",\"potentialAction\":[{\"@type\":\"SearchAction\",\"target\":{\"@type\":\"EntryPoint\",\"urlTemplate\":\"https:\/\/laprensacristiana.com\/?s={search_term_string}\"},\"query-input\":\"required name=search_term_string\"}],\"inLanguage\":\"es\"},{\"@type\":\"Person\",\"@id\":\"https:\/\/laprensacristiana.com\/#\/schema\/person\/3e7d82c6bfd6b1fa67010f8f7cd5256e\",\"name\":\"EDITOR\",\"image\":{\"@type\":\"ImageObject\",\"inLanguage\":\"es\",\"@id\":\"https:\/\/laprensacristiana.com\/#\/schema\/person\/image\/\",\"url\":\"https:\/\/secure.gravatar.com\/avatar\/72069dfb6c13772d9e8381e3638666d2?s=96&d=mm&r=g\",\"contentUrl\":\"https:\/\/secure.gravatar.com\/avatar\/72069dfb6c13772d9e8381e3638666d2?s=96&d=mm&r=g\",\"caption\":\"EDITOR\"},\"url\":\"https:\/\/laprensacristiana.com\/?author=3\"}]}<\/script>\n<!-- \/ Yoast SEO plugin. -->","yoast_head_json":{"title":"Cuidando nuestros ni\u00f1os en fiestas de fin de a\u00f1o - La Prensa Cristiana","robots":{"index":"index","follow":"follow","max-snippet":"max-snippet:-1","max-image-preview":"max-image-preview:large","max-video-preview":"max-video-preview:-1"},"canonical":"https:\/\/laprensacristiana.com\/?p=3358","og_locale":"es_ES","og_type":"article","og_title":"Cuidando nuestros ni\u00f1os en fiestas de fin de a\u00f1o - La Prensa Cristiana","og_description":"Durante el mes de Diciembre, todo es alegr\u00eda, amor, Santa Claus, Ni\u00f1o Dios, Comida, regalos, juguetes, reuniones familiares, p\u00f3lvora. Para muchos de nosotros la \u00e9poca m\u00e1s bonita del a\u00f1o, pero se nos olvida que todos estamos expuestos a riesgos durante estas festividades, y los m\u00e1s peque\u00f1os son m\u00e1s vulnerables si nos descuidamos un poco, te [&hellip;]","og_url":"https:\/\/laprensacristiana.com\/?p=3358","og_site_name":"La Prensa Cristiana","article_published_time":"2017-12-20T01:29:48+00:00","article_modified_time":"2017-12-20T01:32:13+00:00","og_image":[{"width":2560,"height":1429,"url":"https:\/\/laprensacristiana.com\/wp-content\/uploads\/2017\/12\/DR-QUINTANILLA-scaled.jpg","type":"image\/jpeg"}],"author":"EDITOR","twitter_card":"summary_large_image","twitter_misc":{"Escrito por":"EDITOR","Tiempo de lectura":"3 minutos"},"schema":{"@context":"https:\/\/schema.org","@graph":[{"@type":"WebPage","@id":"https:\/\/laprensacristiana.com\/?p=3358","url":"https:\/\/laprensacristiana.com\/?p=3358","name":"Cuidando nuestros ni\u00f1os en fiestas de fin de a\u00f1o - La Prensa Cristiana","isPartOf":{"@id":"https:\/\/laprensacristiana.com\/#website"},"datePublished":"2017-12-20T01:29:48+00:00","dateModified":"2017-12-20T01:32:13+00:00","author":{"@id":"https:\/\/laprensacristiana.com\/#\/schema\/person\/3e7d82c6bfd6b1fa67010f8f7cd5256e"},"breadcrumb":{"@id":"https:\/\/laprensacristiana.com\/?p=3358#breadcrumb"},"inLanguage":"es","potentialAction":[{"@type":"ReadAction","target":["https:\/\/laprensacristiana.com\/?p=3358"]}]},{"@type":"BreadcrumbList","@id":"https:\/\/laprensacristiana.com\/?p=3358#breadcrumb","itemListElement":[{"@type":"ListItem","position":1,"name":"Portada","item":"https:\/\/laprensacristiana.com\/"},{"@type":"ListItem","position":2,"name":"Cuidando nuestros ni\u00f1os en fiestas de fin de a\u00f1o"}]},{"@type":"WebSite","@id":"https:\/\/laprensacristiana.com\/#website","url":"https:\/\/laprensacristiana.com\/","name":"La Prensa Cristiana","description":"Anunciando Las Buenas Nuevas","potentialAction":[{"@type":"SearchAction","target":{"@type":"EntryPoint","urlTemplate":"https:\/\/laprensacristiana.com\/?s={search_term_string}"},"query-input":"required name=search_term_string"}],"inLanguage":"es"},{"@type":"Person","@id":"https:\/\/laprensacristiana.com\/#\/schema\/person\/3e7d82c6bfd6b1fa67010f8f7cd5256e","name":"EDITOR","image":{"@type":"ImageObject","inLanguage":"es","@id":"https:\/\/laprensacristiana.com\/#\/schema\/person\/image\/","url":"https:\/\/secure.gravatar.com\/avatar\/72069dfb6c13772d9e8381e3638666d2?s=96&d=mm&r=g","contentUrl":"https:\/\/secure.gravatar.com\/avatar\/72069dfb6c13772d9e8381e3638666d2?s=96&d=mm&r=g","caption":"EDITOR"},"url":"https:\/\/laprensacristiana.com\/?author=3"}]}},"_links":{"self":[{"href":"https:\/\/laprensacristiana.com\/index.php?rest_route=\/wp\/v2\/posts\/3358"}],"collection":[{"href":"https:\/\/laprensacristiana.com\/index.php?rest_route=\/wp\/v2\/posts"}],"about":[{"href":"https:\/\/laprensacristiana.com\/index.php?rest_route=\/wp\/v2\/types\/post"}],"author":[{"embeddable":true,"href":"https:\/\/laprensacristiana.com\/index.php?rest_route=\/wp\/v2\/users\/3"}],"replies":[{"embeddable":true,"href":"https:\/\/laprensacristiana.com\/index.php?rest_route=%2Fwp%2Fv2%2Fcomments&post=3358"}],"version-history":[{"count":2,"href":"https:\/\/laprensacristiana.com\/index.php?rest_route=\/wp\/v2\/posts\/3358\/revisions"}],"predecessor-version":[{"id":3361,"href":"https:\/\/laprensacristiana.com\/index.php?rest_route=\/wp\/v2\/posts\/3358\/revisions\/3361"}],"wp:featuredmedia":[{"embeddable":true,"href":"https:\/\/laprensacristiana.com\/index.php?rest_route=\/wp\/v2\/media\/3359"}],"wp:attachment":[{"href":"https:\/\/laprensacristiana.com\/index.php?rest_route=%2Fwp%2Fv2%2Fmedia&parent=3358"}],"wp:term":[{"taxonomy":"category","embeddable":true,"href":"https:\/\/laprensacristiana.com\/index.php?rest_route=%2Fwp%2Fv2%2Fcategories&post=3358"},{"taxonomy":"post_tag","embeddable":true,"href":"https:\/\/laprensacristiana.com\/index.php?rest_route=%2Fwp%2Fv2%2Ftags&post=3358"}],"curies":[{"name":"wp","href":"https:\/\/api.w.org\/{rel}","templated":true}]}}