{"id":3388,"date":"2018-01-02T16:24:10","date_gmt":"2018-01-02T16:24:10","guid":{"rendered":"https:\/\/laprensacristiana.com\/?p=3388"},"modified":"2020-07-02T00:22:10","modified_gmt":"2020-07-02T00:22:10","slug":"neto-cartagena","status":"publish","type":"post","link":"https:\/\/laprensacristiana.com\/?p=3388","title":{"rendered":"Neto Cartagena"},"content":{"rendered":"<p style=\"text-align: justify;\"><strong><em>\u00bfC\u00f3mo se sostienen los principios cristianos dentro de una radio secular?<\/em><\/strong><\/p>\n<p style=\"text-align: justify;\">Yo aprendi a oirle la voz a Dios, un dia estando aqu\u00ed en la radio \u00c9l me dijo que volviera a ver a mi izquierda y me diera cuenta las radios que estaban a mi lado que no estan haciendo su voluntad y que \u00c9l queria que yo hiciera su voluntad, entonces entend\u00ed que Dios queria que hablar\u00e1 cosas de \u00c9l, cosas buenas, entonces dije voy a decir que bonito es el d\u00eda, que bonito es el sol, hoy es un dia de Dios, sigamos adelante y asi comenz\u00e9 a hablar, en el momento que lo hice a los 15 minutos Dios me habla y me dice: \u201cEso es lo que yo no quiero, quiero que hables de un Dios que existe, que hace milagros, que me den la gloria a m\u00ed, quiero que hables del nombre de Jesucristo, quiero que hables del Espirit\u00fa Santo\u201d y yo le dije eso no lo puedo hacer, considero que el due\u00f1o de la empresa no profesa mi fe, y me puse en el plan que no lo iba a hacer, me van a hechar, es una radio comercial, creeria que es como que estuviera yo aprovechandome del dominio del microfono para hablar cosas que van a enojar al due\u00f1o. Ah\u00ed comenz\u00f3 Dios a pelear conmigo, yo dije voy a leer un libro, voy a leer un diario para que ese pensamiento se vaya, literalmente todo un mes ese pensamiento estuvo en mi diciendome vas a hablar de mi; sino le hubiera hecho caso a Dios me hubiera hecho un loco, yo le decia no a Dios, agarraba el diario para olvidarlo pero siempre aparecia esa vocesita que me decia tenes que hablar de m\u00ed, tenes que hablar de mi, al mes ya no aguante y le dije Dios mio lo voy a hacer. La primera vez hable yo decia hay una persona en una habitaci\u00f3n que se quiere cortar las venas y Dios dice que no lo haga, toque puertas mas de una se le va a abrir, pero yo dije esta es una improvisacion que yo estoy haciendo, se me ocurre decir esto, pero hoy que en mi iglesia se derramo el Espiritu Santo entiendo que eran mis inicios de algo profetico. Comenze a dar el consejo de la ma\u00f1ana, al mes de estarlo haciendo por haber leido un versiculo biblico mi jefe me dice: \u201choy por poco te lees la Biblia de pasta a pasta\u201d vi que se enoj\u00f3, lo segui al pasillo y le dije Dr. va disculpar pero eso viene de Jes\u00fas, el solo se dio la vuelta y me dijo que el con Jes\u00fas no se puede poner a pelear, entonces comenze a recibir una libertad dentro de la radio a tal manera que comenz\u00f3 a crecer el consejo de la ma\u00f1ana. Siempre he manejado que la radio ha sido una igesia disfrazada de radio y yo\u00a0 pues un pastor disfrazado de locutor. Desde ah\u00ed comenzamos a enamorarnos de Dios, a tenerle temor, a conocerle.<\/p>\n<p style=\"text-align: justify;\">\u00a0<em><strong> \u00bfCu\u00e1ntos a\u00f1os lleva Neto Cartagena en Radio Globo?<\/strong><\/em><\/p>\n<p style=\"text-align: justify;\">20 a\u00f1os<\/p>\n<p style=\"text-align: justify;\"><strong><em>\u00bfEn que momento conoci\u00f3 a Jes\u00fas?<\/em><\/strong><\/p>\n<p style=\"text-align: justify;\">Lo conoc\u00ed en 1991, estaba yo en la universidad cuando Ernesto Landaverde que era el payasito de Mc Donald y tambi\u00e9n payasito de Fin de Semana, eramos compa\u00f1eros de la universidad, se me acerca y me dice: quiero presentarte algo, venite, vamos a la biblioteca, al estar ah\u00ed me dice: \u00bfQu\u00e9res recibir a Jesucristo? Yo lo recibi pero siento que fue a medias, 4 a\u00f1os despues en el Tabernaculo Biblico Bautista Amigos de Israel, me comienzo a concentrar en Dios y es ah\u00ed por 1995 que recibo a Jesus definitivamente, comenc\u00e9 a estudiar teolog\u00eda, a los meses hice mi casa de oraci\u00f3n, surge el consejo de la ma\u00f1ana en la Globo, al a\u00f1o comezamos a poner programacion cristiana, luego a invitar pastores, a tal manera que la radio presentara la verdad de Jesucristo, y esa a sido la finalidad y el prop\u00f3sito con que Dios me ha tra\u00eddo aqu\u00ed.<\/p>\n<p style=\"text-align: justify;\"><strong><em>\u00bfC\u00f3mo pasa Neto Cartagena de ser locutor en una radio secular a ser pastor?<\/em><\/strong><\/p>\n<p style=\"text-align: justify;\">Tenia alrededor de 6 meses de iniciado en el cristianismo cuando comenc\u00e9 a tener habilidad para predicar sin necesidad de estudiar mucho, pens\u00e9 en su momento predicar, me met\u00ed a estudiar teolog\u00eda, no le puse tanta atenci\u00f3n a ser pastor, pero si sent\u00ed el deseo de poner mi casa de oraci\u00f3n, lo hice por mas de 16 a\u00f1os, todos los viernes comprando tamalitos, pupusas, llevando la palabra, montando las sillas, nunca me aburri\u00f3, me enamoraba de lo que hacia, aunque viv\u00ed varias experiencias dif\u00edciles dentro de la casa de oraci\u00f3n, pero era una preparaci\u00f3n, luego Dios me comienza a hablar atraves de pastores, me invitaban a dar charlas motivacionales y siempre me presentaban como pastor, varios amigos se me acercaban y me dec\u00edan \u00bfCu\u00e1ndo va a poner la iglesia? Yo les dec\u00eda cuando reciba la se\u00f1al de Dios y su se\u00f1al va a ser un local, tras no llegue el local eso no va a haber, un pastor se me acerca y me dice ese local ya esta, donde das las clases de locuci\u00f3n ah\u00ed va a ser tu local, ah\u00ed va a ser una iglesia, ah\u00ed entendi y dije la otra semana comienza \u201cSue\u00f1os de Dios\u201d tenemos 4 a\u00f1os de existencia, un ministerio que cree en los sue\u00f1os de Dios y en el mover del Espirit\u00fa Santo.<\/p>\n<p style=\"text-align: justify;\"><strong><em>\u00bfNeto Cartagena tiene temores?<\/em><\/strong><\/p>\n<p style=\"text-align: justify;\">Si, a mi lo que me aterra es que la gente que yo m\u00e1s amo se me vaya de mis brazos. Me aterra el que las personas me digan me voy de aqu\u00ed, se vayan de la iglesia, o pongan su propia iglesia, mi temor es que esa persona a la que dedique todo mi domingo, el lunes me diga que ya no me quiere, cuando has so\u00f1ado con ella, llevarla a otro nivel.<\/p>\n<p style=\"text-align: justify;\"><strong><em>\u00bfHay metas por alcanzar?<\/em><\/strong><\/p>\n<p style=\"text-align: justify;\">Una de las metas que Sue\u00f1o de Dios suene por todo el mundo, a mi Dios me ha llamado a predicar todo lo del Reino, luego los dones del Espirit\u00fa Santo.<\/p>\n<p style=\"text-align: justify;\"><strong><em>\u00bfSI Neto Cartagena muriera hoy, c\u00f3mo quisiera ser recordado?<\/em><\/strong><\/p>\n<p style=\"text-align: justify;\">No quisiera ser recordado, me enamora mucho la relaci\u00f3n cuando m\u00e1s humillado estas por el mundo, por la gente Dios te exalta m\u00e1s, es un principio, y no porque no quisiera ser popular, seria mentira, pero yo trato muchas veces de no aprovecharme de la imagen, cuando voy a una iglesia casi siempre me siento al final de la silla, porque no quiero que alguien me reconozca y diga don fulanito el locutor, lo que si me llama la atenci\u00f3n es predicar la palabra.<\/p>\n","protected":false},"excerpt":{"rendered":"<p>\u00bfC\u00f3mo se sostienen los principios cristianos dentro de una radio secular? Yo aprendi a oirle la voz a Dios, un dia estando aqu\u00ed en la radio \u00c9l me dijo que volviera a ver a mi izquierda y me diera cuenta las radios que estaban a mi lado que no estan haciendo su voluntad y que [&hellip;]<\/p>\n","protected":false},"author":3,"featured_media":3389,"comment_status":"open","ping_status":"open","sticky":false,"template":"","format":"standard","meta":[],"categories":[103],"tags":[],"yoast_head":"<!-- This site is optimized with the Yoast SEO plugin v20.8 - https:\/\/yoast.com\/wordpress\/plugins\/seo\/ -->\n<title>Neto Cartagena - La Prensa Cristiana<\/title>\n<meta name=\"robots\" content=\"index, follow, max-snippet:-1, max-image-preview:large, max-video-preview:-1\" \/>\n<link rel=\"canonical\" href=\"https:\/\/laprensacristiana.com\/?p=3388\" \/>\n<meta property=\"og:locale\" content=\"es_ES\" \/>\n<meta property=\"og:type\" content=\"article\" \/>\n<meta property=\"og:title\" content=\"Neto Cartagena - La Prensa Cristiana\" \/>\n<meta property=\"og:description\" content=\"\u00bfC\u00f3mo se sostienen los principios cristianos dentro de una radio secular? Yo aprendi a oirle la voz a Dios, un dia estando aqu\u00ed en la radio \u00c9l me dijo que volviera a ver a mi izquierda y me diera cuenta las radios que estaban a mi lado que no estan haciendo su voluntad y que [&hellip;]\" \/>\n<meta property=\"og:url\" content=\"https:\/\/laprensacristiana.com\/?p=3388\" \/>\n<meta property=\"og:site_name\" content=\"La Prensa Cristiana\" \/>\n<meta property=\"article:published_time\" content=\"2018-01-02T16:24:10+00:00\" \/>\n<meta property=\"article:modified_time\" content=\"2020-07-02T00:22:10+00:00\" \/>\n<meta property=\"og:image\" content=\"https:\/\/laprensacristiana.com\/wp-content\/uploads\/2018\/01\/NETO-CARTAGENA-scaled.jpg\" \/>\n\t<meta property=\"og:image:width\" content=\"2560\" \/>\n\t<meta property=\"og:image:height\" content=\"1237\" \/>\n\t<meta property=\"og:image:type\" content=\"image\/jpeg\" \/>\n<meta name=\"author\" content=\"EDITOR\" \/>\n<meta name=\"twitter:card\" content=\"summary_large_image\" \/>\n<meta name=\"twitter:label1\" content=\"Escrito por\" \/>\n\t<meta name=\"twitter:data1\" content=\"EDITOR\" \/>\n\t<meta name=\"twitter:label2\" content=\"Tiempo de lectura\" \/>\n\t<meta name=\"twitter:data2\" content=\"6 minutos\" \/>\n<script type=\"application\/ld+json\" class=\"yoast-schema-graph\">{\"@context\":\"https:\/\/schema.org\",\"@graph\":[{\"@type\":\"WebPage\",\"@id\":\"https:\/\/laprensacristiana.com\/?p=3388\",\"url\":\"https:\/\/laprensacristiana.com\/?p=3388\",\"name\":\"Neto Cartagena - La Prensa Cristiana\",\"isPartOf\":{\"@id\":\"https:\/\/laprensacristiana.com\/#website\"},\"datePublished\":\"2018-01-02T16:24:10+00:00\",\"dateModified\":\"2020-07-02T00:22:10+00:00\",\"author\":{\"@id\":\"https:\/\/laprensacristiana.com\/#\/schema\/person\/3e7d82c6bfd6b1fa67010f8f7cd5256e\"},\"breadcrumb\":{\"@id\":\"https:\/\/laprensacristiana.com\/?p=3388#breadcrumb\"},\"inLanguage\":\"es\",\"potentialAction\":[{\"@type\":\"ReadAction\",\"target\":[\"https:\/\/laprensacristiana.com\/?p=3388\"]}]},{\"@type\":\"BreadcrumbList\",\"@id\":\"https:\/\/laprensacristiana.com\/?p=3388#breadcrumb\",\"itemListElement\":[{\"@type\":\"ListItem\",\"position\":1,\"name\":\"Portada\",\"item\":\"https:\/\/laprensacristiana.com\/\"},{\"@type\":\"ListItem\",\"position\":2,\"name\":\"Neto Cartagena\"}]},{\"@type\":\"WebSite\",\"@id\":\"https:\/\/laprensacristiana.com\/#website\",\"url\":\"https:\/\/laprensacristiana.com\/\",\"name\":\"La Prensa Cristiana\",\"description\":\"Anunciando Las Buenas Nuevas\",\"potentialAction\":[{\"@type\":\"SearchAction\",\"target\":{\"@type\":\"EntryPoint\",\"urlTemplate\":\"https:\/\/laprensacristiana.com\/?s={search_term_string}\"},\"query-input\":\"required name=search_term_string\"}],\"inLanguage\":\"es\"},{\"@type\":\"Person\",\"@id\":\"https:\/\/laprensacristiana.com\/#\/schema\/person\/3e7d82c6bfd6b1fa67010f8f7cd5256e\",\"name\":\"EDITOR\",\"image\":{\"@type\":\"ImageObject\",\"inLanguage\":\"es\",\"@id\":\"https:\/\/laprensacristiana.com\/#\/schema\/person\/image\/\",\"url\":\"https:\/\/secure.gravatar.com\/avatar\/72069dfb6c13772d9e8381e3638666d2?s=96&d=mm&r=g\",\"contentUrl\":\"https:\/\/secure.gravatar.com\/avatar\/72069dfb6c13772d9e8381e3638666d2?s=96&d=mm&r=g\",\"caption\":\"EDITOR\"},\"url\":\"https:\/\/laprensacristiana.com\/?author=3\"}]}<\/script>\n<!-- \/ Yoast SEO plugin. -->","yoast_head_json":{"title":"Neto Cartagena - La Prensa Cristiana","robots":{"index":"index","follow":"follow","max-snippet":"max-snippet:-1","max-image-preview":"max-image-preview:large","max-video-preview":"max-video-preview:-1"},"canonical":"https:\/\/laprensacristiana.com\/?p=3388","og_locale":"es_ES","og_type":"article","og_title":"Neto Cartagena - La Prensa Cristiana","og_description":"\u00bfC\u00f3mo se sostienen los principios cristianos dentro de una radio secular? Yo aprendi a oirle la voz a Dios, un dia estando aqu\u00ed en la radio \u00c9l me dijo que volviera a ver a mi izquierda y me diera cuenta las radios que estaban a mi lado que no estan haciendo su voluntad y que [&hellip;]","og_url":"https:\/\/laprensacristiana.com\/?p=3388","og_site_name":"La Prensa Cristiana","article_published_time":"2018-01-02T16:24:10+00:00","article_modified_time":"2020-07-02T00:22:10+00:00","og_image":[{"width":2560,"height":1237,"url":"https:\/\/laprensacristiana.com\/wp-content\/uploads\/2018\/01\/NETO-CARTAGENA-scaled.jpg","type":"image\/jpeg"}],"author":"EDITOR","twitter_card":"summary_large_image","twitter_misc":{"Escrito por":"EDITOR","Tiempo de lectura":"6 minutos"},"schema":{"@context":"https:\/\/schema.org","@graph":[{"@type":"WebPage","@id":"https:\/\/laprensacristiana.com\/?p=3388","url":"https:\/\/laprensacristiana.com\/?p=3388","name":"Neto Cartagena - La Prensa Cristiana","isPartOf":{"@id":"https:\/\/laprensacristiana.com\/#website"},"datePublished":"2018-01-02T16:24:10+00:00","dateModified":"2020-07-02T00:22:10+00:00","author":{"@id":"https:\/\/laprensacristiana.com\/#\/schema\/person\/3e7d82c6bfd6b1fa67010f8f7cd5256e"},"breadcrumb":{"@id":"https:\/\/laprensacristiana.com\/?p=3388#breadcrumb"},"inLanguage":"es","potentialAction":[{"@type":"ReadAction","target":["https:\/\/laprensacristiana.com\/?p=3388"]}]},{"@type":"BreadcrumbList","@id":"https:\/\/laprensacristiana.com\/?p=3388#breadcrumb","itemListElement":[{"@type":"ListItem","position":1,"name":"Portada","item":"https:\/\/laprensacristiana.com\/"},{"@type":"ListItem","position":2,"name":"Neto Cartagena"}]},{"@type":"WebSite","@id":"https:\/\/laprensacristiana.com\/#website","url":"https:\/\/laprensacristiana.com\/","name":"La Prensa Cristiana","description":"Anunciando Las Buenas Nuevas","potentialAction":[{"@type":"SearchAction","target":{"@type":"EntryPoint","urlTemplate":"https:\/\/laprensacristiana.com\/?s={search_term_string}"},"query-input":"required name=search_term_string"}],"inLanguage":"es"},{"@type":"Person","@id":"https:\/\/laprensacristiana.com\/#\/schema\/person\/3e7d82c6bfd6b1fa67010f8f7cd5256e","name":"EDITOR","image":{"@type":"ImageObject","inLanguage":"es","@id":"https:\/\/laprensacristiana.com\/#\/schema\/person\/image\/","url":"https:\/\/secure.gravatar.com\/avatar\/72069dfb6c13772d9e8381e3638666d2?s=96&d=mm&r=g","contentUrl":"https:\/\/secure.gravatar.com\/avatar\/72069dfb6c13772d9e8381e3638666d2?s=96&d=mm&r=g","caption":"EDITOR"},"url":"https:\/\/laprensacristiana.com\/?author=3"}]}},"_links":{"self":[{"href":"https:\/\/laprensacristiana.com\/index.php?rest_route=\/wp\/v2\/posts\/3388"}],"collection":[{"href":"https:\/\/laprensacristiana.com\/index.php?rest_route=\/wp\/v2\/posts"}],"about":[{"href":"https:\/\/laprensacristiana.com\/index.php?rest_route=\/wp\/v2\/types\/post"}],"author":[{"embeddable":true,"href":"https:\/\/laprensacristiana.com\/index.php?rest_route=\/wp\/v2\/users\/3"}],"replies":[{"embeddable":true,"href":"https:\/\/laprensacristiana.com\/index.php?rest_route=%2Fwp%2Fv2%2Fcomments&post=3388"}],"version-history":[{"count":1,"href":"https:\/\/laprensacristiana.com\/index.php?rest_route=\/wp\/v2\/posts\/3388\/revisions"}],"predecessor-version":[{"id":3390,"href":"https:\/\/laprensacristiana.com\/index.php?rest_route=\/wp\/v2\/posts\/3388\/revisions\/3390"}],"wp:featuredmedia":[{"embeddable":true,"href":"https:\/\/laprensacristiana.com\/index.php?rest_route=\/wp\/v2\/media\/3389"}],"wp:attachment":[{"href":"https:\/\/laprensacristiana.com\/index.php?rest_route=%2Fwp%2Fv2%2Fmedia&parent=3388"}],"wp:term":[{"taxonomy":"category","embeddable":true,"href":"https:\/\/laprensacristiana.com\/index.php?rest_route=%2Fwp%2Fv2%2Fcategories&post=3388"},{"taxonomy":"post_tag","embeddable":true,"href":"https:\/\/laprensacristiana.com\/index.php?rest_route=%2Fwp%2Fv2%2Ftags&post=3388"}],"curies":[{"name":"wp","href":"https:\/\/api.w.org\/{rel}","templated":true}]}}