{"id":3412,"date":"2018-01-05T22:05:32","date_gmt":"2018-01-05T22:05:32","guid":{"rendered":"https:\/\/laprensacristiana.com\/?p=3412"},"modified":"2018-01-05T22:05:32","modified_gmt":"2018-01-05T22:05:32","slug":"recapitulacion-para-el-nuevo-ano","status":"publish","type":"post","link":"https:\/\/laprensacristiana.com\/?p=3412","title":{"rendered":"RECAPITULACI\u00d3N PARA EL NUEVO A\u00d1O"},"content":{"rendered":"<p>A finales de 2017, el International Crisis Group, una transnacional no lucrativa que persigue prevenir, mitigar o resolver conflictos sociales violentos, public\u00f3 su estudio sobre el caso salvadore\u00f1o titulado \u00abPol\u00edtica y violencia perpetua en El Salvador\u00bb.<\/p>\n<p>En la investigaci\u00f3n se repiten desde una \u00f3ptica independiente las mismas cosas que por a\u00f1os hemos dicho bastantes salvadore\u00f1os, sin haber sido tomados en serio. Dado que el estudio constituye una excelente recapitulaci\u00f3n de las ra\u00edces de nuestro problema de seguridad, resulta pertinente tenerlo en cuenta en este inicio de a\u00f1o, cuando se hacen resoluciones por hacer mejor las cosas.<\/p>\n<p>El estudio afirma que la crisis de seguridad se ha utilizado repetidamente con fines electorales y en una tendencia a congraciarse con las demandas populares de m\u00e1s mano dura contra las pandillas, a pesar de los efectos perjudiciales que tal enfoque tiene.<\/p>\n<p>Se ha producido una alternancia en el poder, pero no se ha dado una alternancia en el enfoque de seguridad, sino un ascenso continuado de medidas represivas que han alcanzado niveles de brutalidad y el colapso del sistema penal, de tribunales y de la polic\u00eda. El modesto crecimiento econ\u00f3mico del pa\u00eds contin\u00faa impulsando a los j\u00f3venes a incorporarse a las pandillas donde encuentran la opci\u00f3n de sobrevivir por medio de las extorsiones u otros negocios de las pandillas.<\/p>\n<p>A pesar de que el tema del di\u00e1logo se ha satanizado, la realidad obliga en las comunidades pobres a sostener encuentros diarios con las pandillas. Lo mismo ocurre con el trabajo que realizan las iglesias y las ONG. Esos esfuerzos no son desconocidos para las autoridades y resultan importantes para desarrollar las condiciones para un futuro proceso de pacificaci\u00f3n que necesariamente tendr\u00e1 que pasar por el di\u00e1logo.<\/p>\n<p>La opini\u00f3n de Crisis Group es que se debe aprobar el marco legal para la rehabilitaci\u00f3n e inserci\u00f3n de j\u00f3venes que desean retirarse de las pandillas a trav\u00e9s del trabajo de las iglesias y de las ONG. Tambi\u00e9n reconoce la integralidad del Plan El Salvador Seguro y exhorta al gobierno central a implementar plenamente sus cinco ejes a la vez que se equilibra la inversi\u00f3n entre la aplicaci\u00f3n de la ley, el fortalecimiento institucional y la prevenci\u00f3n de la violencia.<\/p>\n<p>Tambi\u00e9n anima a los partidos pol\u00edticos a promover iniciativas multipartidarias de seguridad y apoyar en la implementaci\u00f3n del Plan El Salvador Seguro asign\u00e1ndole los recursos econ\u00f3micos que corresponden a su integralidad.<\/p>\n<p>Termina el estudio con las siguientes palabras: \u00abEn el marco del Plan El Salvador Seguro, el gobierno ahora tiene la oportunidad de lanzar programas de rehabilitaci\u00f3n concertados y aprovechar el gran n\u00famero de pandilleros que aparentemente estar\u00edan dispuestos a salir de la vida delictiva (\u2026) El hecho de que el FMLN y ARENA se hayan alternado pac\u00edficamente en el poder durante los \u00faltimos 25 a\u00f1os tras una guerra civil brutal es una se\u00f1al de que los salvadore\u00f1os son capaces de encontrar la reconciliaci\u00f3n frente a las adversidades. El pa\u00eds y sus vecinos continuar\u00e1n expresando su indignaci\u00f3n hacia los actos criminales de las pandillas. Pero esta violencia es la manifestaci\u00f3n m\u00e1s reciente, y probablemente no la \u00faltima, de la larga y dolorosa brecha social del pa\u00eds. Una brecha que, de ser ignorada por la actual y futura pol\u00edtica de seguridad, estar\u00e1 condenada a prorrogar la violencia durante varias generaciones\u00bb.<\/p>\n","protected":false},"excerpt":{"rendered":"<p>A finales de 2017, el International Crisis Group, una transnacional no lucrativa que persigue prevenir, mitigar o resolver conflictos sociales violentos, public\u00f3 su estudio sobre el caso salvadore\u00f1o titulado \u00abPol\u00edtica y violencia perpetua en El Salvador\u00bb. En la investigaci\u00f3n se repiten desde una \u00f3ptica independiente las mismas cosas que por a\u00f1os hemos dicho bastantes salvadore\u00f1os, [&hellip;]<\/p>\n","protected":false},"author":3,"featured_media":3170,"comment_status":"open","ping_status":"open","sticky":false,"template":"","format":"standard","meta":[],"categories":[23],"tags":[],"yoast_head":"<!-- This site is optimized with the Yoast SEO plugin v20.8 - https:\/\/yoast.com\/wordpress\/plugins\/seo\/ -->\n<title>RECAPITULACI\u00d3N PARA EL NUEVO A\u00d1O - La Prensa Cristiana<\/title>\n<meta name=\"robots\" content=\"index, follow, max-snippet:-1, max-image-preview:large, max-video-preview:-1\" \/>\n<link rel=\"canonical\" href=\"https:\/\/laprensacristiana.com\/?p=3412\" \/>\n<meta property=\"og:locale\" content=\"es_ES\" \/>\n<meta property=\"og:type\" content=\"article\" \/>\n<meta property=\"og:title\" content=\"RECAPITULACI\u00d3N PARA EL NUEVO A\u00d1O - La Prensa Cristiana\" \/>\n<meta property=\"og:description\" content=\"A finales de 2017, el International Crisis Group, una transnacional no lucrativa que persigue prevenir, mitigar o resolver conflictos sociales violentos, public\u00f3 su estudio sobre el caso salvadore\u00f1o titulado \u00abPol\u00edtica y violencia perpetua en El Salvador\u00bb. En la investigaci\u00f3n se repiten desde una \u00f3ptica independiente las mismas cosas que por a\u00f1os hemos dicho bastantes salvadore\u00f1os, [&hellip;]\" \/>\n<meta property=\"og:url\" content=\"https:\/\/laprensacristiana.com\/?p=3412\" \/>\n<meta property=\"og:site_name\" content=\"La Prensa Cristiana\" \/>\n<meta property=\"article:published_time\" content=\"2018-01-05T22:05:32+00:00\" \/>\n<meta property=\"og:image\" content=\"https:\/\/laprensacristiana.com\/wp-content\/uploads\/2017\/09\/OPINION-01-scaled.jpg\" \/>\n\t<meta property=\"og:image:width\" content=\"2560\" \/>\n\t<meta property=\"og:image:height\" content=\"1429\" \/>\n\t<meta property=\"og:image:type\" content=\"image\/jpeg\" \/>\n<meta name=\"author\" content=\"EDITOR\" \/>\n<meta name=\"twitter:card\" content=\"summary_large_image\" \/>\n<meta name=\"twitter:label1\" content=\"Escrito por\" \/>\n\t<meta name=\"twitter:data1\" content=\"EDITOR\" \/>\n\t<meta name=\"twitter:label2\" content=\"Tiempo de lectura\" \/>\n\t<meta name=\"twitter:data2\" content=\"3 minutos\" \/>\n<script type=\"application\/ld+json\" class=\"yoast-schema-graph\">{\"@context\":\"https:\/\/schema.org\",\"@graph\":[{\"@type\":\"WebPage\",\"@id\":\"https:\/\/laprensacristiana.com\/?p=3412\",\"url\":\"https:\/\/laprensacristiana.com\/?p=3412\",\"name\":\"RECAPITULACI\u00d3N PARA EL NUEVO A\u00d1O - La Prensa Cristiana\",\"isPartOf\":{\"@id\":\"https:\/\/laprensacristiana.com\/#website\"},\"datePublished\":\"2018-01-05T22:05:32+00:00\",\"dateModified\":\"2018-01-05T22:05:32+00:00\",\"author\":{\"@id\":\"https:\/\/laprensacristiana.com\/#\/schema\/person\/3e7d82c6bfd6b1fa67010f8f7cd5256e\"},\"breadcrumb\":{\"@id\":\"https:\/\/laprensacristiana.com\/?p=3412#breadcrumb\"},\"inLanguage\":\"es\",\"potentialAction\":[{\"@type\":\"ReadAction\",\"target\":[\"https:\/\/laprensacristiana.com\/?p=3412\"]}]},{\"@type\":\"BreadcrumbList\",\"@id\":\"https:\/\/laprensacristiana.com\/?p=3412#breadcrumb\",\"itemListElement\":[{\"@type\":\"ListItem\",\"position\":1,\"name\":\"Portada\",\"item\":\"https:\/\/laprensacristiana.com\/\"},{\"@type\":\"ListItem\",\"position\":2,\"name\":\"RECAPITULACI\u00d3N PARA EL NUEVO A\u00d1O\"}]},{\"@type\":\"WebSite\",\"@id\":\"https:\/\/laprensacristiana.com\/#website\",\"url\":\"https:\/\/laprensacristiana.com\/\",\"name\":\"La Prensa Cristiana\",\"description\":\"Anunciando Las Buenas Nuevas\",\"potentialAction\":[{\"@type\":\"SearchAction\",\"target\":{\"@type\":\"EntryPoint\",\"urlTemplate\":\"https:\/\/laprensacristiana.com\/?s={search_term_string}\"},\"query-input\":\"required name=search_term_string\"}],\"inLanguage\":\"es\"},{\"@type\":\"Person\",\"@id\":\"https:\/\/laprensacristiana.com\/#\/schema\/person\/3e7d82c6bfd6b1fa67010f8f7cd5256e\",\"name\":\"EDITOR\",\"image\":{\"@type\":\"ImageObject\",\"inLanguage\":\"es\",\"@id\":\"https:\/\/laprensacristiana.com\/#\/schema\/person\/image\/\",\"url\":\"https:\/\/secure.gravatar.com\/avatar\/72069dfb6c13772d9e8381e3638666d2?s=96&d=mm&r=g\",\"contentUrl\":\"https:\/\/secure.gravatar.com\/avatar\/72069dfb6c13772d9e8381e3638666d2?s=96&d=mm&r=g\",\"caption\":\"EDITOR\"},\"url\":\"https:\/\/laprensacristiana.com\/?author=3\"}]}<\/script>\n<!-- \/ Yoast SEO plugin. -->","yoast_head_json":{"title":"RECAPITULACI\u00d3N PARA EL NUEVO A\u00d1O - La Prensa Cristiana","robots":{"index":"index","follow":"follow","max-snippet":"max-snippet:-1","max-image-preview":"max-image-preview:large","max-video-preview":"max-video-preview:-1"},"canonical":"https:\/\/laprensacristiana.com\/?p=3412","og_locale":"es_ES","og_type":"article","og_title":"RECAPITULACI\u00d3N PARA EL NUEVO A\u00d1O - La Prensa Cristiana","og_description":"A finales de 2017, el International Crisis Group, una transnacional no lucrativa que persigue prevenir, mitigar o resolver conflictos sociales violentos, public\u00f3 su estudio sobre el caso salvadore\u00f1o titulado \u00abPol\u00edtica y violencia perpetua en El Salvador\u00bb. En la investigaci\u00f3n se repiten desde una \u00f3ptica independiente las mismas cosas que por a\u00f1os hemos dicho bastantes salvadore\u00f1os, [&hellip;]","og_url":"https:\/\/laprensacristiana.com\/?p=3412","og_site_name":"La Prensa Cristiana","article_published_time":"2018-01-05T22:05:32+00:00","og_image":[{"width":2560,"height":1429,"url":"https:\/\/laprensacristiana.com\/wp-content\/uploads\/2017\/09\/OPINION-01-scaled.jpg","type":"image\/jpeg"}],"author":"EDITOR","twitter_card":"summary_large_image","twitter_misc":{"Escrito por":"EDITOR","Tiempo de lectura":"3 minutos"},"schema":{"@context":"https:\/\/schema.org","@graph":[{"@type":"WebPage","@id":"https:\/\/laprensacristiana.com\/?p=3412","url":"https:\/\/laprensacristiana.com\/?p=3412","name":"RECAPITULACI\u00d3N PARA EL NUEVO A\u00d1O - La Prensa Cristiana","isPartOf":{"@id":"https:\/\/laprensacristiana.com\/#website"},"datePublished":"2018-01-05T22:05:32+00:00","dateModified":"2018-01-05T22:05:32+00:00","author":{"@id":"https:\/\/laprensacristiana.com\/#\/schema\/person\/3e7d82c6bfd6b1fa67010f8f7cd5256e"},"breadcrumb":{"@id":"https:\/\/laprensacristiana.com\/?p=3412#breadcrumb"},"inLanguage":"es","potentialAction":[{"@type":"ReadAction","target":["https:\/\/laprensacristiana.com\/?p=3412"]}]},{"@type":"BreadcrumbList","@id":"https:\/\/laprensacristiana.com\/?p=3412#breadcrumb","itemListElement":[{"@type":"ListItem","position":1,"name":"Portada","item":"https:\/\/laprensacristiana.com\/"},{"@type":"ListItem","position":2,"name":"RECAPITULACI\u00d3N PARA EL NUEVO A\u00d1O"}]},{"@type":"WebSite","@id":"https:\/\/laprensacristiana.com\/#website","url":"https:\/\/laprensacristiana.com\/","name":"La Prensa Cristiana","description":"Anunciando Las Buenas Nuevas","potentialAction":[{"@type":"SearchAction","target":{"@type":"EntryPoint","urlTemplate":"https:\/\/laprensacristiana.com\/?s={search_term_string}"},"query-input":"required name=search_term_string"}],"inLanguage":"es"},{"@type":"Person","@id":"https:\/\/laprensacristiana.com\/#\/schema\/person\/3e7d82c6bfd6b1fa67010f8f7cd5256e","name":"EDITOR","image":{"@type":"ImageObject","inLanguage":"es","@id":"https:\/\/laprensacristiana.com\/#\/schema\/person\/image\/","url":"https:\/\/secure.gravatar.com\/avatar\/72069dfb6c13772d9e8381e3638666d2?s=96&d=mm&r=g","contentUrl":"https:\/\/secure.gravatar.com\/avatar\/72069dfb6c13772d9e8381e3638666d2?s=96&d=mm&r=g","caption":"EDITOR"},"url":"https:\/\/laprensacristiana.com\/?author=3"}]}},"_links":{"self":[{"href":"https:\/\/laprensacristiana.com\/index.php?rest_route=\/wp\/v2\/posts\/3412"}],"collection":[{"href":"https:\/\/laprensacristiana.com\/index.php?rest_route=\/wp\/v2\/posts"}],"about":[{"href":"https:\/\/laprensacristiana.com\/index.php?rest_route=\/wp\/v2\/types\/post"}],"author":[{"embeddable":true,"href":"https:\/\/laprensacristiana.com\/index.php?rest_route=\/wp\/v2\/users\/3"}],"replies":[{"embeddable":true,"href":"https:\/\/laprensacristiana.com\/index.php?rest_route=%2Fwp%2Fv2%2Fcomments&post=3412"}],"version-history":[{"count":1,"href":"https:\/\/laprensacristiana.com\/index.php?rest_route=\/wp\/v2\/posts\/3412\/revisions"}],"predecessor-version":[{"id":3413,"href":"https:\/\/laprensacristiana.com\/index.php?rest_route=\/wp\/v2\/posts\/3412\/revisions\/3413"}],"wp:featuredmedia":[{"embeddable":true,"href":"https:\/\/laprensacristiana.com\/index.php?rest_route=\/wp\/v2\/media\/3170"}],"wp:attachment":[{"href":"https:\/\/laprensacristiana.com\/index.php?rest_route=%2Fwp%2Fv2%2Fmedia&parent=3412"}],"wp:term":[{"taxonomy":"category","embeddable":true,"href":"https:\/\/laprensacristiana.com\/index.php?rest_route=%2Fwp%2Fv2%2Fcategories&post=3412"},{"taxonomy":"post_tag","embeddable":true,"href":"https:\/\/laprensacristiana.com\/index.php?rest_route=%2Fwp%2Fv2%2Ftags&post=3412"}],"curies":[{"name":"wp","href":"https:\/\/api.w.org\/{rel}","templated":true}]}}