{"id":3418,"date":"2018-01-11T01:26:38","date_gmt":"2018-01-11T01:26:38","guid":{"rendered":"https:\/\/laprensacristiana.com\/?p=3418"},"modified":"2018-01-11T01:26:38","modified_gmt":"2018-01-11T01:26:38","slug":"declaratorias-para-este-ano-de-victoria","status":"publish","type":"post","link":"https:\/\/laprensacristiana.com\/?p=3418","title":{"rendered":"Declaratorias para este a\u00f1o de VICTORIA"},"content":{"rendered":"<p>*Este a\u00f1o dice El Shaddai recuerda bien que te estoy hablando desde ahorita, porque me honrar\u00e1s con tus primicias, no cuestiones y hazlo; porque as\u00ed te bendecir\u00e9 con lluvia continua. De esa lluvia temprana, te dar\u00e9 lluvia tard\u00eda y fructificar\u00e1s todo el a\u00f1o y siempre me honrar\u00e1s dice El Eterno.<\/p>\n<p>Dt 11:14<\/p>\n<p>14\u00a0yo dar\u00e9 la lluvia de vuestra tierra a su tiempo, la temprana y la tard\u00eda; y recoger\u00e1s tu grano, tu vino y tu aceite.<\/p>\n<p>*Declaro que este a\u00f1o ser\u00e1 un a\u00f1o con vientos de cambios; no s\u00f3lo porque cambiar\u00e1n algunas cosas, si no porque ese viento har\u00e1 que las cosas que estaban en desorden se ordenen, lo que a\u00fan estaba mal puesto vuelve a su lugar; y lo que estabas esperando vendr\u00e1 en ese viento que soplar\u00e1 dice El Eterno.<\/p>\n<p>*Ser\u00e1 un a\u00f1o de \u201clos de repentes\u201d porque en un de repente dice YHWH luego de ver tu obediencia y adoraci\u00f3n hacia M\u00ed, te dar\u00e9 y te pondr\u00e9 en lugares de alta estima. El Eterno traer\u00e1 una interrupci\u00f3n repentina y una interrupci\u00f3n a la regularidad.<\/p>\n<p>De repente un sue\u00f1o suceder\u00e1, de repente\u00a0 se cumplir\u00e1 la promesa, de repente lo negativo se revertir\u00e1 y se convertir\u00e1 en positivo.<\/p>\n<p>El nos dar\u00e1 lo que no esper\u00e1bamos recibir!!<\/p>\n<p>*Declaro que este a\u00f1o es un a\u00f1o de aberturas y rompimientos a nuestras vidas. El Eterno por medio de nuestra alabanza abrir\u00e1 ese hueco en los cielos para poder traer y accesar a lo sobrenatural. Cuando cambia la atm\u00f3sfera desde las tinieblas a la luz y cuando el Cielo es manifestado en la Tierra, las cosas se agitan y cambian en la dimensi\u00f3n invisible, donde se activan los \u00e1ngeles de Dios. \u00c9l abrir\u00e1 brecha y nos abrir\u00e1 paso (una pared, barrera o defensa) para que podamos entrar en la tierra prometida.<\/p>\n<p>*Este a\u00f1o har\u00e9 algo grande para Mi Pueblo. Un a\u00f1o de expansi\u00f3n y promesas cumplidas. Est\u00e9n listos y preparados porque lo que har\u00e9 es sobrenatural.<\/p>\n<p>&nbsp;<\/p>\n","protected":false},"excerpt":{"rendered":"<p>*Este a\u00f1o dice El Shaddai recuerda bien que te estoy hablando desde ahorita, porque me honrar\u00e1s con tus primicias, no cuestiones y hazlo; porque as\u00ed te bendecir\u00e9 con lluvia continua. De esa lluvia temprana, te dar\u00e9 lluvia tard\u00eda y fructificar\u00e1s todo el a\u00f1o y siempre me honrar\u00e1s dice El Eterno. Dt 11:14 14\u00a0yo dar\u00e9 la [&hellip;]<\/p>\n","protected":false},"author":3,"featured_media":3262,"comment_status":"open","ping_status":"open","sticky":false,"template":"","format":"standard","meta":[],"categories":[36],"tags":[],"yoast_head":"<!-- This site is optimized with the Yoast SEO plugin v20.8 - https:\/\/yoast.com\/wordpress\/plugins\/seo\/ -->\n<title>Declaratorias para este a\u00f1o de VICTORIA - La Prensa Cristiana<\/title>\n<meta name=\"robots\" content=\"index, follow, max-snippet:-1, max-image-preview:large, max-video-preview:-1\" \/>\n<link rel=\"canonical\" href=\"https:\/\/laprensacristiana.com\/?p=3418\" \/>\n<meta property=\"og:locale\" content=\"es_ES\" \/>\n<meta property=\"og:type\" content=\"article\" \/>\n<meta property=\"og:title\" content=\"Declaratorias para este a\u00f1o de VICTORIA - La Prensa Cristiana\" \/>\n<meta property=\"og:description\" content=\"*Este a\u00f1o dice El Shaddai recuerda bien que te estoy hablando desde ahorita, porque me honrar\u00e1s con tus primicias, no cuestiones y hazlo; porque as\u00ed te bendecir\u00e9 con lluvia continua. De esa lluvia temprana, te dar\u00e9 lluvia tard\u00eda y fructificar\u00e1s todo el a\u00f1o y siempre me honrar\u00e1s dice El Eterno. Dt 11:14 14\u00a0yo dar\u00e9 la [&hellip;]\" \/>\n<meta property=\"og:url\" content=\"https:\/\/laprensacristiana.com\/?p=3418\" \/>\n<meta property=\"og:site_name\" content=\"La Prensa Cristiana\" \/>\n<meta property=\"article:published_time\" content=\"2018-01-11T01:26:38+00:00\" \/>\n<meta property=\"og:image\" content=\"https:\/\/laprensacristiana.com\/wp-content\/uploads\/2017\/10\/MARLENE-CHORRO-scaled.jpg\" \/>\n\t<meta property=\"og:image:width\" content=\"2560\" \/>\n\t<meta property=\"og:image:height\" content=\"1429\" \/>\n\t<meta property=\"og:image:type\" content=\"image\/jpeg\" \/>\n<meta name=\"author\" content=\"EDITOR\" \/>\n<meta name=\"twitter:card\" content=\"summary_large_image\" \/>\n<meta name=\"twitter:label1\" content=\"Escrito por\" \/>\n\t<meta name=\"twitter:data1\" content=\"EDITOR\" \/>\n\t<meta name=\"twitter:label2\" content=\"Tiempo de lectura\" \/>\n\t<meta name=\"twitter:data2\" content=\"2 minutos\" \/>\n<script type=\"application\/ld+json\" class=\"yoast-schema-graph\">{\"@context\":\"https:\/\/schema.org\",\"@graph\":[{\"@type\":\"WebPage\",\"@id\":\"https:\/\/laprensacristiana.com\/?p=3418\",\"url\":\"https:\/\/laprensacristiana.com\/?p=3418\",\"name\":\"Declaratorias para este a\u00f1o de VICTORIA - La Prensa Cristiana\",\"isPartOf\":{\"@id\":\"https:\/\/laprensacristiana.com\/#website\"},\"datePublished\":\"2018-01-11T01:26:38+00:00\",\"dateModified\":\"2018-01-11T01:26:38+00:00\",\"author\":{\"@id\":\"https:\/\/laprensacristiana.com\/#\/schema\/person\/3e7d82c6bfd6b1fa67010f8f7cd5256e\"},\"breadcrumb\":{\"@id\":\"https:\/\/laprensacristiana.com\/?p=3418#breadcrumb\"},\"inLanguage\":\"es\",\"potentialAction\":[{\"@type\":\"ReadAction\",\"target\":[\"https:\/\/laprensacristiana.com\/?p=3418\"]}]},{\"@type\":\"BreadcrumbList\",\"@id\":\"https:\/\/laprensacristiana.com\/?p=3418#breadcrumb\",\"itemListElement\":[{\"@type\":\"ListItem\",\"position\":1,\"name\":\"Portada\",\"item\":\"https:\/\/laprensacristiana.com\/\"},{\"@type\":\"ListItem\",\"position\":2,\"name\":\"Declaratorias para este a\u00f1o de VICTORIA\"}]},{\"@type\":\"WebSite\",\"@id\":\"https:\/\/laprensacristiana.com\/#website\",\"url\":\"https:\/\/laprensacristiana.com\/\",\"name\":\"La Prensa Cristiana\",\"description\":\"Anunciando Las Buenas Nuevas\",\"potentialAction\":[{\"@type\":\"SearchAction\",\"target\":{\"@type\":\"EntryPoint\",\"urlTemplate\":\"https:\/\/laprensacristiana.com\/?s={search_term_string}\"},\"query-input\":\"required name=search_term_string\"}],\"inLanguage\":\"es\"},{\"@type\":\"Person\",\"@id\":\"https:\/\/laprensacristiana.com\/#\/schema\/person\/3e7d82c6bfd6b1fa67010f8f7cd5256e\",\"name\":\"EDITOR\",\"image\":{\"@type\":\"ImageObject\",\"inLanguage\":\"es\",\"@id\":\"https:\/\/laprensacristiana.com\/#\/schema\/person\/image\/\",\"url\":\"https:\/\/secure.gravatar.com\/avatar\/72069dfb6c13772d9e8381e3638666d2?s=96&d=mm&r=g\",\"contentUrl\":\"https:\/\/secure.gravatar.com\/avatar\/72069dfb6c13772d9e8381e3638666d2?s=96&d=mm&r=g\",\"caption\":\"EDITOR\"},\"url\":\"https:\/\/laprensacristiana.com\/?author=3\"}]}<\/script>\n<!-- \/ Yoast SEO plugin. -->","yoast_head_json":{"title":"Declaratorias para este a\u00f1o de VICTORIA - La Prensa Cristiana","robots":{"index":"index","follow":"follow","max-snippet":"max-snippet:-1","max-image-preview":"max-image-preview:large","max-video-preview":"max-video-preview:-1"},"canonical":"https:\/\/laprensacristiana.com\/?p=3418","og_locale":"es_ES","og_type":"article","og_title":"Declaratorias para este a\u00f1o de VICTORIA - La Prensa Cristiana","og_description":"*Este a\u00f1o dice El Shaddai recuerda bien que te estoy hablando desde ahorita, porque me honrar\u00e1s con tus primicias, no cuestiones y hazlo; porque as\u00ed te bendecir\u00e9 con lluvia continua. De esa lluvia temprana, te dar\u00e9 lluvia tard\u00eda y fructificar\u00e1s todo el a\u00f1o y siempre me honrar\u00e1s dice El Eterno. Dt 11:14 14\u00a0yo dar\u00e9 la [&hellip;]","og_url":"https:\/\/laprensacristiana.com\/?p=3418","og_site_name":"La Prensa Cristiana","article_published_time":"2018-01-11T01:26:38+00:00","og_image":[{"width":2560,"height":1429,"url":"https:\/\/laprensacristiana.com\/wp-content\/uploads\/2017\/10\/MARLENE-CHORRO-scaled.jpg","type":"image\/jpeg"}],"author":"EDITOR","twitter_card":"summary_large_image","twitter_misc":{"Escrito por":"EDITOR","Tiempo de lectura":"2 minutos"},"schema":{"@context":"https:\/\/schema.org","@graph":[{"@type":"WebPage","@id":"https:\/\/laprensacristiana.com\/?p=3418","url":"https:\/\/laprensacristiana.com\/?p=3418","name":"Declaratorias para este a\u00f1o de VICTORIA - La Prensa Cristiana","isPartOf":{"@id":"https:\/\/laprensacristiana.com\/#website"},"datePublished":"2018-01-11T01:26:38+00:00","dateModified":"2018-01-11T01:26:38+00:00","author":{"@id":"https:\/\/laprensacristiana.com\/#\/schema\/person\/3e7d82c6bfd6b1fa67010f8f7cd5256e"},"breadcrumb":{"@id":"https:\/\/laprensacristiana.com\/?p=3418#breadcrumb"},"inLanguage":"es","potentialAction":[{"@type":"ReadAction","target":["https:\/\/laprensacristiana.com\/?p=3418"]}]},{"@type":"BreadcrumbList","@id":"https:\/\/laprensacristiana.com\/?p=3418#breadcrumb","itemListElement":[{"@type":"ListItem","position":1,"name":"Portada","item":"https:\/\/laprensacristiana.com\/"},{"@type":"ListItem","position":2,"name":"Declaratorias para este a\u00f1o de VICTORIA"}]},{"@type":"WebSite","@id":"https:\/\/laprensacristiana.com\/#website","url":"https:\/\/laprensacristiana.com\/","name":"La Prensa Cristiana","description":"Anunciando Las Buenas Nuevas","potentialAction":[{"@type":"SearchAction","target":{"@type":"EntryPoint","urlTemplate":"https:\/\/laprensacristiana.com\/?s={search_term_string}"},"query-input":"required name=search_term_string"}],"inLanguage":"es"},{"@type":"Person","@id":"https:\/\/laprensacristiana.com\/#\/schema\/person\/3e7d82c6bfd6b1fa67010f8f7cd5256e","name":"EDITOR","image":{"@type":"ImageObject","inLanguage":"es","@id":"https:\/\/laprensacristiana.com\/#\/schema\/person\/image\/","url":"https:\/\/secure.gravatar.com\/avatar\/72069dfb6c13772d9e8381e3638666d2?s=96&d=mm&r=g","contentUrl":"https:\/\/secure.gravatar.com\/avatar\/72069dfb6c13772d9e8381e3638666d2?s=96&d=mm&r=g","caption":"EDITOR"},"url":"https:\/\/laprensacristiana.com\/?author=3"}]}},"_links":{"self":[{"href":"https:\/\/laprensacristiana.com\/index.php?rest_route=\/wp\/v2\/posts\/3418"}],"collection":[{"href":"https:\/\/laprensacristiana.com\/index.php?rest_route=\/wp\/v2\/posts"}],"about":[{"href":"https:\/\/laprensacristiana.com\/index.php?rest_route=\/wp\/v2\/types\/post"}],"author":[{"embeddable":true,"href":"https:\/\/laprensacristiana.com\/index.php?rest_route=\/wp\/v2\/users\/3"}],"replies":[{"embeddable":true,"href":"https:\/\/laprensacristiana.com\/index.php?rest_route=%2Fwp%2Fv2%2Fcomments&post=3418"}],"version-history":[{"count":1,"href":"https:\/\/laprensacristiana.com\/index.php?rest_route=\/wp\/v2\/posts\/3418\/revisions"}],"predecessor-version":[{"id":3419,"href":"https:\/\/laprensacristiana.com\/index.php?rest_route=\/wp\/v2\/posts\/3418\/revisions\/3419"}],"wp:featuredmedia":[{"embeddable":true,"href":"https:\/\/laprensacristiana.com\/index.php?rest_route=\/wp\/v2\/media\/3262"}],"wp:attachment":[{"href":"https:\/\/laprensacristiana.com\/index.php?rest_route=%2Fwp%2Fv2%2Fmedia&parent=3418"}],"wp:term":[{"taxonomy":"category","embeddable":true,"href":"https:\/\/laprensacristiana.com\/index.php?rest_route=%2Fwp%2Fv2%2Fcategories&post=3418"},{"taxonomy":"post_tag","embeddable":true,"href":"https:\/\/laprensacristiana.com\/index.php?rest_route=%2Fwp%2Fv2%2Ftags&post=3418"}],"curies":[{"name":"wp","href":"https:\/\/api.w.org\/{rel}","templated":true}]}}