{"id":3420,"date":"2018-01-11T18:29:41","date_gmt":"2018-01-11T18:29:41","guid":{"rendered":"https:\/\/laprensacristiana.com\/?p=3420"},"modified":"2020-07-02T00:21:01","modified_gmt":"2020-07-02T00:21:01","slug":"universidad-evangelica-lanza-campana-de-oracion","status":"publish","type":"post","link":"https:\/\/laprensacristiana.com\/?p=3420","title":{"rendered":"Universidad Evang\u00e9lica lanza campa\u00f1a de oraci\u00f3n"},"content":{"rendered":"<p>La Universidad Evang\u00e9lica de El Salvador con el fin de contribuir al desarrollo del pa\u00eds, lanz\u00f3 el pasado 09 de enero una campa\u00f1a especial en la cual pretenden a trav\u00e9s de la oraci\u00f3n ser agentes de cambio.<\/p>\n<p>La actividad de apertura se desarroll\u00f3 en el redondel de la Biblia, en el final de la Alameda Juan Pablo II, frente a las instalaciones de la universidad. Este es el comienzo, cada primer martes de mes en el mismo lugar, y los dem\u00e1s martes en la capilla de dicha instituci\u00f3n, siempre en el horario de 9:00 a 10:00 am.<\/p>\n<p>\u201cEs para dar un espacio por parte de una casa de estudios, para que seamos una Iglesia Evang\u00e9lica unida, donde podamos tener sensibilidad delante de Dios, para que el nos use a ser la soluci\u00f3n que esta sociedad necesita, se han unido pastores, ONG\u00b4S, personal de la universidad, han visto a bien este tipo de esfuerzo porque no tiene que ver con pol\u00edticos, ni denominaciones, \u00a0si ponemos en practica 2 Cr\u00f3nicas 7:14 <em>\u201cSi se humillare mi pueblo, sobre el cual mi nombre es invocado, y oraren, y buscaren mi rostro, y se convirtieren de sus malos caminos, entonces yo oir\u00e9 desde los cielos, y perdonar\u00e9 sus pecados, y sanar\u00e9 su tierra.\u201d <\/em>\u00a0cualquier persona de la sociedad puede acercarse y unirse a trav\u00e9s de la oraci\u00f3n, siempre habr\u00e1 un programa con un par de alabanzas que preparen nuestro coraz\u00f3n, pero el objetivo principal es orar, es una oportunidad, si todos estamos en sinton\u00eda el Se\u00f1or va ha obrar y nos va a utilizar para el bien de nuestra naci\u00f3n\u201d. Concluy\u00f3 el Capell\u00e1n de la UEES Cesar Melendez.<\/p>\n","protected":false},"excerpt":{"rendered":"<p>La Universidad Evang\u00e9lica de El Salvador con el fin de contribuir al desarrollo del pa\u00eds, lanz\u00f3 el pasado 09 de enero una campa\u00f1a especial en la cual pretenden a trav\u00e9s de la oraci\u00f3n ser agentes de cambio. La actividad de apertura se desarroll\u00f3 en el redondel de la Biblia, en el final de la Alameda [&hellip;]<\/p>\n","protected":false},"author":3,"featured_media":3423,"comment_status":"open","ping_status":"open","sticky":false,"template":"","format":"standard","meta":[],"categories":[56],"tags":[],"yoast_head":"<!-- This site is optimized with the Yoast SEO plugin v20.8 - https:\/\/yoast.com\/wordpress\/plugins\/seo\/ -->\n<title>Universidad Evang\u00e9lica lanza campa\u00f1a de oraci\u00f3n - La Prensa Cristiana<\/title>\n<meta name=\"robots\" content=\"index, follow, max-snippet:-1, max-image-preview:large, max-video-preview:-1\" \/>\n<link rel=\"canonical\" href=\"https:\/\/laprensacristiana.com\/?p=3420\" \/>\n<meta property=\"og:locale\" content=\"es_ES\" \/>\n<meta property=\"og:type\" content=\"article\" \/>\n<meta property=\"og:title\" content=\"Universidad Evang\u00e9lica lanza campa\u00f1a de oraci\u00f3n - La Prensa Cristiana\" \/>\n<meta property=\"og:description\" content=\"La Universidad Evang\u00e9lica de El Salvador con el fin de contribuir al desarrollo del pa\u00eds, lanz\u00f3 el pasado 09 de enero una campa\u00f1a especial en la cual pretenden a trav\u00e9s de la oraci\u00f3n ser agentes de cambio. La actividad de apertura se desarroll\u00f3 en el redondel de la Biblia, en el final de la Alameda [&hellip;]\" \/>\n<meta property=\"og:url\" content=\"https:\/\/laprensacristiana.com\/?p=3420\" \/>\n<meta property=\"og:site_name\" content=\"La Prensa Cristiana\" \/>\n<meta property=\"article:published_time\" content=\"2018-01-11T18:29:41+00:00\" \/>\n<meta property=\"article:modified_time\" content=\"2020-07-02T00:21:01+00:00\" \/>\n<meta property=\"og:image\" content=\"https:\/\/laprensacristiana.com\/wp-content\/uploads\/2018\/01\/unnamed-scaled.jpg\" \/>\n\t<meta property=\"og:image:width\" content=\"2560\" \/>\n\t<meta property=\"og:image:height\" content=\"1261\" \/>\n\t<meta property=\"og:image:type\" content=\"image\/jpeg\" \/>\n<meta name=\"author\" content=\"EDITOR\" \/>\n<meta name=\"twitter:card\" content=\"summary_large_image\" \/>\n<meta name=\"twitter:label1\" content=\"Escrito por\" \/>\n\t<meta name=\"twitter:data1\" content=\"EDITOR\" \/>\n\t<meta name=\"twitter:label2\" content=\"Tiempo de lectura\" \/>\n\t<meta name=\"twitter:data2\" content=\"1 minuto\" \/>\n<script type=\"application\/ld+json\" class=\"yoast-schema-graph\">{\"@context\":\"https:\/\/schema.org\",\"@graph\":[{\"@type\":\"WebPage\",\"@id\":\"https:\/\/laprensacristiana.com\/?p=3420\",\"url\":\"https:\/\/laprensacristiana.com\/?p=3420\",\"name\":\"Universidad Evang\u00e9lica lanza campa\u00f1a de oraci\u00f3n - La Prensa Cristiana\",\"isPartOf\":{\"@id\":\"https:\/\/laprensacristiana.com\/#website\"},\"datePublished\":\"2018-01-11T18:29:41+00:00\",\"dateModified\":\"2020-07-02T00:21:01+00:00\",\"author\":{\"@id\":\"https:\/\/laprensacristiana.com\/#\/schema\/person\/3e7d82c6bfd6b1fa67010f8f7cd5256e\"},\"breadcrumb\":{\"@id\":\"https:\/\/laprensacristiana.com\/?p=3420#breadcrumb\"},\"inLanguage\":\"es\",\"potentialAction\":[{\"@type\":\"ReadAction\",\"target\":[\"https:\/\/laprensacristiana.com\/?p=3420\"]}]},{\"@type\":\"BreadcrumbList\",\"@id\":\"https:\/\/laprensacristiana.com\/?p=3420#breadcrumb\",\"itemListElement\":[{\"@type\":\"ListItem\",\"position\":1,\"name\":\"Portada\",\"item\":\"https:\/\/laprensacristiana.com\/\"},{\"@type\":\"ListItem\",\"position\":2,\"name\":\"Universidad Evang\u00e9lica lanza campa\u00f1a de oraci\u00f3n\"}]},{\"@type\":\"WebSite\",\"@id\":\"https:\/\/laprensacristiana.com\/#website\",\"url\":\"https:\/\/laprensacristiana.com\/\",\"name\":\"La Prensa Cristiana\",\"description\":\"Anunciando Las Buenas Nuevas\",\"potentialAction\":[{\"@type\":\"SearchAction\",\"target\":{\"@type\":\"EntryPoint\",\"urlTemplate\":\"https:\/\/laprensacristiana.com\/?s={search_term_string}\"},\"query-input\":\"required name=search_term_string\"}],\"inLanguage\":\"es\"},{\"@type\":\"Person\",\"@id\":\"https:\/\/laprensacristiana.com\/#\/schema\/person\/3e7d82c6bfd6b1fa67010f8f7cd5256e\",\"name\":\"EDITOR\",\"image\":{\"@type\":\"ImageObject\",\"inLanguage\":\"es\",\"@id\":\"https:\/\/laprensacristiana.com\/#\/schema\/person\/image\/\",\"url\":\"https:\/\/secure.gravatar.com\/avatar\/72069dfb6c13772d9e8381e3638666d2?s=96&d=mm&r=g\",\"contentUrl\":\"https:\/\/secure.gravatar.com\/avatar\/72069dfb6c13772d9e8381e3638666d2?s=96&d=mm&r=g\",\"caption\":\"EDITOR\"},\"url\":\"https:\/\/laprensacristiana.com\/?author=3\"}]}<\/script>\n<!-- \/ Yoast SEO plugin. -->","yoast_head_json":{"title":"Universidad Evang\u00e9lica lanza campa\u00f1a de oraci\u00f3n - La Prensa Cristiana","robots":{"index":"index","follow":"follow","max-snippet":"max-snippet:-1","max-image-preview":"max-image-preview:large","max-video-preview":"max-video-preview:-1"},"canonical":"https:\/\/laprensacristiana.com\/?p=3420","og_locale":"es_ES","og_type":"article","og_title":"Universidad Evang\u00e9lica lanza campa\u00f1a de oraci\u00f3n - La Prensa Cristiana","og_description":"La Universidad Evang\u00e9lica de El Salvador con el fin de contribuir al desarrollo del pa\u00eds, lanz\u00f3 el pasado 09 de enero una campa\u00f1a especial en la cual pretenden a trav\u00e9s de la oraci\u00f3n ser agentes de cambio. La actividad de apertura se desarroll\u00f3 en el redondel de la Biblia, en el final de la Alameda [&hellip;]","og_url":"https:\/\/laprensacristiana.com\/?p=3420","og_site_name":"La Prensa Cristiana","article_published_time":"2018-01-11T18:29:41+00:00","article_modified_time":"2020-07-02T00:21:01+00:00","og_image":[{"width":2560,"height":1261,"url":"https:\/\/laprensacristiana.com\/wp-content\/uploads\/2018\/01\/unnamed-scaled.jpg","type":"image\/jpeg"}],"author":"EDITOR","twitter_card":"summary_large_image","twitter_misc":{"Escrito por":"EDITOR","Tiempo de lectura":"1 minuto"},"schema":{"@context":"https:\/\/schema.org","@graph":[{"@type":"WebPage","@id":"https:\/\/laprensacristiana.com\/?p=3420","url":"https:\/\/laprensacristiana.com\/?p=3420","name":"Universidad Evang\u00e9lica lanza campa\u00f1a de oraci\u00f3n - La Prensa Cristiana","isPartOf":{"@id":"https:\/\/laprensacristiana.com\/#website"},"datePublished":"2018-01-11T18:29:41+00:00","dateModified":"2020-07-02T00:21:01+00:00","author":{"@id":"https:\/\/laprensacristiana.com\/#\/schema\/person\/3e7d82c6bfd6b1fa67010f8f7cd5256e"},"breadcrumb":{"@id":"https:\/\/laprensacristiana.com\/?p=3420#breadcrumb"},"inLanguage":"es","potentialAction":[{"@type":"ReadAction","target":["https:\/\/laprensacristiana.com\/?p=3420"]}]},{"@type":"BreadcrumbList","@id":"https:\/\/laprensacristiana.com\/?p=3420#breadcrumb","itemListElement":[{"@type":"ListItem","position":1,"name":"Portada","item":"https:\/\/laprensacristiana.com\/"},{"@type":"ListItem","position":2,"name":"Universidad Evang\u00e9lica lanza campa\u00f1a de oraci\u00f3n"}]},{"@type":"WebSite","@id":"https:\/\/laprensacristiana.com\/#website","url":"https:\/\/laprensacristiana.com\/","name":"La Prensa Cristiana","description":"Anunciando Las Buenas Nuevas","potentialAction":[{"@type":"SearchAction","target":{"@type":"EntryPoint","urlTemplate":"https:\/\/laprensacristiana.com\/?s={search_term_string}"},"query-input":"required name=search_term_string"}],"inLanguage":"es"},{"@type":"Person","@id":"https:\/\/laprensacristiana.com\/#\/schema\/person\/3e7d82c6bfd6b1fa67010f8f7cd5256e","name":"EDITOR","image":{"@type":"ImageObject","inLanguage":"es","@id":"https:\/\/laprensacristiana.com\/#\/schema\/person\/image\/","url":"https:\/\/secure.gravatar.com\/avatar\/72069dfb6c13772d9e8381e3638666d2?s=96&d=mm&r=g","contentUrl":"https:\/\/secure.gravatar.com\/avatar\/72069dfb6c13772d9e8381e3638666d2?s=96&d=mm&r=g","caption":"EDITOR"},"url":"https:\/\/laprensacristiana.com\/?author=3"}]}},"_links":{"self":[{"href":"https:\/\/laprensacristiana.com\/index.php?rest_route=\/wp\/v2\/posts\/3420"}],"collection":[{"href":"https:\/\/laprensacristiana.com\/index.php?rest_route=\/wp\/v2\/posts"}],"about":[{"href":"https:\/\/laprensacristiana.com\/index.php?rest_route=\/wp\/v2\/types\/post"}],"author":[{"embeddable":true,"href":"https:\/\/laprensacristiana.com\/index.php?rest_route=\/wp\/v2\/users\/3"}],"replies":[{"embeddable":true,"href":"https:\/\/laprensacristiana.com\/index.php?rest_route=%2Fwp%2Fv2%2Fcomments&post=3420"}],"version-history":[{"count":1,"href":"https:\/\/laprensacristiana.com\/index.php?rest_route=\/wp\/v2\/posts\/3420\/revisions"}],"predecessor-version":[{"id":3422,"href":"https:\/\/laprensacristiana.com\/index.php?rest_route=\/wp\/v2\/posts\/3420\/revisions\/3422"}],"wp:featuredmedia":[{"embeddable":true,"href":"https:\/\/laprensacristiana.com\/index.php?rest_route=\/wp\/v2\/media\/3423"}],"wp:attachment":[{"href":"https:\/\/laprensacristiana.com\/index.php?rest_route=%2Fwp%2Fv2%2Fmedia&parent=3420"}],"wp:term":[{"taxonomy":"category","embeddable":true,"href":"https:\/\/laprensacristiana.com\/index.php?rest_route=%2Fwp%2Fv2%2Fcategories&post=3420"},{"taxonomy":"post_tag","embeddable":true,"href":"https:\/\/laprensacristiana.com\/index.php?rest_route=%2Fwp%2Fv2%2Ftags&post=3420"}],"curies":[{"name":"wp","href":"https:\/\/api.w.org\/{rel}","templated":true}]}}