{"id":3434,"date":"2018-01-15T16:59:46","date_gmt":"2018-01-15T16:59:46","guid":{"rendered":"https:\/\/laprensacristiana.com\/?p=3434"},"modified":"2020-07-02T00:20:39","modified_gmt":"2020-07-02T00:20:39","slug":"amiga-o-mama-de-tus-adolescentes","status":"publish","type":"post","link":"https:\/\/laprensacristiana.com\/?p=3434","title":{"rendered":"\u00bfAmiga o mam\u00e1 de tus adolescentes?"},"content":{"rendered":"<p>POR JULY DE SOSA<\/p>\n<p>Ciertamente la etapa de adolescencia es sin duda la m\u00e1s dif\u00edcil de sobrellevar, tanto para padres como para hijos. Es justo en este punto del camino en el cual la l\u00ednea a la equivocaci\u00f3n se vuelve m\u00e1s finita e imperceptible, para ambas partes. Escuche a alguien decir con el pecho erguido y con tono fuerte \u201cyo soy la mejor amiga de mi hija\u201d e inmediatamente busque en mi memoria el significado de \u201camistad\u201d recordando que es una relaci\u00f3n afectiva, a la cual est\u00e1n asociados valores como la lealtad, solidaridad, incondicionalidad, sinceridad, respeto, y amor. Todo esto construido con inter\u00e9s reciproco.<\/p>\n<p>Con la definici\u00f3n clara me pregunte \u00bfser\u00e1 este tipo de relaci\u00f3n en lo que Dios pens\u00f3 cuando decidi\u00f3 darnos el privilegio de ser padres? Recientemente mi hija adolescente ri\u00f1o conmigo por algo de lo que ella pensaba yo estaba equivocada y a pesar, que he sido precisamente yo, quien la ha instruido a que defienda sus derechos; en esta ocasi\u00f3n me pareci\u00f3 fuera de lugar su queja, y no fue hasta que dejo su berrinche que entendi\u00f3 mi punto de vista, pero igual no lo acept\u00f3.<\/p>\n<p>Es propio de esta edad frecuentemente no aceptar las indicaciones o consejos de nuestros padres, debido a la necesidad de tener nuestras propias experiencias en la prueba y error, dando poca importancia a la necesidad que nuestros padres sienten de alejarnos de zonas de peligro.\u00a0 Esa es la raz\u00f3n por lo que la c\u00e9lebre frase \u201ccuando seas mam\u00e1 me entender\u00e1s\u201d esta dem\u00e1s decirla, porque los adolescentes necesitan ser comprendidos, antes que comprendernos. Ante este hecho pens\u00e9, que los valores de solidaridad e incondicionalidad propios de la \u201camistad\u201d a menudo se pierden en la relaci\u00f3n de padres e hijos adolescentes. En mi urgencia de encontrar respuesta para m\u00ed interrogante de si Dios pens\u00f3 en este tipo de relaci\u00f3n entre padres e hijos, busque en su manual (Biblia) las respuestas, encontrando lo siguiente en el libro a los <strong>Colosenses 3:20-21. Hijos sed obedientes a vuestros padres en todo, porque esto es agradable al Se\u00f1or. Padres no exasper\u00e9is a vuestros hijos, para que no se desalienten. <\/strong>\u00a0\u00bfEl valor de la obediencia forma parte de los valores de la amistad? O \u00bf\u00c9l no os exacerb\u00e9is entre amigos?\u00a0 Respondi\u00e9ndome a esto creo que es muy dif\u00edcil para m\u00ed, el llegar a considerarme la mejor amiga de mi hija adolescente, ya que antes de mi deseo de consentirla, esta mi responsabilidad como hija de Dios, de cuidar y guiar la herencia que de \u00c9l, he recibido para que su pie no tropiece, y obviamente en ocasiones ella no lo comprender\u00e1 ni aceptar\u00e1, es justo all\u00ed, cuando pensara que soy lo peor de este mundo, y la \u00faltima persona para formar parte en su lista de amigas. Tendr\u00e9 que esperar pacientemente a que llegue su etapa de mam\u00e1, y cuando necesite un buen consejo para su propio hijo, la primera en su lista de amigas ser\u00e9 yo. Gracias a que entonces y solo entonces, reconocer\u00e1 mi labor con ella. Porque en esa etapa las dos seremos madres y tendremos el mismo inter\u00e9s de buscar victorias, ella las victorias de sus hijos y yo, las victorias de ella. Segura estoy que, en esa etapa de su vida, si me considerara su amiga. Por el momento seguiremos juntas adoleciendo un tiempo m\u00e1s.<\/p>\n<p><strong>Es mi deseo que todos los padres de adolescentes tomen animo y no desmayen en tan interesante labor. Buscando en todo tiempo el consejo de Dios, y recordando que a su tiempo veremos el fruto de nuestra siembra, rebosante de paciencia, amor y comprensi\u00f3n. Para con nuestros j\u00f3venes.<\/strong><\/p>\n<p><strong>\u00a1\u00c9xitos para todos!\u00a0 <\/strong><\/p>\n","protected":false},"excerpt":{"rendered":"<p>POR JULY DE SOSA Ciertamente la etapa de adolescencia es sin duda la m\u00e1s dif\u00edcil de sobrellevar, tanto para padres como para hijos. Es justo en este punto del camino en el cual la l\u00ednea a la equivocaci\u00f3n se vuelve m\u00e1s finita e imperceptible, para ambas partes. Escuche a alguien decir con el pecho erguido [&hellip;]<\/p>\n","protected":false},"author":3,"featured_media":3096,"comment_status":"open","ping_status":"open","sticky":false,"template":"","format":"standard","meta":[],"categories":[26],"tags":[],"yoast_head":"<!-- This site is optimized with the Yoast SEO plugin v20.8 - https:\/\/yoast.com\/wordpress\/plugins\/seo\/ -->\n<title>\u00bfAmiga o mam\u00e1 de tus adolescentes? - La Prensa Cristiana<\/title>\n<meta name=\"robots\" content=\"index, follow, max-snippet:-1, max-image-preview:large, max-video-preview:-1\" \/>\n<link rel=\"canonical\" href=\"https:\/\/laprensacristiana.com\/?p=3434\" \/>\n<meta property=\"og:locale\" content=\"es_ES\" \/>\n<meta property=\"og:type\" content=\"article\" \/>\n<meta property=\"og:title\" content=\"\u00bfAmiga o mam\u00e1 de tus adolescentes? - La Prensa Cristiana\" \/>\n<meta property=\"og:description\" content=\"POR JULY DE SOSA Ciertamente la etapa de adolescencia es sin duda la m\u00e1s dif\u00edcil de sobrellevar, tanto para padres como para hijos. Es justo en este punto del camino en el cual la l\u00ednea a la equivocaci\u00f3n se vuelve m\u00e1s finita e imperceptible, para ambas partes. Escuche a alguien decir con el pecho erguido [&hellip;]\" \/>\n<meta property=\"og:url\" content=\"https:\/\/laprensacristiana.com\/?p=3434\" \/>\n<meta property=\"og:site_name\" content=\"La Prensa Cristiana\" \/>\n<meta property=\"article:published_time\" content=\"2018-01-15T16:59:46+00:00\" \/>\n<meta property=\"article:modified_time\" content=\"2020-07-02T00:20:39+00:00\" \/>\n<meta property=\"og:image\" content=\"https:\/\/laprensacristiana.com\/wp-content\/uploads\/2017\/08\/JULY-LPG-2017.jpg\" \/>\n\t<meta property=\"og:image:width\" content=\"1240\" \/>\n\t<meta property=\"og:image:height\" content=\"692\" \/>\n\t<meta property=\"og:image:type\" content=\"image\/jpeg\" \/>\n<meta name=\"author\" content=\"EDITOR\" \/>\n<meta name=\"twitter:card\" content=\"summary_large_image\" \/>\n<meta name=\"twitter:label1\" content=\"Escrito por\" \/>\n\t<meta name=\"twitter:data1\" content=\"EDITOR\" \/>\n\t<meta name=\"twitter:label2\" content=\"Tiempo de lectura\" \/>\n\t<meta name=\"twitter:data2\" content=\"3 minutos\" \/>\n<script type=\"application\/ld+json\" class=\"yoast-schema-graph\">{\"@context\":\"https:\/\/schema.org\",\"@graph\":[{\"@type\":\"WebPage\",\"@id\":\"https:\/\/laprensacristiana.com\/?p=3434\",\"url\":\"https:\/\/laprensacristiana.com\/?p=3434\",\"name\":\"\u00bfAmiga o mam\u00e1 de tus adolescentes? - La Prensa Cristiana\",\"isPartOf\":{\"@id\":\"https:\/\/laprensacristiana.com\/#website\"},\"datePublished\":\"2018-01-15T16:59:46+00:00\",\"dateModified\":\"2020-07-02T00:20:39+00:00\",\"author\":{\"@id\":\"https:\/\/laprensacristiana.com\/#\/schema\/person\/3e7d82c6bfd6b1fa67010f8f7cd5256e\"},\"breadcrumb\":{\"@id\":\"https:\/\/laprensacristiana.com\/?p=3434#breadcrumb\"},\"inLanguage\":\"es\",\"potentialAction\":[{\"@type\":\"ReadAction\",\"target\":[\"https:\/\/laprensacristiana.com\/?p=3434\"]}]},{\"@type\":\"BreadcrumbList\",\"@id\":\"https:\/\/laprensacristiana.com\/?p=3434#breadcrumb\",\"itemListElement\":[{\"@type\":\"ListItem\",\"position\":1,\"name\":\"Portada\",\"item\":\"https:\/\/laprensacristiana.com\/\"},{\"@type\":\"ListItem\",\"position\":2,\"name\":\"\u00bfAmiga o mam\u00e1 de tus adolescentes?\"}]},{\"@type\":\"WebSite\",\"@id\":\"https:\/\/laprensacristiana.com\/#website\",\"url\":\"https:\/\/laprensacristiana.com\/\",\"name\":\"La Prensa Cristiana\",\"description\":\"Anunciando Las Buenas Nuevas\",\"potentialAction\":[{\"@type\":\"SearchAction\",\"target\":{\"@type\":\"EntryPoint\",\"urlTemplate\":\"https:\/\/laprensacristiana.com\/?s={search_term_string}\"},\"query-input\":\"required name=search_term_string\"}],\"inLanguage\":\"es\"},{\"@type\":\"Person\",\"@id\":\"https:\/\/laprensacristiana.com\/#\/schema\/person\/3e7d82c6bfd6b1fa67010f8f7cd5256e\",\"name\":\"EDITOR\",\"image\":{\"@type\":\"ImageObject\",\"inLanguage\":\"es\",\"@id\":\"https:\/\/laprensacristiana.com\/#\/schema\/person\/image\/\",\"url\":\"https:\/\/secure.gravatar.com\/avatar\/72069dfb6c13772d9e8381e3638666d2?s=96&d=mm&r=g\",\"contentUrl\":\"https:\/\/secure.gravatar.com\/avatar\/72069dfb6c13772d9e8381e3638666d2?s=96&d=mm&r=g\",\"caption\":\"EDITOR\"},\"url\":\"https:\/\/laprensacristiana.com\/?author=3\"}]}<\/script>\n<!-- \/ Yoast SEO plugin. -->","yoast_head_json":{"title":"\u00bfAmiga o mam\u00e1 de tus adolescentes? - La Prensa Cristiana","robots":{"index":"index","follow":"follow","max-snippet":"max-snippet:-1","max-image-preview":"max-image-preview:large","max-video-preview":"max-video-preview:-1"},"canonical":"https:\/\/laprensacristiana.com\/?p=3434","og_locale":"es_ES","og_type":"article","og_title":"\u00bfAmiga o mam\u00e1 de tus adolescentes? - La Prensa Cristiana","og_description":"POR JULY DE SOSA Ciertamente la etapa de adolescencia es sin duda la m\u00e1s dif\u00edcil de sobrellevar, tanto para padres como para hijos. Es justo en este punto del camino en el cual la l\u00ednea a la equivocaci\u00f3n se vuelve m\u00e1s finita e imperceptible, para ambas partes. Escuche a alguien decir con el pecho erguido [&hellip;]","og_url":"https:\/\/laprensacristiana.com\/?p=3434","og_site_name":"La Prensa Cristiana","article_published_time":"2018-01-15T16:59:46+00:00","article_modified_time":"2020-07-02T00:20:39+00:00","og_image":[{"width":1240,"height":692,"url":"https:\/\/laprensacristiana.com\/wp-content\/uploads\/2017\/08\/JULY-LPG-2017.jpg","type":"image\/jpeg"}],"author":"EDITOR","twitter_card":"summary_large_image","twitter_misc":{"Escrito por":"EDITOR","Tiempo de lectura":"3 minutos"},"schema":{"@context":"https:\/\/schema.org","@graph":[{"@type":"WebPage","@id":"https:\/\/laprensacristiana.com\/?p=3434","url":"https:\/\/laprensacristiana.com\/?p=3434","name":"\u00bfAmiga o mam\u00e1 de tus adolescentes? - La Prensa Cristiana","isPartOf":{"@id":"https:\/\/laprensacristiana.com\/#website"},"datePublished":"2018-01-15T16:59:46+00:00","dateModified":"2020-07-02T00:20:39+00:00","author":{"@id":"https:\/\/laprensacristiana.com\/#\/schema\/person\/3e7d82c6bfd6b1fa67010f8f7cd5256e"},"breadcrumb":{"@id":"https:\/\/laprensacristiana.com\/?p=3434#breadcrumb"},"inLanguage":"es","potentialAction":[{"@type":"ReadAction","target":["https:\/\/laprensacristiana.com\/?p=3434"]}]},{"@type":"BreadcrumbList","@id":"https:\/\/laprensacristiana.com\/?p=3434#breadcrumb","itemListElement":[{"@type":"ListItem","position":1,"name":"Portada","item":"https:\/\/laprensacristiana.com\/"},{"@type":"ListItem","position":2,"name":"\u00bfAmiga o mam\u00e1 de tus adolescentes?"}]},{"@type":"WebSite","@id":"https:\/\/laprensacristiana.com\/#website","url":"https:\/\/laprensacristiana.com\/","name":"La Prensa Cristiana","description":"Anunciando Las Buenas Nuevas","potentialAction":[{"@type":"SearchAction","target":{"@type":"EntryPoint","urlTemplate":"https:\/\/laprensacristiana.com\/?s={search_term_string}"},"query-input":"required name=search_term_string"}],"inLanguage":"es"},{"@type":"Person","@id":"https:\/\/laprensacristiana.com\/#\/schema\/person\/3e7d82c6bfd6b1fa67010f8f7cd5256e","name":"EDITOR","image":{"@type":"ImageObject","inLanguage":"es","@id":"https:\/\/laprensacristiana.com\/#\/schema\/person\/image\/","url":"https:\/\/secure.gravatar.com\/avatar\/72069dfb6c13772d9e8381e3638666d2?s=96&d=mm&r=g","contentUrl":"https:\/\/secure.gravatar.com\/avatar\/72069dfb6c13772d9e8381e3638666d2?s=96&d=mm&r=g","caption":"EDITOR"},"url":"https:\/\/laprensacristiana.com\/?author=3"}]}},"_links":{"self":[{"href":"https:\/\/laprensacristiana.com\/index.php?rest_route=\/wp\/v2\/posts\/3434"}],"collection":[{"href":"https:\/\/laprensacristiana.com\/index.php?rest_route=\/wp\/v2\/posts"}],"about":[{"href":"https:\/\/laprensacristiana.com\/index.php?rest_route=\/wp\/v2\/types\/post"}],"author":[{"embeddable":true,"href":"https:\/\/laprensacristiana.com\/index.php?rest_route=\/wp\/v2\/users\/3"}],"replies":[{"embeddable":true,"href":"https:\/\/laprensacristiana.com\/index.php?rest_route=%2Fwp%2Fv2%2Fcomments&post=3434"}],"version-history":[{"count":1,"href":"https:\/\/laprensacristiana.com\/index.php?rest_route=\/wp\/v2\/posts\/3434\/revisions"}],"predecessor-version":[{"id":3435,"href":"https:\/\/laprensacristiana.com\/index.php?rest_route=\/wp\/v2\/posts\/3434\/revisions\/3435"}],"wp:featuredmedia":[{"embeddable":true,"href":"https:\/\/laprensacristiana.com\/index.php?rest_route=\/wp\/v2\/media\/3096"}],"wp:attachment":[{"href":"https:\/\/laprensacristiana.com\/index.php?rest_route=%2Fwp%2Fv2%2Fmedia&parent=3434"}],"wp:term":[{"taxonomy":"category","embeddable":true,"href":"https:\/\/laprensacristiana.com\/index.php?rest_route=%2Fwp%2Fv2%2Fcategories&post=3434"},{"taxonomy":"post_tag","embeddable":true,"href":"https:\/\/laprensacristiana.com\/index.php?rest_route=%2Fwp%2Fv2%2Ftags&post=3434"}],"curies":[{"name":"wp","href":"https:\/\/api.w.org\/{rel}","templated":true}]}}