{"id":3442,"date":"2018-01-18T19:37:15","date_gmt":"2018-01-18T19:37:15","guid":{"rendered":"https:\/\/laprensacristiana.com\/?p=3442"},"modified":"2018-01-18T19:37:15","modified_gmt":"2018-01-18T19:37:15","slug":"jacob-peleo-con-3-hombres-en-su-vida","status":"publish","type":"post","link":"https:\/\/laprensacristiana.com\/?p=3442","title":{"rendered":"Jacob pele\u00f3 con 3 hombres en su vida ."},"content":{"rendered":"<p>G\u00e9nesis 32:28<\/p>\n<p>Jacob pele\u00f3 con Isaac, su padre. La lucha con su padre fue mental y espiritual; Isaac no quer\u00eda bendecir a Jacob, a\u00fan cuando El Eterno hab\u00eda dicho que Jacob era el bendecido. En aquellos tiempos, la bendici\u00f3n y la herencia le pertenec\u00edan al primog\u00e9nito, aunque lo fuese por un minuto.<br \/>\nAntes de nacer El Yo Soy le dice a la madre de Jacob: El segundo es el que yo he bendecido .<br \/>\nImagina nacer y vivir sabiendo que Dios ha dicho que la bendici\u00f3n es para T\u00ed, pero siempre , por la tradici\u00f3n y el favoritismo, otro se te adelanta .<\/p>\n<p>El segundo hombre con el que pele\u00f3 fu\u00e9 Esau, su hermano , un joven que hab\u00eda nacido con todos los privilegios, pero no apreciaba ninguno . Jacob lucha por aquello que Esa\u00fa menospreciaba . Tal vez te encuentras en esta situaci\u00f3n, luchando por tener algo que otros tienen y que menosprecian. Luego, cuando obtienes con mucho trabajo lo que a ellos f\u00e1cilmente les llego , y que han menospreciado, se molestan y te amenazan para acabar contigo.<\/p>\n<p>El tercer hombre con el que luch\u00f3 Jacob fue Lab\u00e1n , su suegro . Laban representa a aquellos a los que t\u00fa llegas a sus vidas cuando huyes , y te sacan el mayor provecho posible sin darte ning\u00fan beneficio.<\/p>\n<p>Con cu\u00e1ntos Isaac, Esaus y Labanes hay en tu vida ?<\/p>\n<p>Tal vez te encuentras frente a un problema que se llama Isaac, Esa\u00fa o Lab\u00e1n .<\/p>\n<p>Hoy te encontrar\u00e1s con El Eterno y podr\u00e1s declarar como Jacob : Soy libre<\/p>\n","protected":false},"excerpt":{"rendered":"<p>G\u00e9nesis 32:28 Jacob pele\u00f3 con Isaac, su padre. La lucha con su padre fue mental y espiritual; Isaac no quer\u00eda bendecir a Jacob, a\u00fan cuando El Eterno hab\u00eda dicho que Jacob era el bendecido. En aquellos tiempos, la bendici\u00f3n y la herencia le pertenec\u00edan al primog\u00e9nito, aunque lo fuese por un minuto. Antes de nacer [&hellip;]<\/p>\n","protected":false},"author":3,"featured_media":3262,"comment_status":"open","ping_status":"open","sticky":false,"template":"","format":"standard","meta":[],"categories":[36],"tags":[],"yoast_head":"<!-- This site is optimized with the Yoast SEO plugin v20.8 - https:\/\/yoast.com\/wordpress\/plugins\/seo\/ -->\n<title>Jacob pele\u00f3 con 3 hombres en su vida . - La Prensa Cristiana<\/title>\n<meta name=\"robots\" content=\"index, follow, max-snippet:-1, max-image-preview:large, max-video-preview:-1\" \/>\n<link rel=\"canonical\" href=\"https:\/\/laprensacristiana.com\/?p=3442\" \/>\n<meta property=\"og:locale\" content=\"es_ES\" \/>\n<meta property=\"og:type\" content=\"article\" \/>\n<meta property=\"og:title\" content=\"Jacob pele\u00f3 con 3 hombres en su vida . - La Prensa Cristiana\" \/>\n<meta property=\"og:description\" content=\"G\u00e9nesis 32:28 Jacob pele\u00f3 con Isaac, su padre. La lucha con su padre fue mental y espiritual; Isaac no quer\u00eda bendecir a Jacob, a\u00fan cuando El Eterno hab\u00eda dicho que Jacob era el bendecido. En aquellos tiempos, la bendici\u00f3n y la herencia le pertenec\u00edan al primog\u00e9nito, aunque lo fuese por un minuto. Antes de nacer [&hellip;]\" \/>\n<meta property=\"og:url\" content=\"https:\/\/laprensacristiana.com\/?p=3442\" \/>\n<meta property=\"og:site_name\" content=\"La Prensa Cristiana\" \/>\n<meta property=\"article:published_time\" content=\"2018-01-18T19:37:15+00:00\" \/>\n<meta property=\"og:image\" content=\"https:\/\/laprensacristiana.com\/wp-content\/uploads\/2017\/10\/MARLENE-CHORRO-scaled.jpg\" \/>\n\t<meta property=\"og:image:width\" content=\"2560\" \/>\n\t<meta property=\"og:image:height\" content=\"1429\" \/>\n\t<meta property=\"og:image:type\" content=\"image\/jpeg\" \/>\n<meta name=\"author\" content=\"EDITOR\" \/>\n<meta name=\"twitter:card\" content=\"summary_large_image\" \/>\n<meta name=\"twitter:label1\" content=\"Escrito por\" \/>\n\t<meta name=\"twitter:data1\" content=\"EDITOR\" \/>\n\t<meta name=\"twitter:label2\" content=\"Tiempo de lectura\" \/>\n\t<meta name=\"twitter:data2\" content=\"1 minuto\" \/>\n<script type=\"application\/ld+json\" class=\"yoast-schema-graph\">{\"@context\":\"https:\/\/schema.org\",\"@graph\":[{\"@type\":\"WebPage\",\"@id\":\"https:\/\/laprensacristiana.com\/?p=3442\",\"url\":\"https:\/\/laprensacristiana.com\/?p=3442\",\"name\":\"Jacob pele\u00f3 con 3 hombres en su vida . - La Prensa Cristiana\",\"isPartOf\":{\"@id\":\"https:\/\/laprensacristiana.com\/#website\"},\"datePublished\":\"2018-01-18T19:37:15+00:00\",\"dateModified\":\"2018-01-18T19:37:15+00:00\",\"author\":{\"@id\":\"https:\/\/laprensacristiana.com\/#\/schema\/person\/3e7d82c6bfd6b1fa67010f8f7cd5256e\"},\"breadcrumb\":{\"@id\":\"https:\/\/laprensacristiana.com\/?p=3442#breadcrumb\"},\"inLanguage\":\"es\",\"potentialAction\":[{\"@type\":\"ReadAction\",\"target\":[\"https:\/\/laprensacristiana.com\/?p=3442\"]}]},{\"@type\":\"BreadcrumbList\",\"@id\":\"https:\/\/laprensacristiana.com\/?p=3442#breadcrumb\",\"itemListElement\":[{\"@type\":\"ListItem\",\"position\":1,\"name\":\"Portada\",\"item\":\"https:\/\/laprensacristiana.com\/\"},{\"@type\":\"ListItem\",\"position\":2,\"name\":\"Jacob pele\u00f3 con 3 hombres en su vida .\"}]},{\"@type\":\"WebSite\",\"@id\":\"https:\/\/laprensacristiana.com\/#website\",\"url\":\"https:\/\/laprensacristiana.com\/\",\"name\":\"La Prensa Cristiana\",\"description\":\"Anunciando Las Buenas Nuevas\",\"potentialAction\":[{\"@type\":\"SearchAction\",\"target\":{\"@type\":\"EntryPoint\",\"urlTemplate\":\"https:\/\/laprensacristiana.com\/?s={search_term_string}\"},\"query-input\":\"required name=search_term_string\"}],\"inLanguage\":\"es\"},{\"@type\":\"Person\",\"@id\":\"https:\/\/laprensacristiana.com\/#\/schema\/person\/3e7d82c6bfd6b1fa67010f8f7cd5256e\",\"name\":\"EDITOR\",\"image\":{\"@type\":\"ImageObject\",\"inLanguage\":\"es\",\"@id\":\"https:\/\/laprensacristiana.com\/#\/schema\/person\/image\/\",\"url\":\"https:\/\/secure.gravatar.com\/avatar\/72069dfb6c13772d9e8381e3638666d2?s=96&d=mm&r=g\",\"contentUrl\":\"https:\/\/secure.gravatar.com\/avatar\/72069dfb6c13772d9e8381e3638666d2?s=96&d=mm&r=g\",\"caption\":\"EDITOR\"},\"url\":\"https:\/\/laprensacristiana.com\/?author=3\"}]}<\/script>\n<!-- \/ Yoast SEO plugin. -->","yoast_head_json":{"title":"Jacob pele\u00f3 con 3 hombres en su vida . - La Prensa Cristiana","robots":{"index":"index","follow":"follow","max-snippet":"max-snippet:-1","max-image-preview":"max-image-preview:large","max-video-preview":"max-video-preview:-1"},"canonical":"https:\/\/laprensacristiana.com\/?p=3442","og_locale":"es_ES","og_type":"article","og_title":"Jacob pele\u00f3 con 3 hombres en su vida . - La Prensa Cristiana","og_description":"G\u00e9nesis 32:28 Jacob pele\u00f3 con Isaac, su padre. La lucha con su padre fue mental y espiritual; Isaac no quer\u00eda bendecir a Jacob, a\u00fan cuando El Eterno hab\u00eda dicho que Jacob era el bendecido. En aquellos tiempos, la bendici\u00f3n y la herencia le pertenec\u00edan al primog\u00e9nito, aunque lo fuese por un minuto. Antes de nacer [&hellip;]","og_url":"https:\/\/laprensacristiana.com\/?p=3442","og_site_name":"La Prensa Cristiana","article_published_time":"2018-01-18T19:37:15+00:00","og_image":[{"width":2560,"height":1429,"url":"https:\/\/laprensacristiana.com\/wp-content\/uploads\/2017\/10\/MARLENE-CHORRO-scaled.jpg","type":"image\/jpeg"}],"author":"EDITOR","twitter_card":"summary_large_image","twitter_misc":{"Escrito por":"EDITOR","Tiempo de lectura":"1 minuto"},"schema":{"@context":"https:\/\/schema.org","@graph":[{"@type":"WebPage","@id":"https:\/\/laprensacristiana.com\/?p=3442","url":"https:\/\/laprensacristiana.com\/?p=3442","name":"Jacob pele\u00f3 con 3 hombres en su vida . - La Prensa Cristiana","isPartOf":{"@id":"https:\/\/laprensacristiana.com\/#website"},"datePublished":"2018-01-18T19:37:15+00:00","dateModified":"2018-01-18T19:37:15+00:00","author":{"@id":"https:\/\/laprensacristiana.com\/#\/schema\/person\/3e7d82c6bfd6b1fa67010f8f7cd5256e"},"breadcrumb":{"@id":"https:\/\/laprensacristiana.com\/?p=3442#breadcrumb"},"inLanguage":"es","potentialAction":[{"@type":"ReadAction","target":["https:\/\/laprensacristiana.com\/?p=3442"]}]},{"@type":"BreadcrumbList","@id":"https:\/\/laprensacristiana.com\/?p=3442#breadcrumb","itemListElement":[{"@type":"ListItem","position":1,"name":"Portada","item":"https:\/\/laprensacristiana.com\/"},{"@type":"ListItem","position":2,"name":"Jacob pele\u00f3 con 3 hombres en su vida ."}]},{"@type":"WebSite","@id":"https:\/\/laprensacristiana.com\/#website","url":"https:\/\/laprensacristiana.com\/","name":"La Prensa Cristiana","description":"Anunciando Las Buenas Nuevas","potentialAction":[{"@type":"SearchAction","target":{"@type":"EntryPoint","urlTemplate":"https:\/\/laprensacristiana.com\/?s={search_term_string}"},"query-input":"required name=search_term_string"}],"inLanguage":"es"},{"@type":"Person","@id":"https:\/\/laprensacristiana.com\/#\/schema\/person\/3e7d82c6bfd6b1fa67010f8f7cd5256e","name":"EDITOR","image":{"@type":"ImageObject","inLanguage":"es","@id":"https:\/\/laprensacristiana.com\/#\/schema\/person\/image\/","url":"https:\/\/secure.gravatar.com\/avatar\/72069dfb6c13772d9e8381e3638666d2?s=96&d=mm&r=g","contentUrl":"https:\/\/secure.gravatar.com\/avatar\/72069dfb6c13772d9e8381e3638666d2?s=96&d=mm&r=g","caption":"EDITOR"},"url":"https:\/\/laprensacristiana.com\/?author=3"}]}},"_links":{"self":[{"href":"https:\/\/laprensacristiana.com\/index.php?rest_route=\/wp\/v2\/posts\/3442"}],"collection":[{"href":"https:\/\/laprensacristiana.com\/index.php?rest_route=\/wp\/v2\/posts"}],"about":[{"href":"https:\/\/laprensacristiana.com\/index.php?rest_route=\/wp\/v2\/types\/post"}],"author":[{"embeddable":true,"href":"https:\/\/laprensacristiana.com\/index.php?rest_route=\/wp\/v2\/users\/3"}],"replies":[{"embeddable":true,"href":"https:\/\/laprensacristiana.com\/index.php?rest_route=%2Fwp%2Fv2%2Fcomments&post=3442"}],"version-history":[{"count":1,"href":"https:\/\/laprensacristiana.com\/index.php?rest_route=\/wp\/v2\/posts\/3442\/revisions"}],"predecessor-version":[{"id":3443,"href":"https:\/\/laprensacristiana.com\/index.php?rest_route=\/wp\/v2\/posts\/3442\/revisions\/3443"}],"wp:featuredmedia":[{"embeddable":true,"href":"https:\/\/laprensacristiana.com\/index.php?rest_route=\/wp\/v2\/media\/3262"}],"wp:attachment":[{"href":"https:\/\/laprensacristiana.com\/index.php?rest_route=%2Fwp%2Fv2%2Fmedia&parent=3442"}],"wp:term":[{"taxonomy":"category","embeddable":true,"href":"https:\/\/laprensacristiana.com\/index.php?rest_route=%2Fwp%2Fv2%2Fcategories&post=3442"},{"taxonomy":"post_tag","embeddable":true,"href":"https:\/\/laprensacristiana.com\/index.php?rest_route=%2Fwp%2Fv2%2Ftags&post=3442"}],"curies":[{"name":"wp","href":"https:\/\/api.w.org\/{rel}","templated":true}]}}