{"id":3447,"date":"2018-01-22T20:36:53","date_gmt":"2018-01-22T20:36:53","guid":{"rendered":"https:\/\/laprensacristiana.com\/?p=3447"},"modified":"2020-07-02T00:20:06","modified_gmt":"2020-07-02T00:20:06","slug":"andaran-dos-juntos-si-de-acuerdo-no-estuvieran","status":"publish","type":"post","link":"https:\/\/laprensacristiana.com\/?p=3447","title":{"rendered":"\u00bfAndar\u00e1n dos juntos, si de acuerdo no estuvieran?"},"content":{"rendered":"<p>POR JULY DE SOSA<\/p>\n<p>A veces quienes vivimos dentro de la maravillosa aventura del matrimonio, olvidamos lo importante que es ponernos de acuerdo en cada acci\u00f3n a desarrollar dentro de ese pacto. Que fue dise\u00f1ado por Dios para que dure toda la vida y caduque el d\u00eda que uno de los dos c\u00f3nyuges muera o Cristo regrese. Y aunque la frase de \u201cpara toda la vida\u201d suene como un largo tiempo, no es as\u00ed, el paso del hombre en la tierra es ef\u00edmero, tanto que cuando recapacitamos en esto tenemos tal convencimiento que ciertamente el tiempo es un suspiro. De cara a esta realidad debemos de aprovechar cada minuto que tenemos para hacer de esa uni\u00f3n, una obra de arte, y dejar huella en nuestro paso por la tierra. Que por cierto no estamos aqu\u00ed, solo para dar la vuelta, sino m\u00e1s bien para conquistarla.<\/p>\n<p>Es por esto qu\u00e9 para levantar bandera de victoria dentro del matrimonio, el reto es aprender a vivir \u201cpuestos de acuerdo\u201d este ser\u00e1 el pilar m\u00e1s importante que sostendr\u00e1 la vida de pareja. Considero que este punto es poco razonado a la hora de dar el \u201cs\u00ed quiero\u201d y trae como consecuencia la separaci\u00f3n prematura entre las parejas, que no quieren pagar ning\u00fan precio para mantener esa relaci\u00f3n y por cualquier desacuerdo, deciden poner punto final a lo que Dios uni\u00f3.<br \/>\nQuiero mencionarle dos \u00e1reas dentro del matrimonio que a mi juicio, el lograr acuerdo en ellas facilita todo lo dem\u00e1s.<br \/>\nEl primer acuerdo a buscar es respetar la identidad de cada uno. Recordemos que los hombres y mujeres, hemos sido creados con caracter\u00edsticas propias, los hombres por su parte son pr\u00e1cticos y anal\u00edticos. Las mujeres somos sentimentales y proactivas. Ocuparnos en conocer m\u00e1s acerca de esa individualidad de g\u00e9nero, es vital dentro de nuestro matrimonio, porque de esta forma los hombres dejaran de pensar\u2026 que las mujeres estamos obligadas a saber lo que ellos piensan antes de que hablen\u2026Y las mujeres dejaremos de se\u00f1alar que nuestro esposo no nos ama, porque no nos lo dice todos los d\u00edas y a cada hora. Ciertamente tanto hombres como mujeres, tenemos diferentes necesidades a suplir; conocer acerca de nuestra identidad y ponernos de acuerdo en cada debilidad y fortaleza de ambos, ayudar\u00e1 a complementarnos mejor.<\/p>\n<p>El segundo acuerdo vital, es nuestra intimidad sexual. Dios es el creador de ese acto, y dise\u00f1o nuestros cuerpos con anatom\u00eda diferente para complementarnos, tan importante es para nuestro creador esto, que es por medio de \u00e9l que surge la vida. Es por eso que debemos disfrutarlo y esforzarnos en buscar en ese encuentro una bella melod\u00eda, y no solo satisfacer un deseo, Dios dice al hombre\u2026 Al\u00e9grate con la mujer de tu juventud, sus caricias te satisfagan todo el tiempo. Es urgente ponernos de acuerdo, a la hora de acariciarnos, para lograr satisfacernos. Muchas parejas callan respecto a esto, por temor a provocar una discusi\u00f3n, olvidando que discutir un asunto es bueno, siempre que se realice con respeto mutuo. Hablando con sinceridad es como logramos ponernos de acuerdo, en la intimidad, y lo que invitara a un pr\u00f3ximo encuentro sexual. Alguien dijo: La intimidad sexual es lo m\u00e1s importante dentro del matrimonio. \u00bfQu\u00e9 opina usted?<\/p>\n<p>\u00a1Paz y bien para todos!<\/p>\n","protected":false},"excerpt":{"rendered":"<p>POR JULY DE SOSA A veces quienes vivimos dentro de la maravillosa aventura del matrimonio, olvidamos lo importante que es ponernos de acuerdo en cada acci\u00f3n a desarrollar dentro de ese pacto. Que fue dise\u00f1ado por Dios para que dure toda la vida y caduque el d\u00eda que uno de los dos c\u00f3nyuges muera o [&hellip;]<\/p>\n","protected":false},"author":3,"featured_media":3096,"comment_status":"open","ping_status":"open","sticky":false,"template":"","format":"standard","meta":[],"categories":[36],"tags":[],"yoast_head":"<!-- This site is optimized with the Yoast SEO plugin v20.8 - https:\/\/yoast.com\/wordpress\/plugins\/seo\/ -->\n<title>\u00bfAndar\u00e1n dos juntos, si de acuerdo no estuvieran? - La Prensa Cristiana<\/title>\n<meta name=\"robots\" content=\"index, follow, max-snippet:-1, max-image-preview:large, max-video-preview:-1\" \/>\n<link rel=\"canonical\" href=\"https:\/\/laprensacristiana.com\/?p=3447\" \/>\n<meta property=\"og:locale\" content=\"es_ES\" \/>\n<meta property=\"og:type\" content=\"article\" \/>\n<meta property=\"og:title\" content=\"\u00bfAndar\u00e1n dos juntos, si de acuerdo no estuvieran? - La Prensa Cristiana\" \/>\n<meta property=\"og:description\" content=\"POR JULY DE SOSA A veces quienes vivimos dentro de la maravillosa aventura del matrimonio, olvidamos lo importante que es ponernos de acuerdo en cada acci\u00f3n a desarrollar dentro de ese pacto. Que fue dise\u00f1ado por Dios para que dure toda la vida y caduque el d\u00eda que uno de los dos c\u00f3nyuges muera o [&hellip;]\" \/>\n<meta property=\"og:url\" content=\"https:\/\/laprensacristiana.com\/?p=3447\" \/>\n<meta property=\"og:site_name\" content=\"La Prensa Cristiana\" \/>\n<meta property=\"article:published_time\" content=\"2018-01-22T20:36:53+00:00\" \/>\n<meta property=\"article:modified_time\" content=\"2020-07-02T00:20:06+00:00\" \/>\n<meta property=\"og:image\" content=\"https:\/\/laprensacristiana.com\/wp-content\/uploads\/2017\/08\/JULY-LPG-2017.jpg\" \/>\n\t<meta property=\"og:image:width\" content=\"1240\" \/>\n\t<meta property=\"og:image:height\" content=\"692\" \/>\n\t<meta property=\"og:image:type\" content=\"image\/jpeg\" \/>\n<meta name=\"author\" content=\"EDITOR\" \/>\n<meta name=\"twitter:card\" content=\"summary_large_image\" \/>\n<meta name=\"twitter:label1\" content=\"Escrito por\" \/>\n\t<meta name=\"twitter:data1\" content=\"EDITOR\" \/>\n\t<meta name=\"twitter:label2\" content=\"Tiempo de lectura\" \/>\n\t<meta name=\"twitter:data2\" content=\"3 minutos\" \/>\n<script type=\"application\/ld+json\" class=\"yoast-schema-graph\">{\"@context\":\"https:\/\/schema.org\",\"@graph\":[{\"@type\":\"WebPage\",\"@id\":\"https:\/\/laprensacristiana.com\/?p=3447\",\"url\":\"https:\/\/laprensacristiana.com\/?p=3447\",\"name\":\"\u00bfAndar\u00e1n dos juntos, si de acuerdo no estuvieran? - La Prensa Cristiana\",\"isPartOf\":{\"@id\":\"https:\/\/laprensacristiana.com\/#website\"},\"datePublished\":\"2018-01-22T20:36:53+00:00\",\"dateModified\":\"2020-07-02T00:20:06+00:00\",\"author\":{\"@id\":\"https:\/\/laprensacristiana.com\/#\/schema\/person\/3e7d82c6bfd6b1fa67010f8f7cd5256e\"},\"breadcrumb\":{\"@id\":\"https:\/\/laprensacristiana.com\/?p=3447#breadcrumb\"},\"inLanguage\":\"es\",\"potentialAction\":[{\"@type\":\"ReadAction\",\"target\":[\"https:\/\/laprensacristiana.com\/?p=3447\"]}]},{\"@type\":\"BreadcrumbList\",\"@id\":\"https:\/\/laprensacristiana.com\/?p=3447#breadcrumb\",\"itemListElement\":[{\"@type\":\"ListItem\",\"position\":1,\"name\":\"Portada\",\"item\":\"https:\/\/laprensacristiana.com\/\"},{\"@type\":\"ListItem\",\"position\":2,\"name\":\"\u00bfAndar\u00e1n dos juntos, si de acuerdo no estuvieran?\"}]},{\"@type\":\"WebSite\",\"@id\":\"https:\/\/laprensacristiana.com\/#website\",\"url\":\"https:\/\/laprensacristiana.com\/\",\"name\":\"La Prensa Cristiana\",\"description\":\"Anunciando Las Buenas Nuevas\",\"potentialAction\":[{\"@type\":\"SearchAction\",\"target\":{\"@type\":\"EntryPoint\",\"urlTemplate\":\"https:\/\/laprensacristiana.com\/?s={search_term_string}\"},\"query-input\":\"required name=search_term_string\"}],\"inLanguage\":\"es\"},{\"@type\":\"Person\",\"@id\":\"https:\/\/laprensacristiana.com\/#\/schema\/person\/3e7d82c6bfd6b1fa67010f8f7cd5256e\",\"name\":\"EDITOR\",\"image\":{\"@type\":\"ImageObject\",\"inLanguage\":\"es\",\"@id\":\"https:\/\/laprensacristiana.com\/#\/schema\/person\/image\/\",\"url\":\"https:\/\/secure.gravatar.com\/avatar\/72069dfb6c13772d9e8381e3638666d2?s=96&d=mm&r=g\",\"contentUrl\":\"https:\/\/secure.gravatar.com\/avatar\/72069dfb6c13772d9e8381e3638666d2?s=96&d=mm&r=g\",\"caption\":\"EDITOR\"},\"url\":\"https:\/\/laprensacristiana.com\/?author=3\"}]}<\/script>\n<!-- \/ Yoast SEO plugin. -->","yoast_head_json":{"title":"\u00bfAndar\u00e1n dos juntos, si de acuerdo no estuvieran? - La Prensa Cristiana","robots":{"index":"index","follow":"follow","max-snippet":"max-snippet:-1","max-image-preview":"max-image-preview:large","max-video-preview":"max-video-preview:-1"},"canonical":"https:\/\/laprensacristiana.com\/?p=3447","og_locale":"es_ES","og_type":"article","og_title":"\u00bfAndar\u00e1n dos juntos, si de acuerdo no estuvieran? - La Prensa Cristiana","og_description":"POR JULY DE SOSA A veces quienes vivimos dentro de la maravillosa aventura del matrimonio, olvidamos lo importante que es ponernos de acuerdo en cada acci\u00f3n a desarrollar dentro de ese pacto. Que fue dise\u00f1ado por Dios para que dure toda la vida y caduque el d\u00eda que uno de los dos c\u00f3nyuges muera o [&hellip;]","og_url":"https:\/\/laprensacristiana.com\/?p=3447","og_site_name":"La Prensa Cristiana","article_published_time":"2018-01-22T20:36:53+00:00","article_modified_time":"2020-07-02T00:20:06+00:00","og_image":[{"width":1240,"height":692,"url":"https:\/\/laprensacristiana.com\/wp-content\/uploads\/2017\/08\/JULY-LPG-2017.jpg","type":"image\/jpeg"}],"author":"EDITOR","twitter_card":"summary_large_image","twitter_misc":{"Escrito por":"EDITOR","Tiempo de lectura":"3 minutos"},"schema":{"@context":"https:\/\/schema.org","@graph":[{"@type":"WebPage","@id":"https:\/\/laprensacristiana.com\/?p=3447","url":"https:\/\/laprensacristiana.com\/?p=3447","name":"\u00bfAndar\u00e1n dos juntos, si de acuerdo no estuvieran? - La Prensa Cristiana","isPartOf":{"@id":"https:\/\/laprensacristiana.com\/#website"},"datePublished":"2018-01-22T20:36:53+00:00","dateModified":"2020-07-02T00:20:06+00:00","author":{"@id":"https:\/\/laprensacristiana.com\/#\/schema\/person\/3e7d82c6bfd6b1fa67010f8f7cd5256e"},"breadcrumb":{"@id":"https:\/\/laprensacristiana.com\/?p=3447#breadcrumb"},"inLanguage":"es","potentialAction":[{"@type":"ReadAction","target":["https:\/\/laprensacristiana.com\/?p=3447"]}]},{"@type":"BreadcrumbList","@id":"https:\/\/laprensacristiana.com\/?p=3447#breadcrumb","itemListElement":[{"@type":"ListItem","position":1,"name":"Portada","item":"https:\/\/laprensacristiana.com\/"},{"@type":"ListItem","position":2,"name":"\u00bfAndar\u00e1n dos juntos, si de acuerdo no estuvieran?"}]},{"@type":"WebSite","@id":"https:\/\/laprensacristiana.com\/#website","url":"https:\/\/laprensacristiana.com\/","name":"La Prensa Cristiana","description":"Anunciando Las Buenas Nuevas","potentialAction":[{"@type":"SearchAction","target":{"@type":"EntryPoint","urlTemplate":"https:\/\/laprensacristiana.com\/?s={search_term_string}"},"query-input":"required name=search_term_string"}],"inLanguage":"es"},{"@type":"Person","@id":"https:\/\/laprensacristiana.com\/#\/schema\/person\/3e7d82c6bfd6b1fa67010f8f7cd5256e","name":"EDITOR","image":{"@type":"ImageObject","inLanguage":"es","@id":"https:\/\/laprensacristiana.com\/#\/schema\/person\/image\/","url":"https:\/\/secure.gravatar.com\/avatar\/72069dfb6c13772d9e8381e3638666d2?s=96&d=mm&r=g","contentUrl":"https:\/\/secure.gravatar.com\/avatar\/72069dfb6c13772d9e8381e3638666d2?s=96&d=mm&r=g","caption":"EDITOR"},"url":"https:\/\/laprensacristiana.com\/?author=3"}]}},"_links":{"self":[{"href":"https:\/\/laprensacristiana.com\/index.php?rest_route=\/wp\/v2\/posts\/3447"}],"collection":[{"href":"https:\/\/laprensacristiana.com\/index.php?rest_route=\/wp\/v2\/posts"}],"about":[{"href":"https:\/\/laprensacristiana.com\/index.php?rest_route=\/wp\/v2\/types\/post"}],"author":[{"embeddable":true,"href":"https:\/\/laprensacristiana.com\/index.php?rest_route=\/wp\/v2\/users\/3"}],"replies":[{"embeddable":true,"href":"https:\/\/laprensacristiana.com\/index.php?rest_route=%2Fwp%2Fv2%2Fcomments&post=3447"}],"version-history":[{"count":1,"href":"https:\/\/laprensacristiana.com\/index.php?rest_route=\/wp\/v2\/posts\/3447\/revisions"}],"predecessor-version":[{"id":3448,"href":"https:\/\/laprensacristiana.com\/index.php?rest_route=\/wp\/v2\/posts\/3447\/revisions\/3448"}],"wp:featuredmedia":[{"embeddable":true,"href":"https:\/\/laprensacristiana.com\/index.php?rest_route=\/wp\/v2\/media\/3096"}],"wp:attachment":[{"href":"https:\/\/laprensacristiana.com\/index.php?rest_route=%2Fwp%2Fv2%2Fmedia&parent=3447"}],"wp:term":[{"taxonomy":"category","embeddable":true,"href":"https:\/\/laprensacristiana.com\/index.php?rest_route=%2Fwp%2Fv2%2Fcategories&post=3447"},{"taxonomy":"post_tag","embeddable":true,"href":"https:\/\/laprensacristiana.com\/index.php?rest_route=%2Fwp%2Fv2%2Ftags&post=3447"}],"curies":[{"name":"wp","href":"https:\/\/api.w.org\/{rel}","templated":true}]}}