{"id":3473,"date":"2018-02-05T15:17:48","date_gmt":"2018-02-05T15:17:48","guid":{"rendered":"https:\/\/laprensacristiana.com\/?p=3473"},"modified":"2020-07-02T00:18:34","modified_gmt":"2020-07-02T00:18:34","slug":"candidato-evangelico-gana-primera-vuelta-en-costa-rica","status":"publish","type":"post","link":"https:\/\/laprensacristiana.com\/?p=3473","title":{"rendered":"Candidato Evang\u00e9lico gana primera vuelta en Costa Rica"},"content":{"rendered":"<p>El periodista y cantante cristiano Fabricio Alvarado ha ganado la primera vuelta de las elecciones presidenciales en Costa Rica con el partido Restauraci\u00f3n Nacional.<\/p>\n<p>Con un total del 24.90 %\u00a0 del porcentaje de votaci\u00f3n seg\u00fan el Tribunal Supremo Electoral ha resultado como principal ganador de la primera vuelta de las elecciones en el pa\u00eds centroamericano, que equivale a 501,071 votos a favor, pero no es un n\u00famero suficiente para ganar en primera para dicho pa\u00eds, motivo por el cual \u00a0el pr\u00f3ximo 01 de Abril tendr\u00e1 que llevarse a cabo la segunda vuelta. En contienda estaban 13 partidos de los cuales solamente 2 quedaran en para definir quien utilizar\u00e1 la silla presidencial en los pr\u00f3ximos 4 a\u00f1os.<\/p>\n<p><img decoding=\"async\" loading=\"lazy\" class=\"alignnone size-full wp-image-3474\" src=\"https:\/\/laprensacristiana.com\/wp-content\/uploads\/2018\/02\/TSE-COSTA-RICA.jpg\" alt=\"\" width=\"800\" height=\"436\" srcset=\"https:\/\/laprensacristiana.com\/wp-content\/uploads\/2018\/02\/TSE-COSTA-RICA.jpg 800w, https:\/\/laprensacristiana.com\/wp-content\/uploads\/2018\/02\/TSE-COSTA-RICA-600x327.jpg 600w, https:\/\/laprensacristiana.com\/wp-content\/uploads\/2018\/02\/TSE-COSTA-RICA-300x164.jpg 300w, https:\/\/laprensacristiana.com\/wp-content\/uploads\/2018\/02\/TSE-COSTA-RICA-768x419.jpg 768w, https:\/\/laprensacristiana.com\/wp-content\/uploads\/2018\/02\/TSE-COSTA-RICA-696x379.jpg 696w, https:\/\/laprensacristiana.com\/wp-content\/uploads\/2018\/02\/TSE-COSTA-RICA-771x420.jpg 771w\" sizes=\"(max-width: 800px) 100vw, 800px\" \/><\/p>\n<p>En su discurso al conocer los resultados Fabricio Alvarado enfatiz\u00f3 que no tuvieron que responder a la campa\u00f1a sucia porque ese no es su ADN, \u201cpara nosotros no ha sido una campa\u00f1a, ha sido un movimiento de la gente, gente que ama a este pa\u00eds, que ama los principios y valores, gente que ha estado mucho tiempo en silencio, hoy yo me sumo a ese grito de unidad de los costarricenses\u201d recalc\u00f3 Alvarado.<\/p>\n<p>Cabe destacar que las encuestas hasta el cierre de diciembre de 2017 no daban mayores posibilidades para el candidato evang\u00e9lico, pero el rumbo cambio en enero de 2018 \u00a0con el dictamen de una consulta realizada a la Corte Interamericana de Derechos Humanos, la cual valid\u00f3 las uniones del mismo sexo para los Estados miembros de la Corte, lo que obligar\u00eda al gobierno a legalizar este tipo de uniones. Fabricio Alvarado apegado a sus principios y valores en coherencia con sus ra\u00edces cristianas se ha levantado en contra de todo aquello que atente contra la familia desde su concepci\u00f3n b\u00edblica.<\/p>\n<p>Los resultados de la primera vuelta han dejado entrever el auge que la Iglesia Evang\u00e9lica est\u00e1 teniendo a nivel latinoamericano y su incidencia en la sociedad.<\/p>\n<p>&nbsp;<\/p>\n<p>&nbsp;<\/p>\n","protected":false},"excerpt":{"rendered":"<p>El periodista y cantante cristiano Fabricio Alvarado ha ganado la primera vuelta de las elecciones presidenciales en Costa Rica con el partido Restauraci\u00f3n Nacional. Con un total del 24.90 %\u00a0 del porcentaje de votaci\u00f3n seg\u00fan el Tribunal Supremo Electoral ha resultado como principal ganador de la primera vuelta de las elecciones en el pa\u00eds centroamericano, [&hellip;]<\/p>\n","protected":false},"author":3,"featured_media":3475,"comment_status":"open","ping_status":"open","sticky":false,"template":"","format":"standard","meta":[],"categories":[56],"tags":[],"yoast_head":"<!-- This site is optimized with the Yoast SEO plugin v20.8 - https:\/\/yoast.com\/wordpress\/plugins\/seo\/ -->\n<title>Candidato Evang\u00e9lico gana primera vuelta en Costa Rica - La Prensa Cristiana<\/title>\n<meta name=\"robots\" content=\"index, follow, max-snippet:-1, max-image-preview:large, max-video-preview:-1\" \/>\n<link rel=\"canonical\" href=\"https:\/\/laprensacristiana.com\/?p=3473\" \/>\n<meta property=\"og:locale\" content=\"es_ES\" \/>\n<meta property=\"og:type\" content=\"article\" \/>\n<meta property=\"og:title\" content=\"Candidato Evang\u00e9lico gana primera vuelta en Costa Rica - La Prensa Cristiana\" \/>\n<meta property=\"og:description\" content=\"El periodista y cantante cristiano Fabricio Alvarado ha ganado la primera vuelta de las elecciones presidenciales en Costa Rica con el partido Restauraci\u00f3n Nacional. Con un total del 24.90 %\u00a0 del porcentaje de votaci\u00f3n seg\u00fan el Tribunal Supremo Electoral ha resultado como principal ganador de la primera vuelta de las elecciones en el pa\u00eds centroamericano, [&hellip;]\" \/>\n<meta property=\"og:url\" content=\"https:\/\/laprensacristiana.com\/?p=3473\" \/>\n<meta property=\"og:site_name\" content=\"La Prensa Cristiana\" \/>\n<meta property=\"article:published_time\" content=\"2018-02-05T15:17:48+00:00\" \/>\n<meta property=\"article:modified_time\" content=\"2020-07-02T00:18:34+00:00\" \/>\n<meta property=\"og:image\" content=\"https:\/\/laprensacristiana.com\/wp-content\/uploads\/2018\/02\/FABRICIO-ALVARADO.jpg\" \/>\n\t<meta property=\"og:image:width\" content=\"960\" \/>\n\t<meta property=\"og:image:height\" content=\"624\" \/>\n\t<meta property=\"og:image:type\" content=\"image\/jpeg\" \/>\n<meta name=\"author\" content=\"EDITOR\" \/>\n<meta name=\"twitter:card\" content=\"summary_large_image\" \/>\n<meta name=\"twitter:label1\" content=\"Escrito por\" \/>\n\t<meta name=\"twitter:data1\" content=\"EDITOR\" \/>\n\t<meta name=\"twitter:label2\" content=\"Tiempo de lectura\" \/>\n\t<meta name=\"twitter:data2\" content=\"2 minutos\" \/>\n<script type=\"application\/ld+json\" class=\"yoast-schema-graph\">{\"@context\":\"https:\/\/schema.org\",\"@graph\":[{\"@type\":\"WebPage\",\"@id\":\"https:\/\/laprensacristiana.com\/?p=3473\",\"url\":\"https:\/\/laprensacristiana.com\/?p=3473\",\"name\":\"Candidato Evang\u00e9lico gana primera vuelta en Costa Rica - La Prensa Cristiana\",\"isPartOf\":{\"@id\":\"https:\/\/laprensacristiana.com\/#website\"},\"datePublished\":\"2018-02-05T15:17:48+00:00\",\"dateModified\":\"2020-07-02T00:18:34+00:00\",\"author\":{\"@id\":\"https:\/\/laprensacristiana.com\/#\/schema\/person\/3e7d82c6bfd6b1fa67010f8f7cd5256e\"},\"breadcrumb\":{\"@id\":\"https:\/\/laprensacristiana.com\/?p=3473#breadcrumb\"},\"inLanguage\":\"es\",\"potentialAction\":[{\"@type\":\"ReadAction\",\"target\":[\"https:\/\/laprensacristiana.com\/?p=3473\"]}]},{\"@type\":\"BreadcrumbList\",\"@id\":\"https:\/\/laprensacristiana.com\/?p=3473#breadcrumb\",\"itemListElement\":[{\"@type\":\"ListItem\",\"position\":1,\"name\":\"Portada\",\"item\":\"https:\/\/laprensacristiana.com\/\"},{\"@type\":\"ListItem\",\"position\":2,\"name\":\"Candidato Evang\u00e9lico gana primera vuelta en Costa Rica\"}]},{\"@type\":\"WebSite\",\"@id\":\"https:\/\/laprensacristiana.com\/#website\",\"url\":\"https:\/\/laprensacristiana.com\/\",\"name\":\"La Prensa Cristiana\",\"description\":\"Anunciando Las Buenas Nuevas\",\"potentialAction\":[{\"@type\":\"SearchAction\",\"target\":{\"@type\":\"EntryPoint\",\"urlTemplate\":\"https:\/\/laprensacristiana.com\/?s={search_term_string}\"},\"query-input\":\"required name=search_term_string\"}],\"inLanguage\":\"es\"},{\"@type\":\"Person\",\"@id\":\"https:\/\/laprensacristiana.com\/#\/schema\/person\/3e7d82c6bfd6b1fa67010f8f7cd5256e\",\"name\":\"EDITOR\",\"image\":{\"@type\":\"ImageObject\",\"inLanguage\":\"es\",\"@id\":\"https:\/\/laprensacristiana.com\/#\/schema\/person\/image\/\",\"url\":\"https:\/\/secure.gravatar.com\/avatar\/72069dfb6c13772d9e8381e3638666d2?s=96&d=mm&r=g\",\"contentUrl\":\"https:\/\/secure.gravatar.com\/avatar\/72069dfb6c13772d9e8381e3638666d2?s=96&d=mm&r=g\",\"caption\":\"EDITOR\"},\"url\":\"https:\/\/laprensacristiana.com\/?author=3\"}]}<\/script>\n<!-- \/ Yoast SEO plugin. -->","yoast_head_json":{"title":"Candidato Evang\u00e9lico gana primera vuelta en Costa Rica - La Prensa Cristiana","robots":{"index":"index","follow":"follow","max-snippet":"max-snippet:-1","max-image-preview":"max-image-preview:large","max-video-preview":"max-video-preview:-1"},"canonical":"https:\/\/laprensacristiana.com\/?p=3473","og_locale":"es_ES","og_type":"article","og_title":"Candidato Evang\u00e9lico gana primera vuelta en Costa Rica - La Prensa Cristiana","og_description":"El periodista y cantante cristiano Fabricio Alvarado ha ganado la primera vuelta de las elecciones presidenciales en Costa Rica con el partido Restauraci\u00f3n Nacional. Con un total del 24.90 %\u00a0 del porcentaje de votaci\u00f3n seg\u00fan el Tribunal Supremo Electoral ha resultado como principal ganador de la primera vuelta de las elecciones en el pa\u00eds centroamericano, [&hellip;]","og_url":"https:\/\/laprensacristiana.com\/?p=3473","og_site_name":"La Prensa Cristiana","article_published_time":"2018-02-05T15:17:48+00:00","article_modified_time":"2020-07-02T00:18:34+00:00","og_image":[{"width":960,"height":624,"url":"https:\/\/laprensacristiana.com\/wp-content\/uploads\/2018\/02\/FABRICIO-ALVARADO.jpg","type":"image\/jpeg"}],"author":"EDITOR","twitter_card":"summary_large_image","twitter_misc":{"Escrito por":"EDITOR","Tiempo de lectura":"2 minutos"},"schema":{"@context":"https:\/\/schema.org","@graph":[{"@type":"WebPage","@id":"https:\/\/laprensacristiana.com\/?p=3473","url":"https:\/\/laprensacristiana.com\/?p=3473","name":"Candidato Evang\u00e9lico gana primera vuelta en Costa Rica - La Prensa Cristiana","isPartOf":{"@id":"https:\/\/laprensacristiana.com\/#website"},"datePublished":"2018-02-05T15:17:48+00:00","dateModified":"2020-07-02T00:18:34+00:00","author":{"@id":"https:\/\/laprensacristiana.com\/#\/schema\/person\/3e7d82c6bfd6b1fa67010f8f7cd5256e"},"breadcrumb":{"@id":"https:\/\/laprensacristiana.com\/?p=3473#breadcrumb"},"inLanguage":"es","potentialAction":[{"@type":"ReadAction","target":["https:\/\/laprensacristiana.com\/?p=3473"]}]},{"@type":"BreadcrumbList","@id":"https:\/\/laprensacristiana.com\/?p=3473#breadcrumb","itemListElement":[{"@type":"ListItem","position":1,"name":"Portada","item":"https:\/\/laprensacristiana.com\/"},{"@type":"ListItem","position":2,"name":"Candidato Evang\u00e9lico gana primera vuelta en Costa Rica"}]},{"@type":"WebSite","@id":"https:\/\/laprensacristiana.com\/#website","url":"https:\/\/laprensacristiana.com\/","name":"La Prensa Cristiana","description":"Anunciando Las Buenas Nuevas","potentialAction":[{"@type":"SearchAction","target":{"@type":"EntryPoint","urlTemplate":"https:\/\/laprensacristiana.com\/?s={search_term_string}"},"query-input":"required name=search_term_string"}],"inLanguage":"es"},{"@type":"Person","@id":"https:\/\/laprensacristiana.com\/#\/schema\/person\/3e7d82c6bfd6b1fa67010f8f7cd5256e","name":"EDITOR","image":{"@type":"ImageObject","inLanguage":"es","@id":"https:\/\/laprensacristiana.com\/#\/schema\/person\/image\/","url":"https:\/\/secure.gravatar.com\/avatar\/72069dfb6c13772d9e8381e3638666d2?s=96&d=mm&r=g","contentUrl":"https:\/\/secure.gravatar.com\/avatar\/72069dfb6c13772d9e8381e3638666d2?s=96&d=mm&r=g","caption":"EDITOR"},"url":"https:\/\/laprensacristiana.com\/?author=3"}]}},"_links":{"self":[{"href":"https:\/\/laprensacristiana.com\/index.php?rest_route=\/wp\/v2\/posts\/3473"}],"collection":[{"href":"https:\/\/laprensacristiana.com\/index.php?rest_route=\/wp\/v2\/posts"}],"about":[{"href":"https:\/\/laprensacristiana.com\/index.php?rest_route=\/wp\/v2\/types\/post"}],"author":[{"embeddable":true,"href":"https:\/\/laprensacristiana.com\/index.php?rest_route=\/wp\/v2\/users\/3"}],"replies":[{"embeddable":true,"href":"https:\/\/laprensacristiana.com\/index.php?rest_route=%2Fwp%2Fv2%2Fcomments&post=3473"}],"version-history":[{"count":2,"href":"https:\/\/laprensacristiana.com\/index.php?rest_route=\/wp\/v2\/posts\/3473\/revisions"}],"predecessor-version":[{"id":3477,"href":"https:\/\/laprensacristiana.com\/index.php?rest_route=\/wp\/v2\/posts\/3473\/revisions\/3477"}],"wp:featuredmedia":[{"embeddable":true,"href":"https:\/\/laprensacristiana.com\/index.php?rest_route=\/wp\/v2\/media\/3475"}],"wp:attachment":[{"href":"https:\/\/laprensacristiana.com\/index.php?rest_route=%2Fwp%2Fv2%2Fmedia&parent=3473"}],"wp:term":[{"taxonomy":"category","embeddable":true,"href":"https:\/\/laprensacristiana.com\/index.php?rest_route=%2Fwp%2Fv2%2Fcategories&post=3473"},{"taxonomy":"post_tag","embeddable":true,"href":"https:\/\/laprensacristiana.com\/index.php?rest_route=%2Fwp%2Fv2%2Ftags&post=3473"}],"curies":[{"name":"wp","href":"https:\/\/api.w.org\/{rel}","templated":true}]}}