{"id":3479,"date":"2018-02-06T20:55:07","date_gmt":"2018-02-06T20:55:07","guid":{"rendered":"https:\/\/laprensacristiana.com\/?p=3479"},"modified":"2020-07-02T00:18:10","modified_gmt":"2020-07-02T00:18:10","slug":"nahum-arce-lanza-su-primera-produccion-titulada-intimo","status":"publish","type":"post","link":"https:\/\/laprensacristiana.com\/?p=3479","title":{"rendered":"Nahum Arce lanza su primera producci\u00f3n titulada \u00abIntimo\u00bb"},"content":{"rendered":"<p><em>Intimo \u00bfPor qu\u00e9 el nombre del disco?<\/em><\/p>\n<p>Nace de un tiempo de oraci\u00f3n por las ma\u00f1anas, y debido a ese tiempo de oraci\u00f3n me doy cuenta de la enorme necesidad que existe hoy en d\u00eda de motivar a buscar a nuestro Se\u00f1or de madrugada y que la iglesia en general volvamos a nuestro primer amor por medio de la oraci\u00f3n. Recordando tambi\u00e9n c\u00f3mo dice su palabra, que cuando le buscamos en lo secreto \u00c9l nos recompensa en p\u00fablico.<\/p>\n<p><em>Nahum Arce tiene a\u00f1os de ministrar \u00bfPor qu\u00e9 tanto tiempo para lanzar la primera producci\u00f3n?<\/em><\/p>\n<p>Desde hace varios a\u00f1os considere que si alg\u00fan d\u00eda lanzaba un \u00e1lbum, no ser\u00eda con el fin de alcanzar fama etc. No quer\u00eda escribir y grabar solo para tener la satisfacci\u00f3n que hab\u00eda grabado ya mi \u00e1lbum; tengo 24 a\u00f1os en los que sigo aprendiendo y ministrando la presencia del Se\u00f1or en alabanza y adoraci\u00f3n en la iglesia que actualmente pastoreo, creo que me pas\u00f3 lo que a muchos les sigue sucediendo que quiz\u00e1 est\u00e1n esperando a\u00fan el tiempo de Dios, o no cuentan con los recursos etc. Personalmente quiz\u00e1 algunos de estos factores fueron la raz\u00f3n pero sobretodo esperar el tiempo de nuestro Se\u00f1or, pues siempre es perfecto.<\/p>\n<p><em>\u00bfQui\u00e9n escribe las letras en el disco?<\/em><\/p>\n<p>Tengo la dicha y la bendici\u00f3n de escribir cada una de las canciones que el Se\u00f1or puso en mi coraz\u00f3n, toda la gloria sea \u00fanicamente para El.<\/p>\n<p><em>\u00bfQu\u00e9 genero predomina en la producci\u00f3n?<\/em><\/p>\n<p>El g\u00e9nero predominante en este \u00e1lbum es el g\u00e9nero POP<\/p>\n<p><em>\u00bfQu\u00e9 es lo que m\u00e1s inspira su vida?<\/em><\/p>\n<p>Una vez uno de mis mejores amigos me pregunt\u00f3, quien inspiraba mi vida, mi respuesta fue que mi padre hab\u00eda sido siempre esa inspiraci\u00f3n en mi vida y justo en este tema \u00cdNTIMO pues mi mentor y m\u00e1ximo ejemplo de buscar al Se\u00f1or en oraci\u00f3n, de madrugada y a cualquier hora del d\u00eda e incluso d\u00edas enteros de rodillas fue mi padre el pastor Roberto Antol\u00edn Arce, quien hace 17 a\u00f1o est\u00e1 en la presencia del Se\u00f1or.<\/p>\n<p><em>\u00bfCu\u00e1l es el reto que formula este \u00e1lbum?<\/em><\/p>\n<p>El reto es motivar a la generaci\u00f3n presente a buscar m\u00e1s al Se\u00f1or, decirles que no podemos estar dependiendo siempre de la b\u00fasqueda y el crecimiento espiritual de otros, es tiempo que busquemos nuestro propio avivamiento y que experimentemos verdaderamente su poder y su gloria en nuestras vidas.<\/p>\n<p><em>\u00bfQui\u00e9nes le han apoyado en este proceso?<\/em><\/p>\n<p>Le doy gracias a Dios por inspirarme en cada una de estas letras, a mi amada esposa Wendy Vannesa por ser la primera en escuchar cada canci\u00f3n y motivarme con su bella sonrisa d\u00e1ndome el ok para cada una de ellas, a mi productor general Edgar S\u00e1nchez que con todo su talento de manera incondicional a trabajado fuertemente para lograr en \u00cdNTIMO un nivel de excelencia Dios lo bendiga, a Darwin Regalado y su familia quienes han sido un gran apoyo en esta producci\u00f3n Dios les bendiga, y a mi amada familia por sus oraciones para este proyecto.<\/p>\n<p><img decoding=\"async\" loading=\"lazy\" class=\"alignnone size-full wp-image-3481\" src=\"https:\/\/laprensacristiana.com\/wp-content\/uploads\/2018\/02\/WhatsApp-Image-2017-12-27-at-13.34.45.jpeg\" alt=\"\" width=\"1280\" height=\"1280\" srcset=\"https:\/\/laprensacristiana.com\/wp-content\/uploads\/2018\/02\/WhatsApp-Image-2017-12-27-at-13.34.45.jpeg 1280w, https:\/\/laprensacristiana.com\/wp-content\/uploads\/2018\/02\/WhatsApp-Image-2017-12-27-at-13.34.45-300x300.jpeg 300w, https:\/\/laprensacristiana.com\/wp-content\/uploads\/2018\/02\/WhatsApp-Image-2017-12-27-at-13.34.45-100x100.jpeg 100w, https:\/\/laprensacristiana.com\/wp-content\/uploads\/2018\/02\/WhatsApp-Image-2017-12-27-at-13.34.45-600x600.jpeg 600w, https:\/\/laprensacristiana.com\/wp-content\/uploads\/2018\/02\/WhatsApp-Image-2017-12-27-at-13.34.45-150x150.jpeg 150w, https:\/\/laprensacristiana.com\/wp-content\/uploads\/2018\/02\/WhatsApp-Image-2017-12-27-at-13.34.45-768x768.jpeg 768w, https:\/\/laprensacristiana.com\/wp-content\/uploads\/2018\/02\/WhatsApp-Image-2017-12-27-at-13.34.45-1024x1024.jpeg 1024w, https:\/\/laprensacristiana.com\/wp-content\/uploads\/2018\/02\/WhatsApp-Image-2017-12-27-at-13.34.45-696x696.jpeg 696w, https:\/\/laprensacristiana.com\/wp-content\/uploads\/2018\/02\/WhatsApp-Image-2017-12-27-at-13.34.45-1068x1068.jpeg 1068w, https:\/\/laprensacristiana.com\/wp-content\/uploads\/2018\/02\/WhatsApp-Image-2017-12-27-at-13.34.45-420x420.jpeg 420w\" sizes=\"(max-width: 1280px) 100vw, 1280px\" \/><\/p>\n<p><em>\u00a0<\/em><\/p>\n<p><em>Nahum Arce es hijo de pastor, cu\u00e9ntenos su historia\u2026<\/em><\/p>\n<p>Nac\u00ed en el pueblo de Tamanique en el departamento de la libertad, en mi amada naci\u00f3n El Salvador, el 21 de diciembre de 1977, cuando mis padres Roberto Antol\u00edn Arce y Marta Lidia Garcia iniciaban el ministerio pastoral en la iglesia Asambleas de Dios en ese lugar. Despu\u00e9s de 5 a\u00f1os de servir al Se\u00f1or en esa primera iglesia, el Se\u00f1or nos mueve a toda la familia para la Capital San Salvador, yo llegue de cuatro a\u00f1os Y medio y crec\u00ed en el ambiente del ministerio de mis padres y la iglesia que pastoreaban. Cuando alcance la edad de 16 a\u00f1os el Se\u00f1or me bautiz\u00f3 con su Esp\u00edritu Santo y me apasion\u00f3 como un adorador y sin tener ninguna experiencia musical casi como un auto didacta comenc\u00e9 a ejecutar la guitarra y acompa\u00f1ar a los hermanos que pasaban a dirigir alabanzas en los cultos de la iglesia. Encontrarles la nota fue el reto para m\u00ed y hasta que lo lograba me sent\u00eda feliz, as\u00ed desarrolle mi o\u00eddo musical y escuchando una diversidad de alabanzas fui creciendo poco a poco, hasta que el Se\u00f1or me permiti\u00f3 pararme en grandes eventos donde el nivel musical que se espera es un poco m\u00e1s exigente, y toda la gloria sea para El.<\/p>\n<p>En el a\u00f1o 2000 mi padre pasa a la presencia del Se\u00f1or e inmediatamente fui elegido como pastor general de la iglesia que mi padre dejaba, yo ya ten\u00eda el llamado del Se\u00f1or al ministerio pastoral pero no sab\u00eda que tan r\u00e1pido y de qu\u00e9 manera el Se\u00f1or me pondr\u00eda a servirle, no fue de la manera m\u00e1s agradable pues mi padre se fue, pero llevo ya 17anos en el ministerio pastoral y seguir\u00e9 adelante hasta que nuestro Se\u00f1or nos lo permita.<\/p>\n<p>Actualmente casado con mi amada esposa Wendy de Arce y con nuestro hijito Lucas Roberto de dos A\u00f1os. Felizmente realizado, pues que m\u00e1s le puedo pedir a mi Se\u00f1or. Pues me ha dado todo lo que le ped\u00ed. Y no dudo que El cumplir\u00e1 cada una de sus promesas en mi vida y familia.<\/p>\n<p>Puedes seguir a Nahum Arce a trav\u00e9s de sus redes sociales como: Nahum Arce<\/p>\n","protected":false},"excerpt":{"rendered":"<p>Intimo \u00bfPor qu\u00e9 el nombre del disco? Nace de un tiempo de oraci\u00f3n por las ma\u00f1anas, y debido a ese tiempo de oraci\u00f3n me doy cuenta de la enorme necesidad que existe hoy en d\u00eda de motivar a buscar a nuestro Se\u00f1or de madrugada y que la iglesia en general volvamos a nuestro primer amor [&hellip;]<\/p>\n","protected":false},"author":3,"featured_media":3480,"comment_status":"open","ping_status":"open","sticky":false,"template":"","format":"standard","meta":[],"categories":[101],"tags":[],"yoast_head":"<!-- This site is optimized with the Yoast SEO plugin v20.8 - https:\/\/yoast.com\/wordpress\/plugins\/seo\/ -->\n<title>Nahum Arce lanza su primera producci\u00f3n titulada &quot;Intimo&quot; - La Prensa Cristiana<\/title>\n<meta name=\"robots\" content=\"index, follow, max-snippet:-1, max-image-preview:large, max-video-preview:-1\" \/>\n<link rel=\"canonical\" href=\"https:\/\/laprensacristiana.com\/?p=3479\" \/>\n<meta property=\"og:locale\" content=\"es_ES\" \/>\n<meta property=\"og:type\" content=\"article\" \/>\n<meta property=\"og:title\" content=\"Nahum Arce lanza su primera producci\u00f3n titulada &quot;Intimo&quot; - La Prensa Cristiana\" \/>\n<meta property=\"og:description\" content=\"Intimo \u00bfPor qu\u00e9 el nombre del disco? Nace de un tiempo de oraci\u00f3n por las ma\u00f1anas, y debido a ese tiempo de oraci\u00f3n me doy cuenta de la enorme necesidad que existe hoy en d\u00eda de motivar a buscar a nuestro Se\u00f1or de madrugada y que la iglesia en general volvamos a nuestro primer amor [&hellip;]\" \/>\n<meta property=\"og:url\" content=\"https:\/\/laprensacristiana.com\/?p=3479\" \/>\n<meta property=\"og:site_name\" content=\"La Prensa Cristiana\" \/>\n<meta property=\"article:published_time\" content=\"2018-02-06T20:55:07+00:00\" \/>\n<meta property=\"article:modified_time\" content=\"2020-07-02T00:18:10+00:00\" \/>\n<meta property=\"og:image\" content=\"https:\/\/laprensacristiana.com\/wp-content\/uploads\/2018\/02\/WhatsApp-Image-2017-12-27-at-13.34.35.jpeg\" \/>\n\t<meta property=\"og:image:width\" content=\"1280\" \/>\n\t<meta property=\"og:image:height\" content=\"1280\" \/>\n\t<meta property=\"og:image:type\" content=\"image\/jpeg\" \/>\n<meta name=\"author\" content=\"EDITOR\" \/>\n<meta name=\"twitter:card\" content=\"summary_large_image\" \/>\n<meta name=\"twitter:label1\" content=\"Escrito por\" \/>\n\t<meta name=\"twitter:data1\" content=\"EDITOR\" \/>\n\t<meta name=\"twitter:label2\" content=\"Tiempo de lectura\" \/>\n\t<meta name=\"twitter:data2\" content=\"5 minutos\" \/>\n<script type=\"application\/ld+json\" class=\"yoast-schema-graph\">{\"@context\":\"https:\/\/schema.org\",\"@graph\":[{\"@type\":\"WebPage\",\"@id\":\"https:\/\/laprensacristiana.com\/?p=3479\",\"url\":\"https:\/\/laprensacristiana.com\/?p=3479\",\"name\":\"Nahum Arce lanza su primera producci\u00f3n titulada \\\"Intimo\\\" - La Prensa Cristiana\",\"isPartOf\":{\"@id\":\"https:\/\/laprensacristiana.com\/#website\"},\"datePublished\":\"2018-02-06T20:55:07+00:00\",\"dateModified\":\"2020-07-02T00:18:10+00:00\",\"author\":{\"@id\":\"https:\/\/laprensacristiana.com\/#\/schema\/person\/3e7d82c6bfd6b1fa67010f8f7cd5256e\"},\"breadcrumb\":{\"@id\":\"https:\/\/laprensacristiana.com\/?p=3479#breadcrumb\"},\"inLanguage\":\"es\",\"potentialAction\":[{\"@type\":\"ReadAction\",\"target\":[\"https:\/\/laprensacristiana.com\/?p=3479\"]}]},{\"@type\":\"BreadcrumbList\",\"@id\":\"https:\/\/laprensacristiana.com\/?p=3479#breadcrumb\",\"itemListElement\":[{\"@type\":\"ListItem\",\"position\":1,\"name\":\"Portada\",\"item\":\"https:\/\/laprensacristiana.com\/\"},{\"@type\":\"ListItem\",\"position\":2,\"name\":\"Nahum Arce lanza su primera producci\u00f3n titulada \u00abIntimo\u00bb\"}]},{\"@type\":\"WebSite\",\"@id\":\"https:\/\/laprensacristiana.com\/#website\",\"url\":\"https:\/\/laprensacristiana.com\/\",\"name\":\"La Prensa Cristiana\",\"description\":\"Anunciando Las Buenas Nuevas\",\"potentialAction\":[{\"@type\":\"SearchAction\",\"target\":{\"@type\":\"EntryPoint\",\"urlTemplate\":\"https:\/\/laprensacristiana.com\/?s={search_term_string}\"},\"query-input\":\"required name=search_term_string\"}],\"inLanguage\":\"es\"},{\"@type\":\"Person\",\"@id\":\"https:\/\/laprensacristiana.com\/#\/schema\/person\/3e7d82c6bfd6b1fa67010f8f7cd5256e\",\"name\":\"EDITOR\",\"image\":{\"@type\":\"ImageObject\",\"inLanguage\":\"es\",\"@id\":\"https:\/\/laprensacristiana.com\/#\/schema\/person\/image\/\",\"url\":\"https:\/\/secure.gravatar.com\/avatar\/72069dfb6c13772d9e8381e3638666d2?s=96&d=mm&r=g\",\"contentUrl\":\"https:\/\/secure.gravatar.com\/avatar\/72069dfb6c13772d9e8381e3638666d2?s=96&d=mm&r=g\",\"caption\":\"EDITOR\"},\"url\":\"https:\/\/laprensacristiana.com\/?author=3\"}]}<\/script>\n<!-- \/ Yoast SEO plugin. -->","yoast_head_json":{"title":"Nahum Arce lanza su primera producci\u00f3n titulada \"Intimo\" - La Prensa Cristiana","robots":{"index":"index","follow":"follow","max-snippet":"max-snippet:-1","max-image-preview":"max-image-preview:large","max-video-preview":"max-video-preview:-1"},"canonical":"https:\/\/laprensacristiana.com\/?p=3479","og_locale":"es_ES","og_type":"article","og_title":"Nahum Arce lanza su primera producci\u00f3n titulada \"Intimo\" - La Prensa Cristiana","og_description":"Intimo \u00bfPor qu\u00e9 el nombre del disco? Nace de un tiempo de oraci\u00f3n por las ma\u00f1anas, y debido a ese tiempo de oraci\u00f3n me doy cuenta de la enorme necesidad que existe hoy en d\u00eda de motivar a buscar a nuestro Se\u00f1or de madrugada y que la iglesia en general volvamos a nuestro primer amor [&hellip;]","og_url":"https:\/\/laprensacristiana.com\/?p=3479","og_site_name":"La Prensa Cristiana","article_published_time":"2018-02-06T20:55:07+00:00","article_modified_time":"2020-07-02T00:18:10+00:00","og_image":[{"width":1280,"height":1280,"url":"https:\/\/laprensacristiana.com\/wp-content\/uploads\/2018\/02\/WhatsApp-Image-2017-12-27-at-13.34.35.jpeg","type":"image\/jpeg"}],"author":"EDITOR","twitter_card":"summary_large_image","twitter_misc":{"Escrito por":"EDITOR","Tiempo de lectura":"5 minutos"},"schema":{"@context":"https:\/\/schema.org","@graph":[{"@type":"WebPage","@id":"https:\/\/laprensacristiana.com\/?p=3479","url":"https:\/\/laprensacristiana.com\/?p=3479","name":"Nahum Arce lanza su primera producci\u00f3n titulada \"Intimo\" - La Prensa Cristiana","isPartOf":{"@id":"https:\/\/laprensacristiana.com\/#website"},"datePublished":"2018-02-06T20:55:07+00:00","dateModified":"2020-07-02T00:18:10+00:00","author":{"@id":"https:\/\/laprensacristiana.com\/#\/schema\/person\/3e7d82c6bfd6b1fa67010f8f7cd5256e"},"breadcrumb":{"@id":"https:\/\/laprensacristiana.com\/?p=3479#breadcrumb"},"inLanguage":"es","potentialAction":[{"@type":"ReadAction","target":["https:\/\/laprensacristiana.com\/?p=3479"]}]},{"@type":"BreadcrumbList","@id":"https:\/\/laprensacristiana.com\/?p=3479#breadcrumb","itemListElement":[{"@type":"ListItem","position":1,"name":"Portada","item":"https:\/\/laprensacristiana.com\/"},{"@type":"ListItem","position":2,"name":"Nahum Arce lanza su primera producci\u00f3n titulada \u00abIntimo\u00bb"}]},{"@type":"WebSite","@id":"https:\/\/laprensacristiana.com\/#website","url":"https:\/\/laprensacristiana.com\/","name":"La Prensa Cristiana","description":"Anunciando Las Buenas Nuevas","potentialAction":[{"@type":"SearchAction","target":{"@type":"EntryPoint","urlTemplate":"https:\/\/laprensacristiana.com\/?s={search_term_string}"},"query-input":"required name=search_term_string"}],"inLanguage":"es"},{"@type":"Person","@id":"https:\/\/laprensacristiana.com\/#\/schema\/person\/3e7d82c6bfd6b1fa67010f8f7cd5256e","name":"EDITOR","image":{"@type":"ImageObject","inLanguage":"es","@id":"https:\/\/laprensacristiana.com\/#\/schema\/person\/image\/","url":"https:\/\/secure.gravatar.com\/avatar\/72069dfb6c13772d9e8381e3638666d2?s=96&d=mm&r=g","contentUrl":"https:\/\/secure.gravatar.com\/avatar\/72069dfb6c13772d9e8381e3638666d2?s=96&d=mm&r=g","caption":"EDITOR"},"url":"https:\/\/laprensacristiana.com\/?author=3"}]}},"_links":{"self":[{"href":"https:\/\/laprensacristiana.com\/index.php?rest_route=\/wp\/v2\/posts\/3479"}],"collection":[{"href":"https:\/\/laprensacristiana.com\/index.php?rest_route=\/wp\/v2\/posts"}],"about":[{"href":"https:\/\/laprensacristiana.com\/index.php?rest_route=\/wp\/v2\/types\/post"}],"author":[{"embeddable":true,"href":"https:\/\/laprensacristiana.com\/index.php?rest_route=\/wp\/v2\/users\/3"}],"replies":[{"embeddable":true,"href":"https:\/\/laprensacristiana.com\/index.php?rest_route=%2Fwp%2Fv2%2Fcomments&post=3479"}],"version-history":[{"count":1,"href":"https:\/\/laprensacristiana.com\/index.php?rest_route=\/wp\/v2\/posts\/3479\/revisions"}],"predecessor-version":[{"id":3482,"href":"https:\/\/laprensacristiana.com\/index.php?rest_route=\/wp\/v2\/posts\/3479\/revisions\/3482"}],"wp:featuredmedia":[{"embeddable":true,"href":"https:\/\/laprensacristiana.com\/index.php?rest_route=\/wp\/v2\/media\/3480"}],"wp:attachment":[{"href":"https:\/\/laprensacristiana.com\/index.php?rest_route=%2Fwp%2Fv2%2Fmedia&parent=3479"}],"wp:term":[{"taxonomy":"category","embeddable":true,"href":"https:\/\/laprensacristiana.com\/index.php?rest_route=%2Fwp%2Fv2%2Fcategories&post=3479"},{"taxonomy":"post_tag","embeddable":true,"href":"https:\/\/laprensacristiana.com\/index.php?rest_route=%2Fwp%2Fv2%2Ftags&post=3479"}],"curies":[{"name":"wp","href":"https:\/\/api.w.org\/{rel}","templated":true}]}}