{"id":3484,"date":"2018-02-07T19:38:07","date_gmt":"2018-02-07T19:38:07","guid":{"rendered":"https:\/\/laprensacristiana.com\/?p=3484"},"modified":"2018-02-07T19:44:09","modified_gmt":"2018-02-07T19:44:09","slug":"recuperando-la-paz","status":"publish","type":"post","link":"https:\/\/laprensacristiana.com\/?p=3484","title":{"rendered":"Recuperando La Paz\u00a0"},"content":{"rendered":"<div class=\"h7 \" tabindex=\"-1\">\n<div class=\"Bk\">\n<div class=\"G3 G2\">\n<div>\n<div id=\":pf\">\n<div>\n<div class=\"adn ads\" data-message-id=\"16158fbc544ed604\" data-legacy-message-id=\"16158fbc544ed604\">\n<div class=\"gs\">\n<div id=\":sf\" class=\"ii gt \">\n<div id=\":se\" class=\"a3s aXjCH m16158fbc544ed604\">\n<div dir=\"auto\">\n<div>\n<div>Estr\u00e9s, tr\u00e1fico, enfermedad de un ser querido, delincuencia, violencia, exceso de trabajo, cat\u00e1strofes naturales, accidentes &#8230;etc, etc, etc la lista parece que no termina cuando pensamos en todas las cosas que nos roban la paz .<\/div>\n<div><\/div>\n<div>\u00bfQu\u00e9 es la paz? Seg\u00fan el diccionario: A nivel individual y social, la paz es el estado ideal que puede tener o aspirar un ser humano, o una sociedad, puesto que as\u00ed se alcanza una situaci\u00f3n de total armon\u00eda y equilibrio entre el coraz\u00f3n y la mente del individuo; es pues una ausencia de conflictos y luchas.<\/div>\n<div><\/div>\n<div>La \u00fanica manera de lograr el progreso y desarrollo de la persona y de los pueblos (pa\u00edses o vecinos) es que todos practiquen la paz.<\/div>\n<div><\/div>\n<div>Una madre perdi\u00f3 a su hija, de manera inesperada. Ella no pod\u00eda creer que Dios no hab\u00eda escuchado su clamor, en el cuarto de cuidados intensivos, donde d\u00eda y noche se aferraba a la idea que su hija no morir\u00eda. La escena era desgarradora en la sala de velaci\u00f3n, nadie encontraba las palabras de consuelo a su atribulado coraz\u00f3n. S\u00f3lo hab\u00edan preguntas, por qu\u00e9 se la llev\u00f3? Era tan joven. Camino al cementerio decid\u00ed acompa\u00f1arla junto con familiares y amigos dentro de un trasporte particular. Ped\u00ed que pudi\u00e9ramos estar en silencio y crear una atm\u00f3sfera de paz donde el Esp\u00edritu Santo pudiera moverse y consolar su coraz\u00f3n. De inmediato, comenzamos a orar y adorar al Se\u00f1or, la presencia de Dios inund\u00f3 ese microb\u00fas, trayendo una paz sobrenatural a aquella mujer, de la que todos dudaban podr\u00eda sostenerse en pie al despedir a su hija. Entonces el Se\u00f1or me hizo entender que m\u00e1s que repuestas, esa mujer necesitaba recuperar la paz. S\u00f3lo el Se\u00f1or tiene esas respuestas para ella, quiz\u00e1 cuando vuelvan a encontrarse en el cielo, las cosas se comprender\u00e1n totalmente. Por el momento, \u00e9sta mujer llena del Esp\u00edritu Santo, se despidi\u00f3 de su hija muy valientemente,aferr\u00e1ndose a la promesa que un d\u00eda volver\u00e1 a verla y que desde ese d\u00eda, es nuestro Se\u00f1or quien cuida de ella. Todos estaban admirados de la manera en que logr\u00f3 mantener el control, en uno de los d\u00edas m\u00e1s dif\u00edciles que una madre puede enfrentar.<\/div>\n<div><\/div>\n<div>No hay poder humano, no hay riquezas en el mundo que realmente puedan causar este efecto en el coraz\u00f3n humano. Millonarios se han quitado la vida y han gastado sus fortunas tratando de recuperar la paz que un d\u00eda perdieron por su af\u00e1n de amasar riquezas.<\/div>\n<div><\/div>\n<div>Nuestro amado Jes\u00fas ya nos di\u00f3 un hermoso regalo y est\u00e1 en Juan 14:27<\/div>\n<div><\/div>\n<div>\u201cLa paz os dejo, mi paz os doy: no como el mundo la da, yo os la doy. No se turbe vuestro coraz\u00f3n, ni tenga miedo.\u201d<\/div>\n<div><\/div>\n<div>Amado amigo, amado hermano, en estos tiempos finales que nos ha tocado vivir, el lugar m\u00e1s seguro y lleno de paz est\u00e1 en Jes\u00fas. S\u00f3lo El puede, en medio de cualquier tormenta o tribulaci\u00f3n, llevarnos a un perfecto estado de armon\u00eda y tranquilidad del coraz\u00f3n, la mente y el esp\u00edritu.<\/div>\n<div><\/div>\n<div>\u00abT\u00fa guardar\u00e1s en completa paz a aquel cuyo pensamiento en ti persevera; porque en ti ha confiado. Confiad en Jehov\u00e1 perpetuamente, porque en Jehov\u00e1 el Se\u00f1or est\u00e1 la fortaleza de los siglos.\u00bb<\/div>\n<div>\u202d\u202dIsa\u00edas\u202c \u202d26:3-4\u202c \u202dRVR1960<\/div>\n<div><\/div>\n<div>Esta es la paz que necesitamos en las naciones, en nuestro pa\u00eds, en nuestras familias, en nosotros mismos. La paz con Dios y con los que nos rodean. Recuperemos la paz, con la ayuda del Esp\u00edritu Santo.<\/div>\n<\/div>\n<div>Pastora<\/div>\n<div>Rosario de Navas<\/div>\n<div class=\"yj6qo\"><\/div>\n<div class=\"adL\"><\/div>\n<\/div>\n<div class=\"adL\"><\/div>\n<\/div>\n<\/div>\n<div class=\"hi\"><\/div>\n<\/div>\n<div class=\"ajx\"><\/div>\n<\/div>\n<div class=\"gA gt acV\"><\/div>\n<\/div>\n<\/div>\n<\/div>\n<\/div>\n<\/div>\n<\/div>\n<div class=\"h7 ie\" tabindex=\"-1\">\n<div class=\"Bk\">\n<div class=\"G3 G2 afm\">\n<div>\n<div id=\":of\">\n<div class=\"adn ads\" data-message-id=\"16159735808a7e59\" data-legacy-message-id=\"16159735808a7e59\">\n<div class=\"aju\">\n<div class=\"aCi\"><img decoding=\"async\" id=\":0_18-e\" class=\"ajn\" src=\"https:\/\/plus.google.com\/u\/1\/_\/focus\/photos\/public\/AIbEiAIAAABDCKmZrOnv2s-5BSILdmNhcmRfcGhvdG8qKGY5ODkwYzEwZGJkNTdmNDNmMTY0MmQzYzRkZGJlZWVlNGY5ZTRiNzkwASxS5c3KUUbAkNduwxX7F61P7agQ?sz=24\" alt=\"\" name=\":0\" data-name=\"La Prensa Cristiana\" \/><\/div>\n<\/div>\n<div class=\"gs\">\n<div class=\"gE iv gt\">\n<table class=\"cf gJ\" cellpadding=\"0\">\n<tbody>\n<tr class=\"acZ\">\n<td class=\"gF gK\">\n<table class=\"cf ix\" cellpadding=\"0\">\n<tbody>\n<tr>\n<td>\n<h3 class=\"iw\"><span class=\"gD\" data-hovercard-id=\"laprensacristianasv@gmail.com\">La Prensa Cristiana<\/span>\u00a0<span class=\"go\">&lt;laprensacristianasv@gmail.com&gt;<\/span><\/h3>\n<\/td>\n<\/tr>\n<\/tbody>\n<\/table>\n<\/td>\n<td class=\"gH\">\n<div class=\"gK\">\n<p><span id=\":oh\" class=\"g3\" title=\"2 de febrero de 2018, 20:16\">2 feb. (hace 5 d\u00edas)<\/span><\/p>\n<div class=\"zd bi4\" tabindex=\"0\"><span class=\"T-KT\"><img decoding=\"async\" class=\"f T-KT-JX\" src=\"https:\/\/mail.google.com\/mail\/u\/1\/images\/cleardot.gif\" alt=\"\" \/><\/span><\/div>\n<\/div>\n<\/td>\n<td class=\"gH\"><\/td>\n<td class=\"gH acX\" rowspan=\"2\">\n<div class=\"T-I J-J5-Ji T-I-Js-IF aaq T-I-ax7 L3\" tabindex=\"0\" data-tooltip=\"Responder\"><img decoding=\"async\" class=\"hB T-I-J3 \" src=\"https:\/\/mail.google.com\/mail\/u\/1\/images\/cleardot.gif\" alt=\"\" \/><\/div>\n<div id=\":pw\" class=\"T-I J-J5-Ji T-I-Js-Gs aap T-I-awG T-I-ax7 L3\" tabindex=\"0\" data-tooltip=\"M\u00e1s\"><img decoding=\"async\" class=\"hA T-I-J3\" src=\"https:\/\/mail.google.com\/mail\/u\/1\/images\/cleardot.gif\" alt=\"\" \/><\/div>\n<\/td>\n<\/tr>\n<tr class=\"acZ xD\">\n<td colspan=\"3\">\n<table class=\"cf adz\" cellpadding=\"0\">\n<tbody>\n<tr>\n<td class=\"ady\">\n<div class=\"iw ajw\"><span class=\"hb\">para\u00a0<span class=\"g2\" dir=\"ltr\" data-hovercard-id=\"ros_navas@hotmail.com\">Rosario<\/span><\/span><\/div>\n<div class=\"ajy\" tabindex=\"0\"><img decoding=\"async\" id=\":oq\" class=\"ajz\" src=\"https:\/\/mail.google.com\/mail\/u\/1\/images\/cleardot.gif\" alt=\"\" data-tooltip=\"Mostrar detalles\" \/><\/div>\n<\/td>\n<\/tr>\n<\/tbody>\n<\/table>\n<\/td>\n<\/tr>\n<\/tbody>\n<\/table>\n<\/div>\n<div id=\":og\"><\/div>\n<div class=\"aHl\"><\/div>\n<div id=\":pj\" tabindex=\"-1\"><\/div>\n<div id=\":nr\" class=\"ii gt adO\">\n<div id=\":qy\" class=\"a3s aXjCH m16159735808a7e59\">\n<div>\n<div dir=\"auto\">Recibido pastora. Solo si me apoya con una foto suya porfavor y como le pondr\u00edamos en el cargo ?<\/div>\n<div class=\"yj6qo ajU\">\n<div id=\":ty\" class=\"ajR\" tabindex=\"0\" data-tooltip=\"Mostrar contenido reducido\"><img decoding=\"async\" class=\"ajT\" src=\"https:\/\/ssl.gstatic.com\/ui\/v1\/icons\/mail\/images\/cleardot.gif\" alt=\"\" \/><\/div>\n<\/div>\n<\/div>\n<\/div>\n<\/div>\n<\/div>\n<\/div>\n<\/div>\n<\/div>\n<\/div>\n<\/div>\n<\/div>\n","protected":false},"excerpt":{"rendered":"<p>Estr\u00e9s, tr\u00e1fico, enfermedad de un ser querido, delincuencia, violencia, exceso de trabajo, cat\u00e1strofes naturales, accidentes &#8230;etc, etc, etc la lista parece que no termina cuando pensamos en todas las cosas que nos roban la paz . \u00bfQu\u00e9 es la paz? Seg\u00fan el diccionario: A nivel individual y social, la paz es el estado ideal que [&hellip;]<\/p>\n","protected":false},"author":3,"featured_media":3485,"comment_status":"open","ping_status":"open","sticky":false,"template":"","format":"standard","meta":[],"categories":[23],"tags":[],"yoast_head":"<!-- This site is optimized with the Yoast SEO plugin v20.8 - https:\/\/yoast.com\/wordpress\/plugins\/seo\/ -->\n<title>Recuperando La Paz\u00a0 - La Prensa Cristiana<\/title>\n<meta name=\"robots\" content=\"index, follow, max-snippet:-1, max-image-preview:large, max-video-preview:-1\" \/>\n<link rel=\"canonical\" href=\"https:\/\/laprensacristiana.com\/?p=3484\" \/>\n<meta property=\"og:locale\" content=\"es_ES\" \/>\n<meta property=\"og:type\" content=\"article\" \/>\n<meta property=\"og:title\" content=\"Recuperando La Paz\u00a0 - La Prensa Cristiana\" \/>\n<meta property=\"og:description\" content=\"Estr\u00e9s, tr\u00e1fico, enfermedad de un ser querido, delincuencia, violencia, exceso de trabajo, cat\u00e1strofes naturales, accidentes &#8230;etc, etc, etc la lista parece que no termina cuando pensamos en todas las cosas que nos roban la paz . \u00bfQu\u00e9 es la paz? Seg\u00fan el diccionario: A nivel individual y social, la paz es el estado ideal que [&hellip;]\" \/>\n<meta property=\"og:url\" content=\"https:\/\/laprensacristiana.com\/?p=3484\" \/>\n<meta property=\"og:site_name\" content=\"La Prensa Cristiana\" \/>\n<meta property=\"article:published_time\" content=\"2018-02-07T19:38:07+00:00\" \/>\n<meta property=\"article:modified_time\" content=\"2018-02-07T19:44:09+00:00\" \/>\n<meta property=\"og:image\" content=\"https:\/\/laprensacristiana.com\/wp-content\/uploads\/2018\/02\/WhatsApp-Image-2018-02-06-at-15.56.48.jpeg\" \/>\n\t<meta property=\"og:image:width\" content=\"1280\" \/>\n\t<meta property=\"og:image:height\" content=\"714\" \/>\n\t<meta property=\"og:image:type\" content=\"image\/jpeg\" \/>\n<meta name=\"author\" content=\"EDITOR\" \/>\n<meta name=\"twitter:card\" content=\"summary_large_image\" \/>\n<meta name=\"twitter:label1\" content=\"Escrito por\" \/>\n\t<meta name=\"twitter:data1\" content=\"EDITOR\" \/>\n\t<meta name=\"twitter:label2\" content=\"Tiempo de lectura\" \/>\n\t<meta name=\"twitter:data2\" content=\"3 minutos\" \/>\n<script type=\"application\/ld+json\" class=\"yoast-schema-graph\">{\"@context\":\"https:\/\/schema.org\",\"@graph\":[{\"@type\":\"WebPage\",\"@id\":\"https:\/\/laprensacristiana.com\/?p=3484\",\"url\":\"https:\/\/laprensacristiana.com\/?p=3484\",\"name\":\"Recuperando La Paz\u00a0 - La Prensa Cristiana\",\"isPartOf\":{\"@id\":\"https:\/\/laprensacristiana.com\/#website\"},\"datePublished\":\"2018-02-07T19:38:07+00:00\",\"dateModified\":\"2018-02-07T19:44:09+00:00\",\"author\":{\"@id\":\"https:\/\/laprensacristiana.com\/#\/schema\/person\/3e7d82c6bfd6b1fa67010f8f7cd5256e\"},\"breadcrumb\":{\"@id\":\"https:\/\/laprensacristiana.com\/?p=3484#breadcrumb\"},\"inLanguage\":\"es\",\"potentialAction\":[{\"@type\":\"ReadAction\",\"target\":[\"https:\/\/laprensacristiana.com\/?p=3484\"]}]},{\"@type\":\"BreadcrumbList\",\"@id\":\"https:\/\/laprensacristiana.com\/?p=3484#breadcrumb\",\"itemListElement\":[{\"@type\":\"ListItem\",\"position\":1,\"name\":\"Portada\",\"item\":\"https:\/\/laprensacristiana.com\/\"},{\"@type\":\"ListItem\",\"position\":2,\"name\":\"Recuperando La Paz\u00a0\"}]},{\"@type\":\"WebSite\",\"@id\":\"https:\/\/laprensacristiana.com\/#website\",\"url\":\"https:\/\/laprensacristiana.com\/\",\"name\":\"La Prensa Cristiana\",\"description\":\"Anunciando Las Buenas Nuevas\",\"potentialAction\":[{\"@type\":\"SearchAction\",\"target\":{\"@type\":\"EntryPoint\",\"urlTemplate\":\"https:\/\/laprensacristiana.com\/?s={search_term_string}\"},\"query-input\":\"required name=search_term_string\"}],\"inLanguage\":\"es\"},{\"@type\":\"Person\",\"@id\":\"https:\/\/laprensacristiana.com\/#\/schema\/person\/3e7d82c6bfd6b1fa67010f8f7cd5256e\",\"name\":\"EDITOR\",\"image\":{\"@type\":\"ImageObject\",\"inLanguage\":\"es\",\"@id\":\"https:\/\/laprensacristiana.com\/#\/schema\/person\/image\/\",\"url\":\"https:\/\/secure.gravatar.com\/avatar\/72069dfb6c13772d9e8381e3638666d2?s=96&d=mm&r=g\",\"contentUrl\":\"https:\/\/secure.gravatar.com\/avatar\/72069dfb6c13772d9e8381e3638666d2?s=96&d=mm&r=g\",\"caption\":\"EDITOR\"},\"url\":\"https:\/\/laprensacristiana.com\/?author=3\"}]}<\/script>\n<!-- \/ Yoast SEO plugin. -->","yoast_head_json":{"title":"Recuperando La Paz\u00a0 - La Prensa Cristiana","robots":{"index":"index","follow":"follow","max-snippet":"max-snippet:-1","max-image-preview":"max-image-preview:large","max-video-preview":"max-video-preview:-1"},"canonical":"https:\/\/laprensacristiana.com\/?p=3484","og_locale":"es_ES","og_type":"article","og_title":"Recuperando La Paz\u00a0 - La Prensa Cristiana","og_description":"Estr\u00e9s, tr\u00e1fico, enfermedad de un ser querido, delincuencia, violencia, exceso de trabajo, cat\u00e1strofes naturales, accidentes &#8230;etc, etc, etc la lista parece que no termina cuando pensamos en todas las cosas que nos roban la paz . \u00bfQu\u00e9 es la paz? Seg\u00fan el diccionario: A nivel individual y social, la paz es el estado ideal que [&hellip;]","og_url":"https:\/\/laprensacristiana.com\/?p=3484","og_site_name":"La Prensa Cristiana","article_published_time":"2018-02-07T19:38:07+00:00","article_modified_time":"2018-02-07T19:44:09+00:00","og_image":[{"width":1280,"height":714,"url":"https:\/\/laprensacristiana.com\/wp-content\/uploads\/2018\/02\/WhatsApp-Image-2018-02-06-at-15.56.48.jpeg","type":"image\/jpeg"}],"author":"EDITOR","twitter_card":"summary_large_image","twitter_misc":{"Escrito por":"EDITOR","Tiempo de lectura":"3 minutos"},"schema":{"@context":"https:\/\/schema.org","@graph":[{"@type":"WebPage","@id":"https:\/\/laprensacristiana.com\/?p=3484","url":"https:\/\/laprensacristiana.com\/?p=3484","name":"Recuperando La Paz\u00a0 - La Prensa Cristiana","isPartOf":{"@id":"https:\/\/laprensacristiana.com\/#website"},"datePublished":"2018-02-07T19:38:07+00:00","dateModified":"2018-02-07T19:44:09+00:00","author":{"@id":"https:\/\/laprensacristiana.com\/#\/schema\/person\/3e7d82c6bfd6b1fa67010f8f7cd5256e"},"breadcrumb":{"@id":"https:\/\/laprensacristiana.com\/?p=3484#breadcrumb"},"inLanguage":"es","potentialAction":[{"@type":"ReadAction","target":["https:\/\/laprensacristiana.com\/?p=3484"]}]},{"@type":"BreadcrumbList","@id":"https:\/\/laprensacristiana.com\/?p=3484#breadcrumb","itemListElement":[{"@type":"ListItem","position":1,"name":"Portada","item":"https:\/\/laprensacristiana.com\/"},{"@type":"ListItem","position":2,"name":"Recuperando La Paz\u00a0"}]},{"@type":"WebSite","@id":"https:\/\/laprensacristiana.com\/#website","url":"https:\/\/laprensacristiana.com\/","name":"La Prensa Cristiana","description":"Anunciando Las Buenas Nuevas","potentialAction":[{"@type":"SearchAction","target":{"@type":"EntryPoint","urlTemplate":"https:\/\/laprensacristiana.com\/?s={search_term_string}"},"query-input":"required name=search_term_string"}],"inLanguage":"es"},{"@type":"Person","@id":"https:\/\/laprensacristiana.com\/#\/schema\/person\/3e7d82c6bfd6b1fa67010f8f7cd5256e","name":"EDITOR","image":{"@type":"ImageObject","inLanguage":"es","@id":"https:\/\/laprensacristiana.com\/#\/schema\/person\/image\/","url":"https:\/\/secure.gravatar.com\/avatar\/72069dfb6c13772d9e8381e3638666d2?s=96&d=mm&r=g","contentUrl":"https:\/\/secure.gravatar.com\/avatar\/72069dfb6c13772d9e8381e3638666d2?s=96&d=mm&r=g","caption":"EDITOR"},"url":"https:\/\/laprensacristiana.com\/?author=3"}]}},"_links":{"self":[{"href":"https:\/\/laprensacristiana.com\/index.php?rest_route=\/wp\/v2\/posts\/3484"}],"collection":[{"href":"https:\/\/laprensacristiana.com\/index.php?rest_route=\/wp\/v2\/posts"}],"about":[{"href":"https:\/\/laprensacristiana.com\/index.php?rest_route=\/wp\/v2\/types\/post"}],"author":[{"embeddable":true,"href":"https:\/\/laprensacristiana.com\/index.php?rest_route=\/wp\/v2\/users\/3"}],"replies":[{"embeddable":true,"href":"https:\/\/laprensacristiana.com\/index.php?rest_route=%2Fwp%2Fv2%2Fcomments&post=3484"}],"version-history":[{"count":2,"href":"https:\/\/laprensacristiana.com\/index.php?rest_route=\/wp\/v2\/posts\/3484\/revisions"}],"predecessor-version":[{"id":3487,"href":"https:\/\/laprensacristiana.com\/index.php?rest_route=\/wp\/v2\/posts\/3484\/revisions\/3487"}],"wp:featuredmedia":[{"embeddable":true,"href":"https:\/\/laprensacristiana.com\/index.php?rest_route=\/wp\/v2\/media\/3485"}],"wp:attachment":[{"href":"https:\/\/laprensacristiana.com\/index.php?rest_route=%2Fwp%2Fv2%2Fmedia&parent=3484"}],"wp:term":[{"taxonomy":"category","embeddable":true,"href":"https:\/\/laprensacristiana.com\/index.php?rest_route=%2Fwp%2Fv2%2Fcategories&post=3484"},{"taxonomy":"post_tag","embeddable":true,"href":"https:\/\/laprensacristiana.com\/index.php?rest_route=%2Fwp%2Fv2%2Ftags&post=3484"}],"curies":[{"name":"wp","href":"https:\/\/api.w.org\/{rel}","templated":true}]}}