{"id":3489,"date":"2018-02-08T15:14:08","date_gmt":"2018-02-08T15:14:08","guid":{"rendered":"https:\/\/laprensacristiana.com\/?p=3489"},"modified":"2018-02-08T15:14:08","modified_gmt":"2018-02-08T15:14:08","slug":"esta-puede-ser-tu-historia-2","status":"publish","type":"post","link":"https:\/\/laprensacristiana.com\/?p=3489","title":{"rendered":"ESTA PUEDE SER TU HISTORIA"},"content":{"rendered":"<p>Esteban (nombre ficticio) un hombre de 35 a\u00f1os, \u00a0despert\u00f3 una noche asustado, tuvo reflujo g\u00e1strico, sinti\u00f3 miedo de morir asfixiado, poco a poco se recuper\u00f3 y logr\u00f3 dormir esa noche; despu\u00e9s se mantuvo \u00a0en un estado de tensi\u00f3n constante, siendo sus s\u00edntomas f\u00edsicos palpitaciones card\u00edacas aceleradas, as\u00ed como una sensaci\u00f3n de hormigueo tanto en su pierna izquierda como en su cabeza.<\/p>\n<p>Estos s\u00edntomas empeoraron \u00a0cuando \u00e9l ten\u00eda que encontrarse con otras personas, o en lugares concurridos.<\/p>\n<p>Habiendo sido extrovertido previamente, se vio forzado a cambiar su estilo de vida, se le dificultaba manejar cuando hab\u00eda mucho tr\u00e1fico,\u00a0 hasta que dej\u00f3 de manejar, de ir a fiestas, reuniones familiares, de ir de viaje e incluso de ir al estadio a apoyar a su equipo.<\/p>\n<p>Despu\u00e9s de estos incidentes,\u00a0 \u00e9l estaba en constante preocupaci\u00f3n\u00a0 y temeroso de que pudiera volver a la sensaci\u00f3n de morir ahogado con su reflujo,\u00a0 con frecuencia las personas a su alrededor le dicen palabras\u00a0 como \u00abest\u00e1 todo en tu mente,\u00bb o \u00abt\u00fa s\u00f3lo necesitas fuerza de voluntad\u201d.<\/p>\n<p>Esta situaci\u00f3n \u00a0se present\u00f3 \u00a0con m\u00e1s frecuencia,\u00a0 el miedo era m\u00e1s intenso, surgieron pensamientos de perder el control, hasta de \u201cvolverse loco\u201d, miedo\u00a0 padecer una grave enfermedad o \u00a0a morir, iba a chequeos m\u00e9dicos, se realiz\u00f3 ex\u00e1menes en los cuales los resultados eran normales, no ten\u00eda una \u00a0\u201cenfermedad incurable\u201d, esto lo lleno m\u00e1s de preocupaci\u00f3n \u201cpues no se inventaba los s\u00edntomas, en realidad los sent\u00eda\u201d, en una visita el m\u00e9dico le dijo que padec\u00eda de un trastorno de ansiedad \u00a0y le receto medicamento ansiol\u00edtico, lo cual le funcionaron, pero luego de un tiempo los s\u00edntomas aparecieron de nuevo, el galeno le recomend\u00f3 ir donde un profesional de psicolog\u00eda para llevar ambos tratamientos.<\/p>\n<p>La ansiedad es un sentimiento de miedo, desasosiego y preocupaci\u00f3n; \u00a0el miedo es una\u00a0 emoci\u00f3n que permite dar una respuesta completamente natural a un posible peligro, \u00a0es \u00fatil, puesto que nos advierte de circunstancias de peligro y nos indica qu\u00e9 situaciones tenemos que evitar o si tenemos que huir, es un sistema de alerta ante un peligro identificado.<\/p>\n<p>Cuando una persona \u00a0reacciona con un miedo intenso \u00a0ante una situaci\u00f3n determinada, existe el riesgo de desarrollar un trastorno de ansiedad, la reacci\u00f3n de miedo del cuerpo es normal, \u00a0ya que nos alerta y nos motiva para hacer frente a los peligros.<\/p>\n<p>Se convierte en un problema cuando los episodios de ansiedad son frecuentes, intensos y aparecen sin motivo aparente, limitando a la persona en su d\u00eda a d\u00eda.<\/p>\n<p>Hay soluciones m\u00e9dicas, el neur\u00f3logo o psiquiatra dar\u00e1 la medicaci\u00f3n adecuada; es una buena alternativa realizar un proceso de psicoterapia a la par, donde la persona recibe en el tratamiento la fase psicoeducativa donde reconoce la ansiedad y aprende\u00a0 ha de descubrir cu\u00e1les son los procesos mentales que hacen que se mantenga ese miedo, estos patrones de pensamiento se deben corregir con ayuda del psicoterapeuta, tambi\u00e9n desensibilizar el evento que desencadeno el trastorno de ansiedad y el manejo a trav\u00e9s de diferentes t\u00e9cnicas de relajaci\u00f3n.<\/p>\n<p>En el Centro Integral de Salud Trabajando Para Cristo\u00a0 ofrecemos el proceso de psicoterapia para el\u00a0 trastorno de ansiedad, donde la persona logra\u00a0 reconocer los s\u00edntomas de la problem\u00e1tica, aprende t\u00e9cnicas y herramientas psicol\u00f3gicas para un manejo adecuado y ser funcional en su vida.<\/p>\n<p>\u201cPongan todas sus preocupaciones y ansiedades en las manos de Dios, porque \u00e9l cuida de ustedes. 1\u00aa. Pedro 5:7 \u00a0NTV\u201d.<\/p>\n<p>Vis\u00edtenos ser\u00e1 un gusto atenderles.<\/p>\n<p>Puede obtener mayor informaci\u00f3n en Centro Integral de Salud Trabajando para Cristo al tel.: (503) 2519-2811<\/p>\n","protected":false},"excerpt":{"rendered":"<p>Esteban (nombre ficticio) un hombre de 35 a\u00f1os, \u00a0despert\u00f3 una noche asustado, tuvo reflujo g\u00e1strico, sinti\u00f3 miedo de morir asfixiado, poco a poco se recuper\u00f3 y logr\u00f3 dormir esa noche; despu\u00e9s se mantuvo \u00a0en un estado de tensi\u00f3n constante, siendo sus s\u00edntomas f\u00edsicos palpitaciones card\u00edacas aceleradas, as\u00ed como una sensaci\u00f3n de hormigueo tanto en su [&hellip;]<\/p>\n","protected":false},"author":3,"featured_media":3490,"comment_status":"open","ping_status":"open","sticky":false,"template":"","format":"standard","meta":[],"categories":[1],"tags":[],"yoast_head":"<!-- This site is optimized with the Yoast SEO plugin v20.8 - https:\/\/yoast.com\/wordpress\/plugins\/seo\/ -->\n<title>ESTA PUEDE SER TU HISTORIA - La Prensa Cristiana<\/title>\n<meta name=\"robots\" content=\"index, follow, max-snippet:-1, max-image-preview:large, max-video-preview:-1\" \/>\n<link rel=\"canonical\" href=\"https:\/\/laprensacristiana.com\/?p=3489\" \/>\n<meta property=\"og:locale\" content=\"es_ES\" \/>\n<meta property=\"og:type\" content=\"article\" \/>\n<meta property=\"og:title\" content=\"ESTA PUEDE SER TU HISTORIA - La Prensa Cristiana\" \/>\n<meta property=\"og:description\" content=\"Esteban (nombre ficticio) un hombre de 35 a\u00f1os, \u00a0despert\u00f3 una noche asustado, tuvo reflujo g\u00e1strico, sinti\u00f3 miedo de morir asfixiado, poco a poco se recuper\u00f3 y logr\u00f3 dormir esa noche; despu\u00e9s se mantuvo \u00a0en un estado de tensi\u00f3n constante, siendo sus s\u00edntomas f\u00edsicos palpitaciones card\u00edacas aceleradas, as\u00ed como una sensaci\u00f3n de hormigueo tanto en su [&hellip;]\" \/>\n<meta property=\"og:url\" content=\"https:\/\/laprensacristiana.com\/?p=3489\" \/>\n<meta property=\"og:site_name\" content=\"La Prensa Cristiana\" \/>\n<meta property=\"article:published_time\" content=\"2018-02-08T15:14:08+00:00\" \/>\n<meta property=\"og:image\" content=\"https:\/\/laprensacristiana.com\/wp-content\/uploads\/2018\/02\/LICDA-SILVIA-scaled.jpg\" \/>\n\t<meta property=\"og:image:width\" content=\"2560\" \/>\n\t<meta property=\"og:image:height\" content=\"1429\" \/>\n\t<meta property=\"og:image:type\" content=\"image\/jpeg\" \/>\n<meta name=\"author\" content=\"EDITOR\" \/>\n<meta name=\"twitter:card\" content=\"summary_large_image\" \/>\n<meta name=\"twitter:label1\" content=\"Escrito por\" \/>\n\t<meta name=\"twitter:data1\" content=\"EDITOR\" \/>\n\t<meta name=\"twitter:label2\" content=\"Tiempo de lectura\" \/>\n\t<meta name=\"twitter:data2\" content=\"3 minutos\" \/>\n<script type=\"application\/ld+json\" class=\"yoast-schema-graph\">{\"@context\":\"https:\/\/schema.org\",\"@graph\":[{\"@type\":\"WebPage\",\"@id\":\"https:\/\/laprensacristiana.com\/?p=3489\",\"url\":\"https:\/\/laprensacristiana.com\/?p=3489\",\"name\":\"ESTA PUEDE SER TU HISTORIA - La Prensa Cristiana\",\"isPartOf\":{\"@id\":\"https:\/\/laprensacristiana.com\/#website\"},\"datePublished\":\"2018-02-08T15:14:08+00:00\",\"dateModified\":\"2018-02-08T15:14:08+00:00\",\"author\":{\"@id\":\"https:\/\/laprensacristiana.com\/#\/schema\/person\/3e7d82c6bfd6b1fa67010f8f7cd5256e\"},\"breadcrumb\":{\"@id\":\"https:\/\/laprensacristiana.com\/?p=3489#breadcrumb\"},\"inLanguage\":\"es\",\"potentialAction\":[{\"@type\":\"ReadAction\",\"target\":[\"https:\/\/laprensacristiana.com\/?p=3489\"]}]},{\"@type\":\"BreadcrumbList\",\"@id\":\"https:\/\/laprensacristiana.com\/?p=3489#breadcrumb\",\"itemListElement\":[{\"@type\":\"ListItem\",\"position\":1,\"name\":\"Portada\",\"item\":\"https:\/\/laprensacristiana.com\/\"},{\"@type\":\"ListItem\",\"position\":2,\"name\":\"ESTA PUEDE SER TU HISTORIA\"}]},{\"@type\":\"WebSite\",\"@id\":\"https:\/\/laprensacristiana.com\/#website\",\"url\":\"https:\/\/laprensacristiana.com\/\",\"name\":\"La Prensa Cristiana\",\"description\":\"Anunciando Las Buenas Nuevas\",\"potentialAction\":[{\"@type\":\"SearchAction\",\"target\":{\"@type\":\"EntryPoint\",\"urlTemplate\":\"https:\/\/laprensacristiana.com\/?s={search_term_string}\"},\"query-input\":\"required name=search_term_string\"}],\"inLanguage\":\"es\"},{\"@type\":\"Person\",\"@id\":\"https:\/\/laprensacristiana.com\/#\/schema\/person\/3e7d82c6bfd6b1fa67010f8f7cd5256e\",\"name\":\"EDITOR\",\"image\":{\"@type\":\"ImageObject\",\"inLanguage\":\"es\",\"@id\":\"https:\/\/laprensacristiana.com\/#\/schema\/person\/image\/\",\"url\":\"https:\/\/secure.gravatar.com\/avatar\/72069dfb6c13772d9e8381e3638666d2?s=96&d=mm&r=g\",\"contentUrl\":\"https:\/\/secure.gravatar.com\/avatar\/72069dfb6c13772d9e8381e3638666d2?s=96&d=mm&r=g\",\"caption\":\"EDITOR\"},\"url\":\"https:\/\/laprensacristiana.com\/?author=3\"}]}<\/script>\n<!-- \/ Yoast SEO plugin. -->","yoast_head_json":{"title":"ESTA PUEDE SER TU HISTORIA - La Prensa Cristiana","robots":{"index":"index","follow":"follow","max-snippet":"max-snippet:-1","max-image-preview":"max-image-preview:large","max-video-preview":"max-video-preview:-1"},"canonical":"https:\/\/laprensacristiana.com\/?p=3489","og_locale":"es_ES","og_type":"article","og_title":"ESTA PUEDE SER TU HISTORIA - La Prensa Cristiana","og_description":"Esteban (nombre ficticio) un hombre de 35 a\u00f1os, \u00a0despert\u00f3 una noche asustado, tuvo reflujo g\u00e1strico, sinti\u00f3 miedo de morir asfixiado, poco a poco se recuper\u00f3 y logr\u00f3 dormir esa noche; despu\u00e9s se mantuvo \u00a0en un estado de tensi\u00f3n constante, siendo sus s\u00edntomas f\u00edsicos palpitaciones card\u00edacas aceleradas, as\u00ed como una sensaci\u00f3n de hormigueo tanto en su [&hellip;]","og_url":"https:\/\/laprensacristiana.com\/?p=3489","og_site_name":"La Prensa Cristiana","article_published_time":"2018-02-08T15:14:08+00:00","og_image":[{"width":2560,"height":1429,"url":"https:\/\/laprensacristiana.com\/wp-content\/uploads\/2018\/02\/LICDA-SILVIA-scaled.jpg","type":"image\/jpeg"}],"author":"EDITOR","twitter_card":"summary_large_image","twitter_misc":{"Escrito por":"EDITOR","Tiempo de lectura":"3 minutos"},"schema":{"@context":"https:\/\/schema.org","@graph":[{"@type":"WebPage","@id":"https:\/\/laprensacristiana.com\/?p=3489","url":"https:\/\/laprensacristiana.com\/?p=3489","name":"ESTA PUEDE SER TU HISTORIA - La Prensa Cristiana","isPartOf":{"@id":"https:\/\/laprensacristiana.com\/#website"},"datePublished":"2018-02-08T15:14:08+00:00","dateModified":"2018-02-08T15:14:08+00:00","author":{"@id":"https:\/\/laprensacristiana.com\/#\/schema\/person\/3e7d82c6bfd6b1fa67010f8f7cd5256e"},"breadcrumb":{"@id":"https:\/\/laprensacristiana.com\/?p=3489#breadcrumb"},"inLanguage":"es","potentialAction":[{"@type":"ReadAction","target":["https:\/\/laprensacristiana.com\/?p=3489"]}]},{"@type":"BreadcrumbList","@id":"https:\/\/laprensacristiana.com\/?p=3489#breadcrumb","itemListElement":[{"@type":"ListItem","position":1,"name":"Portada","item":"https:\/\/laprensacristiana.com\/"},{"@type":"ListItem","position":2,"name":"ESTA PUEDE SER TU HISTORIA"}]},{"@type":"WebSite","@id":"https:\/\/laprensacristiana.com\/#website","url":"https:\/\/laprensacristiana.com\/","name":"La Prensa Cristiana","description":"Anunciando Las Buenas Nuevas","potentialAction":[{"@type":"SearchAction","target":{"@type":"EntryPoint","urlTemplate":"https:\/\/laprensacristiana.com\/?s={search_term_string}"},"query-input":"required name=search_term_string"}],"inLanguage":"es"},{"@type":"Person","@id":"https:\/\/laprensacristiana.com\/#\/schema\/person\/3e7d82c6bfd6b1fa67010f8f7cd5256e","name":"EDITOR","image":{"@type":"ImageObject","inLanguage":"es","@id":"https:\/\/laprensacristiana.com\/#\/schema\/person\/image\/","url":"https:\/\/secure.gravatar.com\/avatar\/72069dfb6c13772d9e8381e3638666d2?s=96&d=mm&r=g","contentUrl":"https:\/\/secure.gravatar.com\/avatar\/72069dfb6c13772d9e8381e3638666d2?s=96&d=mm&r=g","caption":"EDITOR"},"url":"https:\/\/laprensacristiana.com\/?author=3"}]}},"_links":{"self":[{"href":"https:\/\/laprensacristiana.com\/index.php?rest_route=\/wp\/v2\/posts\/3489"}],"collection":[{"href":"https:\/\/laprensacristiana.com\/index.php?rest_route=\/wp\/v2\/posts"}],"about":[{"href":"https:\/\/laprensacristiana.com\/index.php?rest_route=\/wp\/v2\/types\/post"}],"author":[{"embeddable":true,"href":"https:\/\/laprensacristiana.com\/index.php?rest_route=\/wp\/v2\/users\/3"}],"replies":[{"embeddable":true,"href":"https:\/\/laprensacristiana.com\/index.php?rest_route=%2Fwp%2Fv2%2Fcomments&post=3489"}],"version-history":[{"count":1,"href":"https:\/\/laprensacristiana.com\/index.php?rest_route=\/wp\/v2\/posts\/3489\/revisions"}],"predecessor-version":[{"id":3491,"href":"https:\/\/laprensacristiana.com\/index.php?rest_route=\/wp\/v2\/posts\/3489\/revisions\/3491"}],"wp:featuredmedia":[{"embeddable":true,"href":"https:\/\/laprensacristiana.com\/index.php?rest_route=\/wp\/v2\/media\/3490"}],"wp:attachment":[{"href":"https:\/\/laprensacristiana.com\/index.php?rest_route=%2Fwp%2Fv2%2Fmedia&parent=3489"}],"wp:term":[{"taxonomy":"category","embeddable":true,"href":"https:\/\/laprensacristiana.com\/index.php?rest_route=%2Fwp%2Fv2%2Fcategories&post=3489"},{"taxonomy":"post_tag","embeddable":true,"href":"https:\/\/laprensacristiana.com\/index.php?rest_route=%2Fwp%2Fv2%2Ftags&post=3489"}],"curies":[{"name":"wp","href":"https:\/\/api.w.org\/{rel}","templated":true}]}}