{"id":3497,"date":"2018-02-13T19:43:41","date_gmt":"2018-02-13T19:43:41","guid":{"rendered":"https:\/\/laprensacristiana.com\/?p=3497"},"modified":"2020-07-02T00:17:53","modified_gmt":"2020-07-02T00:17:53","slug":"el-placer-de-la-reconciliacion","status":"publish","type":"post","link":"https:\/\/laprensacristiana.com\/?p=3497","title":{"rendered":"El placer de la reconciliaci\u00f3n."},"content":{"rendered":"<p>JULY DE SOSA<\/p>\n<p>Las palabras \u201clo siento\u201d y \u201cdisc\u00falpame\u201d suenan bellas y confortables cuando de estar en paz con alguien se trata. Recientemente Dios me record\u00f3 el valor de la reconciliaci\u00f3n y lo importante que es practicar ese ministerio que de Dios hemos recibido todos aquellos que aceptamos la reconciliaci\u00f3n que Jes\u00fas nos dio con Dios padre. Una persona muy especial para m\u00ed \u00a0me sorprendi\u00f3 al decirme \u201cnecesito pedirle perd\u00f3n, porque he sentido envidia de usted\u201d \u201cy ya no quiero seguir sinti\u00e9ndola m\u00e1s\u201d No podr\u00eda con palabras escritas, expresar lo que sent\u00ed al escucharla, pero tampoco puedo dejar de elogiar la admiraci\u00f3n que me causo su valent\u00eda al declararme su sentimiento cara a cara. Considero que alguien que tienen el valor de dejar de lado su orgullo por buscar la paz en su interior, es digno de elogiar e imitar. Inmediatamente le di la disculpa que pidi\u00f3 nos abrazamos y mi coraz\u00f3n rebosaba de felicidad al saber que alguien que sent\u00eda algo en contra de m\u00ed, lo declaro y \u201cnos liber\u00f3\u201d respecto a esto la palabra ense\u00f1a\u2026<strong>En cuanto de vosotros dependa estad en paz con todos los hombres. <\/strong>Esa sensaci\u00f3n de gozo me hizo recordar la \u00a1incre\u00edble! Realidad que, aun dentro del mismo cuerpo de Cristo, existe con afrenta, envidia, falta de perd\u00f3n, rivalidad, y muchos sentimientos semejantes a estos. Aun y cuando se conoce el sabio consejo escrito en <strong>G\u00e1latas 6:10&#8230; Hagamos bien a todos seg\u00fan tengamos oportunidad de hacerlo, y especialmente a los de la familia en la fe. <\/strong><\/p>\n<p>Ciertamente Dios nos cre\u00f3 con sentimientos, precisamente para que fu\u00e9ramos sensibles, unos con otros. Eso es lo que hace posible que practiquemos \u201cel ministerio de la reconciliaci\u00f3n\u201d primero con Dios y luego con el pr\u00f3jimo que al igual que nosotros, fueron creados a semejanza de Dios. Esto \u00faltimo trae a mi memoria dos preguntas expl\u00edcitas <strong>\u00bfC\u00f3mo puede alguien decir que ama a Dios, que nunca ha visto? Y aborrece a su hermano que si ha visto (1 Juan 4:20) o \u00bfC\u00f3mo puedes tu orar enojado con tu hermano? S\u00ed traes tu ofrenda y all\u00ed te acuerdas que tu hermano tiene algo contra ti, deja all\u00ed tu ofrenda frente al altar, ve y reconc\u00edliate primero con tu hermano, y entonces vuelve y ofrece tu ofrenda (Mateo 5:23)<\/strong><\/p>\n<p>Ciertamente estar \u201creconciliados\u201d con nosotros mismos, con los dem\u00e1s, y con Dios. Es el mayor placer, a disfrutar. Muchos, sin embargo, se privan de ese placer por restarle importancia al hecho de vivir en paz, en su interior, y desbordarla a todo su exterior; aferrados a la falta de perd\u00f3n en sus corazones. Creyendo dentro de si, que la vida es larga y que en alg\u00fan momento se cansaran de su enojo interior y buscaran la tranquilidad que necesitan, muchos con tal pensamiento durmieron llev\u00e1ndose a la tierra, el perd\u00f3n que no suplicaron o negaron. Ignorando el consejo escrito en <strong>Eclesiast\u00e9s 9:10. Todo lo que tu mano halle para hacer, hazlo seg\u00fan tus fuerzas; porque no hay actividad ni prop\u00f3sito, ni conocimiento, ni sabidur\u00eda, en la tumba, adonde vas.<\/strong><\/p>\n<p>Reconozco que existen personas con las que no podremos cultivar una amistad por diferentes motivos, sin embargo, debemos perdonar sus ofensas y procurar una relaci\u00f3n cordial con ellas; siempre guardando la paz en nuestro interior.<\/p>\n<p>Todos los que este d\u00eda contamos con el regalo de la vida, busquemos estar en paz y reconciliados con nosotros mismos, con nuestro pr\u00f3jimo, y con Dios.<\/p>\n<p><strong>\u00a1Feliz semana!<\/strong><\/p>\n","protected":false},"excerpt":{"rendered":"<p>JULY DE SOSA Las palabras \u201clo siento\u201d y \u201cdisc\u00falpame\u201d suenan bellas y confortables cuando de estar en paz con alguien se trata. Recientemente Dios me record\u00f3 el valor de la reconciliaci\u00f3n y lo importante que es practicar ese ministerio que de Dios hemos recibido todos aquellos que aceptamos la reconciliaci\u00f3n que Jes\u00fas nos dio con [&hellip;]<\/p>\n","protected":false},"author":3,"featured_media":2400,"comment_status":"open","ping_status":"open","sticky":false,"template":"","format":"standard","meta":[],"categories":[36],"tags":[],"yoast_head":"<!-- This site is optimized with the Yoast SEO plugin v20.8 - https:\/\/yoast.com\/wordpress\/plugins\/seo\/ -->\n<title>El placer de la reconciliaci\u00f3n. - La Prensa Cristiana<\/title>\n<meta name=\"robots\" content=\"index, follow, max-snippet:-1, max-image-preview:large, max-video-preview:-1\" \/>\n<link rel=\"canonical\" href=\"https:\/\/laprensacristiana.com\/?p=3497\" \/>\n<meta property=\"og:locale\" content=\"es_ES\" \/>\n<meta property=\"og:type\" content=\"article\" \/>\n<meta property=\"og:title\" content=\"El placer de la reconciliaci\u00f3n. - La Prensa Cristiana\" \/>\n<meta property=\"og:description\" content=\"JULY DE SOSA Las palabras \u201clo siento\u201d y \u201cdisc\u00falpame\u201d suenan bellas y confortables cuando de estar en paz con alguien se trata. Recientemente Dios me record\u00f3 el valor de la reconciliaci\u00f3n y lo importante que es practicar ese ministerio que de Dios hemos recibido todos aquellos que aceptamos la reconciliaci\u00f3n que Jes\u00fas nos dio con [&hellip;]\" \/>\n<meta property=\"og:url\" content=\"https:\/\/laprensacristiana.com\/?p=3497\" \/>\n<meta property=\"og:site_name\" content=\"La Prensa Cristiana\" \/>\n<meta property=\"article:published_time\" content=\"2018-02-13T19:43:41+00:00\" \/>\n<meta property=\"article:modified_time\" content=\"2020-07-02T00:17:53+00:00\" \/>\n<meta property=\"og:image\" content=\"https:\/\/laprensacristiana.com\/wp-content\/uploads\/2017\/02\/JULY-LPG-2017.jpg\" \/>\n\t<meta property=\"og:image:width\" content=\"1240\" \/>\n\t<meta property=\"og:image:height\" content=\"692\" \/>\n\t<meta property=\"og:image:type\" content=\"image\/jpeg\" \/>\n<meta name=\"author\" content=\"EDITOR\" \/>\n<meta name=\"twitter:card\" content=\"summary_large_image\" \/>\n<meta name=\"twitter:label1\" content=\"Escrito por\" \/>\n\t<meta name=\"twitter:data1\" content=\"EDITOR\" \/>\n\t<meta name=\"twitter:label2\" content=\"Tiempo de lectura\" \/>\n\t<meta name=\"twitter:data2\" content=\"3 minutos\" \/>\n<script type=\"application\/ld+json\" class=\"yoast-schema-graph\">{\"@context\":\"https:\/\/schema.org\",\"@graph\":[{\"@type\":\"WebPage\",\"@id\":\"https:\/\/laprensacristiana.com\/?p=3497\",\"url\":\"https:\/\/laprensacristiana.com\/?p=3497\",\"name\":\"El placer de la reconciliaci\u00f3n. - La Prensa Cristiana\",\"isPartOf\":{\"@id\":\"https:\/\/laprensacristiana.com\/#website\"},\"datePublished\":\"2018-02-13T19:43:41+00:00\",\"dateModified\":\"2020-07-02T00:17:53+00:00\",\"author\":{\"@id\":\"https:\/\/laprensacristiana.com\/#\/schema\/person\/3e7d82c6bfd6b1fa67010f8f7cd5256e\"},\"breadcrumb\":{\"@id\":\"https:\/\/laprensacristiana.com\/?p=3497#breadcrumb\"},\"inLanguage\":\"es\",\"potentialAction\":[{\"@type\":\"ReadAction\",\"target\":[\"https:\/\/laprensacristiana.com\/?p=3497\"]}]},{\"@type\":\"BreadcrumbList\",\"@id\":\"https:\/\/laprensacristiana.com\/?p=3497#breadcrumb\",\"itemListElement\":[{\"@type\":\"ListItem\",\"position\":1,\"name\":\"Portada\",\"item\":\"https:\/\/laprensacristiana.com\/\"},{\"@type\":\"ListItem\",\"position\":2,\"name\":\"El placer de la reconciliaci\u00f3n.\"}]},{\"@type\":\"WebSite\",\"@id\":\"https:\/\/laprensacristiana.com\/#website\",\"url\":\"https:\/\/laprensacristiana.com\/\",\"name\":\"La Prensa Cristiana\",\"description\":\"Anunciando Las Buenas Nuevas\",\"potentialAction\":[{\"@type\":\"SearchAction\",\"target\":{\"@type\":\"EntryPoint\",\"urlTemplate\":\"https:\/\/laprensacristiana.com\/?s={search_term_string}\"},\"query-input\":\"required name=search_term_string\"}],\"inLanguage\":\"es\"},{\"@type\":\"Person\",\"@id\":\"https:\/\/laprensacristiana.com\/#\/schema\/person\/3e7d82c6bfd6b1fa67010f8f7cd5256e\",\"name\":\"EDITOR\",\"image\":{\"@type\":\"ImageObject\",\"inLanguage\":\"es\",\"@id\":\"https:\/\/laprensacristiana.com\/#\/schema\/person\/image\/\",\"url\":\"https:\/\/secure.gravatar.com\/avatar\/72069dfb6c13772d9e8381e3638666d2?s=96&d=mm&r=g\",\"contentUrl\":\"https:\/\/secure.gravatar.com\/avatar\/72069dfb6c13772d9e8381e3638666d2?s=96&d=mm&r=g\",\"caption\":\"EDITOR\"},\"url\":\"https:\/\/laprensacristiana.com\/?author=3\"}]}<\/script>\n<!-- \/ Yoast SEO plugin. -->","yoast_head_json":{"title":"El placer de la reconciliaci\u00f3n. - La Prensa Cristiana","robots":{"index":"index","follow":"follow","max-snippet":"max-snippet:-1","max-image-preview":"max-image-preview:large","max-video-preview":"max-video-preview:-1"},"canonical":"https:\/\/laprensacristiana.com\/?p=3497","og_locale":"es_ES","og_type":"article","og_title":"El placer de la reconciliaci\u00f3n. - La Prensa Cristiana","og_description":"JULY DE SOSA Las palabras \u201clo siento\u201d y \u201cdisc\u00falpame\u201d suenan bellas y confortables cuando de estar en paz con alguien se trata. Recientemente Dios me record\u00f3 el valor de la reconciliaci\u00f3n y lo importante que es practicar ese ministerio que de Dios hemos recibido todos aquellos que aceptamos la reconciliaci\u00f3n que Jes\u00fas nos dio con [&hellip;]","og_url":"https:\/\/laprensacristiana.com\/?p=3497","og_site_name":"La Prensa Cristiana","article_published_time":"2018-02-13T19:43:41+00:00","article_modified_time":"2020-07-02T00:17:53+00:00","og_image":[{"width":1240,"height":692,"url":"https:\/\/laprensacristiana.com\/wp-content\/uploads\/2017\/02\/JULY-LPG-2017.jpg","type":"image\/jpeg"}],"author":"EDITOR","twitter_card":"summary_large_image","twitter_misc":{"Escrito por":"EDITOR","Tiempo de lectura":"3 minutos"},"schema":{"@context":"https:\/\/schema.org","@graph":[{"@type":"WebPage","@id":"https:\/\/laprensacristiana.com\/?p=3497","url":"https:\/\/laprensacristiana.com\/?p=3497","name":"El placer de la reconciliaci\u00f3n. - La Prensa Cristiana","isPartOf":{"@id":"https:\/\/laprensacristiana.com\/#website"},"datePublished":"2018-02-13T19:43:41+00:00","dateModified":"2020-07-02T00:17:53+00:00","author":{"@id":"https:\/\/laprensacristiana.com\/#\/schema\/person\/3e7d82c6bfd6b1fa67010f8f7cd5256e"},"breadcrumb":{"@id":"https:\/\/laprensacristiana.com\/?p=3497#breadcrumb"},"inLanguage":"es","potentialAction":[{"@type":"ReadAction","target":["https:\/\/laprensacristiana.com\/?p=3497"]}]},{"@type":"BreadcrumbList","@id":"https:\/\/laprensacristiana.com\/?p=3497#breadcrumb","itemListElement":[{"@type":"ListItem","position":1,"name":"Portada","item":"https:\/\/laprensacristiana.com\/"},{"@type":"ListItem","position":2,"name":"El placer de la reconciliaci\u00f3n."}]},{"@type":"WebSite","@id":"https:\/\/laprensacristiana.com\/#website","url":"https:\/\/laprensacristiana.com\/","name":"La Prensa Cristiana","description":"Anunciando Las Buenas Nuevas","potentialAction":[{"@type":"SearchAction","target":{"@type":"EntryPoint","urlTemplate":"https:\/\/laprensacristiana.com\/?s={search_term_string}"},"query-input":"required name=search_term_string"}],"inLanguage":"es"},{"@type":"Person","@id":"https:\/\/laprensacristiana.com\/#\/schema\/person\/3e7d82c6bfd6b1fa67010f8f7cd5256e","name":"EDITOR","image":{"@type":"ImageObject","inLanguage":"es","@id":"https:\/\/laprensacristiana.com\/#\/schema\/person\/image\/","url":"https:\/\/secure.gravatar.com\/avatar\/72069dfb6c13772d9e8381e3638666d2?s=96&d=mm&r=g","contentUrl":"https:\/\/secure.gravatar.com\/avatar\/72069dfb6c13772d9e8381e3638666d2?s=96&d=mm&r=g","caption":"EDITOR"},"url":"https:\/\/laprensacristiana.com\/?author=3"}]}},"_links":{"self":[{"href":"https:\/\/laprensacristiana.com\/index.php?rest_route=\/wp\/v2\/posts\/3497"}],"collection":[{"href":"https:\/\/laprensacristiana.com\/index.php?rest_route=\/wp\/v2\/posts"}],"about":[{"href":"https:\/\/laprensacristiana.com\/index.php?rest_route=\/wp\/v2\/types\/post"}],"author":[{"embeddable":true,"href":"https:\/\/laprensacristiana.com\/index.php?rest_route=\/wp\/v2\/users\/3"}],"replies":[{"embeddable":true,"href":"https:\/\/laprensacristiana.com\/index.php?rest_route=%2Fwp%2Fv2%2Fcomments&post=3497"}],"version-history":[{"count":1,"href":"https:\/\/laprensacristiana.com\/index.php?rest_route=\/wp\/v2\/posts\/3497\/revisions"}],"predecessor-version":[{"id":3498,"href":"https:\/\/laprensacristiana.com\/index.php?rest_route=\/wp\/v2\/posts\/3497\/revisions\/3498"}],"wp:featuredmedia":[{"embeddable":true,"href":"https:\/\/laprensacristiana.com\/index.php?rest_route=\/wp\/v2\/media\/2400"}],"wp:attachment":[{"href":"https:\/\/laprensacristiana.com\/index.php?rest_route=%2Fwp%2Fv2%2Fmedia&parent=3497"}],"wp:term":[{"taxonomy":"category","embeddable":true,"href":"https:\/\/laprensacristiana.com\/index.php?rest_route=%2Fwp%2Fv2%2Fcategories&post=3497"},{"taxonomy":"post_tag","embeddable":true,"href":"https:\/\/laprensacristiana.com\/index.php?rest_route=%2Fwp%2Fv2%2Ftags&post=3497"}],"curies":[{"name":"wp","href":"https:\/\/api.w.org\/{rel}","templated":true}]}}