{"id":3500,"date":"2018-02-21T18:25:00","date_gmt":"2018-02-21T18:25:00","guid":{"rendered":"https:\/\/laprensacristiana.com\/?p=3500"},"modified":"2020-07-02T00:17:38","modified_gmt":"2020-07-02T00:17:38","slug":"muere-predicador-billy-graham","status":"publish","type":"post","link":"https:\/\/laprensacristiana.com\/?p=3500","title":{"rendered":"Muere predicador Billy Graham"},"content":{"rendered":"<p>Graham de 99 a\u00f1os, muri\u00f3 por causas naturales en su residencia ubicada en Carolina del Norte, Estados Unidos este mi\u00e9rcoles 21 de febrero indic\u00f3 su vocero, Jeremy Blume.<\/p>\n<p>Billy Graham, lleg\u00f3 a muchas personas por medio de las campa\u00f1as evangelistas que realizaba alrededor del mundo, adem\u00e1s el predicador manten\u00eda v\u00ednculos con los presidentes de Estados Unidos, que empezaron desde el gobierno de Harry Truman.<\/p>\n<p>Es por ello que al actual presidente Donald Trump, no se hizo esperar y manifest\u00f3 su opini\u00f3n sobre el deceso de Graham. \u201c<em>El gran Billy Graham est\u00e1 muerto. \u00a1No hab\u00eda nadie como \u00e9l! Los cristianos y todas las religiones le extra\u00f1ar\u00e1n. Un hombre muy especial<\/em>\u201d escribi\u00f3 Trump, por medio de su cuenta oficial de twitter.<\/p>\n<p>\u201c<em>Billy Graham ha entrado a aquella dimensi\u00f3n infranqueable para los humanos vivos y que se llama eternidad. Ahora quedan las historias y leyendas de un hombre que visit\u00f3 a los grandes de su \u00e9poca y que llev\u00f3 el mensaje en el que crey\u00f3 a presidentes, reyes, l\u00edderes de todas las ideolog\u00edas y al pueblo com\u00fan que siempre esper\u00f3 un cambio y una nueva oportunidad<\/em>\u201d expres\u00f3 Guillermo Serrano, Director en Am\u00e9rica Latina de Ministerio Reforma.<\/p>\n<p>En El Salvador, l\u00edderes de movimientos cristianos opinaron sobre la muerte de Graham, \u201c<em>hay un mover generacional grande en el mundo y Dios nos ha dado ejemplos de hijos de \u00c9l, que hicieron un excelente trabajo que podemos tomar de ejemplo. Billy Graham es uno y de los mejores. Yo fui a una campa\u00f1a con \u00e9l y llevaba una gran expectativa de su mensaje, que profundidades ir\u00e1 a mencionar cre\u00eda yo, y es el mensaje m\u00e1s sencillo de San Juan 3:16 que he o\u00eddo. Y entend\u00ed ese d\u00eda que a pesar de haber 50,000 personas en el lugar y miles de personas aceptaron a Cristo, entend\u00ed que hay que ser sencillo para predicar y vivir<\/em>\u201d dijo el Dr josue Anaya presidente de SANTO.<\/p>\n<p>Desde el a\u00f1o 2007, el predicador y evangelista present\u00f3 varios quebrantos de salud, los cuales hicieron que estuviera hospitalizado durante 11 d\u00edas a causa de una hemorragia intestinal.<\/p>\n<p>&nbsp;<\/p>\n<p>&nbsp;<\/p>\n<p>&nbsp;<\/p>\n<p>&nbsp;<\/p>\n","protected":false},"excerpt":{"rendered":"<p>Graham de 99 a\u00f1os, muri\u00f3 por causas naturales en su residencia ubicada en Carolina del Norte, Estados Unidos este mi\u00e9rcoles 21 de febrero indic\u00f3 su vocero, Jeremy Blume. Billy Graham, lleg\u00f3 a muchas personas por medio de las campa\u00f1as evangelistas que realizaba alrededor del mundo, adem\u00e1s el predicador manten\u00eda v\u00ednculos con los presidentes de Estados [&hellip;]<\/p>\n","protected":false},"author":3,"featured_media":3501,"comment_status":"open","ping_status":"open","sticky":false,"template":"","format":"standard","meta":[],"categories":[56],"tags":[],"yoast_head":"<!-- This site is optimized with the Yoast SEO plugin v20.8 - https:\/\/yoast.com\/wordpress\/plugins\/seo\/ -->\n<title>Muere predicador Billy Graham - La Prensa Cristiana<\/title>\n<meta name=\"robots\" content=\"index, follow, max-snippet:-1, max-image-preview:large, max-video-preview:-1\" \/>\n<link rel=\"canonical\" href=\"https:\/\/laprensacristiana.com\/?p=3500\" \/>\n<meta property=\"og:locale\" content=\"es_ES\" \/>\n<meta property=\"og:type\" content=\"article\" \/>\n<meta property=\"og:title\" content=\"Muere predicador Billy Graham - La Prensa Cristiana\" \/>\n<meta property=\"og:description\" content=\"Graham de 99 a\u00f1os, muri\u00f3 por causas naturales en su residencia ubicada en Carolina del Norte, Estados Unidos este mi\u00e9rcoles 21 de febrero indic\u00f3 su vocero, Jeremy Blume. Billy Graham, lleg\u00f3 a muchas personas por medio de las campa\u00f1as evangelistas que realizaba alrededor del mundo, adem\u00e1s el predicador manten\u00eda v\u00ednculos con los presidentes de Estados [&hellip;]\" \/>\n<meta property=\"og:url\" content=\"https:\/\/laprensacristiana.com\/?p=3500\" \/>\n<meta property=\"og:site_name\" content=\"La Prensa Cristiana\" \/>\n<meta property=\"article:published_time\" content=\"2018-02-21T18:25:00+00:00\" \/>\n<meta property=\"article:modified_time\" content=\"2020-07-02T00:17:38+00:00\" \/>\n<meta property=\"og:image\" content=\"https:\/\/laprensacristiana.com\/wp-content\/uploads\/2018\/02\/BILLY-GRAHAM-scaled.jpg\" \/>\n\t<meta property=\"og:image:width\" content=\"2560\" \/>\n\t<meta property=\"og:image:height\" content=\"1429\" \/>\n\t<meta property=\"og:image:type\" content=\"image\/jpeg\" \/>\n<meta name=\"author\" content=\"EDITOR\" \/>\n<meta name=\"twitter:card\" content=\"summary_large_image\" \/>\n<meta name=\"twitter:label1\" content=\"Escrito por\" \/>\n\t<meta name=\"twitter:data1\" content=\"EDITOR\" \/>\n\t<meta name=\"twitter:label2\" content=\"Tiempo de lectura\" \/>\n\t<meta name=\"twitter:data2\" content=\"2 minutos\" \/>\n<script type=\"application\/ld+json\" class=\"yoast-schema-graph\">{\"@context\":\"https:\/\/schema.org\",\"@graph\":[{\"@type\":\"WebPage\",\"@id\":\"https:\/\/laprensacristiana.com\/?p=3500\",\"url\":\"https:\/\/laprensacristiana.com\/?p=3500\",\"name\":\"Muere predicador Billy Graham - La Prensa Cristiana\",\"isPartOf\":{\"@id\":\"https:\/\/laprensacristiana.com\/#website\"},\"datePublished\":\"2018-02-21T18:25:00+00:00\",\"dateModified\":\"2020-07-02T00:17:38+00:00\",\"author\":{\"@id\":\"https:\/\/laprensacristiana.com\/#\/schema\/person\/3e7d82c6bfd6b1fa67010f8f7cd5256e\"},\"breadcrumb\":{\"@id\":\"https:\/\/laprensacristiana.com\/?p=3500#breadcrumb\"},\"inLanguage\":\"es\",\"potentialAction\":[{\"@type\":\"ReadAction\",\"target\":[\"https:\/\/laprensacristiana.com\/?p=3500\"]}]},{\"@type\":\"BreadcrumbList\",\"@id\":\"https:\/\/laprensacristiana.com\/?p=3500#breadcrumb\",\"itemListElement\":[{\"@type\":\"ListItem\",\"position\":1,\"name\":\"Portada\",\"item\":\"https:\/\/laprensacristiana.com\/\"},{\"@type\":\"ListItem\",\"position\":2,\"name\":\"Muere predicador Billy Graham\"}]},{\"@type\":\"WebSite\",\"@id\":\"https:\/\/laprensacristiana.com\/#website\",\"url\":\"https:\/\/laprensacristiana.com\/\",\"name\":\"La Prensa Cristiana\",\"description\":\"Anunciando Las Buenas Nuevas\",\"potentialAction\":[{\"@type\":\"SearchAction\",\"target\":{\"@type\":\"EntryPoint\",\"urlTemplate\":\"https:\/\/laprensacristiana.com\/?s={search_term_string}\"},\"query-input\":\"required name=search_term_string\"}],\"inLanguage\":\"es\"},{\"@type\":\"Person\",\"@id\":\"https:\/\/laprensacristiana.com\/#\/schema\/person\/3e7d82c6bfd6b1fa67010f8f7cd5256e\",\"name\":\"EDITOR\",\"image\":{\"@type\":\"ImageObject\",\"inLanguage\":\"es\",\"@id\":\"https:\/\/laprensacristiana.com\/#\/schema\/person\/image\/\",\"url\":\"https:\/\/secure.gravatar.com\/avatar\/72069dfb6c13772d9e8381e3638666d2?s=96&d=mm&r=g\",\"contentUrl\":\"https:\/\/secure.gravatar.com\/avatar\/72069dfb6c13772d9e8381e3638666d2?s=96&d=mm&r=g\",\"caption\":\"EDITOR\"},\"url\":\"https:\/\/laprensacristiana.com\/?author=3\"}]}<\/script>\n<!-- \/ Yoast SEO plugin. -->","yoast_head_json":{"title":"Muere predicador Billy Graham - La Prensa Cristiana","robots":{"index":"index","follow":"follow","max-snippet":"max-snippet:-1","max-image-preview":"max-image-preview:large","max-video-preview":"max-video-preview:-1"},"canonical":"https:\/\/laprensacristiana.com\/?p=3500","og_locale":"es_ES","og_type":"article","og_title":"Muere predicador Billy Graham - La Prensa Cristiana","og_description":"Graham de 99 a\u00f1os, muri\u00f3 por causas naturales en su residencia ubicada en Carolina del Norte, Estados Unidos este mi\u00e9rcoles 21 de febrero indic\u00f3 su vocero, Jeremy Blume. Billy Graham, lleg\u00f3 a muchas personas por medio de las campa\u00f1as evangelistas que realizaba alrededor del mundo, adem\u00e1s el predicador manten\u00eda v\u00ednculos con los presidentes de Estados [&hellip;]","og_url":"https:\/\/laprensacristiana.com\/?p=3500","og_site_name":"La Prensa Cristiana","article_published_time":"2018-02-21T18:25:00+00:00","article_modified_time":"2020-07-02T00:17:38+00:00","og_image":[{"width":2560,"height":1429,"url":"https:\/\/laprensacristiana.com\/wp-content\/uploads\/2018\/02\/BILLY-GRAHAM-scaled.jpg","type":"image\/jpeg"}],"author":"EDITOR","twitter_card":"summary_large_image","twitter_misc":{"Escrito por":"EDITOR","Tiempo de lectura":"2 minutos"},"schema":{"@context":"https:\/\/schema.org","@graph":[{"@type":"WebPage","@id":"https:\/\/laprensacristiana.com\/?p=3500","url":"https:\/\/laprensacristiana.com\/?p=3500","name":"Muere predicador Billy Graham - La Prensa Cristiana","isPartOf":{"@id":"https:\/\/laprensacristiana.com\/#website"},"datePublished":"2018-02-21T18:25:00+00:00","dateModified":"2020-07-02T00:17:38+00:00","author":{"@id":"https:\/\/laprensacristiana.com\/#\/schema\/person\/3e7d82c6bfd6b1fa67010f8f7cd5256e"},"breadcrumb":{"@id":"https:\/\/laprensacristiana.com\/?p=3500#breadcrumb"},"inLanguage":"es","potentialAction":[{"@type":"ReadAction","target":["https:\/\/laprensacristiana.com\/?p=3500"]}]},{"@type":"BreadcrumbList","@id":"https:\/\/laprensacristiana.com\/?p=3500#breadcrumb","itemListElement":[{"@type":"ListItem","position":1,"name":"Portada","item":"https:\/\/laprensacristiana.com\/"},{"@type":"ListItem","position":2,"name":"Muere predicador Billy Graham"}]},{"@type":"WebSite","@id":"https:\/\/laprensacristiana.com\/#website","url":"https:\/\/laprensacristiana.com\/","name":"La Prensa Cristiana","description":"Anunciando Las Buenas Nuevas","potentialAction":[{"@type":"SearchAction","target":{"@type":"EntryPoint","urlTemplate":"https:\/\/laprensacristiana.com\/?s={search_term_string}"},"query-input":"required name=search_term_string"}],"inLanguage":"es"},{"@type":"Person","@id":"https:\/\/laprensacristiana.com\/#\/schema\/person\/3e7d82c6bfd6b1fa67010f8f7cd5256e","name":"EDITOR","image":{"@type":"ImageObject","inLanguage":"es","@id":"https:\/\/laprensacristiana.com\/#\/schema\/person\/image\/","url":"https:\/\/secure.gravatar.com\/avatar\/72069dfb6c13772d9e8381e3638666d2?s=96&d=mm&r=g","contentUrl":"https:\/\/secure.gravatar.com\/avatar\/72069dfb6c13772d9e8381e3638666d2?s=96&d=mm&r=g","caption":"EDITOR"},"url":"https:\/\/laprensacristiana.com\/?author=3"}]}},"_links":{"self":[{"href":"https:\/\/laprensacristiana.com\/index.php?rest_route=\/wp\/v2\/posts\/3500"}],"collection":[{"href":"https:\/\/laprensacristiana.com\/index.php?rest_route=\/wp\/v2\/posts"}],"about":[{"href":"https:\/\/laprensacristiana.com\/index.php?rest_route=\/wp\/v2\/types\/post"}],"author":[{"embeddable":true,"href":"https:\/\/laprensacristiana.com\/index.php?rest_route=\/wp\/v2\/users\/3"}],"replies":[{"embeddable":true,"href":"https:\/\/laprensacristiana.com\/index.php?rest_route=%2Fwp%2Fv2%2Fcomments&post=3500"}],"version-history":[{"count":1,"href":"https:\/\/laprensacristiana.com\/index.php?rest_route=\/wp\/v2\/posts\/3500\/revisions"}],"predecessor-version":[{"id":3502,"href":"https:\/\/laprensacristiana.com\/index.php?rest_route=\/wp\/v2\/posts\/3500\/revisions\/3502"}],"wp:featuredmedia":[{"embeddable":true,"href":"https:\/\/laprensacristiana.com\/index.php?rest_route=\/wp\/v2\/media\/3501"}],"wp:attachment":[{"href":"https:\/\/laprensacristiana.com\/index.php?rest_route=%2Fwp%2Fv2%2Fmedia&parent=3500"}],"wp:term":[{"taxonomy":"category","embeddable":true,"href":"https:\/\/laprensacristiana.com\/index.php?rest_route=%2Fwp%2Fv2%2Fcategories&post=3500"},{"taxonomy":"post_tag","embeddable":true,"href":"https:\/\/laprensacristiana.com\/index.php?rest_route=%2Fwp%2Fv2%2Ftags&post=3500"}],"curies":[{"name":"wp","href":"https:\/\/api.w.org\/{rel}","templated":true}]}}