{"id":3505,"date":"2018-02-22T13:39:37","date_gmt":"2018-02-22T13:39:37","guid":{"rendered":"https:\/\/laprensacristiana.com\/?p=3505"},"modified":"2018-02-22T13:39:37","modified_gmt":"2018-02-22T13:39:37","slug":"que-significa-tu-nombre","status":"publish","type":"post","link":"https:\/\/laprensacristiana.com\/?p=3505","title":{"rendered":"\u00bfQu\u00e9 significa tu nombre?"},"content":{"rendered":"<p>Hace muchos a\u00f1os me enter\u00e9 en una revista que mi nombre era obsoleto, ya no se usaba, hab\u00eda pasado de moda, ya nadie le pon\u00eda \u201cese\u201d nombre a sus hijas. Me avergonzaba mucho saber esto, llegu\u00e9 a pensar en cambiarme el nombre en la alcald\u00eda, pero entr\u00e9 en raz\u00f3n y tuve que sobrellevar la tragedia. Suena c\u00f3mico, pero a esa edad me afectaba mucho.<\/p>\n<p>Pero un d\u00eda vine a Jes\u00fas, me rend\u00ed a \u00c9l , comenc\u00e9 a seguirle, comenc\u00e9 a conocerle. Comenc\u00e9 a conocer su amor, encontr\u00e9 el amor de un Padre que me ama incondicionalmente. Su amor me envolvi\u00f3 y me hizo entender que me hab\u00eda creado como soy, con un prop\u00f3sito. En un seminario de sanidad interior me dieron el significado de mi nombre, eso cambi\u00f3 mi vida por completo. Quiere saber qu\u00e9 significa mi nombre? Ok! Yo qued\u00e9 muy sorprendida&#8230;.el significado es: no una, no dos, no tres&#8230;sino un RAMO de ROSAS<br \/>\nComprend\u00ed que esa era la manera que El me ve\u00eda. Espl\u00e9ndida y hermosa. Esta verdad me ayud\u00f3 a aceptarme a mi misma tal como era y aceptar mi nombre con amor.<\/p>\n<p>Las rosas son de las flores m\u00e1s bellas del mundo y de las favoritas para escoger, especialmente para el d\u00eda de la amistad y el amor o el d\u00eda de las madres, personalmente me encantan. Hay diversas formas y colores. Poseen espinas en el tallo, \u00e9stas normalmente cumplen dos funciones: ser elementos protectores o sirven para ser parte de estrategias de supervivencia en condiciones extremas. Esta informaci\u00f3n me llam\u00f3 la atenci\u00f3n mucho y me record\u00f3 \u00e9ste vers\u00edculo: \u201cSobre toda cosa guardada, guarda tu coraz\u00f3n; Porque de \u00e9l mana la vida.\u201d Proverbios\u202c \u202d4:23\u202c \u202del punto aqu\u00ed es, que Dios nos pide que protejamos nuestro coraz\u00f3n, porque de ah\u00ed se genera nuestra vitalidad, de ah\u00ed nacen cosas buenas o malas. Esa es mi historia, de c\u00f3mo Dios cambi\u00f3 mi identidad.<\/p>\n<p>Tambi\u00e9n quiero contarte el significado del nombre del gran profeta Samuel. Ana siendo est\u00e9ril, hizo una gran promesa: si Dios le conced\u00eda tener un hijo lo dedicar\u00eda a Dios todos los d\u00edas de su vida. El texto dice:<\/p>\n<p>\u201cAconteci\u00f3 que al cumplirse el tiempo, despu\u00e9s de haber concebido Ana, dio a luz un hijo, y le puso por nombre Samuel, diciendo: Por cuanto lo ped\u00ed a Jehov\u00e1.\u201d<br \/>\n\u202d\u202d1 Samuel\u202c \u202d1:20\u202c \u202d<\/p>\n<p>El nombre Samuel significa: \u201cEl Se\u00f1or me ha escuchado\u201d imagino que Ana le relat\u00f3 a su hijo el milagro de su nacimiento muchas veces. Su nombre le record\u00f3 toda su vida, que el Dios a quien serv\u00eda, se complace en escuchar y responder a sus hijos. Cada vez que alguien lo llamaba, proclamaba una poderosa promesa.<\/p>\n<p>Nuestro nombre nos da una identidad, no s\u00f3lo para un documento, sino para asumir el dise\u00f1o que Dios ha creado con cada uno de nosotros. Dios le cambi\u00f3 el nombre a<br \/>\nAbr\u00e1m por el de ABRAHAM (Gn 17, 5).El nombre Abrah\u00e1m significa \u00abpadre de las naciones\u00bb. \u00bfEs verdad que Abraham es padre de las naciones? S\u00ed, porque Dios le prometi\u00f3 que lo iba a ser: te he puesto por padre de muchedumbre de gentes (Gn 17, 5). As\u00ed vemos que su nuevo nombre corresponde con su nuevo ministerio e identidad.<\/p>\n<p>En el mismo G\u00e9nesis tambi\u00e9n vemos que Sara\u00ed recibi\u00f3 el nombre de SARA que significa \u00abprincesa\u00bb. Otra vez el cambio de nombre corresponde con la nueva identidad dentro de la realeza. Sara iba a ser madre de reyes (Gn 17, 16). A Jacob, Dios le cambi\u00f3 su nombre por ISRAEL porque luch\u00f3 con Dios y con los hombres y venci\u00f3 (Gn 32, 28).<\/p>\n<p>Qu\u00e9 significa tu nombre? Dios cambia historias de vidas para cumplir un prop\u00f3sito eterno<\/p>\n","protected":false},"excerpt":{"rendered":"<p>Hace muchos a\u00f1os me enter\u00e9 en una revista que mi nombre era obsoleto, ya no se usaba, hab\u00eda pasado de moda, ya nadie le pon\u00eda \u201cese\u201d nombre a sus hijas. Me avergonzaba mucho saber esto, llegu\u00e9 a pensar en cambiarme el nombre en la alcald\u00eda, pero entr\u00e9 en raz\u00f3n y tuve que sobrellevar la tragedia. [&hellip;]<\/p>\n","protected":false},"author":3,"featured_media":3485,"comment_status":"open","ping_status":"open","sticky":false,"template":"","format":"standard","meta":[],"categories":[23],"tags":[],"yoast_head":"<!-- This site is optimized with the Yoast SEO plugin v20.8 - https:\/\/yoast.com\/wordpress\/plugins\/seo\/ -->\n<title>\u00bfQu\u00e9 significa tu nombre? - La Prensa Cristiana<\/title>\n<meta name=\"robots\" content=\"index, follow, max-snippet:-1, max-image-preview:large, max-video-preview:-1\" \/>\n<link rel=\"canonical\" href=\"https:\/\/laprensacristiana.com\/?p=3505\" \/>\n<meta property=\"og:locale\" content=\"es_ES\" \/>\n<meta property=\"og:type\" content=\"article\" \/>\n<meta property=\"og:title\" content=\"\u00bfQu\u00e9 significa tu nombre? - La Prensa Cristiana\" \/>\n<meta property=\"og:description\" content=\"Hace muchos a\u00f1os me enter\u00e9 en una revista que mi nombre era obsoleto, ya no se usaba, hab\u00eda pasado de moda, ya nadie le pon\u00eda \u201cese\u201d nombre a sus hijas. Me avergonzaba mucho saber esto, llegu\u00e9 a pensar en cambiarme el nombre en la alcald\u00eda, pero entr\u00e9 en raz\u00f3n y tuve que sobrellevar la tragedia. [&hellip;]\" \/>\n<meta property=\"og:url\" content=\"https:\/\/laprensacristiana.com\/?p=3505\" \/>\n<meta property=\"og:site_name\" content=\"La Prensa Cristiana\" \/>\n<meta property=\"article:published_time\" content=\"2018-02-22T13:39:37+00:00\" \/>\n<meta property=\"og:image\" content=\"https:\/\/laprensacristiana.com\/wp-content\/uploads\/2018\/02\/WhatsApp-Image-2018-02-06-at-15.56.48.jpeg\" \/>\n\t<meta property=\"og:image:width\" content=\"1280\" \/>\n\t<meta property=\"og:image:height\" content=\"714\" \/>\n\t<meta property=\"og:image:type\" content=\"image\/jpeg\" \/>\n<meta name=\"author\" content=\"EDITOR\" \/>\n<meta name=\"twitter:card\" content=\"summary_large_image\" \/>\n<meta name=\"twitter:label1\" content=\"Escrito por\" \/>\n\t<meta name=\"twitter:data1\" content=\"EDITOR\" \/>\n\t<meta name=\"twitter:label2\" content=\"Tiempo de lectura\" \/>\n\t<meta name=\"twitter:data2\" content=\"3 minutos\" \/>\n<script type=\"application\/ld+json\" class=\"yoast-schema-graph\">{\"@context\":\"https:\/\/schema.org\",\"@graph\":[{\"@type\":\"WebPage\",\"@id\":\"https:\/\/laprensacristiana.com\/?p=3505\",\"url\":\"https:\/\/laprensacristiana.com\/?p=3505\",\"name\":\"\u00bfQu\u00e9 significa tu nombre? - La Prensa Cristiana\",\"isPartOf\":{\"@id\":\"https:\/\/laprensacristiana.com\/#website\"},\"datePublished\":\"2018-02-22T13:39:37+00:00\",\"dateModified\":\"2018-02-22T13:39:37+00:00\",\"author\":{\"@id\":\"https:\/\/laprensacristiana.com\/#\/schema\/person\/3e7d82c6bfd6b1fa67010f8f7cd5256e\"},\"breadcrumb\":{\"@id\":\"https:\/\/laprensacristiana.com\/?p=3505#breadcrumb\"},\"inLanguage\":\"es\",\"potentialAction\":[{\"@type\":\"ReadAction\",\"target\":[\"https:\/\/laprensacristiana.com\/?p=3505\"]}]},{\"@type\":\"BreadcrumbList\",\"@id\":\"https:\/\/laprensacristiana.com\/?p=3505#breadcrumb\",\"itemListElement\":[{\"@type\":\"ListItem\",\"position\":1,\"name\":\"Portada\",\"item\":\"https:\/\/laprensacristiana.com\/\"},{\"@type\":\"ListItem\",\"position\":2,\"name\":\"\u00bfQu\u00e9 significa tu nombre?\"}]},{\"@type\":\"WebSite\",\"@id\":\"https:\/\/laprensacristiana.com\/#website\",\"url\":\"https:\/\/laprensacristiana.com\/\",\"name\":\"La Prensa Cristiana\",\"description\":\"Anunciando Las Buenas Nuevas\",\"potentialAction\":[{\"@type\":\"SearchAction\",\"target\":{\"@type\":\"EntryPoint\",\"urlTemplate\":\"https:\/\/laprensacristiana.com\/?s={search_term_string}\"},\"query-input\":\"required name=search_term_string\"}],\"inLanguage\":\"es\"},{\"@type\":\"Person\",\"@id\":\"https:\/\/laprensacristiana.com\/#\/schema\/person\/3e7d82c6bfd6b1fa67010f8f7cd5256e\",\"name\":\"EDITOR\",\"image\":{\"@type\":\"ImageObject\",\"inLanguage\":\"es\",\"@id\":\"https:\/\/laprensacristiana.com\/#\/schema\/person\/image\/\",\"url\":\"https:\/\/secure.gravatar.com\/avatar\/72069dfb6c13772d9e8381e3638666d2?s=96&d=mm&r=g\",\"contentUrl\":\"https:\/\/secure.gravatar.com\/avatar\/72069dfb6c13772d9e8381e3638666d2?s=96&d=mm&r=g\",\"caption\":\"EDITOR\"},\"url\":\"https:\/\/laprensacristiana.com\/?author=3\"}]}<\/script>\n<!-- \/ Yoast SEO plugin. -->","yoast_head_json":{"title":"\u00bfQu\u00e9 significa tu nombre? - La Prensa Cristiana","robots":{"index":"index","follow":"follow","max-snippet":"max-snippet:-1","max-image-preview":"max-image-preview:large","max-video-preview":"max-video-preview:-1"},"canonical":"https:\/\/laprensacristiana.com\/?p=3505","og_locale":"es_ES","og_type":"article","og_title":"\u00bfQu\u00e9 significa tu nombre? - La Prensa Cristiana","og_description":"Hace muchos a\u00f1os me enter\u00e9 en una revista que mi nombre era obsoleto, ya no se usaba, hab\u00eda pasado de moda, ya nadie le pon\u00eda \u201cese\u201d nombre a sus hijas. Me avergonzaba mucho saber esto, llegu\u00e9 a pensar en cambiarme el nombre en la alcald\u00eda, pero entr\u00e9 en raz\u00f3n y tuve que sobrellevar la tragedia. [&hellip;]","og_url":"https:\/\/laprensacristiana.com\/?p=3505","og_site_name":"La Prensa Cristiana","article_published_time":"2018-02-22T13:39:37+00:00","og_image":[{"width":1280,"height":714,"url":"https:\/\/laprensacristiana.com\/wp-content\/uploads\/2018\/02\/WhatsApp-Image-2018-02-06-at-15.56.48.jpeg","type":"image\/jpeg"}],"author":"EDITOR","twitter_card":"summary_large_image","twitter_misc":{"Escrito por":"EDITOR","Tiempo de lectura":"3 minutos"},"schema":{"@context":"https:\/\/schema.org","@graph":[{"@type":"WebPage","@id":"https:\/\/laprensacristiana.com\/?p=3505","url":"https:\/\/laprensacristiana.com\/?p=3505","name":"\u00bfQu\u00e9 significa tu nombre? - La Prensa Cristiana","isPartOf":{"@id":"https:\/\/laprensacristiana.com\/#website"},"datePublished":"2018-02-22T13:39:37+00:00","dateModified":"2018-02-22T13:39:37+00:00","author":{"@id":"https:\/\/laprensacristiana.com\/#\/schema\/person\/3e7d82c6bfd6b1fa67010f8f7cd5256e"},"breadcrumb":{"@id":"https:\/\/laprensacristiana.com\/?p=3505#breadcrumb"},"inLanguage":"es","potentialAction":[{"@type":"ReadAction","target":["https:\/\/laprensacristiana.com\/?p=3505"]}]},{"@type":"BreadcrumbList","@id":"https:\/\/laprensacristiana.com\/?p=3505#breadcrumb","itemListElement":[{"@type":"ListItem","position":1,"name":"Portada","item":"https:\/\/laprensacristiana.com\/"},{"@type":"ListItem","position":2,"name":"\u00bfQu\u00e9 significa tu nombre?"}]},{"@type":"WebSite","@id":"https:\/\/laprensacristiana.com\/#website","url":"https:\/\/laprensacristiana.com\/","name":"La Prensa Cristiana","description":"Anunciando Las Buenas Nuevas","potentialAction":[{"@type":"SearchAction","target":{"@type":"EntryPoint","urlTemplate":"https:\/\/laprensacristiana.com\/?s={search_term_string}"},"query-input":"required name=search_term_string"}],"inLanguage":"es"},{"@type":"Person","@id":"https:\/\/laprensacristiana.com\/#\/schema\/person\/3e7d82c6bfd6b1fa67010f8f7cd5256e","name":"EDITOR","image":{"@type":"ImageObject","inLanguage":"es","@id":"https:\/\/laprensacristiana.com\/#\/schema\/person\/image\/","url":"https:\/\/secure.gravatar.com\/avatar\/72069dfb6c13772d9e8381e3638666d2?s=96&d=mm&r=g","contentUrl":"https:\/\/secure.gravatar.com\/avatar\/72069dfb6c13772d9e8381e3638666d2?s=96&d=mm&r=g","caption":"EDITOR"},"url":"https:\/\/laprensacristiana.com\/?author=3"}]}},"_links":{"self":[{"href":"https:\/\/laprensacristiana.com\/index.php?rest_route=\/wp\/v2\/posts\/3505"}],"collection":[{"href":"https:\/\/laprensacristiana.com\/index.php?rest_route=\/wp\/v2\/posts"}],"about":[{"href":"https:\/\/laprensacristiana.com\/index.php?rest_route=\/wp\/v2\/types\/post"}],"author":[{"embeddable":true,"href":"https:\/\/laprensacristiana.com\/index.php?rest_route=\/wp\/v2\/users\/3"}],"replies":[{"embeddable":true,"href":"https:\/\/laprensacristiana.com\/index.php?rest_route=%2Fwp%2Fv2%2Fcomments&post=3505"}],"version-history":[{"count":1,"href":"https:\/\/laprensacristiana.com\/index.php?rest_route=\/wp\/v2\/posts\/3505\/revisions"}],"predecessor-version":[{"id":3506,"href":"https:\/\/laprensacristiana.com\/index.php?rest_route=\/wp\/v2\/posts\/3505\/revisions\/3506"}],"wp:featuredmedia":[{"embeddable":true,"href":"https:\/\/laprensacristiana.com\/index.php?rest_route=\/wp\/v2\/media\/3485"}],"wp:attachment":[{"href":"https:\/\/laprensacristiana.com\/index.php?rest_route=%2Fwp%2Fv2%2Fmedia&parent=3505"}],"wp:term":[{"taxonomy":"category","embeddable":true,"href":"https:\/\/laprensacristiana.com\/index.php?rest_route=%2Fwp%2Fv2%2Fcategories&post=3505"},{"taxonomy":"post_tag","embeddable":true,"href":"https:\/\/laprensacristiana.com\/index.php?rest_route=%2Fwp%2Fv2%2Ftags&post=3505"}],"curies":[{"name":"wp","href":"https:\/\/api.w.org\/{rel}","templated":true}]}}