{"id":3517,"date":"2018-02-27T17:10:42","date_gmt":"2018-02-27T17:10:42","guid":{"rendered":"https:\/\/laprensacristiana.com\/?p=3517"},"modified":"2020-07-02T00:16:47","modified_gmt":"2020-07-02T00:16:47","slug":"el-tour-e6-25-llega-a-el-salvador","status":"publish","type":"post","link":"https:\/\/laprensacristiana.com\/?p=3517","title":{"rendered":"El Tour E6-25 llega a El Salvador"},"content":{"rendered":"<p style=\"text-align: justify;\">Especialidades 6-25, pone a tu alcance las herramientas y los recursos m\u00e1s actualizados y relevantes para el desarrollo exitoso del ministerio generacional en tu iglesia, escuela y familia, el tour es una capacitaci\u00f3n especializada enfocada en el liderazgo que atiende a las generaciones comprendidas entre los 6 y los 25 a\u00f1os.<\/p>\n<p>El tour va dirigido a pastores generales, maestros de ni\u00f1os, l\u00edderes de j\u00f3venes, padres de familia y maestros en general.<\/p>\n<p style=\"text-align: justify;\">Ser\u00e1 impartido por diversos ponentes nacionales e internacionales tales como: Lucas Leys (Doctor en Teolog\u00eda y fundador E6-25), Willy G\u00f3mez (Director E6-25 Guatemala), Adri\u00e1n Intrieri (psic\u00f3logo y conferencista), Jon\u00e1s Herrera (Publicista, Director E6-25 El Salvador), Josu\u00e9 Blanco (Administrador de Empresas y pastor de j\u00f3venes Iglesia Edificadores del Reino).<\/p>\n<p style=\"text-align: justify;\">Las tem\u00e1ticas a desarrollar son:<\/p>\n<p style=\"text-align: justify;\">*7 Secretos para l\u00edderes de ni\u00f1os, impartido por Willy G\u00f3mez (Presencial)<\/p>\n<p style=\"text-align: justify;\">*El Jes\u00fas que buscan los pre adolescentes, por Adri\u00e1n Intrieri (En vivo online)<\/p>\n<p style=\"text-align: justify;\">*Adolescentes una generaci\u00f3n que te necesita, por Jon\u00e1s Herrera (Presencial)<\/p>\n<p style=\"text-align: justify;\">*J\u00f3venes: vocaci\u00f3n vrs. Fe, por Josu\u00e9 Blanco (Presencial)<\/p>\n<p style=\"text-align: justify;\">*\u00bfQu\u00e9 es todo esto de liderazgo generacional?, por Lucas Leys (Video)<\/p>\n<p style=\"text-align: justify;\">Todos estos temas ser\u00e1n impartidos el S\u00e1bado 10 de Marzo en el Audit\u00f3rium de la Asociaci\u00f3n Salvadore\u00f1a de Industriales ASI, en el horario de 8:00 am a 12:30 pm, con una inversi\u00f3n de\u00a0$10.00\u00a0por participante, teniendo un cupo limitado, puedes inscribirte a trav\u00e9s de: <a href=\"http:\/\/www.elsalvador.e625.com\">www.elsalvador.e625.com<\/a> o en sus redes sociales como <a href=\"https:\/\/twitter.com\/e625ElSalvador\">@e625ElSalvador<\/a><\/p>\n","protected":false},"excerpt":{"rendered":"<p>Especialidades 6-25, pone a tu alcance las herramientas y los recursos m\u00e1s actualizados y relevantes para el desarrollo exitoso del ministerio generacional en tu iglesia, escuela y familia, el tour es una capacitaci\u00f3n especializada enfocada en el liderazgo que atiende a las generaciones comprendidas entre los 6 y los 25 a\u00f1os. El tour va dirigido [&hellip;]<\/p>\n","protected":false},"author":3,"featured_media":3518,"comment_status":"open","ping_status":"open","sticky":false,"template":"","format":"standard","meta":[],"categories":[56],"tags":[],"yoast_head":"<!-- This site is optimized with the Yoast SEO plugin v20.8 - https:\/\/yoast.com\/wordpress\/plugins\/seo\/ -->\n<title>El Tour E6-25 llega a El Salvador - La Prensa Cristiana<\/title>\n<meta name=\"robots\" content=\"index, follow, max-snippet:-1, max-image-preview:large, max-video-preview:-1\" \/>\n<link rel=\"canonical\" href=\"https:\/\/laprensacristiana.com\/?p=3517\" \/>\n<meta property=\"og:locale\" content=\"es_ES\" \/>\n<meta property=\"og:type\" content=\"article\" \/>\n<meta property=\"og:title\" content=\"El Tour E6-25 llega a El Salvador - La Prensa Cristiana\" \/>\n<meta property=\"og:description\" content=\"Especialidades 6-25, pone a tu alcance las herramientas y los recursos m\u00e1s actualizados y relevantes para el desarrollo exitoso del ministerio generacional en tu iglesia, escuela y familia, el tour es una capacitaci\u00f3n especializada enfocada en el liderazgo que atiende a las generaciones comprendidas entre los 6 y los 25 a\u00f1os. El tour va dirigido [&hellip;]\" \/>\n<meta property=\"og:url\" content=\"https:\/\/laprensacristiana.com\/?p=3517\" \/>\n<meta property=\"og:site_name\" content=\"La Prensa Cristiana\" \/>\n<meta property=\"article:published_time\" content=\"2018-02-27T17:10:42+00:00\" \/>\n<meta property=\"article:modified_time\" content=\"2020-07-02T00:16:47+00:00\" \/>\n<meta property=\"og:image\" content=\"https:\/\/laprensacristiana.com\/wp-content\/uploads\/2018\/02\/Tour-E6-25.jpg\" \/>\n\t<meta property=\"og:image:width\" content=\"700\" \/>\n\t<meta property=\"og:image:height\" content=\"700\" \/>\n\t<meta property=\"og:image:type\" content=\"image\/jpeg\" \/>\n<meta name=\"author\" content=\"EDITOR\" \/>\n<meta name=\"twitter:card\" content=\"summary_large_image\" \/>\n<meta name=\"twitter:label1\" content=\"Escrito por\" \/>\n\t<meta name=\"twitter:data1\" content=\"EDITOR\" \/>\n\t<meta name=\"twitter:label2\" content=\"Tiempo de lectura\" \/>\n\t<meta name=\"twitter:data2\" content=\"1 minuto\" \/>\n<script type=\"application\/ld+json\" class=\"yoast-schema-graph\">{\"@context\":\"https:\/\/schema.org\",\"@graph\":[{\"@type\":\"WebPage\",\"@id\":\"https:\/\/laprensacristiana.com\/?p=3517\",\"url\":\"https:\/\/laprensacristiana.com\/?p=3517\",\"name\":\"El Tour E6-25 llega a El Salvador - La Prensa Cristiana\",\"isPartOf\":{\"@id\":\"https:\/\/laprensacristiana.com\/#website\"},\"datePublished\":\"2018-02-27T17:10:42+00:00\",\"dateModified\":\"2020-07-02T00:16:47+00:00\",\"author\":{\"@id\":\"https:\/\/laprensacristiana.com\/#\/schema\/person\/3e7d82c6bfd6b1fa67010f8f7cd5256e\"},\"breadcrumb\":{\"@id\":\"https:\/\/laprensacristiana.com\/?p=3517#breadcrumb\"},\"inLanguage\":\"es\",\"potentialAction\":[{\"@type\":\"ReadAction\",\"target\":[\"https:\/\/laprensacristiana.com\/?p=3517\"]}]},{\"@type\":\"BreadcrumbList\",\"@id\":\"https:\/\/laprensacristiana.com\/?p=3517#breadcrumb\",\"itemListElement\":[{\"@type\":\"ListItem\",\"position\":1,\"name\":\"Portada\",\"item\":\"https:\/\/laprensacristiana.com\/\"},{\"@type\":\"ListItem\",\"position\":2,\"name\":\"El Tour E6-25 llega a El Salvador\"}]},{\"@type\":\"WebSite\",\"@id\":\"https:\/\/laprensacristiana.com\/#website\",\"url\":\"https:\/\/laprensacristiana.com\/\",\"name\":\"La Prensa Cristiana\",\"description\":\"Anunciando Las Buenas Nuevas\",\"potentialAction\":[{\"@type\":\"SearchAction\",\"target\":{\"@type\":\"EntryPoint\",\"urlTemplate\":\"https:\/\/laprensacristiana.com\/?s={search_term_string}\"},\"query-input\":\"required name=search_term_string\"}],\"inLanguage\":\"es\"},{\"@type\":\"Person\",\"@id\":\"https:\/\/laprensacristiana.com\/#\/schema\/person\/3e7d82c6bfd6b1fa67010f8f7cd5256e\",\"name\":\"EDITOR\",\"image\":{\"@type\":\"ImageObject\",\"inLanguage\":\"es\",\"@id\":\"https:\/\/laprensacristiana.com\/#\/schema\/person\/image\/\",\"url\":\"https:\/\/secure.gravatar.com\/avatar\/72069dfb6c13772d9e8381e3638666d2?s=96&d=mm&r=g\",\"contentUrl\":\"https:\/\/secure.gravatar.com\/avatar\/72069dfb6c13772d9e8381e3638666d2?s=96&d=mm&r=g\",\"caption\":\"EDITOR\"},\"url\":\"https:\/\/laprensacristiana.com\/?author=3\"}]}<\/script>\n<!-- \/ Yoast SEO plugin. -->","yoast_head_json":{"title":"El Tour E6-25 llega a El Salvador - La Prensa Cristiana","robots":{"index":"index","follow":"follow","max-snippet":"max-snippet:-1","max-image-preview":"max-image-preview:large","max-video-preview":"max-video-preview:-1"},"canonical":"https:\/\/laprensacristiana.com\/?p=3517","og_locale":"es_ES","og_type":"article","og_title":"El Tour E6-25 llega a El Salvador - La Prensa Cristiana","og_description":"Especialidades 6-25, pone a tu alcance las herramientas y los recursos m\u00e1s actualizados y relevantes para el desarrollo exitoso del ministerio generacional en tu iglesia, escuela y familia, el tour es una capacitaci\u00f3n especializada enfocada en el liderazgo que atiende a las generaciones comprendidas entre los 6 y los 25 a\u00f1os. El tour va dirigido [&hellip;]","og_url":"https:\/\/laprensacristiana.com\/?p=3517","og_site_name":"La Prensa Cristiana","article_published_time":"2018-02-27T17:10:42+00:00","article_modified_time":"2020-07-02T00:16:47+00:00","og_image":[{"width":700,"height":700,"url":"https:\/\/laprensacristiana.com\/wp-content\/uploads\/2018\/02\/Tour-E6-25.jpg","type":"image\/jpeg"}],"author":"EDITOR","twitter_card":"summary_large_image","twitter_misc":{"Escrito por":"EDITOR","Tiempo de lectura":"1 minuto"},"schema":{"@context":"https:\/\/schema.org","@graph":[{"@type":"WebPage","@id":"https:\/\/laprensacristiana.com\/?p=3517","url":"https:\/\/laprensacristiana.com\/?p=3517","name":"El Tour E6-25 llega a El Salvador - La Prensa Cristiana","isPartOf":{"@id":"https:\/\/laprensacristiana.com\/#website"},"datePublished":"2018-02-27T17:10:42+00:00","dateModified":"2020-07-02T00:16:47+00:00","author":{"@id":"https:\/\/laprensacristiana.com\/#\/schema\/person\/3e7d82c6bfd6b1fa67010f8f7cd5256e"},"breadcrumb":{"@id":"https:\/\/laprensacristiana.com\/?p=3517#breadcrumb"},"inLanguage":"es","potentialAction":[{"@type":"ReadAction","target":["https:\/\/laprensacristiana.com\/?p=3517"]}]},{"@type":"BreadcrumbList","@id":"https:\/\/laprensacristiana.com\/?p=3517#breadcrumb","itemListElement":[{"@type":"ListItem","position":1,"name":"Portada","item":"https:\/\/laprensacristiana.com\/"},{"@type":"ListItem","position":2,"name":"El Tour E6-25 llega a El Salvador"}]},{"@type":"WebSite","@id":"https:\/\/laprensacristiana.com\/#website","url":"https:\/\/laprensacristiana.com\/","name":"La Prensa Cristiana","description":"Anunciando Las Buenas Nuevas","potentialAction":[{"@type":"SearchAction","target":{"@type":"EntryPoint","urlTemplate":"https:\/\/laprensacristiana.com\/?s={search_term_string}"},"query-input":"required name=search_term_string"}],"inLanguage":"es"},{"@type":"Person","@id":"https:\/\/laprensacristiana.com\/#\/schema\/person\/3e7d82c6bfd6b1fa67010f8f7cd5256e","name":"EDITOR","image":{"@type":"ImageObject","inLanguage":"es","@id":"https:\/\/laprensacristiana.com\/#\/schema\/person\/image\/","url":"https:\/\/secure.gravatar.com\/avatar\/72069dfb6c13772d9e8381e3638666d2?s=96&d=mm&r=g","contentUrl":"https:\/\/secure.gravatar.com\/avatar\/72069dfb6c13772d9e8381e3638666d2?s=96&d=mm&r=g","caption":"EDITOR"},"url":"https:\/\/laprensacristiana.com\/?author=3"}]}},"_links":{"self":[{"href":"https:\/\/laprensacristiana.com\/index.php?rest_route=\/wp\/v2\/posts\/3517"}],"collection":[{"href":"https:\/\/laprensacristiana.com\/index.php?rest_route=\/wp\/v2\/posts"}],"about":[{"href":"https:\/\/laprensacristiana.com\/index.php?rest_route=\/wp\/v2\/types\/post"}],"author":[{"embeddable":true,"href":"https:\/\/laprensacristiana.com\/index.php?rest_route=\/wp\/v2\/users\/3"}],"replies":[{"embeddable":true,"href":"https:\/\/laprensacristiana.com\/index.php?rest_route=%2Fwp%2Fv2%2Fcomments&post=3517"}],"version-history":[{"count":1,"href":"https:\/\/laprensacristiana.com\/index.php?rest_route=\/wp\/v2\/posts\/3517\/revisions"}],"predecessor-version":[{"id":3519,"href":"https:\/\/laprensacristiana.com\/index.php?rest_route=\/wp\/v2\/posts\/3517\/revisions\/3519"}],"wp:featuredmedia":[{"embeddable":true,"href":"https:\/\/laprensacristiana.com\/index.php?rest_route=\/wp\/v2\/media\/3518"}],"wp:attachment":[{"href":"https:\/\/laprensacristiana.com\/index.php?rest_route=%2Fwp%2Fv2%2Fmedia&parent=3517"}],"wp:term":[{"taxonomy":"category","embeddable":true,"href":"https:\/\/laprensacristiana.com\/index.php?rest_route=%2Fwp%2Fv2%2Fcategories&post=3517"},{"taxonomy":"post_tag","embeddable":true,"href":"https:\/\/laprensacristiana.com\/index.php?rest_route=%2Fwp%2Fv2%2Ftags&post=3517"}],"curies":[{"name":"wp","href":"https:\/\/api.w.org\/{rel}","templated":true}]}}