{"id":3525,"date":"2018-02-27T18:15:21","date_gmt":"2018-02-27T18:15:21","guid":{"rendered":"https:\/\/laprensacristiana.com\/?p=3525"},"modified":"2020-07-02T00:16:37","modified_gmt":"2020-07-02T00:16:37","slug":"entrevista-especial-con-jonas-herrera","status":"publish","type":"post","link":"https:\/\/laprensacristiana.com\/?p=3525","title":{"rendered":"Entrevista Especial con Jon\u00e1s Herrera"},"content":{"rendered":"<p style=\"text-align: justify;\"><strong><em>\u00bfC\u00f3mo nace la idea de producir la pasi\u00f3n de Cristo?<\/em><\/strong><\/p>\n<p style=\"text-align: justify;\">La idea surge de constantes pl\u00e1ticas entre William Alem\u00e1n Director de Lets Move y\u00a0 mi persona, juntos decidimos llevar la historia de amor m\u00e1s grande y m\u00e1s maravillosa de la humanidad al teatro. Yo acept\u00e9 a Cristo a la edad de 17 a\u00f1os y provengo de una familia de artistas, mi madre Linda Castellanos es una actriz de teatro y televisi\u00f3n, y yo toda mi vida me desarroll\u00e9 en este ambiente de luces, c\u00e1maras, ensayos y bambalinas. Estudi\u00e9 comunicaciones, trabaj\u00e9 en televisi\u00f3n, hice teatro y termin\u00e9 dirigiendo mi propia empresa Imagina Show dedicada a la producci\u00f3n de eventos en vivo a nivel corporativo, pero siempre hab\u00eda estado en mi el poder usar los dones y talentos para llevar el mensaje de Jes\u00fas, pero yo lo quer\u00eda llevar a un nivel digno en cuanto a la producci\u00f3n, y hoy junto a William esto es posible, es una obra que requiere mucho cuidado y atenci\u00f3n a los detalles, adem\u00e1s\u00a0 es una gran inversi\u00f3n de esfuerzo y de dinero.<\/p>\n<p style=\"text-align: justify;\"><strong>\u00bfCu\u00e1l es el fundamento para el gui\u00f3n?<\/strong><\/p>\n<p style=\"text-align: justify;\">Bueno, pocas personas saben que tengo un diplomado en Biblia, esto me ayud\u00f3 mucho a adaptar la obra respetando el texto B\u00edblico, William Alem\u00e1n es un genio director art\u00edstico \u00e9l hizo una estructura hermosa de la historia, yo la complement\u00e9 acerc\u00e1ndola plenamente al relato conocido de los evangelios, por lo que veremos una obra cl\u00e1sica apegada al texto y con elementos art\u00edsticos de primera. Queremos que el espectador pueda revivir esas horas de la pasi\u00f3n, muerte y resurrecci\u00f3n e imaginar lo que Jes\u00fas sinti\u00f3 entendiendo cuanto amor fue entregado en la Cruz. La obra presenta la vida de Cristo tal cual la leemos en la Biblia, no es ni se parece en nada a algo visto antes en el pa\u00eds, tampoco es algo parecido a Jesucristo Super Estrella, no es una historia que ofenda ni cause pol\u00e9mica todo lo contrario, ha sido cuidada para re encontrarnos con nuestra fe. Por supuesto que hay un despliegue de recursos t\u00e9cnicos, luces inteligentes, m\u00fasica original,\u00a0 pantallas led de 12 metros nunca antes utilizadas en obras de este tipo en el pa\u00eds, pero estos son recursos que no van sobre la historia, sino m\u00e1s bien para que el p\u00fablico asistente pueda sentir y revivir que est\u00e1 en el Jerusal\u00e9n de Jes\u00fas, incluso los personajes son como los tenemos en nuestro ideario mental, como era Jes\u00fas, Mar\u00eda, Pedro, Caif\u00e1s, entre otros, esto para que no haya ning\u00fan ruido visual en la narrativa.<\/p>\n<p style=\"text-align: justify;\"><strong><em>\u00bfCu\u00e1nto tiempo lleva montar una producci\u00f3n como esta? <\/em><\/strong><\/p>\n<p style=\"text-align: justify;\">Desde hace ocho meses comenzamos a trabajar el gui\u00f3n, hemos comenzado intensamente desde noviembre del a\u00f1o pasado y desde este enero ensayando todas las semanas.<\/p>\n<p style=\"text-align: justify;\"><strong><em>\u00bfPor qu\u00e9 le apasiona la historia de Cristo a Jon\u00e1s Herrera?<\/em><\/strong><\/p>\n<p style=\"text-align: justify;\">Cuando entend\u00ed que siendo lo que yo era y porque no lo que soy \u00c9l me am\u00f3 hasta la muerte\u2026 No puedo m\u00e1s que pensar en \u00c9l y preguntarme \u00bfpor qu\u00e9?, \u00bfporque me escogiste a mi? Y es por eso que para m\u00ed es importante llevar este mensaje de amor, la Pasi\u00f3n de Cristo es el \u00fanico mensaje que realmente transforma.<\/p>\n<p style=\"text-align: justify;\">En esta historia hemos acercado a los personajes a la actualidad \u00bfen que sentido?, por ejemplo vemos a Mar\u00eda Magdalena a Caif\u00e1s, no como personajes hist\u00f3ricos sino que vemos a Caif\u00e1s como muchos de nosotros que sin reconocerlo seguimos emitiendo juicios, tal como aquel juicio que se emit\u00eda sobre Mar\u00eda Magdalena, pero nosotros tambi\u00e9n podemos ser esa Mar\u00eda Magdalena que est\u00e1 siendo juzgada y que mira a Jes\u00fas, qui\u00e9n teniendo toda la autoridad para apedrearla la observa con amor y la perdona, la obra recopila esos elementos tambi\u00e9n, siempre sin salirnos del texto. La pasi\u00f3n de Cristo es la historia real que le dio sentido a mi vida y junto con William queremos que le d\u00e9 sentido a la vida de otras personas tambi\u00e9n, adem\u00e1s esta puede ser una gran excusa para invitar a aquellas personas que no van a ninguna iglesia, grupo o denominaci\u00f3n y decirles: Ven\u00ed vayamos al teatro, yo estoy seguro que de ese teatro van a salir transformados.<\/p>\n<p style=\"text-align: justify;\"><strong><em>\u00bfPara qu\u00e9 p\u00fablico va dirigida?<\/em><\/strong><\/p>\n<p style=\"text-align: justify;\">Perm\u00edteme cambiar la pregunta \u00bfQui\u00e9n no debe escuchar esta historia?, pensemos que Jes\u00fas mismo fuera el productor de la obra, \u00bfa qui\u00e9n le prohibiera conocerla? Sin duda no limitar\u00eda a nadie, todos la pueden ver. \u00c9l querr\u00eda que todos se acerquen a conocer su historia, porque es la \u00fanica historia que le puede dar verdadero sentido a nuestras vidas. Adem\u00e1s es para toda la familia, y deben saber que hemos cuidado tan bien de las partes gr\u00e1ficas para que sea apta para todo p\u00fablico. Este mensaje lo debemos compartir a otros.<\/p>\n<p style=\"text-align: justify;\"><strong><em>\u00bfQui\u00e9nes son los participantes?<\/em><\/strong><\/p>\n<p style=\"text-align: justify;\">Son m\u00e1s de 50 personas entre actores, actrices, cantantes, en escena, y otro tanto m\u00e1s que estamos fuera de esta llegando alrededor de 100 personas en el staff, hablamos en la parte escenogr\u00e1fica, vestuarios, t\u00e9cnicos, etc. El elenco fue escogido por v\u00eda audici\u00f3n y directamente, la idea era lograr la m\u00e1xima credibilidad hist\u00f3rica y narrativa, que cuando el p\u00fablico vea a Caif\u00e1s crea que ese es Caif\u00e1s y para lograr eso es importante conectar la parte f\u00edsica del actor con su nivel art\u00edstico, eso no fue f\u00e1cil en un pa\u00eds donde hay limitaci\u00f3n de actores y que nuestra gen\u00e9tica no es jud\u00eda, ten\u00edamos que trabajar con el ideario de las personas y con el nivel art\u00edstico, fue as\u00ed como escogimos a un elenco que tiene experiencia actuando y es de primer nivel. \u00a0Esta historia va en doble v\u00eda, nos est\u00e1 causando un impacto a los que estamos dentro, y seguro impactar\u00e1 a todos los que lleguen a verla.<\/p>\n<p style=\"text-align: justify;\"><strong><em>Una producci\u00f3n como esta genera grandes costos que no se ven reflejados en el precio al p\u00fablico \u00bfNo es eso una perdida?<\/em><\/strong><\/p>\n<p style=\"text-align: justify;\">Esto lo analizamos con William Alem\u00e1n y d\u00e9jame decirte que era una media locura hacer esto o talvez locura completa, debes saber que el patrocinio se complica con obras de este tipo porque muchas marcas no patrocinan eventos con contenido cristiano porque lo catalogan como religioso, pero para nosotros es importante llevar este mensaje. Necesitamos que el pueblo apoye, porque si apoyamos iniciativas como estas hacemos que el arte comience a presentar este tipo de mensajes a un gran nivel de producci\u00f3n adem\u00e1s yo pregunto \u00bfQui\u00e9n nos dio el talento para que fu\u00e9ramos actores, cantantes, bailarines, escritores, pintores o productores? \u00bfQui\u00e9n nos dio el talento para que fu\u00e9ramos artistas \u00bfno fue a caso Dios? Entonces, que bueno que \u00a0podamos estar usando ese talento para llevar este mensaje. Por siglos las artes han llevado a escena historias que han sido usadas para romper valores morales y corromper visiones Cristianas, por eso la importancia de las bellas artes. Estoy seguro que si logramos llegar al m\u00e1s alto nivel con este tipo de obras vamos a \u00a0continuar llevando mensajes positivos, por eso espero verles a todos en el teatro Presidente este marzo.<\/p>\n<p style=\"text-align: justify;\"><em>No te pierdas esta apasionante obra que se llevar\u00e1 a cabo en el Teatro Presidente en el mes de marzo los d\u00edas viernes 23 a las 7:00 pm, s\u00e1bado 24\u00a0\u00a0y domingo 25 a las 4:00 y 6:30 pm, reserva ya el cupo de tu iglesia a trav\u00e9s de\u00a0<a href=\"http:\/\/www.smartticket.com.sv\/\" data-saferedirecturl=\"https:\/\/www.google.com\/url?hl=es&amp;q=http:\/\/www.smartticket.com.sv&amp;source=gmail&amp;ust=1519841080504000&amp;usg=AFQjCNECBGgvIWEmasQjXjwWRAros7Q8kQ\">www.smartticket.com.sv<\/a>\u00a0o en el kiosko de Smart Ticket en el tercer nivel de galer\u00edas y mantente actualizado de todos los adelantos de la obra siguiendo sus redes sociales en Facebook e Instagram como\u00a0<\/em><em>\u00a0@<\/em><em>lapasiondecristoelmusical<\/em><\/p>\n","protected":false},"excerpt":{"rendered":"<p>\u00bfC\u00f3mo nace la idea de producir la pasi\u00f3n de Cristo? La idea surge de constantes pl\u00e1ticas entre William Alem\u00e1n Director de Lets Move y\u00a0 mi persona, juntos decidimos llevar la historia de amor m\u00e1s grande y m\u00e1s maravillosa de la humanidad al teatro. Yo acept\u00e9 a Cristo a la edad de 17 a\u00f1os y provengo [&hellip;]<\/p>\n","protected":false},"author":3,"featured_media":3526,"comment_status":"open","ping_status":"open","sticky":false,"template":"","format":"standard","meta":[],"categories":[103],"tags":[],"yoast_head":"<!-- This site is optimized with the Yoast SEO plugin v20.8 - https:\/\/yoast.com\/wordpress\/plugins\/seo\/ -->\n<title>Entrevista Especial con Jon\u00e1s Herrera - La Prensa Cristiana<\/title>\n<meta name=\"robots\" content=\"index, follow, max-snippet:-1, max-image-preview:large, max-video-preview:-1\" \/>\n<link rel=\"canonical\" href=\"https:\/\/laprensacristiana.com\/?p=3525\" \/>\n<meta property=\"og:locale\" content=\"es_ES\" \/>\n<meta property=\"og:type\" content=\"article\" \/>\n<meta property=\"og:title\" content=\"Entrevista Especial con Jon\u00e1s Herrera - La Prensa Cristiana\" \/>\n<meta property=\"og:description\" content=\"\u00bfC\u00f3mo nace la idea de producir la pasi\u00f3n de Cristo? La idea surge de constantes pl\u00e1ticas entre William Alem\u00e1n Director de Lets Move y\u00a0 mi persona, juntos decidimos llevar la historia de amor m\u00e1s grande y m\u00e1s maravillosa de la humanidad al teatro. Yo acept\u00e9 a Cristo a la edad de 17 a\u00f1os y provengo [&hellip;]\" \/>\n<meta property=\"og:url\" content=\"https:\/\/laprensacristiana.com\/?p=3525\" \/>\n<meta property=\"og:site_name\" content=\"La Prensa Cristiana\" \/>\n<meta property=\"article:published_time\" content=\"2018-02-27T18:15:21+00:00\" \/>\n<meta property=\"article:modified_time\" content=\"2020-07-02T00:16:37+00:00\" \/>\n<meta property=\"og:image\" content=\"https:\/\/laprensacristiana.com\/wp-content\/uploads\/2018\/02\/JONAS-HERRERA-WEB-scaled.jpg\" \/>\n\t<meta property=\"og:image:width\" content=\"2560\" \/>\n\t<meta property=\"og:image:height\" content=\"1507\" \/>\n\t<meta property=\"og:image:type\" content=\"image\/jpeg\" \/>\n<meta name=\"author\" content=\"EDITOR\" \/>\n<meta name=\"twitter:card\" content=\"summary_large_image\" \/>\n<meta name=\"twitter:label1\" content=\"Escrito por\" \/>\n\t<meta name=\"twitter:data1\" content=\"EDITOR\" \/>\n\t<meta name=\"twitter:label2\" content=\"Tiempo de lectura\" \/>\n\t<meta name=\"twitter:data2\" content=\"7 minutos\" \/>\n<script type=\"application\/ld+json\" class=\"yoast-schema-graph\">{\"@context\":\"https:\/\/schema.org\",\"@graph\":[{\"@type\":\"WebPage\",\"@id\":\"https:\/\/laprensacristiana.com\/?p=3525\",\"url\":\"https:\/\/laprensacristiana.com\/?p=3525\",\"name\":\"Entrevista Especial con Jon\u00e1s Herrera - La Prensa Cristiana\",\"isPartOf\":{\"@id\":\"https:\/\/laprensacristiana.com\/#website\"},\"datePublished\":\"2018-02-27T18:15:21+00:00\",\"dateModified\":\"2020-07-02T00:16:37+00:00\",\"author\":{\"@id\":\"https:\/\/laprensacristiana.com\/#\/schema\/person\/3e7d82c6bfd6b1fa67010f8f7cd5256e\"},\"breadcrumb\":{\"@id\":\"https:\/\/laprensacristiana.com\/?p=3525#breadcrumb\"},\"inLanguage\":\"es\",\"potentialAction\":[{\"@type\":\"ReadAction\",\"target\":[\"https:\/\/laprensacristiana.com\/?p=3525\"]}]},{\"@type\":\"BreadcrumbList\",\"@id\":\"https:\/\/laprensacristiana.com\/?p=3525#breadcrumb\",\"itemListElement\":[{\"@type\":\"ListItem\",\"position\":1,\"name\":\"Portada\",\"item\":\"https:\/\/laprensacristiana.com\/\"},{\"@type\":\"ListItem\",\"position\":2,\"name\":\"Entrevista Especial con Jon\u00e1s Herrera\"}]},{\"@type\":\"WebSite\",\"@id\":\"https:\/\/laprensacristiana.com\/#website\",\"url\":\"https:\/\/laprensacristiana.com\/\",\"name\":\"La Prensa Cristiana\",\"description\":\"Anunciando Las Buenas Nuevas\",\"potentialAction\":[{\"@type\":\"SearchAction\",\"target\":{\"@type\":\"EntryPoint\",\"urlTemplate\":\"https:\/\/laprensacristiana.com\/?s={search_term_string}\"},\"query-input\":\"required name=search_term_string\"}],\"inLanguage\":\"es\"},{\"@type\":\"Person\",\"@id\":\"https:\/\/laprensacristiana.com\/#\/schema\/person\/3e7d82c6bfd6b1fa67010f8f7cd5256e\",\"name\":\"EDITOR\",\"image\":{\"@type\":\"ImageObject\",\"inLanguage\":\"es\",\"@id\":\"https:\/\/laprensacristiana.com\/#\/schema\/person\/image\/\",\"url\":\"https:\/\/secure.gravatar.com\/avatar\/72069dfb6c13772d9e8381e3638666d2?s=96&d=mm&r=g\",\"contentUrl\":\"https:\/\/secure.gravatar.com\/avatar\/72069dfb6c13772d9e8381e3638666d2?s=96&d=mm&r=g\",\"caption\":\"EDITOR\"},\"url\":\"https:\/\/laprensacristiana.com\/?author=3\"}]}<\/script>\n<!-- \/ Yoast SEO plugin. -->","yoast_head_json":{"title":"Entrevista Especial con Jon\u00e1s Herrera - La Prensa Cristiana","robots":{"index":"index","follow":"follow","max-snippet":"max-snippet:-1","max-image-preview":"max-image-preview:large","max-video-preview":"max-video-preview:-1"},"canonical":"https:\/\/laprensacristiana.com\/?p=3525","og_locale":"es_ES","og_type":"article","og_title":"Entrevista Especial con Jon\u00e1s Herrera - La Prensa Cristiana","og_description":"\u00bfC\u00f3mo nace la idea de producir la pasi\u00f3n de Cristo? La idea surge de constantes pl\u00e1ticas entre William Alem\u00e1n Director de Lets Move y\u00a0 mi persona, juntos decidimos llevar la historia de amor m\u00e1s grande y m\u00e1s maravillosa de la humanidad al teatro. Yo acept\u00e9 a Cristo a la edad de 17 a\u00f1os y provengo [&hellip;]","og_url":"https:\/\/laprensacristiana.com\/?p=3525","og_site_name":"La Prensa Cristiana","article_published_time":"2018-02-27T18:15:21+00:00","article_modified_time":"2020-07-02T00:16:37+00:00","og_image":[{"width":2560,"height":1507,"url":"https:\/\/laprensacristiana.com\/wp-content\/uploads\/2018\/02\/JONAS-HERRERA-WEB-scaled.jpg","type":"image\/jpeg"}],"author":"EDITOR","twitter_card":"summary_large_image","twitter_misc":{"Escrito por":"EDITOR","Tiempo de lectura":"7 minutos"},"schema":{"@context":"https:\/\/schema.org","@graph":[{"@type":"WebPage","@id":"https:\/\/laprensacristiana.com\/?p=3525","url":"https:\/\/laprensacristiana.com\/?p=3525","name":"Entrevista Especial con Jon\u00e1s Herrera - La Prensa Cristiana","isPartOf":{"@id":"https:\/\/laprensacristiana.com\/#website"},"datePublished":"2018-02-27T18:15:21+00:00","dateModified":"2020-07-02T00:16:37+00:00","author":{"@id":"https:\/\/laprensacristiana.com\/#\/schema\/person\/3e7d82c6bfd6b1fa67010f8f7cd5256e"},"breadcrumb":{"@id":"https:\/\/laprensacristiana.com\/?p=3525#breadcrumb"},"inLanguage":"es","potentialAction":[{"@type":"ReadAction","target":["https:\/\/laprensacristiana.com\/?p=3525"]}]},{"@type":"BreadcrumbList","@id":"https:\/\/laprensacristiana.com\/?p=3525#breadcrumb","itemListElement":[{"@type":"ListItem","position":1,"name":"Portada","item":"https:\/\/laprensacristiana.com\/"},{"@type":"ListItem","position":2,"name":"Entrevista Especial con Jon\u00e1s Herrera"}]},{"@type":"WebSite","@id":"https:\/\/laprensacristiana.com\/#website","url":"https:\/\/laprensacristiana.com\/","name":"La Prensa Cristiana","description":"Anunciando Las Buenas Nuevas","potentialAction":[{"@type":"SearchAction","target":{"@type":"EntryPoint","urlTemplate":"https:\/\/laprensacristiana.com\/?s={search_term_string}"},"query-input":"required name=search_term_string"}],"inLanguage":"es"},{"@type":"Person","@id":"https:\/\/laprensacristiana.com\/#\/schema\/person\/3e7d82c6bfd6b1fa67010f8f7cd5256e","name":"EDITOR","image":{"@type":"ImageObject","inLanguage":"es","@id":"https:\/\/laprensacristiana.com\/#\/schema\/person\/image\/","url":"https:\/\/secure.gravatar.com\/avatar\/72069dfb6c13772d9e8381e3638666d2?s=96&d=mm&r=g","contentUrl":"https:\/\/secure.gravatar.com\/avatar\/72069dfb6c13772d9e8381e3638666d2?s=96&d=mm&r=g","caption":"EDITOR"},"url":"https:\/\/laprensacristiana.com\/?author=3"}]}},"_links":{"self":[{"href":"https:\/\/laprensacristiana.com\/index.php?rest_route=\/wp\/v2\/posts\/3525"}],"collection":[{"href":"https:\/\/laprensacristiana.com\/index.php?rest_route=\/wp\/v2\/posts"}],"about":[{"href":"https:\/\/laprensacristiana.com\/index.php?rest_route=\/wp\/v2\/types\/post"}],"author":[{"embeddable":true,"href":"https:\/\/laprensacristiana.com\/index.php?rest_route=\/wp\/v2\/users\/3"}],"replies":[{"embeddable":true,"href":"https:\/\/laprensacristiana.com\/index.php?rest_route=%2Fwp%2Fv2%2Fcomments&post=3525"}],"version-history":[{"count":1,"href":"https:\/\/laprensacristiana.com\/index.php?rest_route=\/wp\/v2\/posts\/3525\/revisions"}],"predecessor-version":[{"id":3527,"href":"https:\/\/laprensacristiana.com\/index.php?rest_route=\/wp\/v2\/posts\/3525\/revisions\/3527"}],"wp:featuredmedia":[{"embeddable":true,"href":"https:\/\/laprensacristiana.com\/index.php?rest_route=\/wp\/v2\/media\/3526"}],"wp:attachment":[{"href":"https:\/\/laprensacristiana.com\/index.php?rest_route=%2Fwp%2Fv2%2Fmedia&parent=3525"}],"wp:term":[{"taxonomy":"category","embeddable":true,"href":"https:\/\/laprensacristiana.com\/index.php?rest_route=%2Fwp%2Fv2%2Fcategories&post=3525"},{"taxonomy":"post_tag","embeddable":true,"href":"https:\/\/laprensacristiana.com\/index.php?rest_route=%2Fwp%2Fv2%2Ftags&post=3525"}],"curies":[{"name":"wp","href":"https:\/\/api.w.org\/{rel}","templated":true}]}}