{"id":3531,"date":"2018-03-07T16:52:56","date_gmt":"2018-03-07T16:52:56","guid":{"rendered":"https:\/\/laprensacristiana.com\/?p=3531"},"modified":"2020-07-02T00:16:14","modified_gmt":"2020-07-02T00:16:14","slug":"la-banda-a-una-voz-y-solistas-invitados-presentaran-concierto-y-grabacion-en-vivo","status":"publish","type":"post","link":"https:\/\/laprensacristiana.com\/?p=3531","title":{"rendered":"La banda A Una Voz y solistas invitados presentar\u00e1n concierto y grabaci\u00f3n en vivo"},"content":{"rendered":"<p>La Banda A UNA VOZ\u00a0 est\u00e1 integrada por m\u00fasicos de reconocida trayectoria como Mauricio Sol\u00eds, Abraham Reyes, Juan Carlos L\u00f3pez, entre otros. Se presentan en diferentes escenarios para apoyar el trabajo que desarrolla la Fundaci\u00f3n Valores y Arte.<\/p>\n<p>En esta oportunidad, con las voces de los mayores exponentes de la m\u00fasica cristiana de El Salvador como Marinella Arru\u00e9, Ricardo Quinteros, Gabby Chac\u00f3n, Jonathan Rivera entre otros, se llevar\u00e1 a cabo este bello concierto con piezas de autor\u00eda salvadore\u00f1a.<\/p>\n<p>El concierto ser\u00e1 grabado ese d\u00eda y lo recaudado ser\u00e1 a beneficio de La Fundaci\u00f3n Valores y Arte (VALORARTE) que fomenta los valores \u00e9ticos, morales y cristianos a trav\u00e9s de las diferentes expresiones del arte, transmitiendo el mensaje de amor y unidad que tanto necesita nuestra sociedad.<\/p>\n<p>Actualmente la Fundaci\u00f3n Valores y Arte desarrolla el talento art\u00edstico de j\u00f3venes y adultos a trav\u00e9s de: Orquesta Sinf\u00f3nica Cristiana de El Salvador, Coro Cristiano de El Salvador, Banda A Una Voz, Centro para el Desarrollo de las Artes, Ensamble Cristiano de Danza y Ensamble de Cuerdas.<\/p>\n<p>La invitaci\u00f3n es para el domingo 11 de marzo a las 6:00 p.m. en la Gran Sala del Teatro Nacional de San Salvador con una donaci\u00f3n de $5.00. \u00a0Los boletos est\u00e1n disponibles en Librer\u00edas Josu\u00e9 Metrosur, Plaza Merliot y Multi Plaza.<\/p>\n<p>Puede obtener m\u00e1s informaci\u00f3n visitando <a href=\"http:\/\/www.valoresyarte.org\">www.valoresyarte.org<\/a> \u00a0o escribiendo a <a href=\"mailto:info@valoresyarte.org\">info@valoresyarte.org<\/a><\/p>\n","protected":false},"excerpt":{"rendered":"<p>La Banda A UNA VOZ\u00a0 est\u00e1 integrada por m\u00fasicos de reconocida trayectoria como Mauricio Sol\u00eds, Abraham Reyes, Juan Carlos L\u00f3pez, entre otros. Se presentan en diferentes escenarios para apoyar el trabajo que desarrolla la Fundaci\u00f3n Valores y Arte. En esta oportunidad, con las voces de los mayores exponentes de la m\u00fasica cristiana de El Salvador [&hellip;]<\/p>\n","protected":false},"author":3,"featured_media":3532,"comment_status":"open","ping_status":"open","sticky":false,"template":"","format":"standard","meta":[],"categories":[101],"tags":[],"yoast_head":"<!-- This site is optimized with the Yoast SEO plugin v20.8 - https:\/\/yoast.com\/wordpress\/plugins\/seo\/ -->\n<title>La banda A Una Voz y solistas invitados presentar\u00e1n concierto y grabaci\u00f3n en vivo - La Prensa Cristiana<\/title>\n<meta name=\"robots\" content=\"index, follow, max-snippet:-1, max-image-preview:large, max-video-preview:-1\" \/>\n<link rel=\"canonical\" href=\"https:\/\/laprensacristiana.com\/?p=3531\" \/>\n<meta property=\"og:locale\" content=\"es_ES\" \/>\n<meta property=\"og:type\" content=\"article\" \/>\n<meta property=\"og:title\" content=\"La banda A Una Voz y solistas invitados presentar\u00e1n concierto y grabaci\u00f3n en vivo - La Prensa Cristiana\" \/>\n<meta property=\"og:description\" content=\"La Banda A UNA VOZ\u00a0 est\u00e1 integrada por m\u00fasicos de reconocida trayectoria como Mauricio Sol\u00eds, Abraham Reyes, Juan Carlos L\u00f3pez, entre otros. Se presentan en diferentes escenarios para apoyar el trabajo que desarrolla la Fundaci\u00f3n Valores y Arte. En esta oportunidad, con las voces de los mayores exponentes de la m\u00fasica cristiana de El Salvador [&hellip;]\" \/>\n<meta property=\"og:url\" content=\"https:\/\/laprensacristiana.com\/?p=3531\" \/>\n<meta property=\"og:site_name\" content=\"La Prensa Cristiana\" \/>\n<meta property=\"article:published_time\" content=\"2018-03-07T16:52:56+00:00\" \/>\n<meta property=\"article:modified_time\" content=\"2020-07-02T00:16:14+00:00\" \/>\n<meta property=\"og:image\" content=\"https:\/\/laprensacristiana.com\/wp-content\/uploads\/2018\/03\/OSC.jpg\" \/>\n\t<meta property=\"og:image:width\" content=\"960\" \/>\n\t<meta property=\"og:image:height\" content=\"640\" \/>\n\t<meta property=\"og:image:type\" content=\"image\/jpeg\" \/>\n<meta name=\"author\" content=\"EDITOR\" \/>\n<meta name=\"twitter:card\" content=\"summary_large_image\" \/>\n<meta name=\"twitter:label1\" content=\"Escrito por\" \/>\n\t<meta name=\"twitter:data1\" content=\"EDITOR\" \/>\n\t<meta name=\"twitter:label2\" content=\"Tiempo de lectura\" \/>\n\t<meta name=\"twitter:data2\" content=\"1 minuto\" \/>\n<script type=\"application\/ld+json\" class=\"yoast-schema-graph\">{\"@context\":\"https:\/\/schema.org\",\"@graph\":[{\"@type\":\"WebPage\",\"@id\":\"https:\/\/laprensacristiana.com\/?p=3531\",\"url\":\"https:\/\/laprensacristiana.com\/?p=3531\",\"name\":\"La banda A Una Voz y solistas invitados presentar\u00e1n concierto y grabaci\u00f3n en vivo - La Prensa Cristiana\",\"isPartOf\":{\"@id\":\"https:\/\/laprensacristiana.com\/#website\"},\"datePublished\":\"2018-03-07T16:52:56+00:00\",\"dateModified\":\"2020-07-02T00:16:14+00:00\",\"author\":{\"@id\":\"https:\/\/laprensacristiana.com\/#\/schema\/person\/3e7d82c6bfd6b1fa67010f8f7cd5256e\"},\"breadcrumb\":{\"@id\":\"https:\/\/laprensacristiana.com\/?p=3531#breadcrumb\"},\"inLanguage\":\"es\",\"potentialAction\":[{\"@type\":\"ReadAction\",\"target\":[\"https:\/\/laprensacristiana.com\/?p=3531\"]}]},{\"@type\":\"BreadcrumbList\",\"@id\":\"https:\/\/laprensacristiana.com\/?p=3531#breadcrumb\",\"itemListElement\":[{\"@type\":\"ListItem\",\"position\":1,\"name\":\"Portada\",\"item\":\"https:\/\/laprensacristiana.com\/\"},{\"@type\":\"ListItem\",\"position\":2,\"name\":\"La banda A Una Voz y solistas invitados presentar\u00e1n concierto y grabaci\u00f3n en vivo\"}]},{\"@type\":\"WebSite\",\"@id\":\"https:\/\/laprensacristiana.com\/#website\",\"url\":\"https:\/\/laprensacristiana.com\/\",\"name\":\"La Prensa Cristiana\",\"description\":\"Anunciando Las Buenas Nuevas\",\"potentialAction\":[{\"@type\":\"SearchAction\",\"target\":{\"@type\":\"EntryPoint\",\"urlTemplate\":\"https:\/\/laprensacristiana.com\/?s={search_term_string}\"},\"query-input\":\"required name=search_term_string\"}],\"inLanguage\":\"es\"},{\"@type\":\"Person\",\"@id\":\"https:\/\/laprensacristiana.com\/#\/schema\/person\/3e7d82c6bfd6b1fa67010f8f7cd5256e\",\"name\":\"EDITOR\",\"image\":{\"@type\":\"ImageObject\",\"inLanguage\":\"es\",\"@id\":\"https:\/\/laprensacristiana.com\/#\/schema\/person\/image\/\",\"url\":\"https:\/\/secure.gravatar.com\/avatar\/72069dfb6c13772d9e8381e3638666d2?s=96&d=mm&r=g\",\"contentUrl\":\"https:\/\/secure.gravatar.com\/avatar\/72069dfb6c13772d9e8381e3638666d2?s=96&d=mm&r=g\",\"caption\":\"EDITOR\"},\"url\":\"https:\/\/laprensacristiana.com\/?author=3\"}]}<\/script>\n<!-- \/ Yoast SEO plugin. -->","yoast_head_json":{"title":"La banda A Una Voz y solistas invitados presentar\u00e1n concierto y grabaci\u00f3n en vivo - La Prensa Cristiana","robots":{"index":"index","follow":"follow","max-snippet":"max-snippet:-1","max-image-preview":"max-image-preview:large","max-video-preview":"max-video-preview:-1"},"canonical":"https:\/\/laprensacristiana.com\/?p=3531","og_locale":"es_ES","og_type":"article","og_title":"La banda A Una Voz y solistas invitados presentar\u00e1n concierto y grabaci\u00f3n en vivo - La Prensa Cristiana","og_description":"La Banda A UNA VOZ\u00a0 est\u00e1 integrada por m\u00fasicos de reconocida trayectoria como Mauricio Sol\u00eds, Abraham Reyes, Juan Carlos L\u00f3pez, entre otros. Se presentan en diferentes escenarios para apoyar el trabajo que desarrolla la Fundaci\u00f3n Valores y Arte. En esta oportunidad, con las voces de los mayores exponentes de la m\u00fasica cristiana de El Salvador [&hellip;]","og_url":"https:\/\/laprensacristiana.com\/?p=3531","og_site_name":"La Prensa Cristiana","article_published_time":"2018-03-07T16:52:56+00:00","article_modified_time":"2020-07-02T00:16:14+00:00","og_image":[{"width":960,"height":640,"url":"https:\/\/laprensacristiana.com\/wp-content\/uploads\/2018\/03\/OSC.jpg","type":"image\/jpeg"}],"author":"EDITOR","twitter_card":"summary_large_image","twitter_misc":{"Escrito por":"EDITOR","Tiempo de lectura":"1 minuto"},"schema":{"@context":"https:\/\/schema.org","@graph":[{"@type":"WebPage","@id":"https:\/\/laprensacristiana.com\/?p=3531","url":"https:\/\/laprensacristiana.com\/?p=3531","name":"La banda A Una Voz y solistas invitados presentar\u00e1n concierto y grabaci\u00f3n en vivo - La Prensa Cristiana","isPartOf":{"@id":"https:\/\/laprensacristiana.com\/#website"},"datePublished":"2018-03-07T16:52:56+00:00","dateModified":"2020-07-02T00:16:14+00:00","author":{"@id":"https:\/\/laprensacristiana.com\/#\/schema\/person\/3e7d82c6bfd6b1fa67010f8f7cd5256e"},"breadcrumb":{"@id":"https:\/\/laprensacristiana.com\/?p=3531#breadcrumb"},"inLanguage":"es","potentialAction":[{"@type":"ReadAction","target":["https:\/\/laprensacristiana.com\/?p=3531"]}]},{"@type":"BreadcrumbList","@id":"https:\/\/laprensacristiana.com\/?p=3531#breadcrumb","itemListElement":[{"@type":"ListItem","position":1,"name":"Portada","item":"https:\/\/laprensacristiana.com\/"},{"@type":"ListItem","position":2,"name":"La banda A Una Voz y solistas invitados presentar\u00e1n concierto y grabaci\u00f3n en vivo"}]},{"@type":"WebSite","@id":"https:\/\/laprensacristiana.com\/#website","url":"https:\/\/laprensacristiana.com\/","name":"La Prensa Cristiana","description":"Anunciando Las Buenas Nuevas","potentialAction":[{"@type":"SearchAction","target":{"@type":"EntryPoint","urlTemplate":"https:\/\/laprensacristiana.com\/?s={search_term_string}"},"query-input":"required name=search_term_string"}],"inLanguage":"es"},{"@type":"Person","@id":"https:\/\/laprensacristiana.com\/#\/schema\/person\/3e7d82c6bfd6b1fa67010f8f7cd5256e","name":"EDITOR","image":{"@type":"ImageObject","inLanguage":"es","@id":"https:\/\/laprensacristiana.com\/#\/schema\/person\/image\/","url":"https:\/\/secure.gravatar.com\/avatar\/72069dfb6c13772d9e8381e3638666d2?s=96&d=mm&r=g","contentUrl":"https:\/\/secure.gravatar.com\/avatar\/72069dfb6c13772d9e8381e3638666d2?s=96&d=mm&r=g","caption":"EDITOR"},"url":"https:\/\/laprensacristiana.com\/?author=3"}]}},"_links":{"self":[{"href":"https:\/\/laprensacristiana.com\/index.php?rest_route=\/wp\/v2\/posts\/3531"}],"collection":[{"href":"https:\/\/laprensacristiana.com\/index.php?rest_route=\/wp\/v2\/posts"}],"about":[{"href":"https:\/\/laprensacristiana.com\/index.php?rest_route=\/wp\/v2\/types\/post"}],"author":[{"embeddable":true,"href":"https:\/\/laprensacristiana.com\/index.php?rest_route=\/wp\/v2\/users\/3"}],"replies":[{"embeddable":true,"href":"https:\/\/laprensacristiana.com\/index.php?rest_route=%2Fwp%2Fv2%2Fcomments&post=3531"}],"version-history":[{"count":2,"href":"https:\/\/laprensacristiana.com\/index.php?rest_route=\/wp\/v2\/posts\/3531\/revisions"}],"predecessor-version":[{"id":3534,"href":"https:\/\/laprensacristiana.com\/index.php?rest_route=\/wp\/v2\/posts\/3531\/revisions\/3534"}],"wp:featuredmedia":[{"embeddable":true,"href":"https:\/\/laprensacristiana.com\/index.php?rest_route=\/wp\/v2\/media\/3532"}],"wp:attachment":[{"href":"https:\/\/laprensacristiana.com\/index.php?rest_route=%2Fwp%2Fv2%2Fmedia&parent=3531"}],"wp:term":[{"taxonomy":"category","embeddable":true,"href":"https:\/\/laprensacristiana.com\/index.php?rest_route=%2Fwp%2Fv2%2Fcategories&post=3531"},{"taxonomy":"post_tag","embeddable":true,"href":"https:\/\/laprensacristiana.com\/index.php?rest_route=%2Fwp%2Fv2%2Ftags&post=3531"}],"curies":[{"name":"wp","href":"https:\/\/api.w.org\/{rel}","templated":true}]}}