{"id":3538,"date":"2018-03-07T17:30:54","date_gmt":"2018-03-07T17:30:54","guid":{"rendered":"https:\/\/laprensacristiana.com\/?p=3538"},"modified":"2020-07-02T00:16:02","modified_gmt":"2020-07-02T00:16:02","slug":"pablo-rosales-en-gira-abran-las-puertas","status":"publish","type":"post","link":"https:\/\/laprensacristiana.com\/?p=3538","title":{"rendered":"Pablo Rosales en gira: \u00abAbran las Puertas\u00bb"},"content":{"rendered":"<p style=\"text-align: justify;\">El pasado mes de enero a trav\u00e9s de plataformas digitales el cantante salvadore\u00f1o Pablo Rosales lanz\u00f3 su nueva producci\u00f3n titulado \u201cAbran las puertas\u201d, el cantante prepara nueva producci\u00f3n cada 2 a\u00f1os, este ser\u00eda el disco n\u00famero 7 y en la actualidad se encuentra de gira por Suram\u00e9rica promocionando su nuevo material, a continuaci\u00f3n una entrevista con \u00e9l:<\/p>\n<p style=\"text-align: justify;\"><strong>\u00bfQu\u00e9 podemos esperar de Abran las puertas?<\/strong><\/p>\n<p style=\"text-align: justify;\">Es una apuesta m\u00e1s teol\u00f3gica de mi parte, siempre he querido ser serio, despu\u00e9s de la primera producci\u00f3n siempre hemos hecho cosas m\u00e1s sociales con un enfoque evang\u00e9lico,\u00a0 la carga de este disco es que hay muchas canciones que tienen reputaci\u00f3n de adoraci\u00f3n pero talvez no lo sean, la mayor\u00eda de canciones que tenemos hoy en d\u00eda hablan de nosotros, sent\u00ed la carga por hablar de Dios, hablar de Cristo como rey, por eso el logo del disco es una corona dentro de un circulo, una corona en el lugar correcto, si usted pone una corona en el cuerpo de un hombre caer\u00e1 en los brazos, las piernas, y se volver\u00e1 burla, pero solo cuando est\u00e1 en la cabeza genera honra, ley, belleza; de alguna manera hay muchas cosas que se echan a perder en el reino porque estamos coronando a los hombres, estamos coronando a las organizaciones, y ya no es tan relevante coronar a Cristo, entonces hay que poner la corona en el lugar correcto.<\/p>\n<p style=\"text-align: justify;\"><img decoding=\"async\" loading=\"lazy\" class=\"alignnone size-full wp-image-3542\" src=\"https:\/\/laprensacristiana.com\/wp-content\/uploads\/2018\/03\/imagen-disco-web.jpg\" alt=\"\" width=\"2400\" height=\"2400\" srcset=\"https:\/\/laprensacristiana.com\/wp-content\/uploads\/2018\/03\/imagen-disco-web.jpg 2400w, https:\/\/laprensacristiana.com\/wp-content\/uploads\/2018\/03\/imagen-disco-web-300x300.jpg 300w, https:\/\/laprensacristiana.com\/wp-content\/uploads\/2018\/03\/imagen-disco-web-100x100.jpg 100w, https:\/\/laprensacristiana.com\/wp-content\/uploads\/2018\/03\/imagen-disco-web-600x600.jpg 600w, https:\/\/laprensacristiana.com\/wp-content\/uploads\/2018\/03\/imagen-disco-web-150x150.jpg 150w, https:\/\/laprensacristiana.com\/wp-content\/uploads\/2018\/03\/imagen-disco-web-768x768.jpg 768w, https:\/\/laprensacristiana.com\/wp-content\/uploads\/2018\/03\/imagen-disco-web-1024x1024.jpg 1024w, https:\/\/laprensacristiana.com\/wp-content\/uploads\/2018\/03\/imagen-disco-web-696x696.jpg 696w, https:\/\/laprensacristiana.com\/wp-content\/uploads\/2018\/03\/imagen-disco-web-1068x1068.jpg 1068w, https:\/\/laprensacristiana.com\/wp-content\/uploads\/2018\/03\/imagen-disco-web-420x420.jpg 420w\" sizes=\"(max-width: 2400px) 100vw, 2400px\" \/><\/p>\n<p style=\"text-align: justify;\"><strong>\u00bfCu\u00e1l es el significado de algunas canciones y en que est\u00e1 basado el disco?<\/strong><\/p>\n<p style=\"text-align: justify;\">\u201cCruz de amor\u201d habla de c\u00f3mo el rey pag\u00f3 el precio del reino a pesar que todo le pertenece, luego esta \u201cRey de Gloria, despu\u00e9s esta \u201cAbran las puertas\u201d \u00bfa qui\u00e9n? Al rey de gloria, continua \u201cAl rey de los siglos\u201d, \u201cEl Due\u00f1o\u201d, \u201cEs Cristo\u201d todo se trata solo de Cristo, y en cuanto a \u201cAbrazado a tus pies\u201d que es una canci\u00f3n que algunas personas me dicen que no pega, resulta que el disco est\u00e1 basado en el salmo 24 que dice: Abran las puertas al rey de gloria, pero luego comienza a decir que as\u00ed es la generaci\u00f3n de los que buscan el rostro de Dios, con mano limpia, coraz\u00f3n puro, una alma que no se ha elevado a vanidades, eso es parte del texto, \u201cAbran las puertas\u201d quiz\u00e1s es el \u00fanico que se escapa un poquito de la tem\u00e1tica pero que ha funcionado muy bien para que la gente ligue el trabajo que hemos realizado anteriormente con Radicales 51, todo el disco trata del rey. Y al final doxolog\u00eda que es gloria al padre, gloria al hijo y gloria al Esp\u00edritu Santo, para que la gente no crea que soy de la fe en Jes\u00fas.<\/p>\n<p style=\"text-align: justify;\"><strong>\u00bfCu\u00e1ntos a\u00f1os tiene Pablo Rosales como cantante?<\/strong><\/p>\n<p style=\"text-align: justify;\">13 a\u00f1os, en los cuales tengo varias canciones cl\u00e1sicas como \u201cBasta ya\u201d, \u201cDios tambi\u00e9n tiene sentimientos\u201d entre otras.<\/p>\n<p style=\"text-align: justify;\"><strong>Producir un disco cada 2 a\u00f1os \u00bfes una estrategia o fue espontaneo?<\/strong><\/p>\n<p style=\"text-align: justify;\">Uno se cansa de cantar las mismas canciones, mucho m\u00e1s cuando una canci\u00f3n pega, es bien dif\u00edcil porque la gente me dice: cante esta, si yo me voy de alg\u00fan lugar y no canto Dios tambi\u00e9n tiene sentimientos la gente se enoja, pero uno tambi\u00e9n si no saca un material cada 2 a\u00f1os, la gente lo pierde de vista, a saber a qu\u00e9 se dedic\u00f3, pero la prioridad es lo que se quiere comunicar.<\/p>\n<p style=\"text-align: justify;\"><strong>\u00bfC\u00f3mo se nutre Pablo Rosales para poder obtener ese cumulo de conocimiento para sus letras?<\/strong><\/p>\n<p style=\"text-align: justify;\">Comenc\u00e9 a estudiar teolog\u00eda, como salgo mucho el proceso ha sido m\u00e1s lento que todos mis compa\u00f1eros, yo entre y hay compa\u00f1eros m\u00edos que ya se graduaron, pero no me sigo rindiendo, y el estudio de Dios es algo que usted puede pasar eternamente aprendiendo, mientras m\u00e1s estudio a Dios, m\u00e1s me convenzo que hay cosas que cre\u00eda estaban equivocadas, y voy sustituyendo mis propios paradigmas d\u00e1ndole relevancia a otras cosas, me met\u00ed a estudiar, quisiera yo todos los d\u00edas pero no lo logro, pero si estoy aport\u00e1ndole y creciendo en mi conciencia teol\u00f3gica, en cuanto a las canciones llego un momento que est\u00e1n ah\u00ed y yo no las puedo parar, nunca he dicho me voy a sentar a hacer una canci\u00f3n, sino que las canciones vienen repentinamente, cuando vienen agarro mi celular y grabo una l\u00ednea, pero en realidad lo que trato de captar es la l\u00ednea mel\u00f3dica, porque eso si se me olvida, lo que hablo no se me olvida, y esas cosas hacen la diferencia en las canciones.<\/p>\n<p style=\"text-align: justify;\">Este ha sido el disco m\u00e1s caro de mi vida, que yo no lo puedo pagar, mezclado con la mejor persona que pod\u00eda ser, masterizado siempre por Jorge Santos, y todav\u00eda estoy por ver lo que Dios va a hacer, esto debe ser todo un estilo de vida, no solo en la composici\u00f3n.<\/p>\n<p style=\"text-align: justify;\">En este disco aprend\u00ed una manera de adorar a Dios que se las voy a heredar, lo aprend\u00ed en un evento al que fui en Panchimalco de la Iglesia Nazaret, con un muchacho que se llama que se Pancho Lara, me gustar\u00eda honrarlo, despu\u00e9s que ellos decoraron el lugar para un evento de j\u00f3venes le preguntaron al Se\u00f1or \u00bfJes\u00fas te gusta esto que hicimos para ti? No lo hicimos para nosotros, nos parece chivo pero si no te gusta decinos y lo vamos a cambiar; eso es extraordinario, eso es rendir nuestra voluntad a Dios, cuando ya las cosas est\u00e1n hechas, en este disco ya las canciones estaban escogidas, ya una buena parte estaba grabada, mi esposa y mis ni\u00f1os estaban en oriente en la casa de mis suegros y yo iba a traerlos despu\u00e9s de ministrar en algunos lugares, iba de noche, y decid\u00ed apagar la radio y orar, pidiendo por el dinero para que se realizara el disco, pero entre todo eso me acorde Pancho Lara y le dije: \u00bfSe\u00f1or y te gusta el disco? Era un disco que habla sobre Cristo no sobre Pablo Rosales, y segu\u00ed adorando y meditando en el Se\u00f1or y de pronto un pensamiento hay una canci\u00f3n que hay que sacar, de acuerdo yo con el mayor de los gustos la quito pero \u00bfCu\u00e1l voy a poner ah\u00ed?, a medida que segu\u00ed avanzando vino la alabanza \u201cCruz de amor\u201d y habla del rey que pag\u00f3 el precio por nosotros, todos los reyes y gobernantes de la tierra mandan a sus ej\u00e9rcitos a morir por ellos, pero solo el Rey de Reyes muri\u00f3 por los suyos, entonces aqu\u00ed nadie merece la corona m\u00e1s que \u00c9L, por mucho que haya sufrido, aunque haya sido torturado. Esa canci\u00f3n puedo decirlo totalmente, esa canci\u00f3n es la canci\u00f3n de Dios.<\/p>\n<p>&nbsp;<\/p>\n","protected":false},"excerpt":{"rendered":"<p>El pasado mes de enero a trav\u00e9s de plataformas digitales el cantante salvadore\u00f1o Pablo Rosales lanz\u00f3 su nueva producci\u00f3n titulado \u201cAbran las puertas\u201d, el cantante prepara nueva producci\u00f3n cada 2 a\u00f1os, este ser\u00eda el disco n\u00famero 7 y en la actualidad se encuentra de gira por Suram\u00e9rica promocionando su nuevo material, a continuaci\u00f3n una entrevista [&hellip;]<\/p>\n","protected":false},"author":3,"featured_media":3539,"comment_status":"open","ping_status":"open","sticky":false,"template":"","format":"standard","meta":[],"categories":[101],"tags":[],"yoast_head":"<!-- This site is optimized with the Yoast SEO plugin v20.8 - https:\/\/yoast.com\/wordpress\/plugins\/seo\/ -->\n<title>Pablo Rosales en gira: &quot;Abran las Puertas&quot; - La Prensa Cristiana<\/title>\n<meta name=\"robots\" content=\"index, follow, max-snippet:-1, max-image-preview:large, max-video-preview:-1\" \/>\n<link rel=\"canonical\" href=\"https:\/\/laprensacristiana.com\/?p=3538\" \/>\n<meta property=\"og:locale\" content=\"es_ES\" \/>\n<meta property=\"og:type\" content=\"article\" \/>\n<meta property=\"og:title\" content=\"Pablo Rosales en gira: &quot;Abran las Puertas&quot; - La Prensa Cristiana\" \/>\n<meta property=\"og:description\" content=\"El pasado mes de enero a trav\u00e9s de plataformas digitales el cantante salvadore\u00f1o Pablo Rosales lanz\u00f3 su nueva producci\u00f3n titulado \u201cAbran las puertas\u201d, el cantante prepara nueva producci\u00f3n cada 2 a\u00f1os, este ser\u00eda el disco n\u00famero 7 y en la actualidad se encuentra de gira por Suram\u00e9rica promocionando su nuevo material, a continuaci\u00f3n una entrevista [&hellip;]\" \/>\n<meta property=\"og:url\" content=\"https:\/\/laprensacristiana.com\/?p=3538\" \/>\n<meta property=\"og:site_name\" content=\"La Prensa Cristiana\" \/>\n<meta property=\"article:published_time\" content=\"2018-03-07T17:30:54+00:00\" \/>\n<meta property=\"article:modified_time\" content=\"2020-07-02T00:16:02+00:00\" \/>\n<meta property=\"og:image\" content=\"https:\/\/laprensacristiana.com\/wp-content\/uploads\/2018\/03\/PABLO-ROSALES-web-scaled.jpg\" \/>\n\t<meta property=\"og:image:width\" content=\"2560\" \/>\n\t<meta property=\"og:image:height\" content=\"1707\" \/>\n\t<meta property=\"og:image:type\" content=\"image\/jpeg\" \/>\n<meta name=\"author\" content=\"EDITOR\" \/>\n<meta name=\"twitter:card\" content=\"summary_large_image\" \/>\n<meta name=\"twitter:label1\" content=\"Escrito por\" \/>\n\t<meta name=\"twitter:data1\" content=\"EDITOR\" \/>\n\t<meta name=\"twitter:label2\" content=\"Tiempo de lectura\" \/>\n\t<meta name=\"twitter:data2\" content=\"6 minutos\" \/>\n<script type=\"application\/ld+json\" class=\"yoast-schema-graph\">{\"@context\":\"https:\/\/schema.org\",\"@graph\":[{\"@type\":\"WebPage\",\"@id\":\"https:\/\/laprensacristiana.com\/?p=3538\",\"url\":\"https:\/\/laprensacristiana.com\/?p=3538\",\"name\":\"Pablo Rosales en gira: \\\"Abran las Puertas\\\" - La Prensa Cristiana\",\"isPartOf\":{\"@id\":\"https:\/\/laprensacristiana.com\/#website\"},\"datePublished\":\"2018-03-07T17:30:54+00:00\",\"dateModified\":\"2020-07-02T00:16:02+00:00\",\"author\":{\"@id\":\"https:\/\/laprensacristiana.com\/#\/schema\/person\/3e7d82c6bfd6b1fa67010f8f7cd5256e\"},\"breadcrumb\":{\"@id\":\"https:\/\/laprensacristiana.com\/?p=3538#breadcrumb\"},\"inLanguage\":\"es\",\"potentialAction\":[{\"@type\":\"ReadAction\",\"target\":[\"https:\/\/laprensacristiana.com\/?p=3538\"]}]},{\"@type\":\"BreadcrumbList\",\"@id\":\"https:\/\/laprensacristiana.com\/?p=3538#breadcrumb\",\"itemListElement\":[{\"@type\":\"ListItem\",\"position\":1,\"name\":\"Portada\",\"item\":\"https:\/\/laprensacristiana.com\/\"},{\"@type\":\"ListItem\",\"position\":2,\"name\":\"Pablo Rosales en gira: \u00abAbran las Puertas\u00bb\"}]},{\"@type\":\"WebSite\",\"@id\":\"https:\/\/laprensacristiana.com\/#website\",\"url\":\"https:\/\/laprensacristiana.com\/\",\"name\":\"La Prensa Cristiana\",\"description\":\"Anunciando Las Buenas Nuevas\",\"potentialAction\":[{\"@type\":\"SearchAction\",\"target\":{\"@type\":\"EntryPoint\",\"urlTemplate\":\"https:\/\/laprensacristiana.com\/?s={search_term_string}\"},\"query-input\":\"required name=search_term_string\"}],\"inLanguage\":\"es\"},{\"@type\":\"Person\",\"@id\":\"https:\/\/laprensacristiana.com\/#\/schema\/person\/3e7d82c6bfd6b1fa67010f8f7cd5256e\",\"name\":\"EDITOR\",\"image\":{\"@type\":\"ImageObject\",\"inLanguage\":\"es\",\"@id\":\"https:\/\/laprensacristiana.com\/#\/schema\/person\/image\/\",\"url\":\"https:\/\/secure.gravatar.com\/avatar\/72069dfb6c13772d9e8381e3638666d2?s=96&d=mm&r=g\",\"contentUrl\":\"https:\/\/secure.gravatar.com\/avatar\/72069dfb6c13772d9e8381e3638666d2?s=96&d=mm&r=g\",\"caption\":\"EDITOR\"},\"url\":\"https:\/\/laprensacristiana.com\/?author=3\"}]}<\/script>\n<!-- \/ Yoast SEO plugin. -->","yoast_head_json":{"title":"Pablo Rosales en gira: \"Abran las Puertas\" - La Prensa Cristiana","robots":{"index":"index","follow":"follow","max-snippet":"max-snippet:-1","max-image-preview":"max-image-preview:large","max-video-preview":"max-video-preview:-1"},"canonical":"https:\/\/laprensacristiana.com\/?p=3538","og_locale":"es_ES","og_type":"article","og_title":"Pablo Rosales en gira: \"Abran las Puertas\" - La Prensa Cristiana","og_description":"El pasado mes de enero a trav\u00e9s de plataformas digitales el cantante salvadore\u00f1o Pablo Rosales lanz\u00f3 su nueva producci\u00f3n titulado \u201cAbran las puertas\u201d, el cantante prepara nueva producci\u00f3n cada 2 a\u00f1os, este ser\u00eda el disco n\u00famero 7 y en la actualidad se encuentra de gira por Suram\u00e9rica promocionando su nuevo material, a continuaci\u00f3n una entrevista [&hellip;]","og_url":"https:\/\/laprensacristiana.com\/?p=3538","og_site_name":"La Prensa Cristiana","article_published_time":"2018-03-07T17:30:54+00:00","article_modified_time":"2020-07-02T00:16:02+00:00","og_image":[{"width":2560,"height":1707,"url":"https:\/\/laprensacristiana.com\/wp-content\/uploads\/2018\/03\/PABLO-ROSALES-web-scaled.jpg","type":"image\/jpeg"}],"author":"EDITOR","twitter_card":"summary_large_image","twitter_misc":{"Escrito por":"EDITOR","Tiempo de lectura":"6 minutos"},"schema":{"@context":"https:\/\/schema.org","@graph":[{"@type":"WebPage","@id":"https:\/\/laprensacristiana.com\/?p=3538","url":"https:\/\/laprensacristiana.com\/?p=3538","name":"Pablo Rosales en gira: \"Abran las Puertas\" - La Prensa Cristiana","isPartOf":{"@id":"https:\/\/laprensacristiana.com\/#website"},"datePublished":"2018-03-07T17:30:54+00:00","dateModified":"2020-07-02T00:16:02+00:00","author":{"@id":"https:\/\/laprensacristiana.com\/#\/schema\/person\/3e7d82c6bfd6b1fa67010f8f7cd5256e"},"breadcrumb":{"@id":"https:\/\/laprensacristiana.com\/?p=3538#breadcrumb"},"inLanguage":"es","potentialAction":[{"@type":"ReadAction","target":["https:\/\/laprensacristiana.com\/?p=3538"]}]},{"@type":"BreadcrumbList","@id":"https:\/\/laprensacristiana.com\/?p=3538#breadcrumb","itemListElement":[{"@type":"ListItem","position":1,"name":"Portada","item":"https:\/\/laprensacristiana.com\/"},{"@type":"ListItem","position":2,"name":"Pablo Rosales en gira: \u00abAbran las Puertas\u00bb"}]},{"@type":"WebSite","@id":"https:\/\/laprensacristiana.com\/#website","url":"https:\/\/laprensacristiana.com\/","name":"La Prensa Cristiana","description":"Anunciando Las Buenas Nuevas","potentialAction":[{"@type":"SearchAction","target":{"@type":"EntryPoint","urlTemplate":"https:\/\/laprensacristiana.com\/?s={search_term_string}"},"query-input":"required name=search_term_string"}],"inLanguage":"es"},{"@type":"Person","@id":"https:\/\/laprensacristiana.com\/#\/schema\/person\/3e7d82c6bfd6b1fa67010f8f7cd5256e","name":"EDITOR","image":{"@type":"ImageObject","inLanguage":"es","@id":"https:\/\/laprensacristiana.com\/#\/schema\/person\/image\/","url":"https:\/\/secure.gravatar.com\/avatar\/72069dfb6c13772d9e8381e3638666d2?s=96&d=mm&r=g","contentUrl":"https:\/\/secure.gravatar.com\/avatar\/72069dfb6c13772d9e8381e3638666d2?s=96&d=mm&r=g","caption":"EDITOR"},"url":"https:\/\/laprensacristiana.com\/?author=3"}]}},"_links":{"self":[{"href":"https:\/\/laprensacristiana.com\/index.php?rest_route=\/wp\/v2\/posts\/3538"}],"collection":[{"href":"https:\/\/laprensacristiana.com\/index.php?rest_route=\/wp\/v2\/posts"}],"about":[{"href":"https:\/\/laprensacristiana.com\/index.php?rest_route=\/wp\/v2\/types\/post"}],"author":[{"embeddable":true,"href":"https:\/\/laprensacristiana.com\/index.php?rest_route=\/wp\/v2\/users\/3"}],"replies":[{"embeddable":true,"href":"https:\/\/laprensacristiana.com\/index.php?rest_route=%2Fwp%2Fv2%2Fcomments&post=3538"}],"version-history":[{"count":3,"href":"https:\/\/laprensacristiana.com\/index.php?rest_route=\/wp\/v2\/posts\/3538\/revisions"}],"predecessor-version":[{"id":3543,"href":"https:\/\/laprensacristiana.com\/index.php?rest_route=\/wp\/v2\/posts\/3538\/revisions\/3543"}],"wp:featuredmedia":[{"embeddable":true,"href":"https:\/\/laprensacristiana.com\/index.php?rest_route=\/wp\/v2\/media\/3539"}],"wp:attachment":[{"href":"https:\/\/laprensacristiana.com\/index.php?rest_route=%2Fwp%2Fv2%2Fmedia&parent=3538"}],"wp:term":[{"taxonomy":"category","embeddable":true,"href":"https:\/\/laprensacristiana.com\/index.php?rest_route=%2Fwp%2Fv2%2Fcategories&post=3538"},{"taxonomy":"post_tag","embeddable":true,"href":"https:\/\/laprensacristiana.com\/index.php?rest_route=%2Fwp%2Fv2%2Ftags&post=3538"}],"curies":[{"name":"wp","href":"https:\/\/api.w.org\/{rel}","templated":true}]}}