{"id":3550,"date":"2018-03-12T14:43:51","date_gmt":"2018-03-12T14:43:51","guid":{"rendered":"https:\/\/laprensacristiana.com\/?p=3550"},"modified":"2020-07-02T00:15:25","modified_gmt":"2020-07-02T00:15:25","slug":"el-salvador-gano-miles-de-almas-el-fin-de-semana","status":"publish","type":"post","link":"https:\/\/laprensacristiana.com\/?p=3550","title":{"rendered":"El Salvador gan\u00f3 miles de almas el fin de semana"},"content":{"rendered":"<p style=\"text-align: justify;\">En una jornada hist\u00f3rica el pasado 10 y 11 de marzo se llev\u00f3 acabo el evento \u201cSacudiendo a Las Naciones\u201d, el hecho tuvo lugar en San Salvador, el estadio M\u00e1gico Gonz\u00e1lez se llen\u00f3 de la presencia de Dios durante 2 d\u00edas.<\/p>\n<p style=\"text-align: justify;\">Entre los sucesos sobrenaturales a destacar se encuentran las personas que entregaron su vida a Cristo, lo que en el evangelio se conoce como conversi\u00f3n, por otra lado un sin n\u00famero de milagros y sanidades, al punto que personas que llegaron en sillas de ruedas fueron sanas y salieron caminando. \u201cEl d\u00eda de ayer sordos escucharon, ciegos recibieron la vista, paral\u00edticos caminaron, una persona con un tumor en el h\u00edgado le desapareci\u00f3 en cuesti\u00f3n de segundos, hemos visto la gloria de Dios descender\u201d expres\u00f3 el Dr. Josue Anaya, presidente de Santa Tecla Organizada para Cristo, quien es pastor y Doctor en Medicina General experiencia que le permite reconocer f\u00e1cilmente una sanidad.<\/p>\n<p style=\"text-align: justify;\"><img decoding=\"async\" loading=\"lazy\" class=\"alignnone size-full wp-image-3552\" src=\"https:\/\/laprensacristiana.com\/wp-content\/uploads\/2018\/03\/29134065_10214710490051170_5303215660456934680_n.jpg\" alt=\"\" width=\"960\" height=\"720\" srcset=\"https:\/\/laprensacristiana.com\/wp-content\/uploads\/2018\/03\/29134065_10214710490051170_5303215660456934680_n.jpg 960w, https:\/\/laprensacristiana.com\/wp-content\/uploads\/2018\/03\/29134065_10214710490051170_5303215660456934680_n-600x450.jpg 600w, https:\/\/laprensacristiana.com\/wp-content\/uploads\/2018\/03\/29134065_10214710490051170_5303215660456934680_n-300x225.jpg 300w, https:\/\/laprensacristiana.com\/wp-content\/uploads\/2018\/03\/29134065_10214710490051170_5303215660456934680_n-768x576.jpg 768w, https:\/\/laprensacristiana.com\/wp-content\/uploads\/2018\/03\/29134065_10214710490051170_5303215660456934680_n-80x60.jpg 80w, https:\/\/laprensacristiana.com\/wp-content\/uploads\/2018\/03\/29134065_10214710490051170_5303215660456934680_n-265x198.jpg 265w, https:\/\/laprensacristiana.com\/wp-content\/uploads\/2018\/03\/29134065_10214710490051170_5303215660456934680_n-696x522.jpg 696w, https:\/\/laprensacristiana.com\/wp-content\/uploads\/2018\/03\/29134065_10214710490051170_5303215660456934680_n-560x420.jpg 560w\" sizes=\"(max-width: 960px) 100vw, 960px\" \/><\/p>\n<p style=\"text-align: justify;\">Todo estos sucesos se dieron en el marco de la campa\u00f1a Sacudiendo a las Naciones con el evangelista Nathan Morris, quien desde el Reino Unido sinti\u00f3 el llamado de visitar El Salvador y se ha dejado usar por Dios para marcar la historia de una naci\u00f3n.<\/p>\n<p style=\"text-align: justify;\">El prop\u00f3sito del evento era que los cristianos evang\u00e9licos pudieran invitar a personas que no conocen de Cristo y ah\u00ed les pudiera ser revelado, como tambi\u00e9n personas con enfermedades para que pudieran ser sanas, al cierre del evento a\u00fan quedan una cantidad de historias que no han sido contadas por encontrarse en los grader\u00edos del estadio, pero que con el pasar de los d\u00edas se ir\u00e1n conociendo en diversas partes del pa\u00eds.<\/p>\n<p style=\"text-align: justify;\">La actividad fue organizada por Las Asambleas de Dios\u00a0 de El Salvador, Iglesia de Dios en El Salvador,\u00a0 la asociaci\u00f3n de pastores Santa Tecla Organizada para Cristo conocida por sus siglas SANTO y una serie de iglesias independientes que en com\u00fan acuerdo conformaron una multitudinaria concentraci\u00f3n.<\/p>\n<p style=\"text-align: justify;\">En el evento tambi\u00e9n se le entreg\u00f3 un reconocimiento al evangelista Nathan Morris quien es el presidente del movimiento \u201cShake The Nations Ministries\u201d, por el esfuerzo de invertir su tiempo y sus recursos para impactar la vida de muchos salvadore\u00f1os.<\/p>\n<p style=\"text-align: justify;\"><img decoding=\"async\" loading=\"lazy\" class=\"alignnone size-full wp-image-3553\" src=\"https:\/\/laprensacristiana.com\/wp-content\/uploads\/2018\/03\/29063202_10214710478010869_6918416600437408892_n.jpg\" alt=\"\" width=\"960\" height=\"207\" srcset=\"https:\/\/laprensacristiana.com\/wp-content\/uploads\/2018\/03\/29063202_10214710478010869_6918416600437408892_n.jpg 960w, https:\/\/laprensacristiana.com\/wp-content\/uploads\/2018\/03\/29063202_10214710478010869_6918416600437408892_n-600x129.jpg 600w, https:\/\/laprensacristiana.com\/wp-content\/uploads\/2018\/03\/29063202_10214710478010869_6918416600437408892_n-300x65.jpg 300w, https:\/\/laprensacristiana.com\/wp-content\/uploads\/2018\/03\/29063202_10214710478010869_6918416600437408892_n-768x166.jpg 768w, https:\/\/laprensacristiana.com\/wp-content\/uploads\/2018\/03\/29063202_10214710478010869_6918416600437408892_n-696x150.jpg 696w\" sizes=\"(max-width: 960px) 100vw, 960px\" \/><\/p>\n","protected":false},"excerpt":{"rendered":"<p>En una jornada hist\u00f3rica el pasado 10 y 11 de marzo se llev\u00f3 acabo el evento \u201cSacudiendo a Las Naciones\u201d, el hecho tuvo lugar en San Salvador, el estadio M\u00e1gico Gonz\u00e1lez se llen\u00f3 de la presencia de Dios durante 2 d\u00edas. Entre los sucesos sobrenaturales a destacar se encuentran las personas que entregaron su vida [&hellip;]<\/p>\n","protected":false},"author":3,"featured_media":3551,"comment_status":"open","ping_status":"open","sticky":false,"template":"","format":"standard","meta":[],"categories":[56],"tags":[],"yoast_head":"<!-- This site is optimized with the Yoast SEO plugin v20.8 - https:\/\/yoast.com\/wordpress\/plugins\/seo\/ -->\n<title>El Salvador gan\u00f3 miles de almas el fin de semana - La Prensa Cristiana<\/title>\n<meta name=\"robots\" content=\"index, follow, max-snippet:-1, max-image-preview:large, max-video-preview:-1\" \/>\n<link rel=\"canonical\" href=\"https:\/\/laprensacristiana.com\/?p=3550\" \/>\n<meta property=\"og:locale\" content=\"es_ES\" \/>\n<meta property=\"og:type\" content=\"article\" \/>\n<meta property=\"og:title\" content=\"El Salvador gan\u00f3 miles de almas el fin de semana - La Prensa Cristiana\" \/>\n<meta property=\"og:description\" content=\"En una jornada hist\u00f3rica el pasado 10 y 11 de marzo se llev\u00f3 acabo el evento \u201cSacudiendo a Las Naciones\u201d, el hecho tuvo lugar en San Salvador, el estadio M\u00e1gico Gonz\u00e1lez se llen\u00f3 de la presencia de Dios durante 2 d\u00edas. Entre los sucesos sobrenaturales a destacar se encuentran las personas que entregaron su vida [&hellip;]\" \/>\n<meta property=\"og:url\" content=\"https:\/\/laprensacristiana.com\/?p=3550\" \/>\n<meta property=\"og:site_name\" content=\"La Prensa Cristiana\" \/>\n<meta property=\"article:published_time\" content=\"2018-03-12T14:43:51+00:00\" \/>\n<meta property=\"article:modified_time\" content=\"2020-07-02T00:15:25+00:00\" \/>\n<meta property=\"og:image\" content=\"https:\/\/laprensacristiana.com\/wp-content\/uploads\/2018\/03\/29027668_10214710477770863_6254331881825857834_n.jpg\" \/>\n\t<meta property=\"og:image:width\" content=\"960\" \/>\n\t<meta property=\"og:image:height\" content=\"316\" \/>\n\t<meta property=\"og:image:type\" content=\"image\/jpeg\" \/>\n<meta name=\"author\" content=\"EDITOR\" \/>\n<meta name=\"twitter:card\" content=\"summary_large_image\" \/>\n<meta name=\"twitter:label1\" content=\"Escrito por\" \/>\n\t<meta name=\"twitter:data1\" content=\"EDITOR\" \/>\n\t<meta name=\"twitter:label2\" content=\"Tiempo de lectura\" \/>\n\t<meta name=\"twitter:data2\" content=\"2 minutos\" \/>\n<script type=\"application\/ld+json\" class=\"yoast-schema-graph\">{\"@context\":\"https:\/\/schema.org\",\"@graph\":[{\"@type\":\"WebPage\",\"@id\":\"https:\/\/laprensacristiana.com\/?p=3550\",\"url\":\"https:\/\/laprensacristiana.com\/?p=3550\",\"name\":\"El Salvador gan\u00f3 miles de almas el fin de semana - La Prensa Cristiana\",\"isPartOf\":{\"@id\":\"https:\/\/laprensacristiana.com\/#website\"},\"datePublished\":\"2018-03-12T14:43:51+00:00\",\"dateModified\":\"2020-07-02T00:15:25+00:00\",\"author\":{\"@id\":\"https:\/\/laprensacristiana.com\/#\/schema\/person\/3e7d82c6bfd6b1fa67010f8f7cd5256e\"},\"breadcrumb\":{\"@id\":\"https:\/\/laprensacristiana.com\/?p=3550#breadcrumb\"},\"inLanguage\":\"es\",\"potentialAction\":[{\"@type\":\"ReadAction\",\"target\":[\"https:\/\/laprensacristiana.com\/?p=3550\"]}]},{\"@type\":\"BreadcrumbList\",\"@id\":\"https:\/\/laprensacristiana.com\/?p=3550#breadcrumb\",\"itemListElement\":[{\"@type\":\"ListItem\",\"position\":1,\"name\":\"Portada\",\"item\":\"https:\/\/laprensacristiana.com\/\"},{\"@type\":\"ListItem\",\"position\":2,\"name\":\"El Salvador gan\u00f3 miles de almas el fin de semana\"}]},{\"@type\":\"WebSite\",\"@id\":\"https:\/\/laprensacristiana.com\/#website\",\"url\":\"https:\/\/laprensacristiana.com\/\",\"name\":\"La Prensa Cristiana\",\"description\":\"Anunciando Las Buenas Nuevas\",\"potentialAction\":[{\"@type\":\"SearchAction\",\"target\":{\"@type\":\"EntryPoint\",\"urlTemplate\":\"https:\/\/laprensacristiana.com\/?s={search_term_string}\"},\"query-input\":\"required name=search_term_string\"}],\"inLanguage\":\"es\"},{\"@type\":\"Person\",\"@id\":\"https:\/\/laprensacristiana.com\/#\/schema\/person\/3e7d82c6bfd6b1fa67010f8f7cd5256e\",\"name\":\"EDITOR\",\"image\":{\"@type\":\"ImageObject\",\"inLanguage\":\"es\",\"@id\":\"https:\/\/laprensacristiana.com\/#\/schema\/person\/image\/\",\"url\":\"https:\/\/secure.gravatar.com\/avatar\/72069dfb6c13772d9e8381e3638666d2?s=96&d=mm&r=g\",\"contentUrl\":\"https:\/\/secure.gravatar.com\/avatar\/72069dfb6c13772d9e8381e3638666d2?s=96&d=mm&r=g\",\"caption\":\"EDITOR\"},\"url\":\"https:\/\/laprensacristiana.com\/?author=3\"}]}<\/script>\n<!-- \/ Yoast SEO plugin. -->","yoast_head_json":{"title":"El Salvador gan\u00f3 miles de almas el fin de semana - La Prensa Cristiana","robots":{"index":"index","follow":"follow","max-snippet":"max-snippet:-1","max-image-preview":"max-image-preview:large","max-video-preview":"max-video-preview:-1"},"canonical":"https:\/\/laprensacristiana.com\/?p=3550","og_locale":"es_ES","og_type":"article","og_title":"El Salvador gan\u00f3 miles de almas el fin de semana - La Prensa Cristiana","og_description":"En una jornada hist\u00f3rica el pasado 10 y 11 de marzo se llev\u00f3 acabo el evento \u201cSacudiendo a Las Naciones\u201d, el hecho tuvo lugar en San Salvador, el estadio M\u00e1gico Gonz\u00e1lez se llen\u00f3 de la presencia de Dios durante 2 d\u00edas. Entre los sucesos sobrenaturales a destacar se encuentran las personas que entregaron su vida [&hellip;]","og_url":"https:\/\/laprensacristiana.com\/?p=3550","og_site_name":"La Prensa Cristiana","article_published_time":"2018-03-12T14:43:51+00:00","article_modified_time":"2020-07-02T00:15:25+00:00","og_image":[{"width":960,"height":316,"url":"https:\/\/laprensacristiana.com\/wp-content\/uploads\/2018\/03\/29027668_10214710477770863_6254331881825857834_n.jpg","type":"image\/jpeg"}],"author":"EDITOR","twitter_card":"summary_large_image","twitter_misc":{"Escrito por":"EDITOR","Tiempo de lectura":"2 minutos"},"schema":{"@context":"https:\/\/schema.org","@graph":[{"@type":"WebPage","@id":"https:\/\/laprensacristiana.com\/?p=3550","url":"https:\/\/laprensacristiana.com\/?p=3550","name":"El Salvador gan\u00f3 miles de almas el fin de semana - La Prensa Cristiana","isPartOf":{"@id":"https:\/\/laprensacristiana.com\/#website"},"datePublished":"2018-03-12T14:43:51+00:00","dateModified":"2020-07-02T00:15:25+00:00","author":{"@id":"https:\/\/laprensacristiana.com\/#\/schema\/person\/3e7d82c6bfd6b1fa67010f8f7cd5256e"},"breadcrumb":{"@id":"https:\/\/laprensacristiana.com\/?p=3550#breadcrumb"},"inLanguage":"es","potentialAction":[{"@type":"ReadAction","target":["https:\/\/laprensacristiana.com\/?p=3550"]}]},{"@type":"BreadcrumbList","@id":"https:\/\/laprensacristiana.com\/?p=3550#breadcrumb","itemListElement":[{"@type":"ListItem","position":1,"name":"Portada","item":"https:\/\/laprensacristiana.com\/"},{"@type":"ListItem","position":2,"name":"El Salvador gan\u00f3 miles de almas el fin de semana"}]},{"@type":"WebSite","@id":"https:\/\/laprensacristiana.com\/#website","url":"https:\/\/laprensacristiana.com\/","name":"La Prensa Cristiana","description":"Anunciando Las Buenas Nuevas","potentialAction":[{"@type":"SearchAction","target":{"@type":"EntryPoint","urlTemplate":"https:\/\/laprensacristiana.com\/?s={search_term_string}"},"query-input":"required name=search_term_string"}],"inLanguage":"es"},{"@type":"Person","@id":"https:\/\/laprensacristiana.com\/#\/schema\/person\/3e7d82c6bfd6b1fa67010f8f7cd5256e","name":"EDITOR","image":{"@type":"ImageObject","inLanguage":"es","@id":"https:\/\/laprensacristiana.com\/#\/schema\/person\/image\/","url":"https:\/\/secure.gravatar.com\/avatar\/72069dfb6c13772d9e8381e3638666d2?s=96&d=mm&r=g","contentUrl":"https:\/\/secure.gravatar.com\/avatar\/72069dfb6c13772d9e8381e3638666d2?s=96&d=mm&r=g","caption":"EDITOR"},"url":"https:\/\/laprensacristiana.com\/?author=3"}]}},"_links":{"self":[{"href":"https:\/\/laprensacristiana.com\/index.php?rest_route=\/wp\/v2\/posts\/3550"}],"collection":[{"href":"https:\/\/laprensacristiana.com\/index.php?rest_route=\/wp\/v2\/posts"}],"about":[{"href":"https:\/\/laprensacristiana.com\/index.php?rest_route=\/wp\/v2\/types\/post"}],"author":[{"embeddable":true,"href":"https:\/\/laprensacristiana.com\/index.php?rest_route=\/wp\/v2\/users\/3"}],"replies":[{"embeddable":true,"href":"https:\/\/laprensacristiana.com\/index.php?rest_route=%2Fwp%2Fv2%2Fcomments&post=3550"}],"version-history":[{"count":3,"href":"https:\/\/laprensacristiana.com\/index.php?rest_route=\/wp\/v2\/posts\/3550\/revisions"}],"predecessor-version":[{"id":3558,"href":"https:\/\/laprensacristiana.com\/index.php?rest_route=\/wp\/v2\/posts\/3550\/revisions\/3558"}],"wp:featuredmedia":[{"embeddable":true,"href":"https:\/\/laprensacristiana.com\/index.php?rest_route=\/wp\/v2\/media\/3551"}],"wp:attachment":[{"href":"https:\/\/laprensacristiana.com\/index.php?rest_route=%2Fwp%2Fv2%2Fmedia&parent=3550"}],"wp:term":[{"taxonomy":"category","embeddable":true,"href":"https:\/\/laprensacristiana.com\/index.php?rest_route=%2Fwp%2Fv2%2Fcategories&post=3550"},{"taxonomy":"post_tag","embeddable":true,"href":"https:\/\/laprensacristiana.com\/index.php?rest_route=%2Fwp%2Fv2%2Ftags&post=3550"}],"curies":[{"name":"wp","href":"https:\/\/api.w.org\/{rel}","templated":true}]}}