{"id":3570,"date":"2018-03-15T14:36:16","date_gmt":"2018-03-15T14:36:16","guid":{"rendered":"https:\/\/laprensacristiana.com\/?p=3570"},"modified":"2020-07-02T00:14:48","modified_gmt":"2020-07-02T00:14:48","slug":"con-camarena-encontrando-soluciones","status":"publish","type":"post","link":"https:\/\/laprensacristiana.com\/?p=3570","title":{"rendered":"Con Camarena encontrando soluciones\u2026"},"content":{"rendered":"<p>Hola, \u00bfc\u00f3mo est\u00e1s?<\/p>\n<p>Te cuento un poquito de qui\u00e9n soy.<\/p>\n<p>Mi nombre es Isabel Camarena de Guerrero, de nacionalidad mexicana y de coraz\u00f3n salvadore\u00f1o.\u00a0 Hace varios a\u00f1os que radico en el pulgarcito de Am\u00e9rica. Amo a este pa\u00eds por un motivo \u00fanico y especial, aqu\u00ed conoc\u00ed <strong>el amor de Dios!!!!<\/strong>, al conocerlo mi vida personal y profesional se fue transformando.<\/p>\n<p>Vine de M\u00e9xico con mi amado esposo salvadore\u00f1o, uno de los hijos predilectos de Dios, hombre de mucha fe y con una gran capacidad de amor.<\/p>\n<p>Mi amado esposo, ya no sab\u00eda qu\u00e9 hacer para que yo me convirtiera, Dios le puso en su coraz\u00f3n, que sintonizara un canal de tv religioso, que r\u00e1pidamente capturo mi atenci\u00f3n y ah\u00ed empec\u00e9 a conocer a Dios, un padre todopoderoso, un padre amoroso, un padre protector, un padre perfecto, un padre que empez\u00f3 a sanar las heridas de mi coraz\u00f3n y me ha llevado poco a poco a reconciliarme con mi historia personal.<\/p>\n<p>Y como dice la palabra en 2\u00a0 Corintios 5:17, \u201cDe modo que si alguno est\u00e1 en Cristo, nueva criatura es; las cosas viejas pasaron; he aqu\u00ed todas son hechas nuevas. Y todo esto proviene de Dios, quien nos reconcili\u00f3 consigo mismo por Cristo, y nos dio el ministerio de la reconciliaci\u00f3n\u201d,<\/p>\n<p>Los desiertos que he pasado durante mi historia personal, empezaron a tener un significado, ahora comprendo que ten\u00eda que pasar por ellos, para m\u00e1s tarde darle la Gloria a El del cuido y protecci\u00f3n perfecta que ha tenido de mi. Ahora s\u00e9 que jam\u00e1s he estado sola, El siempre ha estado conmigo, am\u00e1ndome y cuid\u00e1ndome como a su hija adorada, al aceptarlo como mi Padre y comprender que desde antes de mi concepci\u00f3n El me ten\u00eda planeada con un prop\u00f3sito especial, fue transformando y limpiando mi coraz\u00f3n de tantas heridas, amarguras, soledad y me fui convirtiendo en una mujer nueva.<\/p>\n<p>Mi profesi\u00f3n psic\u00f3loga cl\u00ednica y educativa Gestalt al servicio de Dios, y como dice la palabra en G\u00e1latas 2:6 \u201cSobrellevad los unos las cargas de los otros, y cumplid as\u00ed la ley de Cristo\u201d, ese es mi don y uno de los prop\u00f3sitos de Dios en mi vida, promover la salud mental de mi pr\u00f3jimo.<\/p>\n<p>Esta secci\u00f3n \u201cCon Camarena encontrando soluciones\u201d tiene como objetivo el consolarte a trav\u00e9s de una posible soluci\u00f3n, puedes escribir tu caso al correo <a href=\"mailto:concamarena@laprensacristiana.com\">concamarena@laprensacristiana.com<\/a> , e ir\u00e9 dando respuesta a cada uno de los casos en esta secci\u00f3n, reservando el nombre del emisor.<\/p>\n<p>Realmente espero que esta secci\u00f3n sea edificante y de consolaci\u00f3n para el pueblo de Dios.<\/p>\n<p>Dios te bendiga,<\/p>\n<p>Camarena<\/p>\n<p><a href=\"http:\/\/www.camarenapsicologia.com\">www.camarenapsicologia.com<\/a><\/p>\n<p>Tel. 2264 \u2013 3745; whatsapp 7746 &#8211; 0188<\/p>\n<p>&nbsp;<\/p>\n<p>&nbsp;<\/p>\n<p>&nbsp;<\/p>\n<p>&nbsp;<\/p>\n<p>&nbsp;<\/p>\n<p>&nbsp;<\/p>\n<p>&nbsp;<\/p>\n","protected":false},"excerpt":{"rendered":"<p>Hola, \u00bfc\u00f3mo est\u00e1s? Te cuento un poquito de qui\u00e9n soy. Mi nombre es Isabel Camarena de Guerrero, de nacionalidad mexicana y de coraz\u00f3n salvadore\u00f1o.\u00a0 Hace varios a\u00f1os que radico en el pulgarcito de Am\u00e9rica. Amo a este pa\u00eds por un motivo \u00fanico y especial, aqu\u00ed conoc\u00ed el amor de Dios!!!!, al conocerlo mi vida personal [&hellip;]<\/p>\n","protected":false},"author":3,"featured_media":3571,"comment_status":"open","ping_status":"open","sticky":false,"template":"","format":"standard","meta":[],"categories":[26],"tags":[],"yoast_head":"<!-- This site is optimized with the Yoast SEO plugin v20.8 - https:\/\/yoast.com\/wordpress\/plugins\/seo\/ -->\n<title>Con Camarena encontrando soluciones\u2026 - La Prensa Cristiana<\/title>\n<meta name=\"robots\" content=\"index, follow, max-snippet:-1, max-image-preview:large, max-video-preview:-1\" \/>\n<link rel=\"canonical\" href=\"https:\/\/laprensacristiana.com\/?p=3570\" \/>\n<meta property=\"og:locale\" content=\"es_ES\" \/>\n<meta property=\"og:type\" content=\"article\" \/>\n<meta property=\"og:title\" content=\"Con Camarena encontrando soluciones\u2026 - La Prensa Cristiana\" \/>\n<meta property=\"og:description\" content=\"Hola, \u00bfc\u00f3mo est\u00e1s? Te cuento un poquito de qui\u00e9n soy. Mi nombre es Isabel Camarena de Guerrero, de nacionalidad mexicana y de coraz\u00f3n salvadore\u00f1o.\u00a0 Hace varios a\u00f1os que radico en el pulgarcito de Am\u00e9rica. Amo a este pa\u00eds por un motivo \u00fanico y especial, aqu\u00ed conoc\u00ed el amor de Dios!!!!, al conocerlo mi vida personal [&hellip;]\" \/>\n<meta property=\"og:url\" content=\"https:\/\/laprensacristiana.com\/?p=3570\" \/>\n<meta property=\"og:site_name\" content=\"La Prensa Cristiana\" \/>\n<meta property=\"article:published_time\" content=\"2018-03-15T14:36:16+00:00\" \/>\n<meta property=\"article:modified_time\" content=\"2020-07-02T00:14:48+00:00\" \/>\n<meta property=\"og:image\" content=\"https:\/\/laprensacristiana.com\/wp-content\/uploads\/2018\/03\/WhatsApp-Image-2018-03-14-at-14.40.01.jpeg\" \/>\n\t<meta property=\"og:image:width\" content=\"1280\" \/>\n\t<meta property=\"og:image:height\" content=\"714\" \/>\n\t<meta property=\"og:image:type\" content=\"image\/jpeg\" \/>\n<meta name=\"author\" content=\"EDITOR\" \/>\n<meta name=\"twitter:card\" content=\"summary_large_image\" \/>\n<meta name=\"twitter:label1\" content=\"Escrito por\" \/>\n\t<meta name=\"twitter:data1\" content=\"EDITOR\" \/>\n\t<meta name=\"twitter:label2\" content=\"Tiempo de lectura\" \/>\n\t<meta name=\"twitter:data2\" content=\"2 minutos\" \/>\n<script type=\"application\/ld+json\" class=\"yoast-schema-graph\">{\"@context\":\"https:\/\/schema.org\",\"@graph\":[{\"@type\":\"WebPage\",\"@id\":\"https:\/\/laprensacristiana.com\/?p=3570\",\"url\":\"https:\/\/laprensacristiana.com\/?p=3570\",\"name\":\"Con Camarena encontrando soluciones\u2026 - La Prensa Cristiana\",\"isPartOf\":{\"@id\":\"https:\/\/laprensacristiana.com\/#website\"},\"datePublished\":\"2018-03-15T14:36:16+00:00\",\"dateModified\":\"2020-07-02T00:14:48+00:00\",\"author\":{\"@id\":\"https:\/\/laprensacristiana.com\/#\/schema\/person\/3e7d82c6bfd6b1fa67010f8f7cd5256e\"},\"breadcrumb\":{\"@id\":\"https:\/\/laprensacristiana.com\/?p=3570#breadcrumb\"},\"inLanguage\":\"es\",\"potentialAction\":[{\"@type\":\"ReadAction\",\"target\":[\"https:\/\/laprensacristiana.com\/?p=3570\"]}]},{\"@type\":\"BreadcrumbList\",\"@id\":\"https:\/\/laprensacristiana.com\/?p=3570#breadcrumb\",\"itemListElement\":[{\"@type\":\"ListItem\",\"position\":1,\"name\":\"Portada\",\"item\":\"https:\/\/laprensacristiana.com\/\"},{\"@type\":\"ListItem\",\"position\":2,\"name\":\"Con Camarena encontrando soluciones\u2026\"}]},{\"@type\":\"WebSite\",\"@id\":\"https:\/\/laprensacristiana.com\/#website\",\"url\":\"https:\/\/laprensacristiana.com\/\",\"name\":\"La Prensa Cristiana\",\"description\":\"Anunciando Las Buenas Nuevas\",\"potentialAction\":[{\"@type\":\"SearchAction\",\"target\":{\"@type\":\"EntryPoint\",\"urlTemplate\":\"https:\/\/laprensacristiana.com\/?s={search_term_string}\"},\"query-input\":\"required name=search_term_string\"}],\"inLanguage\":\"es\"},{\"@type\":\"Person\",\"@id\":\"https:\/\/laprensacristiana.com\/#\/schema\/person\/3e7d82c6bfd6b1fa67010f8f7cd5256e\",\"name\":\"EDITOR\",\"image\":{\"@type\":\"ImageObject\",\"inLanguage\":\"es\",\"@id\":\"https:\/\/laprensacristiana.com\/#\/schema\/person\/image\/\",\"url\":\"https:\/\/secure.gravatar.com\/avatar\/72069dfb6c13772d9e8381e3638666d2?s=96&d=mm&r=g\",\"contentUrl\":\"https:\/\/secure.gravatar.com\/avatar\/72069dfb6c13772d9e8381e3638666d2?s=96&d=mm&r=g\",\"caption\":\"EDITOR\"},\"url\":\"https:\/\/laprensacristiana.com\/?author=3\"}]}<\/script>\n<!-- \/ Yoast SEO plugin. -->","yoast_head_json":{"title":"Con Camarena encontrando soluciones\u2026 - La Prensa Cristiana","robots":{"index":"index","follow":"follow","max-snippet":"max-snippet:-1","max-image-preview":"max-image-preview:large","max-video-preview":"max-video-preview:-1"},"canonical":"https:\/\/laprensacristiana.com\/?p=3570","og_locale":"es_ES","og_type":"article","og_title":"Con Camarena encontrando soluciones\u2026 - La Prensa Cristiana","og_description":"Hola, \u00bfc\u00f3mo est\u00e1s? Te cuento un poquito de qui\u00e9n soy. Mi nombre es Isabel Camarena de Guerrero, de nacionalidad mexicana y de coraz\u00f3n salvadore\u00f1o.\u00a0 Hace varios a\u00f1os que radico en el pulgarcito de Am\u00e9rica. Amo a este pa\u00eds por un motivo \u00fanico y especial, aqu\u00ed conoc\u00ed el amor de Dios!!!!, al conocerlo mi vida personal [&hellip;]","og_url":"https:\/\/laprensacristiana.com\/?p=3570","og_site_name":"La Prensa Cristiana","article_published_time":"2018-03-15T14:36:16+00:00","article_modified_time":"2020-07-02T00:14:48+00:00","og_image":[{"width":1280,"height":714,"url":"https:\/\/laprensacristiana.com\/wp-content\/uploads\/2018\/03\/WhatsApp-Image-2018-03-14-at-14.40.01.jpeg","type":"image\/jpeg"}],"author":"EDITOR","twitter_card":"summary_large_image","twitter_misc":{"Escrito por":"EDITOR","Tiempo de lectura":"2 minutos"},"schema":{"@context":"https:\/\/schema.org","@graph":[{"@type":"WebPage","@id":"https:\/\/laprensacristiana.com\/?p=3570","url":"https:\/\/laprensacristiana.com\/?p=3570","name":"Con Camarena encontrando soluciones\u2026 - La Prensa Cristiana","isPartOf":{"@id":"https:\/\/laprensacristiana.com\/#website"},"datePublished":"2018-03-15T14:36:16+00:00","dateModified":"2020-07-02T00:14:48+00:00","author":{"@id":"https:\/\/laprensacristiana.com\/#\/schema\/person\/3e7d82c6bfd6b1fa67010f8f7cd5256e"},"breadcrumb":{"@id":"https:\/\/laprensacristiana.com\/?p=3570#breadcrumb"},"inLanguage":"es","potentialAction":[{"@type":"ReadAction","target":["https:\/\/laprensacristiana.com\/?p=3570"]}]},{"@type":"BreadcrumbList","@id":"https:\/\/laprensacristiana.com\/?p=3570#breadcrumb","itemListElement":[{"@type":"ListItem","position":1,"name":"Portada","item":"https:\/\/laprensacristiana.com\/"},{"@type":"ListItem","position":2,"name":"Con Camarena encontrando soluciones\u2026"}]},{"@type":"WebSite","@id":"https:\/\/laprensacristiana.com\/#website","url":"https:\/\/laprensacristiana.com\/","name":"La Prensa Cristiana","description":"Anunciando Las Buenas Nuevas","potentialAction":[{"@type":"SearchAction","target":{"@type":"EntryPoint","urlTemplate":"https:\/\/laprensacristiana.com\/?s={search_term_string}"},"query-input":"required name=search_term_string"}],"inLanguage":"es"},{"@type":"Person","@id":"https:\/\/laprensacristiana.com\/#\/schema\/person\/3e7d82c6bfd6b1fa67010f8f7cd5256e","name":"EDITOR","image":{"@type":"ImageObject","inLanguage":"es","@id":"https:\/\/laprensacristiana.com\/#\/schema\/person\/image\/","url":"https:\/\/secure.gravatar.com\/avatar\/72069dfb6c13772d9e8381e3638666d2?s=96&d=mm&r=g","contentUrl":"https:\/\/secure.gravatar.com\/avatar\/72069dfb6c13772d9e8381e3638666d2?s=96&d=mm&r=g","caption":"EDITOR"},"url":"https:\/\/laprensacristiana.com\/?author=3"}]}},"_links":{"self":[{"href":"https:\/\/laprensacristiana.com\/index.php?rest_route=\/wp\/v2\/posts\/3570"}],"collection":[{"href":"https:\/\/laprensacristiana.com\/index.php?rest_route=\/wp\/v2\/posts"}],"about":[{"href":"https:\/\/laprensacristiana.com\/index.php?rest_route=\/wp\/v2\/types\/post"}],"author":[{"embeddable":true,"href":"https:\/\/laprensacristiana.com\/index.php?rest_route=\/wp\/v2\/users\/3"}],"replies":[{"embeddable":true,"href":"https:\/\/laprensacristiana.com\/index.php?rest_route=%2Fwp%2Fv2%2Fcomments&post=3570"}],"version-history":[{"count":1,"href":"https:\/\/laprensacristiana.com\/index.php?rest_route=\/wp\/v2\/posts\/3570\/revisions"}],"predecessor-version":[{"id":3572,"href":"https:\/\/laprensacristiana.com\/index.php?rest_route=\/wp\/v2\/posts\/3570\/revisions\/3572"}],"wp:featuredmedia":[{"embeddable":true,"href":"https:\/\/laprensacristiana.com\/index.php?rest_route=\/wp\/v2\/media\/3571"}],"wp:attachment":[{"href":"https:\/\/laprensacristiana.com\/index.php?rest_route=%2Fwp%2Fv2%2Fmedia&parent=3570"}],"wp:term":[{"taxonomy":"category","embeddable":true,"href":"https:\/\/laprensacristiana.com\/index.php?rest_route=%2Fwp%2Fv2%2Fcategories&post=3570"},{"taxonomy":"post_tag","embeddable":true,"href":"https:\/\/laprensacristiana.com\/index.php?rest_route=%2Fwp%2Fv2%2Ftags&post=3570"}],"curies":[{"name":"wp","href":"https:\/\/api.w.org\/{rel}","templated":true}]}}