{"id":3573,"date":"2018-03-15T17:41:14","date_gmt":"2018-03-15T17:41:14","guid":{"rendered":"https:\/\/laprensacristiana.com\/?p=3573"},"modified":"2020-07-02T00:14:38","modified_gmt":"2020-07-02T00:14:38","slug":"dos-pastores-fallecidos-y-uno-lesionado-en-accidente-de-transito","status":"publish","type":"post","link":"https:\/\/laprensacristiana.com\/?p=3573","title":{"rendered":"Dos pastores fallecidos y uno lesionado en accidente de transito"},"content":{"rendered":"<p style=\"text-align: justify; background: white;\"><span style=\"font-family: 'Arial','sans-serif'; color: black;\">Dos pastores de Iglesia de Dios en El Salvador identificados como Douglas Ram\u00edrez y Samuel Guevara perdieron la vida y un tercero resulto herido identificado como Obed Moran, salmista salvadore\u00f1o, todo esto en un accidente de transito en el cual colisionaron contra una rastra sobre el kil\u00f3metro 28 y medio de la carretera Panamericana, en el sentido que de Ciudad Arce conduce a San Salvador, mientras se dirig\u00edan a la vela del pastor Roberto Alegr\u00eda. .<\/span><\/p>\n<p style=\"text-align: justify; background: white;\"><span style=\"font-family: 'Arial','sans-serif'; color: black;\">Obed Moran fue rescatado de entre los hierros del automotor por elementos de Comandos de Salvamento y luego trasladada al Hospital San Rafael, de Santa Tecla. Seg\u00fan informes recientes la salud del salmista Obed Moran \u201cYa el jefe de Neurocirug\u00eda del san Rafael evalu\u00f3 hace unos minutos a Obed. Y est\u00e1 de acuerdo en el manejo conservador eso significa que lo est\u00e1n cubriendo con antibi\u00f3ticos por las fracturas que tiene en las \u00f3rbitas de los ojos y parte superior del cr\u00e1neo, mismas que est\u00e1n alineadas y por lo tanto no representan un peligro en este momento, El Dr. Orden\u00f3 que se le comience a suspender la sedaci\u00f3n para que comience a respirar por si solo; de ser as\u00ed Dios mediante respire sin mayor dificultad se le quitar\u00e1 el tubo y continuamos con el proceso. Tiene gran esperanza de vida buen pron\u00f3stico pero el proceso es lento medicamente hablando, Dios es experto en cambiarnos los planes m\u00e9dicos y obrar milagros.\u201d seg\u00fan palabras del pastor Jose Fuentes de Iglesia de Dios.<\/span><\/p>\n<p style=\"text-align: justify; background: white;\"><span style=\"font-family: 'Arial','sans-serif'; color: black;\">A trav\u00e9s de redes sociales una gran cantidad de pastores e integrantes de la Iglesia Evangelica Salvadore\u00f1a se han unido en oraci\u00f3n por fortaleza de los familiares de los pastores fallecidos y por la pronta recuperaci\u00f3n del salmista Obed Moran.. <\/span><\/p>\n","protected":false},"excerpt":{"rendered":"<p>Dos pastores de Iglesia de Dios en El Salvador identificados como Douglas Ram\u00edrez y Samuel Guevara perdieron la vida y un tercero resulto herido identificado como Obed Moran, salmista salvadore\u00f1o, todo esto en un accidente de transito en el cual colisionaron contra una rastra sobre el kil\u00f3metro 28 y medio de la carretera Panamericana, en [&hellip;]<\/p>\n","protected":false},"author":3,"featured_media":3574,"comment_status":"open","ping_status":"open","sticky":false,"template":"","format":"standard","meta":[],"categories":[56],"tags":[],"yoast_head":"<!-- This site is optimized with the Yoast SEO plugin v20.8 - https:\/\/yoast.com\/wordpress\/plugins\/seo\/ -->\n<title>Dos pastores fallecidos y uno lesionado en accidente de transito - La Prensa Cristiana<\/title>\n<meta name=\"robots\" content=\"index, follow, max-snippet:-1, max-image-preview:large, max-video-preview:-1\" \/>\n<link rel=\"canonical\" href=\"https:\/\/laprensacristiana.com\/?p=3573\" \/>\n<meta property=\"og:locale\" content=\"es_ES\" \/>\n<meta property=\"og:type\" content=\"article\" \/>\n<meta property=\"og:title\" content=\"Dos pastores fallecidos y uno lesionado en accidente de transito - La Prensa Cristiana\" \/>\n<meta property=\"og:description\" content=\"Dos pastores de Iglesia de Dios en El Salvador identificados como Douglas Ram\u00edrez y Samuel Guevara perdieron la vida y un tercero resulto herido identificado como Obed Moran, salmista salvadore\u00f1o, todo esto en un accidente de transito en el cual colisionaron contra una rastra sobre el kil\u00f3metro 28 y medio de la carretera Panamericana, en [&hellip;]\" \/>\n<meta property=\"og:url\" content=\"https:\/\/laprensacristiana.com\/?p=3573\" \/>\n<meta property=\"og:site_name\" content=\"La Prensa Cristiana\" \/>\n<meta property=\"article:published_time\" content=\"2018-03-15T17:41:14+00:00\" \/>\n<meta property=\"article:modified_time\" content=\"2020-07-02T00:14:38+00:00\" \/>\n<meta property=\"og:image\" content=\"https:\/\/laprensacristiana.com\/wp-content\/uploads\/2018\/03\/WhatsApp-Image-2018-03-15-at-11.34.23.jpeg\" \/>\n\t<meta property=\"og:image:width\" content=\"1280\" \/>\n\t<meta property=\"og:image:height\" content=\"734\" \/>\n\t<meta property=\"og:image:type\" content=\"image\/jpeg\" \/>\n<meta name=\"author\" content=\"EDITOR\" \/>\n<meta name=\"twitter:card\" content=\"summary_large_image\" \/>\n<meta name=\"twitter:label1\" content=\"Escrito por\" \/>\n\t<meta name=\"twitter:data1\" content=\"EDITOR\" \/>\n\t<meta name=\"twitter:label2\" content=\"Tiempo de lectura\" \/>\n\t<meta name=\"twitter:data2\" content=\"2 minutos\" \/>\n<script type=\"application\/ld+json\" class=\"yoast-schema-graph\">{\"@context\":\"https:\/\/schema.org\",\"@graph\":[{\"@type\":\"WebPage\",\"@id\":\"https:\/\/laprensacristiana.com\/?p=3573\",\"url\":\"https:\/\/laprensacristiana.com\/?p=3573\",\"name\":\"Dos pastores fallecidos y uno lesionado en accidente de transito - La Prensa Cristiana\",\"isPartOf\":{\"@id\":\"https:\/\/laprensacristiana.com\/#website\"},\"datePublished\":\"2018-03-15T17:41:14+00:00\",\"dateModified\":\"2020-07-02T00:14:38+00:00\",\"author\":{\"@id\":\"https:\/\/laprensacristiana.com\/#\/schema\/person\/3e7d82c6bfd6b1fa67010f8f7cd5256e\"},\"breadcrumb\":{\"@id\":\"https:\/\/laprensacristiana.com\/?p=3573#breadcrumb\"},\"inLanguage\":\"es\",\"potentialAction\":[{\"@type\":\"ReadAction\",\"target\":[\"https:\/\/laprensacristiana.com\/?p=3573\"]}]},{\"@type\":\"BreadcrumbList\",\"@id\":\"https:\/\/laprensacristiana.com\/?p=3573#breadcrumb\",\"itemListElement\":[{\"@type\":\"ListItem\",\"position\":1,\"name\":\"Portada\",\"item\":\"https:\/\/laprensacristiana.com\/\"},{\"@type\":\"ListItem\",\"position\":2,\"name\":\"Dos pastores fallecidos y uno lesionado en accidente de transito\"}]},{\"@type\":\"WebSite\",\"@id\":\"https:\/\/laprensacristiana.com\/#website\",\"url\":\"https:\/\/laprensacristiana.com\/\",\"name\":\"La Prensa Cristiana\",\"description\":\"Anunciando Las Buenas Nuevas\",\"potentialAction\":[{\"@type\":\"SearchAction\",\"target\":{\"@type\":\"EntryPoint\",\"urlTemplate\":\"https:\/\/laprensacristiana.com\/?s={search_term_string}\"},\"query-input\":\"required name=search_term_string\"}],\"inLanguage\":\"es\"},{\"@type\":\"Person\",\"@id\":\"https:\/\/laprensacristiana.com\/#\/schema\/person\/3e7d82c6bfd6b1fa67010f8f7cd5256e\",\"name\":\"EDITOR\",\"image\":{\"@type\":\"ImageObject\",\"inLanguage\":\"es\",\"@id\":\"https:\/\/laprensacristiana.com\/#\/schema\/person\/image\/\",\"url\":\"https:\/\/secure.gravatar.com\/avatar\/72069dfb6c13772d9e8381e3638666d2?s=96&d=mm&r=g\",\"contentUrl\":\"https:\/\/secure.gravatar.com\/avatar\/72069dfb6c13772d9e8381e3638666d2?s=96&d=mm&r=g\",\"caption\":\"EDITOR\"},\"url\":\"https:\/\/laprensacristiana.com\/?author=3\"}]}<\/script>\n<!-- \/ Yoast SEO plugin. -->","yoast_head_json":{"title":"Dos pastores fallecidos y uno lesionado en accidente de transito - La Prensa Cristiana","robots":{"index":"index","follow":"follow","max-snippet":"max-snippet:-1","max-image-preview":"max-image-preview:large","max-video-preview":"max-video-preview:-1"},"canonical":"https:\/\/laprensacristiana.com\/?p=3573","og_locale":"es_ES","og_type":"article","og_title":"Dos pastores fallecidos y uno lesionado en accidente de transito - La Prensa Cristiana","og_description":"Dos pastores de Iglesia de Dios en El Salvador identificados como Douglas Ram\u00edrez y Samuel Guevara perdieron la vida y un tercero resulto herido identificado como Obed Moran, salmista salvadore\u00f1o, todo esto en un accidente de transito en el cual colisionaron contra una rastra sobre el kil\u00f3metro 28 y medio de la carretera Panamericana, en [&hellip;]","og_url":"https:\/\/laprensacristiana.com\/?p=3573","og_site_name":"La Prensa Cristiana","article_published_time":"2018-03-15T17:41:14+00:00","article_modified_time":"2020-07-02T00:14:38+00:00","og_image":[{"width":1280,"height":734,"url":"https:\/\/laprensacristiana.com\/wp-content\/uploads\/2018\/03\/WhatsApp-Image-2018-03-15-at-11.34.23.jpeg","type":"image\/jpeg"}],"author":"EDITOR","twitter_card":"summary_large_image","twitter_misc":{"Escrito por":"EDITOR","Tiempo de lectura":"2 minutos"},"schema":{"@context":"https:\/\/schema.org","@graph":[{"@type":"WebPage","@id":"https:\/\/laprensacristiana.com\/?p=3573","url":"https:\/\/laprensacristiana.com\/?p=3573","name":"Dos pastores fallecidos y uno lesionado en accidente de transito - La Prensa Cristiana","isPartOf":{"@id":"https:\/\/laprensacristiana.com\/#website"},"datePublished":"2018-03-15T17:41:14+00:00","dateModified":"2020-07-02T00:14:38+00:00","author":{"@id":"https:\/\/laprensacristiana.com\/#\/schema\/person\/3e7d82c6bfd6b1fa67010f8f7cd5256e"},"breadcrumb":{"@id":"https:\/\/laprensacristiana.com\/?p=3573#breadcrumb"},"inLanguage":"es","potentialAction":[{"@type":"ReadAction","target":["https:\/\/laprensacristiana.com\/?p=3573"]}]},{"@type":"BreadcrumbList","@id":"https:\/\/laprensacristiana.com\/?p=3573#breadcrumb","itemListElement":[{"@type":"ListItem","position":1,"name":"Portada","item":"https:\/\/laprensacristiana.com\/"},{"@type":"ListItem","position":2,"name":"Dos pastores fallecidos y uno lesionado en accidente de transito"}]},{"@type":"WebSite","@id":"https:\/\/laprensacristiana.com\/#website","url":"https:\/\/laprensacristiana.com\/","name":"La Prensa Cristiana","description":"Anunciando Las Buenas Nuevas","potentialAction":[{"@type":"SearchAction","target":{"@type":"EntryPoint","urlTemplate":"https:\/\/laprensacristiana.com\/?s={search_term_string}"},"query-input":"required name=search_term_string"}],"inLanguage":"es"},{"@type":"Person","@id":"https:\/\/laprensacristiana.com\/#\/schema\/person\/3e7d82c6bfd6b1fa67010f8f7cd5256e","name":"EDITOR","image":{"@type":"ImageObject","inLanguage":"es","@id":"https:\/\/laprensacristiana.com\/#\/schema\/person\/image\/","url":"https:\/\/secure.gravatar.com\/avatar\/72069dfb6c13772d9e8381e3638666d2?s=96&d=mm&r=g","contentUrl":"https:\/\/secure.gravatar.com\/avatar\/72069dfb6c13772d9e8381e3638666d2?s=96&d=mm&r=g","caption":"EDITOR"},"url":"https:\/\/laprensacristiana.com\/?author=3"}]}},"_links":{"self":[{"href":"https:\/\/laprensacristiana.com\/index.php?rest_route=\/wp\/v2\/posts\/3573"}],"collection":[{"href":"https:\/\/laprensacristiana.com\/index.php?rest_route=\/wp\/v2\/posts"}],"about":[{"href":"https:\/\/laprensacristiana.com\/index.php?rest_route=\/wp\/v2\/types\/post"}],"author":[{"embeddable":true,"href":"https:\/\/laprensacristiana.com\/index.php?rest_route=\/wp\/v2\/users\/3"}],"replies":[{"embeddable":true,"href":"https:\/\/laprensacristiana.com\/index.php?rest_route=%2Fwp%2Fv2%2Fcomments&post=3573"}],"version-history":[{"count":1,"href":"https:\/\/laprensacristiana.com\/index.php?rest_route=\/wp\/v2\/posts\/3573\/revisions"}],"predecessor-version":[{"id":3575,"href":"https:\/\/laprensacristiana.com\/index.php?rest_route=\/wp\/v2\/posts\/3573\/revisions\/3575"}],"wp:featuredmedia":[{"embeddable":true,"href":"https:\/\/laprensacristiana.com\/index.php?rest_route=\/wp\/v2\/media\/3574"}],"wp:attachment":[{"href":"https:\/\/laprensacristiana.com\/index.php?rest_route=%2Fwp%2Fv2%2Fmedia&parent=3573"}],"wp:term":[{"taxonomy":"category","embeddable":true,"href":"https:\/\/laprensacristiana.com\/index.php?rest_route=%2Fwp%2Fv2%2Fcategories&post=3573"},{"taxonomy":"post_tag","embeddable":true,"href":"https:\/\/laprensacristiana.com\/index.php?rest_route=%2Fwp%2Fv2%2Ftags&post=3573"}],"curies":[{"name":"wp","href":"https:\/\/api.w.org\/{rel}","templated":true}]}}