{"id":3579,"date":"2018-03-19T20:04:15","date_gmt":"2018-03-19T20:04:15","guid":{"rendered":"https:\/\/laprensacristiana.com\/?p=3579"},"modified":"2020-07-02T00:14:12","modified_gmt":"2020-07-02T00:14:12","slug":"la-autoestima-siempre-esta-en-movimiento","status":"publish","type":"post","link":"https:\/\/laprensacristiana.com\/?p=3579","title":{"rendered":"La autoestima siempre esta en movimiento"},"content":{"rendered":"<p>&nbsp;<\/p>\n<p><img decoding=\"async\" loading=\"lazy\" class=\"alignnone size-full wp-image-3581\" src=\"https:\/\/laprensacristiana.com\/wp-content\/uploads\/2018\/03\/LPC-PARA-OPINIONES-WEB-1.jpg\" alt=\"\" width=\"2539\" height=\"945\" srcset=\"https:\/\/laprensacristiana.com\/wp-content\/uploads\/2018\/03\/LPC-PARA-OPINIONES-WEB-1.jpg 2539w, https:\/\/laprensacristiana.com\/wp-content\/uploads\/2018\/03\/LPC-PARA-OPINIONES-WEB-1-600x223.jpg 600w, https:\/\/laprensacristiana.com\/wp-content\/uploads\/2018\/03\/LPC-PARA-OPINIONES-WEB-1-300x112.jpg 300w, https:\/\/laprensacristiana.com\/wp-content\/uploads\/2018\/03\/LPC-PARA-OPINIONES-WEB-1-768x286.jpg 768w, https:\/\/laprensacristiana.com\/wp-content\/uploads\/2018\/03\/LPC-PARA-OPINIONES-WEB-1-1024x381.jpg 1024w, https:\/\/laprensacristiana.com\/wp-content\/uploads\/2018\/03\/LPC-PARA-OPINIONES-WEB-1-696x259.jpg 696w, https:\/\/laprensacristiana.com\/wp-content\/uploads\/2018\/03\/LPC-PARA-OPINIONES-WEB-1-1068x398.jpg 1068w, https:\/\/laprensacristiana.com\/wp-content\/uploads\/2018\/03\/LPC-PARA-OPINIONES-WEB-1-1128x420.jpg 1128w\" sizes=\"(max-width: 2539px) 100vw, 2539px\" \/><\/p>\n<p>Querida lectora:<\/p>\n<p>Agradezco tus comentarios y realmente me alegra que mi p\u00e1gina sea de ayuda.<\/p>\n<p>Respecto a lo que me comentas sobre tu vida, el primer paso para el cambio, ya lo estas dando, reconocer que algunas veces no act\u00faas de la mejor forma y lastimas a los que m\u00e1s amas, tu familia.<\/p>\n<p>Segundo paso, cuando sientas ese fuego interior, que se traduce a enojo, frustraci\u00f3n, ira, deseos de venganza, tristeza, entre otros, detente unos minutos, cierra tu boca, y ve hacia dentro, qu\u00e9 te esta sucediendo, qui\u00e9n esta reaccionando, ser\u00e1 tu ni\u00f1a interior, que fue lastimada, no vista, poco apreciada en el pasado?&#8230; y ante un est\u00edmulo sale esta ni\u00f1a lastimada?<\/p>\n<p>Tercer paso, calma a tu ni\u00f1a, con una voz interna, con tu mano en el coraz\u00f3n, dile, calma ni\u00f1a, calma, aqu\u00ed estoy para cuidarte, nadie te lastimara, ahora me tienes a mi para protegerte y amarte.<\/p>\n<p>Cuarto paso, la ni\u00f1a se ha calmado, ahora la adulta puede ser asertiva y responder al est\u00edmulo de una forma asertiva, hablando en lenguaje personal \u201cyo\u201d.<\/p>\n<p>\u201cNo me gusta lo que me estas diciendo, me siento lastimada\u2026\u201d<\/p>\n<p>\u201cMi punto de vista es este, me gustar\u00eda que lo consideraras\u201d.<\/p>\n<p>\u201cCuando me tomas en cuenta, me siento tan alegre\u201d.<\/p>\n<p>La autoestima siempre esta en movimiento, creo que jam\u00e1s dejamos de abonarla o decrecerla, esto depende de c\u00f3mo nos sintamos, nos percibamos, nos tratemos, como tambi\u00e9n de los conceptos que tengamos de lo que significa \u00e9xito. Y no esta de m\u00e1s decirte que nuestra pareja influye significativamente en la autoestima.<\/p>\n<p>Recuerda\u2026. \u201cImagina una nueva historia en tu vida, ponle toda la fuerza de tu coraz\u00f3n, una actitud positiva y ser\u00e1 tu historia\u201d.<\/p>\n<p>Dios te bendiga.<\/p>\n<p>Camarena.<\/p>\n<p><strong>Esta secci\u00f3n \u201cCon Camarena encontrando soluciones\u201d tiene como objetivo el consolarte a trav\u00e9s de una posible soluci\u00f3n, puedes escribir tu caso al correo\u00a0<a href=\"mailto:concamarena@laprensacristiana.com\">concamarena@laprensacristiana.com<\/a>\u00a0, e ir\u00e9 dando respuesta a cada uno de los casos en esta secci\u00f3n, reservando el nombre del emisor.<\/strong><\/p>\n","protected":false},"excerpt":{"rendered":"<p>&nbsp; Querida lectora: Agradezco tus comentarios y realmente me alegra que mi p\u00e1gina sea de ayuda. Respecto a lo que me comentas sobre tu vida, el primer paso para el cambio, ya lo estas dando, reconocer que algunas veces no act\u00faas de la mejor forma y lastimas a los que m\u00e1s amas, tu familia. Segundo [&hellip;]<\/p>\n","protected":false},"author":3,"featured_media":3571,"comment_status":"open","ping_status":"open","sticky":false,"template":"","format":"standard","meta":[],"categories":[26],"tags":[],"yoast_head":"<!-- This site is optimized with the Yoast SEO plugin v20.8 - https:\/\/yoast.com\/wordpress\/plugins\/seo\/ -->\n<title>La autoestima siempre esta en movimiento - La Prensa Cristiana<\/title>\n<meta name=\"robots\" content=\"index, follow, max-snippet:-1, max-image-preview:large, max-video-preview:-1\" \/>\n<link rel=\"canonical\" href=\"https:\/\/laprensacristiana.com\/?p=3579\" \/>\n<meta property=\"og:locale\" content=\"es_ES\" \/>\n<meta property=\"og:type\" content=\"article\" \/>\n<meta property=\"og:title\" content=\"La autoestima siempre esta en movimiento - La Prensa Cristiana\" \/>\n<meta property=\"og:description\" content=\"&nbsp; Querida lectora: Agradezco tus comentarios y realmente me alegra que mi p\u00e1gina sea de ayuda. Respecto a lo que me comentas sobre tu vida, el primer paso para el cambio, ya lo estas dando, reconocer que algunas veces no act\u00faas de la mejor forma y lastimas a los que m\u00e1s amas, tu familia. Segundo [&hellip;]\" \/>\n<meta property=\"og:url\" content=\"https:\/\/laprensacristiana.com\/?p=3579\" \/>\n<meta property=\"og:site_name\" content=\"La Prensa Cristiana\" \/>\n<meta property=\"article:published_time\" content=\"2018-03-19T20:04:15+00:00\" \/>\n<meta property=\"article:modified_time\" content=\"2020-07-02T00:14:12+00:00\" \/>\n<meta property=\"og:image\" content=\"https:\/\/laprensacristiana.com\/wp-content\/uploads\/2018\/03\/WhatsApp-Image-2018-03-14-at-14.40.01.jpeg\" \/>\n\t<meta property=\"og:image:width\" content=\"1280\" \/>\n\t<meta property=\"og:image:height\" content=\"714\" \/>\n\t<meta property=\"og:image:type\" content=\"image\/jpeg\" \/>\n<meta name=\"author\" content=\"EDITOR\" \/>\n<meta name=\"twitter:card\" content=\"summary_large_image\" \/>\n<meta name=\"twitter:label1\" content=\"Escrito por\" \/>\n\t<meta name=\"twitter:data1\" content=\"EDITOR\" \/>\n\t<meta name=\"twitter:label2\" content=\"Tiempo de lectura\" \/>\n\t<meta name=\"twitter:data2\" content=\"2 minutos\" \/>\n<script type=\"application\/ld+json\" class=\"yoast-schema-graph\">{\"@context\":\"https:\/\/schema.org\",\"@graph\":[{\"@type\":\"WebPage\",\"@id\":\"https:\/\/laprensacristiana.com\/?p=3579\",\"url\":\"https:\/\/laprensacristiana.com\/?p=3579\",\"name\":\"La autoestima siempre esta en movimiento - La Prensa Cristiana\",\"isPartOf\":{\"@id\":\"https:\/\/laprensacristiana.com\/#website\"},\"datePublished\":\"2018-03-19T20:04:15+00:00\",\"dateModified\":\"2020-07-02T00:14:12+00:00\",\"author\":{\"@id\":\"https:\/\/laprensacristiana.com\/#\/schema\/person\/3e7d82c6bfd6b1fa67010f8f7cd5256e\"},\"breadcrumb\":{\"@id\":\"https:\/\/laprensacristiana.com\/?p=3579#breadcrumb\"},\"inLanguage\":\"es\",\"potentialAction\":[{\"@type\":\"ReadAction\",\"target\":[\"https:\/\/laprensacristiana.com\/?p=3579\"]}]},{\"@type\":\"BreadcrumbList\",\"@id\":\"https:\/\/laprensacristiana.com\/?p=3579#breadcrumb\",\"itemListElement\":[{\"@type\":\"ListItem\",\"position\":1,\"name\":\"Portada\",\"item\":\"https:\/\/laprensacristiana.com\/\"},{\"@type\":\"ListItem\",\"position\":2,\"name\":\"La autoestima siempre esta en movimiento\"}]},{\"@type\":\"WebSite\",\"@id\":\"https:\/\/laprensacristiana.com\/#website\",\"url\":\"https:\/\/laprensacristiana.com\/\",\"name\":\"La Prensa Cristiana\",\"description\":\"Anunciando Las Buenas Nuevas\",\"potentialAction\":[{\"@type\":\"SearchAction\",\"target\":{\"@type\":\"EntryPoint\",\"urlTemplate\":\"https:\/\/laprensacristiana.com\/?s={search_term_string}\"},\"query-input\":\"required name=search_term_string\"}],\"inLanguage\":\"es\"},{\"@type\":\"Person\",\"@id\":\"https:\/\/laprensacristiana.com\/#\/schema\/person\/3e7d82c6bfd6b1fa67010f8f7cd5256e\",\"name\":\"EDITOR\",\"image\":{\"@type\":\"ImageObject\",\"inLanguage\":\"es\",\"@id\":\"https:\/\/laprensacristiana.com\/#\/schema\/person\/image\/\",\"url\":\"https:\/\/secure.gravatar.com\/avatar\/72069dfb6c13772d9e8381e3638666d2?s=96&d=mm&r=g\",\"contentUrl\":\"https:\/\/secure.gravatar.com\/avatar\/72069dfb6c13772d9e8381e3638666d2?s=96&d=mm&r=g\",\"caption\":\"EDITOR\"},\"url\":\"https:\/\/laprensacristiana.com\/?author=3\"}]}<\/script>\n<!-- \/ Yoast SEO plugin. -->","yoast_head_json":{"title":"La autoestima siempre esta en movimiento - La Prensa Cristiana","robots":{"index":"index","follow":"follow","max-snippet":"max-snippet:-1","max-image-preview":"max-image-preview:large","max-video-preview":"max-video-preview:-1"},"canonical":"https:\/\/laprensacristiana.com\/?p=3579","og_locale":"es_ES","og_type":"article","og_title":"La autoestima siempre esta en movimiento - La Prensa Cristiana","og_description":"&nbsp; Querida lectora: Agradezco tus comentarios y realmente me alegra que mi p\u00e1gina sea de ayuda. Respecto a lo que me comentas sobre tu vida, el primer paso para el cambio, ya lo estas dando, reconocer que algunas veces no act\u00faas de la mejor forma y lastimas a los que m\u00e1s amas, tu familia. Segundo [&hellip;]","og_url":"https:\/\/laprensacristiana.com\/?p=3579","og_site_name":"La Prensa Cristiana","article_published_time":"2018-03-19T20:04:15+00:00","article_modified_time":"2020-07-02T00:14:12+00:00","og_image":[{"width":1280,"height":714,"url":"https:\/\/laprensacristiana.com\/wp-content\/uploads\/2018\/03\/WhatsApp-Image-2018-03-14-at-14.40.01.jpeg","type":"image\/jpeg"}],"author":"EDITOR","twitter_card":"summary_large_image","twitter_misc":{"Escrito por":"EDITOR","Tiempo de lectura":"2 minutos"},"schema":{"@context":"https:\/\/schema.org","@graph":[{"@type":"WebPage","@id":"https:\/\/laprensacristiana.com\/?p=3579","url":"https:\/\/laprensacristiana.com\/?p=3579","name":"La autoestima siempre esta en movimiento - La Prensa Cristiana","isPartOf":{"@id":"https:\/\/laprensacristiana.com\/#website"},"datePublished":"2018-03-19T20:04:15+00:00","dateModified":"2020-07-02T00:14:12+00:00","author":{"@id":"https:\/\/laprensacristiana.com\/#\/schema\/person\/3e7d82c6bfd6b1fa67010f8f7cd5256e"},"breadcrumb":{"@id":"https:\/\/laprensacristiana.com\/?p=3579#breadcrumb"},"inLanguage":"es","potentialAction":[{"@type":"ReadAction","target":["https:\/\/laprensacristiana.com\/?p=3579"]}]},{"@type":"BreadcrumbList","@id":"https:\/\/laprensacristiana.com\/?p=3579#breadcrumb","itemListElement":[{"@type":"ListItem","position":1,"name":"Portada","item":"https:\/\/laprensacristiana.com\/"},{"@type":"ListItem","position":2,"name":"La autoestima siempre esta en movimiento"}]},{"@type":"WebSite","@id":"https:\/\/laprensacristiana.com\/#website","url":"https:\/\/laprensacristiana.com\/","name":"La Prensa Cristiana","description":"Anunciando Las Buenas Nuevas","potentialAction":[{"@type":"SearchAction","target":{"@type":"EntryPoint","urlTemplate":"https:\/\/laprensacristiana.com\/?s={search_term_string}"},"query-input":"required name=search_term_string"}],"inLanguage":"es"},{"@type":"Person","@id":"https:\/\/laprensacristiana.com\/#\/schema\/person\/3e7d82c6bfd6b1fa67010f8f7cd5256e","name":"EDITOR","image":{"@type":"ImageObject","inLanguage":"es","@id":"https:\/\/laprensacristiana.com\/#\/schema\/person\/image\/","url":"https:\/\/secure.gravatar.com\/avatar\/72069dfb6c13772d9e8381e3638666d2?s=96&d=mm&r=g","contentUrl":"https:\/\/secure.gravatar.com\/avatar\/72069dfb6c13772d9e8381e3638666d2?s=96&d=mm&r=g","caption":"EDITOR"},"url":"https:\/\/laprensacristiana.com\/?author=3"}]}},"_links":{"self":[{"href":"https:\/\/laprensacristiana.com\/index.php?rest_route=\/wp\/v2\/posts\/3579"}],"collection":[{"href":"https:\/\/laprensacristiana.com\/index.php?rest_route=\/wp\/v2\/posts"}],"about":[{"href":"https:\/\/laprensacristiana.com\/index.php?rest_route=\/wp\/v2\/types\/post"}],"author":[{"embeddable":true,"href":"https:\/\/laprensacristiana.com\/index.php?rest_route=\/wp\/v2\/users\/3"}],"replies":[{"embeddable":true,"href":"https:\/\/laprensacristiana.com\/index.php?rest_route=%2Fwp%2Fv2%2Fcomments&post=3579"}],"version-history":[{"count":1,"href":"https:\/\/laprensacristiana.com\/index.php?rest_route=\/wp\/v2\/posts\/3579\/revisions"}],"predecessor-version":[{"id":3582,"href":"https:\/\/laprensacristiana.com\/index.php?rest_route=\/wp\/v2\/posts\/3579\/revisions\/3582"}],"wp:featuredmedia":[{"embeddable":true,"href":"https:\/\/laprensacristiana.com\/index.php?rest_route=\/wp\/v2\/media\/3571"}],"wp:attachment":[{"href":"https:\/\/laprensacristiana.com\/index.php?rest_route=%2Fwp%2Fv2%2Fmedia&parent=3579"}],"wp:term":[{"taxonomy":"category","embeddable":true,"href":"https:\/\/laprensacristiana.com\/index.php?rest_route=%2Fwp%2Fv2%2Fcategories&post=3579"},{"taxonomy":"post_tag","embeddable":true,"href":"https:\/\/laprensacristiana.com\/index.php?rest_route=%2Fwp%2Fv2%2Ftags&post=3579"}],"curies":[{"name":"wp","href":"https:\/\/api.w.org\/{rel}","templated":true}]}}